{"id":1126,"date":"2013-05-17T02:16:40","date_gmt":"2013-05-17T01:16:40","guid":{"rendered":"http:\/\/www.iucuellar.org\/?p=1126"},"modified":"2017-02-28T13:23:47","modified_gmt":"2017-02-28T12:23:47","slug":"los-toros-mocion-para-reducir-el-gasto","status":"publish","type":"post","link":"https:\/\/www.iucuellar.org\/?p=1126","title":{"rendered":"Los Toros, Moci\u00f3n para reducir el gasto."},"content":{"rendered":"<p><span style=\"font-size: medium;\">Desde Izquierda Unida queremos dar a conocer a todos los cuellaranos y en especial a las personas representadas por las distintas asociaciones y pe\u00f1as relacionadas con las fiestas nuestra postura en cuanto a la organizaci\u00f3n de estas.<\/span><\/p>\n<p><span style=\"font-size: medium;\">Una vez mas queremos decir que IU ha defendido y defender\u00e1 la gesti\u00f3n p\u00fablica de los servicios municipales.<\/span><\/p>\n<p><span style=\"font-size: medium;\">Este a\u00f1o es el tercero que se pretende gestionar por parte del Ayuntamiento, los dos anteriores han sido nefastos en cuanto a los costes finales asumidos por este y por lo tanto por la ciudadan\u00eda, por lo que bajo nuestro punto de vista, viendo la gesti\u00f3n realizada y la situaci\u00f3n sobre todo econ\u00f3mica por la que estamos pasando, se deben tomar decisiones que por un lado no gustan y por otro mucha gente tiene en mente.<\/span><\/p>\n<p><span style=\"font-size: medium;\">A pesar de estar de acuerdo con gestionarlo por parte del Ayto, viendo que la forma de realizarlo no nos convence, que lo que se pretende para las fiestas de este a\u00f1o es pr\u00e1cticamente lo mismo que en a\u00f1os anteriores y preocupados por la cantidad de dinero que se va a gastar, hemos tomado la decisi\u00f3n de llevar nuestra postura al Pleno que se celebrar\u00e1 a finales de mayo, a trav\u00e9s de una Moci\u00f3n.<\/span><\/p>\n<p><span style=\"font-size: medium;\">Queremos recordar que una Moci\u00f3n la puede presentar cualquier Grupo Pol\u00edtico con representaci\u00f3n en el Ayuntamiento y de aprobarse es de obligado cumplimiento, tambi\u00e9n que es la \u00fanica forma que tenemos la oposici\u00f3n de incluir nuestras propuestas en el orden del dia de un Pleno.<\/span><\/p>\n<p><span style=\"font-size: medium;\">Dicho esto, recordar que en 2011 los gastos en toros , (que no en el total de las fiestas) fue de mas de 210000\u20ac.<\/span><\/p>\n<p><span style=\"font-size: medium;\">En el 2012 el gasto fue de 195.769\u20ac.<\/span><\/p>\n<p><span style=\"font-size: medium;\">Con la propuesta que hacemos se ahorrar\u00edan al menos 50.000\u20ac en novillos y novilleros.<\/span><\/p>\n<p><span style=\"font-size: medium;\">A esto habr\u00eda que sumar la parte proporcional de seguros, veterinarios, personal, directores de campo, director de lidia, vacas, erales de las probadillas, enfermer\u00eda, taquilleros, transporte de ganado etc. y poder centrarse mas en la calidad de los festejos y sobre todo de los encierros que queden.<\/span><\/p>\n<p><span style=\"font-size: medium;\">Tambi\u00e9n ser\u00eda un menor coste para las pe\u00f1as, al tener que contratar menos orquestas y al concentrar las fiestas en cuatro d\u00edas se mejorar\u00eda la calidad de las actividades y si hubiera las mismas al estar mas concentradas se vivir\u00edan esos d\u00edas con mayor intensidad.<\/span><\/p>\n<p><span style=\"font-size: medium;\">Somos conscientes de que recortar es f\u00e1cil y reponer dif\u00edcil, pero igual que se puede tomar una decisi\u00f3n de este tipo contando con la mayor\u00eda se puede tomar otra en el futuro.<\/span><\/p>\n<p><span style=\"font-size: medium;\">Esta Propuesta se la enviamos a:<\/span><\/p>\n<p><span style=\"font-size: medium;\">Equipo de Gobierno del PP,  Grupo Municipal del PSOE, Asociaci\u00f3n Encierros de Cu\u00e9llar, Pe\u00f1a Taurina el Encierro, Asociaci\u00f3n Amigos del Caballo, Coordinador de Pe\u00f1as, Asociaci\u00f3n de Vecinos de San Gil , Asociaci\u00f3n de Vecinos de la Cuesta y Salvador y Prensa Local.<\/span><\/p>\n<p style=\"text-align: center;\"><span style=\"font-size: medium;\"><a href=\"https:\/\/i0.wp.com\/www.iucuellar.org\/2013\/imagenes\/LosTorosGigantes.jpg?ssl=1\"><img loading=\"lazy\" decoding=\"async\" class=\"alignnone\" src=\"https:\/\/i0.wp.com\/www.iucuellar.org\/2013\/imagenes\/LosTorosGigantes.jpg?resize=378%2C283&#038;ssl=1\" alt=\"\" width=\"378\" height=\"283\" data-recalc-dims=\"1\" \/><\/a><br \/>\n<\/span><\/p>\n<p style=\"text-align: center;\"><strong><span style=\"font-size: medium;\">PROPUESTA<\/span><\/strong><\/p>\n<p><span style=\"font-size: medium;\">A causa de la mal llamada crisis por la que esta pasando este pa\u00eds y por la p\u00e9sima financiaci\u00f3n por parte de los distintos gobiernos, tanto nacionales como auton\u00f3micos, los Ayuntamientos se ven obligados a reducir gastos en distintas \u00e1reas municipales y el de Cu\u00e9llar es uno de ellos.<\/span><\/p>\n<p><span style=\"font-size: medium;\">Dejando a un lado el estar o no de acuerdo con la forma de actuar en cuanto a la reducci\u00f3n el gasto del actual equipo de gobierno de este Ayuntamiento, desde esta formaci\u00f3n pol\u00edtica creemos que es una barbaridad el gastar la cantidad de dinero que se est\u00e1 gastando en festejos taurinos y mas cuando para las fiestas se est\u00e1 reduciendo en todo menos en toros.<\/span><\/p>\n<p style=\"text-align: center;\"><span style=\"font-size: medium;\"><a href=\"https:\/\/i0.wp.com\/www.iucuellar.org\/2013\/imagenes\/LosTorosPaCu%C3%A9llar.jpg?ssl=1\"><img loading=\"lazy\" decoding=\"async\" class=\"aligncenter\" src=\"https:\/\/i0.wp.com\/www.iucuellar.org\/2013\/imagenes\/LosTorosPaCu%C3%A9llar.jpg?resize=487%2C365&#038;ssl=1\" alt=\"\" width=\"487\" height=\"365\" data-recalc-dims=\"1\" \/><\/a><br \/>\n<\/span><\/p>\n<p><span style=\"font-size: medium;\">Se ha reducido el gasto en orquestas bajando como es l\u00f3gico la calidad, en actividades para los ni\u00f1os, se ha eliminado el ciclo de arte callejero o las charangas que tanto amenizaban las calles y la subvenci\u00f3n a las pe\u00f1as sigue siendo la misma que hace muchos a\u00f1os, oblig\u00e1ndose \u00e9stas a subsistir milagrosamente, mientras que el gasto en corridas de toros sigue siendo el mismo o incluso ha aumentado.<\/span><\/p>\n<p><span style=\"font-size: medium;\">Sabemos, porque hemos estado en los grupos de trabajo para la organizaci\u00f3n de los festejos convocados por el alcalde que se esta intentando reducir este gasto y lo dif\u00edcil que resulta, pero creemos que se puede reducir a\u00fan mas. <\/span><\/p>\n<p><span style=\"font-size: medium;\">Tambi\u00e9n sabemos lo que es obvio y es que hay una buena parte de la ciudadan\u00eda que disfruta de las fiestas con otras cosas que no son toros y otras muchas personas a las que no les gustan estas y est\u00e1n convencidos de  que hay otras prioridades a la hora de gastar el dinero, un dinero tenemos que recordar que es p\u00fablico.<\/span><\/p>\n<p><span style=\"font-size: medium;\">Tambi\u00e9n tenemos muy claro que estas fiestas son las fiestas de los encierros y son estos los que hay que garantizar y cuidar al m\u00e1ximo.<\/span><\/p>\n<p><span style=\"font-size: medium;\">Por lo dicho anteriormente, porque pensamos que lo est\u00e1 demandando la mayor\u00eda de la ciudadan\u00eda, porque los responsables municipales tenemos que ser conscientes de la situaci\u00f3n econ\u00f3mica por la que estamos pasando todos, Ayuntamiento y ciudadanos, porque tenemos que ser valientes a la hora de tomar este tipo de decisiones y lo mas importante, para bajar de forma considerable el gasto en festejos y poder dedicar este dinero a otras necesidades, proponemos al Pleno para su aprobaci\u00f3n la siguiente<\/span><\/p>\n<p style=\"text-align: center;\"><span style=\"font-size: medium;\"><span style=\"font-size: medium;\"><span style=\"text-decoration: underline;\"><strong>MOCI\u00d3N<\/strong><\/span><\/span><\/span><\/p>\n<p><span style=\"font-size: medium;\"><strong>Primero.-Que se reduzca  temporalmente la duraci\u00f3n de las fiestas de los encierros a cuatro, hasta que la disponibilidad econ\u00f3mica del Ayuntamiento permita volver a los cinco de ahora y la ciudadan\u00eda lo demande.<\/strong><\/span><\/p>\n<p><span style=\"font-size: medium;\"><strong>Segundo.- Que se reduzcan los festejos taurinos mayores a dos, una corrida de rejones y una corrida de toros, hasta que la disponibilidad econ\u00f3mica del Ayuntamiento permita otra cosa y la sociedad lo demande.<\/strong><\/span><\/p>\n<p><span style=\"font-size: medium;\"><strong>Tercero.- Que no se celebren los llamados encierros de promoci\u00f3n, al no estar permitida la participaci\u00f3n de menores en este tipo de espect\u00e1culos y no contar el Ayuntamiento con los medios suficientes para garantizar la seguridad  as\u00ed como para evitar la participaci\u00f3n de menores en estos.<\/strong><\/span><\/p>\n<p style=\"text-align: center;\"><span style=\"font-size: medium;\"><strong><a href=\"https:\/\/i0.wp.com\/www.iucuellar.org\/2013\/imagenes\/LosTorosLaPlaza.jpg?ssl=1\"><img loading=\"lazy\" decoding=\"async\" class=\"aligncenter\" src=\"https:\/\/i0.wp.com\/www.iucuellar.org\/2013\/imagenes\/LosTorosLaPlaza.jpg?resize=398%2C298&#038;ssl=1\" alt=\"\" width=\"398\" height=\"298\" data-recalc-dims=\"1\" \/><\/a><br \/>\n<\/strong><\/span><\/p>\n","protected":false},"excerpt":{"rendered":"<p>Desde Izquierda Unida queremos dar a conocer a todos los cuellaranos y en especial a las personas representadas por las<\/p>\n","protected":false},"author":1,"featured_media":0,"comment_status":"open","ping_status":"open","sticky":false,"template":"","format":"standard","meta":{"sfsi_plus_gutenberg_text_before_share":"","sfsi_plus_gutenberg_show_text_before_share":"","sfsi_plus_gutenberg_icon_type":"","sfsi_plus_gutenberg_icon_alignemt":"","sfsi_plus_gutenburg_max_per_row":"","_exactmetrics_skip_tracking":false,"_exactmetrics_sitenote_active":false,"_exactmetrics_sitenote_note":"","_exactmetrics_sitenote_category":0,"ngg_post_thumbnail":0,"_jetpack_memberships_contains_paid_content":false,"footnotes":""},"categories":[5,6],"tags":[],"yoast_head":"<!-- This site is optimized with the Yoast SEO plugin v22.9 - https:\/\/yoast.com\/wordpress\/plugins\/seo\/ -->\r\n<title>Los Toros, Moci\u00f3n para reducir el gasto. - Izquierda Unida Cu\u00e9llar<\/title>\r\n<meta name=\"robots\" content=\"index, follow, max-snippet:-1, max-image-preview:large, max-video-preview:-1\" \/>\r\n<link rel=\"canonical\" href=\"https:\/\/www.iucuellar.org\/?p=1126\" \/>\r\n<meta property=\"og:locale\" content=\"es_ES\" \/>\r\n<meta property=\"og:type\" content=\"article\" \/>\r\n<meta property=\"og:title\" content=\"Los Toros, Moci\u00f3n para reducir el gasto. - Izquierda Unida Cu\u00e9llar\" \/>\r\n<meta property=\"og:description\" content=\"Desde Izquierda Unida queremos dar a conocer a todos los cuellaranos y en especial a las personas representadas por las\" \/>\r\n<meta property=\"og:url\" content=\"https:\/\/www.iucuellar.org\/?p=1126\" \/>\r\n<meta property=\"og:site_name\" content=\"Izquierda Unida Cu\u00e9llar\" \/>\r\n<meta property=\"article:publisher\" content=\"https:\/\/www.facebook.com\/iucuellar\" \/>\r\n<meta property=\"article:published_time\" content=\"2013-05-17T01:16:40+00:00\" \/>\r\n<meta property=\"article:modified_time\" content=\"2017-02-28T12:23:47+00:00\" \/>\r\n<meta property=\"og:image\" content=\"http:\/\/www.iucuellar.org\/2013\/imagenes\/LosTorosGigantes.jpg\" \/>\r\n<meta name=\"author\" content=\"Comunicaci\u00f3n\" \/>\r\n<meta name=\"twitter:card\" content=\"summary_large_image\" \/>\r\n<meta name=\"twitter:creator\" content=\"@IU_CUELLAR\" \/>\r\n<meta name=\"twitter:site\" content=\"@IU_CUELLAR\" \/>\r\n<meta name=\"twitter:label1\" content=\"Escrito por\" \/>\n\t<meta name=\"twitter:data1\" content=\"Comunicaci\u00f3n\" \/>\n\t<meta name=\"twitter:label2\" content=\"Tiempo de lectura\" \/>\n\t<meta name=\"twitter:data2\" content=\"5 minutos\" \/>\r\n<script type=\"application\/ld+json\" class=\"yoast-schema-graph\">{\"@context\":\"https:\/\/schema.org\",\"@graph\":[{\"@type\":\"Article\",\"@id\":\"https:\/\/www.iucuellar.org\/?p=1126#article\",\"isPartOf\":{\"@id\":\"https:\/\/www.iucuellar.org\/?p=1126\"},\"author\":{\"name\":\"Comunicaci\u00f3n\",\"@id\":\"https:\/\/www.iucuellar.org\/#\/schema\/person\/0ed49683a220f525fdeb90989b5c672d\"},\"headline\":\"Los Toros, Moci\u00f3n para reducir el gasto.\",\"datePublished\":\"2013-05-17T01:16:40+00:00\",\"dateModified\":\"2017-02-28T12:23:47+00:00\",\"mainEntityOfPage\":{\"@id\":\"https:\/\/www.iucuellar.org\/?p=1126\"},\"wordCount\":1054,\"commentCount\":0,\"publisher\":{\"@id\":\"https:\/\/www.iucuellar.org\/#organization\"},\"image\":{\"@id\":\"https:\/\/www.iucuellar.org\/?p=1126#primaryimage\"},\"thumbnailUrl\":\"http:\/\/www.iucuellar.org\/2013\/imagenes\/LosTorosGigantes.jpg\",\"articleSection\":[\"Festejos\",\"Hacienda\"],\"inLanguage\":\"es\",\"potentialAction\":[{\"@type\":\"CommentAction\",\"name\":\"Comment\",\"target\":[\"https:\/\/www.iucuellar.org\/?p=1126#respond\"]}]},{\"@type\":\"WebPage\",\"@id\":\"https:\/\/www.iucuellar.org\/?p=1126\",\"url\":\"https:\/\/www.iucuellar.org\/?p=1126\",\"name\":\"Los Toros, Moci\u00f3n para reducir el gasto. - Izquierda Unida Cu\u00e9llar\",\"isPartOf\":{\"@id\":\"https:\/\/www.iucuellar.org\/#website\"},\"primaryImageOfPage\":{\"@id\":\"https:\/\/www.iucuellar.org\/?p=1126#primaryimage\"},\"image\":{\"@id\":\"https:\/\/www.iucuellar.org\/?p=1126#primaryimage\"},\"thumbnailUrl\":\"http:\/\/www.iucuellar.org\/2013\/imagenes\/LosTorosGigantes.jpg\",\"datePublished\":\"2013-05-17T01:16:40+00:00\",\"dateModified\":\"2017-02-28T12:23:47+00:00\",\"breadcrumb\":{\"@id\":\"https:\/\/www.iucuellar.org\/?p=1126#breadcrumb\"},\"inLanguage\":\"es\",\"potentialAction\":[{\"@type\":\"ReadAction\",\"target\":[\"https:\/\/www.iucuellar.org\/?p=1126\"]}]},{\"@type\":\"ImageObject\",\"inLanguage\":\"es\",\"@id\":\"https:\/\/www.iucuellar.org\/?p=1126#primaryimage\",\"url\":\"http:\/\/www.iucuellar.org\/2013\/imagenes\/LosTorosGigantes.jpg\",\"contentUrl\":\"http:\/\/www.iucuellar.org\/2013\/imagenes\/LosTorosGigantes.jpg\"},{\"@type\":\"BreadcrumbList\",\"@id\":\"https:\/\/www.iucuellar.org\/?p=1126#breadcrumb\",\"itemListElement\":[{\"@type\":\"ListItem\",\"position\":1,\"name\":\"Inicio\",\"item\":\"https:\/\/www.iucuellar.org\/\"},{\"@type\":\"ListItem\",\"position\":2,\"name\":\"Los Toros, Moci\u00f3n para reducir el gasto.\"}]},{\"@type\":\"WebSite\",\"@id\":\"https:\/\/www.iucuellar.org\/#website\",\"url\":\"https:\/\/www.iucuellar.org\/\",\"name\":\"Izquierda Unida Cu\u00e9llar y Comarca\",\"description\":\"Lugar de opini\u00f3n y discusi\u00f3n de la izquierda\",\"publisher\":{\"@id\":\"https:\/\/www.iucuellar.org\/#organization\"},\"potentialAction\":[{\"@type\":\"SearchAction\",\"target\":{\"@type\":\"EntryPoint\",\"urlTemplate\":\"https:\/\/www.iucuellar.org\/?s={search_term_string}\"},\"query-input\":\"required name=search_term_string\"}],\"inLanguage\":\"es\"},{\"@type\":\"Organization\",\"@id\":\"https:\/\/www.iucuellar.org\/#organization\",\"name\":\"IU CUELLAR\",\"url\":\"https:\/\/www.iucuellar.org\/\",\"logo\":{\"@type\":\"ImageObject\",\"inLanguage\":\"es\",\"@id\":\"https:\/\/www.iucuellar.org\/#\/schema\/logo\/image\/\",\"url\":\"https:\/\/i0.wp.com\/www.iucuellar.org\/public\/2022\/07\/cropped-avatar_redondo_Twitter.png?fit=512%2C512&ssl=1\",\"contentUrl\":\"https:\/\/i0.wp.com\/www.iucuellar.org\/public\/2022\/07\/cropped-avatar_redondo_Twitter.png?fit=512%2C512&ssl=1\",\"width\":512,\"height\":512,\"caption\":\"IU CUELLAR\"},\"image\":{\"@id\":\"https:\/\/www.iucuellar.org\/#\/schema\/logo\/image\/\"},\"sameAs\":[\"https:\/\/www.facebook.com\/iucuellar\",\"https:\/\/x.com\/IU_CUELLAR\",\"https:\/\/www.instagram.com\/iucuellar\/\",\"https:\/\/www.threads.net\/@iucuellar\"]},{\"@type\":\"Person\",\"@id\":\"https:\/\/www.iucuellar.org\/#\/schema\/person\/0ed49683a220f525fdeb90989b5c672d\",\"name\":\"Comunicaci\u00f3n\",\"image\":{\"@type\":\"ImageObject\",\"inLanguage\":\"es\",\"@id\":\"https:\/\/www.iucuellar.org\/#\/schema\/person\/image\/\",\"url\":\"https:\/\/secure.gravatar.com\/avatar\/1bb1e96b498ea4b5098098798744923e?s=96&d=mm&r=g\",\"contentUrl\":\"https:\/\/secure.gravatar.com\/avatar\/1bb1e96b498ea4b5098098798744923e?s=96&d=mm&r=g\",\"caption\":\"Comunicaci\u00f3n\"},\"url\":\"https:\/\/www.iucuellar.org\/?author=1\"}]}<\/script>\r\n<!-- \/ Yoast SEO plugin. -->","yoast_head_json":{"title":"Los Toros, Moci\u00f3n para reducir el gasto. - Izquierda Unida Cu\u00e9llar","robots":{"index":"index","follow":"follow","max-snippet":"max-snippet:-1","max-image-preview":"max-image-preview:large","max-video-preview":"max-video-preview:-1"},"canonical":"https:\/\/www.iucuellar.org\/?p=1126","og_locale":"es_ES","og_type":"article","og_title":"Los Toros, Moci\u00f3n para reducir el gasto. - Izquierda Unida Cu\u00e9llar","og_description":"Desde Izquierda Unida queremos dar a conocer a todos los cuellaranos y en especial a las personas representadas por las","og_url":"https:\/\/www.iucuellar.org\/?p=1126","og_site_name":"Izquierda Unida Cu\u00e9llar","article_publisher":"https:\/\/www.facebook.com\/iucuellar","article_published_time":"2013-05-17T01:16:40+00:00","article_modified_time":"2017-02-28T12:23:47+00:00","og_image":[{"url":"http:\/\/www.iucuellar.org\/2013\/imagenes\/LosTorosGigantes.jpg"}],"author":"Comunicaci\u00f3n","twitter_card":"summary_large_image","twitter_creator":"@IU_CUELLAR","twitter_site":"@IU_CUELLAR","twitter_misc":{"Escrito por":"Comunicaci\u00f3n","Tiempo de lectura":"5 minutos"},"schema":{"@context":"https:\/\/schema.org","@graph":[{"@type":"Article","@id":"https:\/\/www.iucuellar.org\/?p=1126#article","isPartOf":{"@id":"https:\/\/www.iucuellar.org\/?p=1126"},"author":{"name":"Comunicaci\u00f3n","@id":"https:\/\/www.iucuellar.org\/#\/schema\/person\/0ed49683a220f525fdeb90989b5c672d"},"headline":"Los Toros, Moci\u00f3n para reducir el gasto.","datePublished":"2013-05-17T01:16:40+00:00","dateModified":"2017-02-28T12:23:47+00:00","mainEntityOfPage":{"@id":"https:\/\/www.iucuellar.org\/?p=1126"},"wordCount":1054,"commentCount":0,"publisher":{"@id":"https:\/\/www.iucuellar.org\/#organization"},"image":{"@id":"https:\/\/www.iucuellar.org\/?p=1126#primaryimage"},"thumbnailUrl":"http:\/\/www.iucuellar.org\/2013\/imagenes\/LosTorosGigantes.jpg","articleSection":["Festejos","Hacienda"],"inLanguage":"es","potentialAction":[{"@type":"CommentAction","name":"Comment","target":["https:\/\/www.iucuellar.org\/?p=1126#respond"]}]},{"@type":"WebPage","@id":"https:\/\/www.iucuellar.org\/?p=1126","url":"https:\/\/www.iucuellar.org\/?p=1126","name":"Los Toros, Moci\u00f3n para reducir el gasto. - Izquierda Unida Cu\u00e9llar","isPartOf":{"@id":"https:\/\/www.iucuellar.org\/#website"},"primaryImageOfPage":{"@id":"https:\/\/www.iucuellar.org\/?p=1126#primaryimage"},"image":{"@id":"https:\/\/www.iucuellar.org\/?p=1126#primaryimage"},"thumbnailUrl":"http:\/\/www.iucuellar.org\/2013\/imagenes\/LosTorosGigantes.jpg","datePublished":"2013-05-17T01:16:40+00:00","dateModified":"2017-02-28T12:23:47+00:00","breadcrumb":{"@id":"https:\/\/www.iucuellar.org\/?p=1126#breadcrumb"},"inLanguage":"es","potentialAction":[{"@type":"ReadAction","target":["https:\/\/www.iucuellar.org\/?p=1126"]}]},{"@type":"ImageObject","inLanguage":"es","@id":"https:\/\/www.iucuellar.org\/?p=1126#primaryimage","url":"http:\/\/www.iucuellar.org\/2013\/imagenes\/LosTorosGigantes.jpg","contentUrl":"http:\/\/www.iucuellar.org\/2013\/imagenes\/LosTorosGigantes.jpg"},{"@type":"BreadcrumbList","@id":"https:\/\/www.iucuellar.org\/?p=1126#breadcrumb","itemListElement":[{"@type":"ListItem","position":1,"name":"Inicio","item":"https:\/\/www.iucuellar.org\/"},{"@type":"ListItem","position":2,"name":"Los Toros, Moci\u00f3n para reducir el gasto."}]},{"@type":"WebSite","@id":"https:\/\/www.iucuellar.org\/#website","url":"https:\/\/www.iucuellar.org\/","name":"Izquierda Unida Cu\u00e9llar y Comarca","description":"Lugar de opini\u00f3n y discusi\u00f3n de la izquierda","publisher":{"@id":"https:\/\/www.iucuellar.org\/#organization"},"potentialAction":[{"@type":"SearchAction","target":{"@type":"EntryPoint","urlTemplate":"https:\/\/www.iucuellar.org\/?s={search_term_string}"},"query-input":"required name=search_term_string"}],"inLanguage":"es"},{"@type":"Organization","@id":"https:\/\/www.iucuellar.org\/#organization","name":"IU CUELLAR","url":"https:\/\/www.iucuellar.org\/","logo":{"@type":"ImageObject","inLanguage":"es","@id":"https:\/\/www.iucuellar.org\/#\/schema\/logo\/image\/","url":"https:\/\/i0.wp.com\/www.iucuellar.org\/public\/2022\/07\/cropped-avatar_redondo_Twitter.png?fit=512%2C512&ssl=1","contentUrl":"https:\/\/i0.wp.com\/www.iucuellar.org\/public\/2022\/07\/cropped-avatar_redondo_Twitter.png?fit=512%2C512&ssl=1","width":512,"height":512,"caption":"IU CUELLAR"},"image":{"@id":"https:\/\/www.iucuellar.org\/#\/schema\/logo\/image\/"},"sameAs":["https:\/\/www.facebook.com\/iucuellar","https:\/\/x.com\/IU_CUELLAR","https:\/\/www.instagram.com\/iucuellar\/","https:\/\/www.threads.net\/@iucuellar"]},{"@type":"Person","@id":"https:\/\/www.iucuellar.org\/#\/schema\/person\/0ed49683a220f525fdeb90989b5c672d","name":"Comunicaci\u00f3n","image":{"@type":"ImageObject","inLanguage":"es","@id":"https:\/\/www.iucuellar.org\/#\/schema\/person\/image\/","url":"https:\/\/secure.gravatar.com\/avatar\/1bb1e96b498ea4b5098098798744923e?s=96&d=mm&r=g","contentUrl":"https:\/\/secure.gravatar.com\/avatar\/1bb1e96b498ea4b5098098798744923e?s=96&d=mm&r=g","caption":"Comunicaci\u00f3n"},"url":"https:\/\/www.iucuellar.org\/?author=1"}]}},"jetpack_featured_media_url":"","jetpack_sharing_enabled":true,"jetpack_shortlink":"https:\/\/wp.me\/p8rn8P-ia","_links":{"self":[{"href":"https:\/\/www.iucuellar.org\/index.php?rest_route=\/wp\/v2\/posts\/1126"}],"collection":[{"href":"https:\/\/www.iucuellar.org\/index.php?rest_route=\/wp\/v2\/posts"}],"about":[{"href":"https:\/\/www.iucuellar.org\/index.php?rest_route=\/wp\/v2\/types\/post"}],"author":[{"embeddable":true,"href":"https:\/\/www.iucuellar.org\/index.php?rest_route=\/wp\/v2\/users\/1"}],"replies":[{"embeddable":true,"href":"https:\/\/www.iucuellar.org\/index.php?rest_route=%2Fwp%2Fv2%2Fcomments&post=1126"}],"version-history":[{"count":12,"href":"https:\/\/www.iucuellar.org\/index.php?rest_route=\/wp\/v2\/posts\/1126\/revisions"}],"predecessor-version":[{"id":1138,"href":"https:\/\/www.iucuellar.org\/index.php?rest_route=\/wp\/v2\/posts\/1126\/revisions\/1138"}],"wp:attachment":[{"href":"https:\/\/www.iucuellar.org\/index.php?rest_route=%2Fwp%2Fv2%2Fmedia&parent=1126"}],"wp:term":[{"taxonomy":"category","embeddable":true,"href":"https:\/\/www.iucuellar.org\/index.php?rest_route=%2Fwp%2Fv2%2Fcategories&post=1126"},{"taxonomy":"post_tag","embeddable":true,"href":"https:\/\/www.iucuellar.org\/index.php?rest_route=%2Fwp%2Fv2%2Ftags&post=1126"}],"curies":[{"name":"wp","href":"https:\/\/api.w.org\/{rel}","templated":true}]}}