{"id":1140,"date":"2013-06-03T00:13:52","date_gmt":"2013-06-02T22:13:52","guid":{"rendered":"http:\/\/www.iucuellar.org\/?p=1140"},"modified":"2013-06-03T00:13:52","modified_gmt":"2013-06-02T22:13:52","slug":"por-que-votamos-no-al-fondo-social-de-viviendas","status":"publish","type":"post","link":"https:\/\/www.iucuellar.org\/?p=1140","title":{"rendered":"Por qu\u00e9 votamos NO al fondo social de viviendas"},"content":{"rendered":"<p>En primer lugar hay que decir que qui\u00e9n pone en alquiler las viviendas de este Fondo son un conjunto de entidades financieras:<br \/>\nEntidades financieras que han recibido miles de millones de euros de ayudas p\u00fablicas y avales financieros que est\u00e1n siendo avalados por el Estado Espa\u00f1ol, lo que mes a mes contribuye al aumento de nuestro d\u00e9ficit p\u00fablico y parte de ese dinero es muy probable que no lo recuperemos.<br \/>\nEntidades financieras que han jugado un papel destacado en la formaci\u00f3n de la burbuja inmobiliaria financiando los turbios y particulares negocios de las promotoras y grandes propietarios del suelo, tanto r\u00fastico como urbano. Aprovechando la defensa que hace la Constituci\u00f3n Espa\u00f1ola de la funci\u00f3n social de la vivienda (art. 47) se han dedicado, en muchos casos, a favorecer la especulaci\u00f3n urban\u00edstica.<br \/>\nEntidades financieras que no solamente se han quedado las viviendas a las que sus propietarios no pod\u00edan hacer frente a los pagos (por un valor incluso del 50% del tasado en el momento de la venta) sino que adem\u00e1s les han seguido reclamando el pago de la deuda restante m\u00e1s los intereses y las costas judiciales, a personas insolventes les han embargado n\u00f3minas, cuentas bancarias y han embargado a los avalistas de la vivienda. Es decir, miles de familias en Espa\u00f1a se enfrentan a una condena financiera de por vida, lo que les conduce a la exclusi\u00f3n social y a la econom\u00eda sumergida. Adem\u00e1s del da\u00f1o psicol\u00f3gico que est\u00e1 produciendo en ellas.<\/p>\n<p>Estas entidades financieras son quienes hoy vienen a ofrecernos viviendas en alquiler.<\/p>\n<p>\u00bfEn qu\u00e9 consiste este fondo social de viviendas?:<br \/>\nDiversas entidades financieras ofrecen en alquiler viviendas de su propiedad, que lo son fruto de los desahucios provocados por impago de las cuotas hipotecarias al no poder hacer frente a ellas sus propietarios.<br \/>\nSe alquilar\u00e1n exclusivamente a aquellas familias cuyo desalojo se haya producido como consecuencia de una demanda de ejecuci\u00f3n iniciada por la misma entidad de cr\u00e9dito que constituye el fondo social de vivienda.<br \/>\nDicho en castellano: quienes me han arrebatado la casa y me embargan y asfixian econ\u00f3micamente, vienen ahora a alquilarme la misma vivienda de la que me han echado o otra adquirida de forma similar. Yo pago doblemente por la vivienda y la entidad financiera contin\u00faa enriqueci\u00e9ndose, ahora, adem\u00e1s con este convenio, con el benepl\u00e1cito del Ayuntamiento.<br \/>\nEstamos en contra de esta pol\u00edtica de vivienda injusta, que ha conseguido que en un pa\u00eds con tres millones de pisos vac\u00edos se expulse a familias, afectadas por la crisis, de su vivienda habitual por no poder hacer frente a los pagos y se les condene de por vida al pago de una deuda injusta.<\/p>\n<p style=\"text-align: center;\">Se llamar\u00e1 Fondo Social de la Vivienda pero no garantiza la funci\u00f3n social que la vivienda debe tener, sino que m\u00e1s bien perpet\u00faa la funci\u00f3n especulativa que durante estos \u00faltimos a\u00f1os ha enriquecido a unos pocos.<br \/>\n<img loading=\"lazy\" decoding=\"async\" class=\"aligncenter\" src=\"https:\/\/i0.wp.com\/www.iucuellar.org\/2013\/imagenes\/SinCasaSinGente.jpg?resize=245%2C206&#038;ssl=1\" alt=\"\" width=\"245\" height=\"206\" data-recalc-dims=\"1\" \/><\/p>\n<p style=\"text-align: center;\">&nbsp;<\/p>\n<p style=\"margin-bottom: 0cm; font-weight: normal; text-decoration: none;\" lang=\"es-ES\"><span style=\"font-family: Times New Roman,serif;\"><span style=\"font-size: medium;\"><em>Constituci\u00f3n Espa\u00f1ola:<\/em><\/span><\/span><\/p>\n<p style=\"margin-bottom: 0cm; text-decoration: none;\" lang=\"es-ES\"><span style=\"color: #0000a1;\"><span style=\"font-family: Times New Roman,serif;\"><span style=\"font-size: medium;\"><em><strong>Art\u00edculo 47<\/strong><\/em><\/span><\/span><\/span><\/p>\n<p style=\"margin-bottom: 0cm; text-decoration: none;\" lang=\"es-ES\"><span style=\"color: #0000a1;\"><span style=\"font-family: Times New Roman,serif;\"><span style=\"font-size: medium;\"><em><strong>Todos los espa\u00f1oles tienen derecho a disfrutar de una vivienda digna y adecuada. Los<\/strong><\/em><\/span><\/span><\/span><\/p>\n<p style=\"margin-bottom: 0cm;\"><span style=\"font-family: Times New Roman,serif;\"><span style=\"font-size: medium;\"><em>poderes p\u00fablicos promover\u00e1n las condiciones necesarias y establecer\u00e1n las normas<\/em><\/span><\/span><\/p>\n<p style=\"margin-bottom: 0cm;\"><span style=\"font-family: Times New Roman,serif;\"><span style=\"font-size: medium;\"><em>pertinentes para hacer efectivo este derecho, regulando la utilizaci\u00f3n del suelo de<\/em><\/span><\/span><\/p>\n<p style=\"margin-bottom: 0cm;\"><span style=\"font-family: Times New Roman,serif;\"><span style=\"font-size: medium;\"><em>acuerdo con el inter\u00e9s general para impedir la especulaci\u00f3n<\/em><\/span><\/span><\/p>\n<p style=\"margin-bottom: 0cm;\"><span style=\"font-family: Times New Roman,serif;\"><span style=\"font-size: medium;\"><em>La comunidad participar\u00e1 en las plusval\u00edas que genere la acci\u00f3n urban\u00edstica de los entes p\u00fablicos.<\/em><\/span><\/span><\/p>\n<p style=\"margin-bottom: 0cm;\">&nbsp;<\/p>\n<p style=\"margin-bottom: 0cm;\"><span style=\"color: #0000a1;\"><span style=\"font-family: Times New Roman,serif;\"><span style=\"font-size: medium;\"><em><strong>Art\u00edculo 128<\/strong><\/em><\/span><\/span><\/span><\/p>\n<p style=\"margin-bottom: 0cm;\"><span style=\"color: #000000;\"><span style=\"font-family: Times New Roman,serif;\"><span style=\"font-size: medium;\"><em><strong>Funci\u00f3n<\/strong><\/em><\/span><\/span><\/span><\/p>\n<p style=\"margin-bottom: 0cm;\"><span style=\"color: #000000;\"><span style=\"font-family: Times New Roman,serif;\"><span style=\"font-size: medium;\"><em><strong>p\u00fablica de la<\/strong><\/em><\/span><\/span><\/span><\/p>\n<p style=\"margin-bottom: 0cm;\"><span style=\"color: #000000;\"><span style=\"font-family: Times New Roman,serif;\"><span style=\"font-size: medium;\"><em><strong>riqueza<\/strong><\/em><\/span><\/span><\/span><\/p>\n<p style=\"margin-bottom: 0cm;\"><span style=\"color: #000000;\"><span style=\"font-family: Times New Roman,serif;\"><span style=\"font-size: medium;\"><em><strong>1. <\/strong>Toda la riqueza del pa\u00eds en sus distintas formas y sea cual fuere su titularidad est\u00e1<\/em><\/span><\/span><\/span><\/p>\n<p style=\"margin-bottom: 0cm;\"><span style=\"color: #000000;\"><span style=\"font-family: Times New Roman,serif;\"><span style=\"font-size: medium;\"><em>subordinada al inter\u00e9s general.<\/em><\/span><\/span><\/span><\/p>\n<p style=\"margin-bottom: 0cm;\"><span style=\"color: #000000;\"><span style=\"font-family: Times New Roman,serif;\"><span style=\"font-size: medium;\"><em><strong>2. <\/strong>Se reconoce la iniciativa p\u00fablica en la actividad econ\u00f3mica. Mediante ley se podr\u00e1<\/em><\/span><\/span><\/span><\/p>\n<p style=\"margin-bottom: 0cm;\"><span style=\"color: #000000;\"><span style=\"font-family: Times New Roman,serif;\"><span style=\"font-size: medium;\"><em>reservar al sector p\u00fablico recursos o servicios esenciales, especialmente en caso de<\/em><\/span><\/span><\/span><\/p>\n<p style=\"margin-bottom: 0cm;\"><span style=\"color: #000000;\"><span style=\"font-family: Times New Roman,serif;\"><span style=\"font-size: medium;\"><em>monopolio, y asimismo acordar la intervenci\u00f3n de empresas cuando as\u00ed lo exigiere<\/em><\/span><\/span><\/span><\/p>\n<p style=\"margin-bottom: 0cm;\"><span style=\"color: #000000;\"><span style=\"font-family: Times New Roman,serif;\"><span style=\"font-size: medium;\"><em>el inter\u00e9s general.<\/em><\/span><\/span><\/span><\/p>\n","protected":false},"excerpt":{"rendered":"<p>En primer lugar hay que decir que qui\u00e9n pone en alquiler las viviendas de este Fondo son un conjunto de<\/p>\n","protected":false},"author":1,"featured_media":0,"comment_status":"open","ping_status":"open","sticky":false,"template":"","format":"standard","meta":{"sfsi_plus_gutenberg_text_before_share":"","sfsi_plus_gutenberg_show_text_before_share":"","sfsi_plus_gutenberg_icon_type":"","sfsi_plus_gutenberg_icon_alignemt":"","sfsi_plus_gutenburg_max_per_row":"","_exactmetrics_skip_tracking":false,"_exactmetrics_sitenote_active":false,"_exactmetrics_sitenote_note":"","_exactmetrics_sitenote_category":0,"ngg_post_thumbnail":0,"_jetpack_memberships_contains_paid_content":false,"footnotes":""},"categories":[21,20,14],"tags":[],"yoast_head":"<!-- This site is optimized with the Yoast SEO plugin v22.9 - https:\/\/yoast.com\/wordpress\/plugins\/seo\/ -->\r\n<title>Por qu\u00e9 votamos NO al fondo social de viviendas - Izquierda Unida Cu\u00e9llar<\/title>\r\n<meta name=\"robots\" content=\"index, follow, max-snippet:-1, max-image-preview:large, max-video-preview:-1\" \/>\r\n<link rel=\"canonical\" href=\"https:\/\/www.iucuellar.org\/?p=1140\" \/>\r\n<meta property=\"og:locale\" content=\"es_ES\" \/>\r\n<meta property=\"og:type\" content=\"article\" \/>\r\n<meta property=\"og:title\" content=\"Por qu\u00e9 votamos NO al fondo social de viviendas - Izquierda Unida Cu\u00e9llar\" \/>\r\n<meta property=\"og:description\" content=\"En primer lugar hay que decir que qui\u00e9n pone en alquiler las viviendas de este Fondo son un conjunto de\" \/>\r\n<meta property=\"og:url\" content=\"https:\/\/www.iucuellar.org\/?p=1140\" \/>\r\n<meta property=\"og:site_name\" content=\"Izquierda Unida Cu\u00e9llar\" \/>\r\n<meta property=\"article:publisher\" content=\"https:\/\/www.facebook.com\/iucuellar\" \/>\r\n<meta property=\"article:published_time\" content=\"2013-06-02T22:13:52+00:00\" \/>\r\n<meta property=\"og:image\" content=\"http:\/\/www.iucuellar.org\/2013\/imagenes\/SinCasaSinGente.jpg\" \/>\r\n<meta name=\"author\" content=\"Comunicaci\u00f3n\" \/>\r\n<meta name=\"twitter:card\" content=\"summary_large_image\" \/>\r\n<meta name=\"twitter:creator\" content=\"@IU_CUELLAR\" \/>\r\n<meta name=\"twitter:site\" content=\"@IU_CUELLAR\" \/>\r\n<meta name=\"twitter:label1\" content=\"Escrito por\" \/>\n\t<meta name=\"twitter:data1\" content=\"Comunicaci\u00f3n\" \/>\n\t<meta name=\"twitter:label2\" content=\"Tiempo de lectura\" \/>\n\t<meta name=\"twitter:data2\" content=\"3 minutos\" \/>\r\n<script type=\"application\/ld+json\" class=\"yoast-schema-graph\">{\"@context\":\"https:\/\/schema.org\",\"@graph\":[{\"@type\":\"Article\",\"@id\":\"https:\/\/www.iucuellar.org\/?p=1140#article\",\"isPartOf\":{\"@id\":\"https:\/\/www.iucuellar.org\/?p=1140\"},\"author\":{\"name\":\"Comunicaci\u00f3n\",\"@id\":\"https:\/\/www.iucuellar.org\/#\/schema\/person\/0ed49683a220f525fdeb90989b5c672d\"},\"headline\":\"Por qu\u00e9 votamos NO al fondo social de viviendas\",\"datePublished\":\"2013-06-02T22:13:52+00:00\",\"dateModified\":\"2013-06-02T22:13:52+00:00\",\"mainEntityOfPage\":{\"@id\":\"https:\/\/www.iucuellar.org\/?p=1140\"},\"wordCount\":676,\"commentCount\":0,\"publisher\":{\"@id\":\"https:\/\/www.iucuellar.org\/#organization\"},\"image\":{\"@id\":\"https:\/\/www.iucuellar.org\/?p=1140#primaryimage\"},\"thumbnailUrl\":\"http:\/\/www.iucuellar.org\/2013\/imagenes\/SinCasaSinGente.jpg\",\"articleSection\":[\"Izquierda Unida\",\"Plenos\",\"Sanidad y A.Sociales\"],\"inLanguage\":\"es\",\"potentialAction\":[{\"@type\":\"CommentAction\",\"name\":\"Comment\",\"target\":[\"https:\/\/www.iucuellar.org\/?p=1140#respond\"]}]},{\"@type\":\"WebPage\",\"@id\":\"https:\/\/www.iucuellar.org\/?p=1140\",\"url\":\"https:\/\/www.iucuellar.org\/?p=1140\",\"name\":\"Por qu\u00e9 votamos NO al fondo social de viviendas - Izquierda Unida Cu\u00e9llar\",\"isPartOf\":{\"@id\":\"https:\/\/www.iucuellar.org\/#website\"},\"primaryImageOfPage\":{\"@id\":\"https:\/\/www.iucuellar.org\/?p=1140#primaryimage\"},\"image\":{\"@id\":\"https:\/\/www.iucuellar.org\/?p=1140#primaryimage\"},\"thumbnailUrl\":\"http:\/\/www.iucuellar.org\/2013\/imagenes\/SinCasaSinGente.jpg\",\"datePublished\":\"2013-06-02T22:13:52+00:00\",\"dateModified\":\"2013-06-02T22:13:52+00:00\",\"breadcrumb\":{\"@id\":\"https:\/\/www.iucuellar.org\/?p=1140#breadcrumb\"},\"inLanguage\":\"es\",\"potentialAction\":[{\"@type\":\"ReadAction\",\"target\":[\"https:\/\/www.iucuellar.org\/?p=1140\"]}]},{\"@type\":\"ImageObject\",\"inLanguage\":\"es\",\"@id\":\"https:\/\/www.iucuellar.org\/?p=1140#primaryimage\",\"url\":\"http:\/\/www.iucuellar.org\/2013\/imagenes\/SinCasaSinGente.jpg\",\"contentUrl\":\"http:\/\/www.iucuellar.org\/2013\/imagenes\/SinCasaSinGente.jpg\"},{\"@type\":\"BreadcrumbList\",\"@id\":\"https:\/\/www.iucuellar.org\/?p=1140#breadcrumb\",\"itemListElement\":[{\"@type\":\"ListItem\",\"position\":1,\"name\":\"Inicio\",\"item\":\"https:\/\/www.iucuellar.org\/\"},{\"@type\":\"ListItem\",\"position\":2,\"name\":\"Por qu\u00e9 votamos NO al fondo social de viviendas\"}]},{\"@type\":\"WebSite\",\"@id\":\"https:\/\/www.iucuellar.org\/#website\",\"url\":\"https:\/\/www.iucuellar.org\/\",\"name\":\"Izquierda Unida Cu\u00e9llar y Comarca\",\"description\":\"Lugar de opini\u00f3n y discusi\u00f3n de la izquierda\",\"publisher\":{\"@id\":\"https:\/\/www.iucuellar.org\/#organization\"},\"potentialAction\":[{\"@type\":\"SearchAction\",\"target\":{\"@type\":\"EntryPoint\",\"urlTemplate\":\"https:\/\/www.iucuellar.org\/?s={search_term_string}\"},\"query-input\":\"required name=search_term_string\"}],\"inLanguage\":\"es\"},{\"@type\":\"Organization\",\"@id\":\"https:\/\/www.iucuellar.org\/#organization\",\"name\":\"IU CUELLAR\",\"url\":\"https:\/\/www.iucuellar.org\/\",\"logo\":{\"@type\":\"ImageObject\",\"inLanguage\":\"es\",\"@id\":\"https:\/\/www.iucuellar.org\/#\/schema\/logo\/image\/\",\"url\":\"https:\/\/i0.wp.com\/www.iucuellar.org\/public\/2022\/07\/cropped-avatar_redondo_Twitter.png?fit=512%2C512&ssl=1\",\"contentUrl\":\"https:\/\/i0.wp.com\/www.iucuellar.org\/public\/2022\/07\/cropped-avatar_redondo_Twitter.png?fit=512%2C512&ssl=1\",\"width\":512,\"height\":512,\"caption\":\"IU CUELLAR\"},\"image\":{\"@id\":\"https:\/\/www.iucuellar.org\/#\/schema\/logo\/image\/\"},\"sameAs\":[\"https:\/\/www.facebook.com\/iucuellar\",\"https:\/\/x.com\/IU_CUELLAR\",\"https:\/\/www.instagram.com\/iucuellar\/\",\"https:\/\/www.threads.net\/@iucuellar\"]},{\"@type\":\"Person\",\"@id\":\"https:\/\/www.iucuellar.org\/#\/schema\/person\/0ed49683a220f525fdeb90989b5c672d\",\"name\":\"Comunicaci\u00f3n\",\"image\":{\"@type\":\"ImageObject\",\"inLanguage\":\"es\",\"@id\":\"https:\/\/www.iucuellar.org\/#\/schema\/person\/image\/\",\"url\":\"https:\/\/secure.gravatar.com\/avatar\/1bb1e96b498ea4b5098098798744923e?s=96&d=mm&r=g\",\"contentUrl\":\"https:\/\/secure.gravatar.com\/avatar\/1bb1e96b498ea4b5098098798744923e?s=96&d=mm&r=g\",\"caption\":\"Comunicaci\u00f3n\"},\"url\":\"https:\/\/www.iucuellar.org\/?author=1\"}]}<\/script>\r\n<!-- \/ Yoast SEO plugin. -->","yoast_head_json":{"title":"Por qu\u00e9 votamos NO al fondo social de viviendas - Izquierda Unida Cu\u00e9llar","robots":{"index":"index","follow":"follow","max-snippet":"max-snippet:-1","max-image-preview":"max-image-preview:large","max-video-preview":"max-video-preview:-1"},"canonical":"https:\/\/www.iucuellar.org\/?p=1140","og_locale":"es_ES","og_type":"article","og_title":"Por qu\u00e9 votamos NO al fondo social de viviendas - Izquierda Unida Cu\u00e9llar","og_description":"En primer lugar hay que decir que qui\u00e9n pone en alquiler las viviendas de este Fondo son un conjunto de","og_url":"https:\/\/www.iucuellar.org\/?p=1140","og_site_name":"Izquierda Unida Cu\u00e9llar","article_publisher":"https:\/\/www.facebook.com\/iucuellar","article_published_time":"2013-06-02T22:13:52+00:00","og_image":[{"url":"http:\/\/www.iucuellar.org\/2013\/imagenes\/SinCasaSinGente.jpg"}],"author":"Comunicaci\u00f3n","twitter_card":"summary_large_image","twitter_creator":"@IU_CUELLAR","twitter_site":"@IU_CUELLAR","twitter_misc":{"Escrito por":"Comunicaci\u00f3n","Tiempo de lectura":"3 minutos"},"schema":{"@context":"https:\/\/schema.org","@graph":[{"@type":"Article","@id":"https:\/\/www.iucuellar.org\/?p=1140#article","isPartOf":{"@id":"https:\/\/www.iucuellar.org\/?p=1140"},"author":{"name":"Comunicaci\u00f3n","@id":"https:\/\/www.iucuellar.org\/#\/schema\/person\/0ed49683a220f525fdeb90989b5c672d"},"headline":"Por qu\u00e9 votamos NO al fondo social de viviendas","datePublished":"2013-06-02T22:13:52+00:00","dateModified":"2013-06-02T22:13:52+00:00","mainEntityOfPage":{"@id":"https:\/\/www.iucuellar.org\/?p=1140"},"wordCount":676,"commentCount":0,"publisher":{"@id":"https:\/\/www.iucuellar.org\/#organization"},"image":{"@id":"https:\/\/www.iucuellar.org\/?p=1140#primaryimage"},"thumbnailUrl":"http:\/\/www.iucuellar.org\/2013\/imagenes\/SinCasaSinGente.jpg","articleSection":["Izquierda Unida","Plenos","Sanidad y A.Sociales"],"inLanguage":"es","potentialAction":[{"@type":"CommentAction","name":"Comment","target":["https:\/\/www.iucuellar.org\/?p=1140#respond"]}]},{"@type":"WebPage","@id":"https:\/\/www.iucuellar.org\/?p=1140","url":"https:\/\/www.iucuellar.org\/?p=1140","name":"Por qu\u00e9 votamos NO al fondo social de viviendas - Izquierda Unida Cu\u00e9llar","isPartOf":{"@id":"https:\/\/www.iucuellar.org\/#website"},"primaryImageOfPage":{"@id":"https:\/\/www.iucuellar.org\/?p=1140#primaryimage"},"image":{"@id":"https:\/\/www.iucuellar.org\/?p=1140#primaryimage"},"thumbnailUrl":"http:\/\/www.iucuellar.org\/2013\/imagenes\/SinCasaSinGente.jpg","datePublished":"2013-06-02T22:13:52+00:00","dateModified":"2013-06-02T22:13:52+00:00","breadcrumb":{"@id":"https:\/\/www.iucuellar.org\/?p=1140#breadcrumb"},"inLanguage":"es","potentialAction":[{"@type":"ReadAction","target":["https:\/\/www.iucuellar.org\/?p=1140"]}]},{"@type":"ImageObject","inLanguage":"es","@id":"https:\/\/www.iucuellar.org\/?p=1140#primaryimage","url":"http:\/\/www.iucuellar.org\/2013\/imagenes\/SinCasaSinGente.jpg","contentUrl":"http:\/\/www.iucuellar.org\/2013\/imagenes\/SinCasaSinGente.jpg"},{"@type":"BreadcrumbList","@id":"https:\/\/www.iucuellar.org\/?p=1140#breadcrumb","itemListElement":[{"@type":"ListItem","position":1,"name":"Inicio","item":"https:\/\/www.iucuellar.org\/"},{"@type":"ListItem","position":2,"name":"Por qu\u00e9 votamos NO al fondo social de viviendas"}]},{"@type":"WebSite","@id":"https:\/\/www.iucuellar.org\/#website","url":"https:\/\/www.iucuellar.org\/","name":"Izquierda Unida Cu\u00e9llar y Comarca","description":"Lugar de opini\u00f3n y discusi\u00f3n de la izquierda","publisher":{"@id":"https:\/\/www.iucuellar.org\/#organization"},"potentialAction":[{"@type":"SearchAction","target":{"@type":"EntryPoint","urlTemplate":"https:\/\/www.iucuellar.org\/?s={search_term_string}"},"query-input":"required name=search_term_string"}],"inLanguage":"es"},{"@type":"Organization","@id":"https:\/\/www.iucuellar.org\/#organization","name":"IU CUELLAR","url":"https:\/\/www.iucuellar.org\/","logo":{"@type":"ImageObject","inLanguage":"es","@id":"https:\/\/www.iucuellar.org\/#\/schema\/logo\/image\/","url":"https:\/\/i0.wp.com\/www.iucuellar.org\/public\/2022\/07\/cropped-avatar_redondo_Twitter.png?fit=512%2C512&ssl=1","contentUrl":"https:\/\/i0.wp.com\/www.iucuellar.org\/public\/2022\/07\/cropped-avatar_redondo_Twitter.png?fit=512%2C512&ssl=1","width":512,"height":512,"caption":"IU CUELLAR"},"image":{"@id":"https:\/\/www.iucuellar.org\/#\/schema\/logo\/image\/"},"sameAs":["https:\/\/www.facebook.com\/iucuellar","https:\/\/x.com\/IU_CUELLAR","https:\/\/www.instagram.com\/iucuellar\/","https:\/\/www.threads.net\/@iucuellar"]},{"@type":"Person","@id":"https:\/\/www.iucuellar.org\/#\/schema\/person\/0ed49683a220f525fdeb90989b5c672d","name":"Comunicaci\u00f3n","image":{"@type":"ImageObject","inLanguage":"es","@id":"https:\/\/www.iucuellar.org\/#\/schema\/person\/image\/","url":"https:\/\/secure.gravatar.com\/avatar\/1bb1e96b498ea4b5098098798744923e?s=96&d=mm&r=g","contentUrl":"https:\/\/secure.gravatar.com\/avatar\/1bb1e96b498ea4b5098098798744923e?s=96&d=mm&r=g","caption":"Comunicaci\u00f3n"},"url":"https:\/\/www.iucuellar.org\/?author=1"}]}},"jetpack_featured_media_url":"","jetpack_sharing_enabled":true,"jetpack_shortlink":"https:\/\/wp.me\/p8rn8P-io","_links":{"self":[{"href":"https:\/\/www.iucuellar.org\/index.php?rest_route=\/wp\/v2\/posts\/1140"}],"collection":[{"href":"https:\/\/www.iucuellar.org\/index.php?rest_route=\/wp\/v2\/posts"}],"about":[{"href":"https:\/\/www.iucuellar.org\/index.php?rest_route=\/wp\/v2\/types\/post"}],"author":[{"embeddable":true,"href":"https:\/\/www.iucuellar.org\/index.php?rest_route=\/wp\/v2\/users\/1"}],"replies":[{"embeddable":true,"href":"https:\/\/www.iucuellar.org\/index.php?rest_route=%2Fwp%2Fv2%2Fcomments&post=1140"}],"version-history":[{"count":5,"href":"https:\/\/www.iucuellar.org\/index.php?rest_route=\/wp\/v2\/posts\/1140\/revisions"}],"predecessor-version":[{"id":1145,"href":"https:\/\/www.iucuellar.org\/index.php?rest_route=\/wp\/v2\/posts\/1140\/revisions\/1145"}],"wp:attachment":[{"href":"https:\/\/www.iucuellar.org\/index.php?rest_route=%2Fwp%2Fv2%2Fmedia&parent=1140"}],"wp:term":[{"taxonomy":"category","embeddable":true,"href":"https:\/\/www.iucuellar.org\/index.php?rest_route=%2Fwp%2Fv2%2Fcategories&post=1140"},{"taxonomy":"post_tag","embeddable":true,"href":"https:\/\/www.iucuellar.org\/index.php?rest_route=%2Fwp%2Fv2%2Ftags&post=1140"}],"curies":[{"name":"wp","href":"https:\/\/api.w.org\/{rel}","templated":true}]}}