{"id":133,"date":"2009-06-01T21:21:29","date_gmt":"2009-06-01T19:21:29","guid":{"rendered":"http:\/\/www.iucuellar.org\/seddna\/?p=133"},"modified":"2011-04-08T21:21:54","modified_gmt":"2011-04-08T19:21:54","slug":"autovia-y-caminos","status":"publish","type":"post","link":"https:\/\/www.iucuellar.org\/?p=133","title":{"rendered":"Autov\u00eda y caminos"},"content":{"rendered":"<p style=\"margin-bottom: 0cm\"><span style=\"font-family: Times New Roman,serif;\"><span style=\"font-size: medium;\"> El mal estado en que se encuentran los caminos paralelos a la autov\u00eda en la zona de Cu\u00e9llar, y las dificultades con las que se encuentran los veh\u00edculos que por ellos transitan<\/span><\/span><span style=\"font-family: Times New Roman,serif;\"><span style=\"font-size: medium;\">, principalmente agr\u00edcolas,<\/span><\/span><span style=\"font-family: Times New Roman,serif;\"><span style=\"font-size: medium;\"> ha motivado que el Grupo Municipal de Izquierda Unida en el Ayuntamiento presentara la siguiente Moci\u00f3n, que fue aprobada por unanimidad del Pleno:<\/span><\/span><\/p>\n<p style=\"margin-bottom: 0cm\"><span style=\"font-family: Times New Roman,serif;\"><span style=\"font-size: medium;\"> &#8220;Hace ocho meses desde la inauguraci\u00f3n de la autov\u00eda de pinares  cuyo promotor es la Junta de C y L; una infraestructura a todas luces beneficiosa para los habitantes de la comarca de Cu\u00e9llar.<\/span><\/span><\/p>\n<p style=\"margin-bottom: 0cm\" align=\"center\"><img loading=\"lazy\" decoding=\"async\" src=\"https:\/\/i0.wp.com\/www.iucuellar.org\/images\/Autovia\/LaPi%C3%B1onada.jpg?resize=300%2C224&#038;ssl=1\" alt=\"\" width=\"300\" height=\"224\" align=\"middle\" data-recalc-dims=\"1\" \/><\/p>\n<p style=\"margin-bottom: 0cm\"><span style=\"font-family: Times New Roman,serif;\"><span style=\"font-size: medium;\"> De ella se ha dicho que es una infraestructura que acerca las ciudades de Segovia y Valladolid en una hora, que servir\u00e1 para impulsar la dinamizaci\u00f3n y el crecimiento de las ciudades y municipios por los que discurre y que marcar\u00e1 una etapa de progreso, desarrollo y oportunidades. De todo esto no cabe ninguna duda.<\/span><\/span><\/p>\n<p style=\"margin-bottom: 0cm\"><span style=\"font-family: Times New Roman,serif;\"><span style=\"font-size: medium;\"> Se explicaron los enlaces que hay, tambi\u00e9n que los accesos a instalaciones y propiedades privadas est\u00e1n asegurados mediante una red de caminos de 128,2 km, y 21,6 de v\u00edas de servicio, por donde deben circular los veh\u00edculos agr\u00edcolas, motocicletas, bicicletas y peatones, al tener prohibido hacerlo por la autov\u00eda.<\/span><\/span><\/p>\n<p style=\"margin-bottom: 0cm\"><span style=\"font-family: Times New Roman,serif;\"><span style=\"font-size: medium;\"> Pues  bien; despu\u00e9s de ocho meses de utilizaci\u00f3n de estos caminos, vemos que son estrechos, no tienen el firme adecuado, est\u00e1n embarrados, tienen malos accesos, y los giros se hacen imposibles en algunos casos. Tambi\u00e9n hay puentes sin la anchura m\u00ednima para la maquinaria agr\u00edcola, y hay t\u00faneles con problemas de inundaci\u00f3n, pues los desag\u00fces de la autov\u00eda desembocan en ellos y no evac\u00faan el agua.<\/span><\/span><\/p>\n<p style=\"margin-bottom: 0cm\"><img loading=\"lazy\" decoding=\"async\" src=\"https:\/\/i0.wp.com\/www.iucuellar.org\/images\/Autovia\/CharcosInfinitos.jpg?resize=197%2C149&#038;ssl=1\" alt=\"\" width=\"197\" height=\"149\" data-recalc-dims=\"1\" \/> <img loading=\"lazy\" decoding=\"async\" src=\"https:\/\/i0.wp.com\/www.iucuellar.org\/images\/Autovia\/GirosImposibles.jpg?resize=199%2C148&#038;ssl=1\" alt=\"\" width=\"199\" height=\"148\" data-recalc-dims=\"1\" \/><\/p>\n<p style=\"margin-bottom: 0cm\"><span style=\"font-family: Times New Roman,serif;\"><span style=\"font-size: medium;\"> Otro problema importante es que no existen caminos agr\u00edcolas asfaltados (ni sin asfaltar) que hagan de enlace entre las carreteras de Pe\u00f1afiel, Olmedo, Ar\u00e9valo y Cantalejo, y los agricultores que se desplazan con sus  veh\u00edculos cargados de productos (patatas, remolachas  etc.\u2026) de una de estas carreteras a otra, deben atravesar el municipio de Cu\u00e9llar, principalmente por la Avda. Camilo Jos\u00e9 Cela, y C\/ Nueva, con el trastorno y peligro que se produce. Y no me quiero olvidar de las cosechadoras, que tardar\u00e1n unos dos meses en comenzar a circular por nuestra comarca, \u00bfpor d\u00f3nde lo har\u00e1n?<\/span><\/span><\/p>\n<p style=\"margin-bottom: 0cm\"><span style=\"font-family: Times New Roman,serif;\"><span style=\"font-size: medium;\"> Estos son algunos de los problemas con los que se encuentran diariamente los agricultores de la zona, pero tambi\u00e9n padecen el mal estado en el que se encuentran los caminos los particulares que tienen que acceder a sus fincas con otro tipo de veh\u00edculos, o los que los utilizan con bicicletas o ciclomotores.<\/span><\/span><\/p>\n<p style=\"margin-bottom: 0cm\"><span style=\"font-family: Times New Roman,serif;\"><span style=\"font-size: medium;\"> Nosotros entendemos que esta red de caminos no garantiza los servicios necesarios ni la seguridad anunciada, por lo que proponemos al Pleno para su aprobaci\u00f3n la siguiente Moci\u00f3n:<\/span><\/span><\/p>\n<p style=\"margin-bottom: 0cm\"><span style=\"font-family: Times New Roman,serif;\"><span style=\"font-size: medium;\">1\u00ba.-Que el Ayuntamiento de Cu\u00e9llar solicite a la Junta de C y L, el acondicionamiento de los caminos paralelos a la autov\u00eda de la zona de Cu\u00e9llar, y que nos dote de los enlaces entre las carreteras mencionadas.<\/span><\/span><\/p>\n<p style=\"margin-bottom: 0.35cm\"><span style=\"font-family: Times New Roman,serif;\"><span style=\"font-size: medium;\">2\u00ba.-Que lo haga con car\u00e1cter de urgencia, antes de que llegue el oto\u00f1o y sean intransitables debido a las lluvias y tr\u00e1fico que soportar\u00e1n.&#8221;<\/span><\/span><\/p>\n<p style=\"margin-bottom: 0.35cm\" align=\"center\"><img loading=\"lazy\" decoding=\"async\" src=\"https:\/\/i0.wp.com\/www.iucuellar.org\/images\/Autovia\/Estrecheces37.jpg?resize=355%2C265&#038;ssl=1\" alt=\"\" width=\"355\" height=\"265\" align=\"middle\" data-recalc-dims=\"1\" \/><\/p>\n","protected":false},"excerpt":{"rendered":"<p>El mal estado en que se encuentran los caminos paralelos a la autov\u00eda en la zona de Cu\u00e9llar, y las<\/p>\n","protected":false},"author":1,"featured_media":0,"comment_status":"open","ping_status":"open","sticky":false,"template":"","format":"standard","meta":{"sfsi_plus_gutenberg_text_before_share":"","sfsi_plus_gutenberg_show_text_before_share":"","sfsi_plus_gutenberg_icon_type":"","sfsi_plus_gutenberg_icon_alignemt":"","sfsi_plus_gutenburg_max_per_row":"","_exactmetrics_skip_tracking":false,"_exactmetrics_sitenote_active":false,"_exactmetrics_sitenote_note":"","_exactmetrics_sitenote_category":0,"ngg_post_thumbnail":0,"_jetpack_memberships_contains_paid_content":false,"footnotes":""},"categories":[15,12],"tags":[],"yoast_head":"<!-- This site is optimized with the Yoast SEO plugin v22.9 - https:\/\/yoast.com\/wordpress\/plugins\/seo\/ -->\r\n<title>Autov\u00eda y caminos - Izquierda Unida Cu\u00e9llar<\/title>\r\n<meta name=\"robots\" content=\"index, follow, max-snippet:-1, max-image-preview:large, max-video-preview:-1\" \/>\r\n<link rel=\"canonical\" href=\"https:\/\/www.iucuellar.org\/?p=133\" \/>\r\n<meta property=\"og:locale\" content=\"es_ES\" \/>\r\n<meta property=\"og:type\" content=\"article\" \/>\r\n<meta property=\"og:title\" content=\"Autov\u00eda y caminos - Izquierda Unida Cu\u00e9llar\" \/>\r\n<meta property=\"og:description\" content=\"El mal estado en que se encuentran los caminos paralelos a la autov\u00eda en la zona de Cu\u00e9llar, y las\" \/>\r\n<meta property=\"og:url\" content=\"https:\/\/www.iucuellar.org\/?p=133\" \/>\r\n<meta property=\"og:site_name\" content=\"Izquierda Unida Cu\u00e9llar\" \/>\r\n<meta property=\"article:publisher\" content=\"https:\/\/www.facebook.com\/iucuellar\" \/>\r\n<meta property=\"article:published_time\" content=\"2009-06-01T19:21:29+00:00\" \/>\r\n<meta property=\"article:modified_time\" content=\"2011-04-08T19:21:54+00:00\" \/>\r\n<meta property=\"og:image\" content=\"http:\/\/www.iucuellar.org\/images\/Autovia\/LaPi%C3%B1onada.jpg\" \/>\r\n<meta name=\"author\" content=\"Comunicaci\u00f3n\" \/>\r\n<meta name=\"twitter:card\" content=\"summary_large_image\" \/>\r\n<meta name=\"twitter:creator\" content=\"@IU_CUELLAR\" \/>\r\n<meta name=\"twitter:site\" content=\"@IU_CUELLAR\" \/>\r\n<meta name=\"twitter:label1\" content=\"Escrito por\" \/>\n\t<meta name=\"twitter:data1\" content=\"Comunicaci\u00f3n\" \/>\n\t<meta name=\"twitter:label2\" content=\"Tiempo de lectura\" \/>\n\t<meta name=\"twitter:data2\" content=\"3 minutos\" \/>\r\n<script type=\"application\/ld+json\" class=\"yoast-schema-graph\">{\"@context\":\"https:\/\/schema.org\",\"@graph\":[{\"@type\":\"Article\",\"@id\":\"https:\/\/www.iucuellar.org\/?p=133#article\",\"isPartOf\":{\"@id\":\"https:\/\/www.iucuellar.org\/?p=133\"},\"author\":{\"name\":\"Comunicaci\u00f3n\",\"@id\":\"https:\/\/www.iucuellar.org\/#\/schema\/person\/0ed49683a220f525fdeb90989b5c672d\"},\"headline\":\"Autov\u00eda y caminos\",\"datePublished\":\"2009-06-01T19:21:29+00:00\",\"dateModified\":\"2011-04-08T19:21:54+00:00\",\"mainEntityOfPage\":{\"@id\":\"https:\/\/www.iucuellar.org\/?p=133\"},\"wordCount\":547,\"commentCount\":0,\"publisher\":{\"@id\":\"https:\/\/www.iucuellar.org\/#organization\"},\"image\":{\"@id\":\"https:\/\/www.iucuellar.org\/?p=133#primaryimage\"},\"thumbnailUrl\":\"http:\/\/www.iucuellar.org\/images\/Autovia\/LaPi%C3%B1onada.jpg\",\"articleSection\":[\"Tr\u00e1fico y seguridad vial\",\"Urbanismo\"],\"inLanguage\":\"es\",\"potentialAction\":[{\"@type\":\"CommentAction\",\"name\":\"Comment\",\"target\":[\"https:\/\/www.iucuellar.org\/?p=133#respond\"]}]},{\"@type\":\"WebPage\",\"@id\":\"https:\/\/www.iucuellar.org\/?p=133\",\"url\":\"https:\/\/www.iucuellar.org\/?p=133\",\"name\":\"Autov\u00eda y caminos - Izquierda Unida Cu\u00e9llar\",\"isPartOf\":{\"@id\":\"https:\/\/www.iucuellar.org\/#website\"},\"primaryImageOfPage\":{\"@id\":\"https:\/\/www.iucuellar.org\/?p=133#primaryimage\"},\"image\":{\"@id\":\"https:\/\/www.iucuellar.org\/?p=133#primaryimage\"},\"thumbnailUrl\":\"http:\/\/www.iucuellar.org\/images\/Autovia\/LaPi%C3%B1onada.jpg\",\"datePublished\":\"2009-06-01T19:21:29+00:00\",\"dateModified\":\"2011-04-08T19:21:54+00:00\",\"breadcrumb\":{\"@id\":\"https:\/\/www.iucuellar.org\/?p=133#breadcrumb\"},\"inLanguage\":\"es\",\"potentialAction\":[{\"@type\":\"ReadAction\",\"target\":[\"https:\/\/www.iucuellar.org\/?p=133\"]}]},{\"@type\":\"ImageObject\",\"inLanguage\":\"es\",\"@id\":\"https:\/\/www.iucuellar.org\/?p=133#primaryimage\",\"url\":\"http:\/\/www.iucuellar.org\/images\/Autovia\/LaPi%C3%B1onada.jpg\",\"contentUrl\":\"http:\/\/www.iucuellar.org\/images\/Autovia\/LaPi%C3%B1onada.jpg\"},{\"@type\":\"BreadcrumbList\",\"@id\":\"https:\/\/www.iucuellar.org\/?p=133#breadcrumb\",\"itemListElement\":[{\"@type\":\"ListItem\",\"position\":1,\"name\":\"Inicio\",\"item\":\"https:\/\/www.iucuellar.org\/\"},{\"@type\":\"ListItem\",\"position\":2,\"name\":\"Autov\u00eda y caminos\"}]},{\"@type\":\"WebSite\",\"@id\":\"https:\/\/www.iucuellar.org\/#website\",\"url\":\"https:\/\/www.iucuellar.org\/\",\"name\":\"Izquierda Unida Cu\u00e9llar y Comarca\",\"description\":\"Lugar de opini\u00f3n y discusi\u00f3n de la izquierda\",\"publisher\":{\"@id\":\"https:\/\/www.iucuellar.org\/#organization\"},\"potentialAction\":[{\"@type\":\"SearchAction\",\"target\":{\"@type\":\"EntryPoint\",\"urlTemplate\":\"https:\/\/www.iucuellar.org\/?s={search_term_string}\"},\"query-input\":\"required name=search_term_string\"}],\"inLanguage\":\"es\"},{\"@type\":\"Organization\",\"@id\":\"https:\/\/www.iucuellar.org\/#organization\",\"name\":\"IU CUELLAR\",\"url\":\"https:\/\/www.iucuellar.org\/\",\"logo\":{\"@type\":\"ImageObject\",\"inLanguage\":\"es\",\"@id\":\"https:\/\/www.iucuellar.org\/#\/schema\/logo\/image\/\",\"url\":\"https:\/\/i0.wp.com\/www.iucuellar.org\/public\/2022\/07\/cropped-avatar_redondo_Twitter.png?fit=512%2C512&ssl=1\",\"contentUrl\":\"https:\/\/i0.wp.com\/www.iucuellar.org\/public\/2022\/07\/cropped-avatar_redondo_Twitter.png?fit=512%2C512&ssl=1\",\"width\":512,\"height\":512,\"caption\":\"IU CUELLAR\"},\"image\":{\"@id\":\"https:\/\/www.iucuellar.org\/#\/schema\/logo\/image\/\"},\"sameAs\":[\"https:\/\/www.facebook.com\/iucuellar\",\"https:\/\/x.com\/IU_CUELLAR\",\"https:\/\/www.instagram.com\/iucuellar\/\",\"https:\/\/www.threads.net\/@iucuellar\"]},{\"@type\":\"Person\",\"@id\":\"https:\/\/www.iucuellar.org\/#\/schema\/person\/0ed49683a220f525fdeb90989b5c672d\",\"name\":\"Comunicaci\u00f3n\",\"image\":{\"@type\":\"ImageObject\",\"inLanguage\":\"es\",\"@id\":\"https:\/\/www.iucuellar.org\/#\/schema\/person\/image\/\",\"url\":\"https:\/\/secure.gravatar.com\/avatar\/1bb1e96b498ea4b5098098798744923e?s=96&d=mm&r=g\",\"contentUrl\":\"https:\/\/secure.gravatar.com\/avatar\/1bb1e96b498ea4b5098098798744923e?s=96&d=mm&r=g\",\"caption\":\"Comunicaci\u00f3n\"},\"url\":\"https:\/\/www.iucuellar.org\/?author=1\"}]}<\/script>\r\n<!-- \/ Yoast SEO plugin. -->","yoast_head_json":{"title":"Autov\u00eda y caminos - Izquierda Unida Cu\u00e9llar","robots":{"index":"index","follow":"follow","max-snippet":"max-snippet:-1","max-image-preview":"max-image-preview:large","max-video-preview":"max-video-preview:-1"},"canonical":"https:\/\/www.iucuellar.org\/?p=133","og_locale":"es_ES","og_type":"article","og_title":"Autov\u00eda y caminos - Izquierda Unida Cu\u00e9llar","og_description":"El mal estado en que se encuentran los caminos paralelos a la autov\u00eda en la zona de Cu\u00e9llar, y las","og_url":"https:\/\/www.iucuellar.org\/?p=133","og_site_name":"Izquierda Unida Cu\u00e9llar","article_publisher":"https:\/\/www.facebook.com\/iucuellar","article_published_time":"2009-06-01T19:21:29+00:00","article_modified_time":"2011-04-08T19:21:54+00:00","og_image":[{"url":"http:\/\/www.iucuellar.org\/images\/Autovia\/LaPi%C3%B1onada.jpg"}],"author":"Comunicaci\u00f3n","twitter_card":"summary_large_image","twitter_creator":"@IU_CUELLAR","twitter_site":"@IU_CUELLAR","twitter_misc":{"Escrito por":"Comunicaci\u00f3n","Tiempo de lectura":"3 minutos"},"schema":{"@context":"https:\/\/schema.org","@graph":[{"@type":"Article","@id":"https:\/\/www.iucuellar.org\/?p=133#article","isPartOf":{"@id":"https:\/\/www.iucuellar.org\/?p=133"},"author":{"name":"Comunicaci\u00f3n","@id":"https:\/\/www.iucuellar.org\/#\/schema\/person\/0ed49683a220f525fdeb90989b5c672d"},"headline":"Autov\u00eda y caminos","datePublished":"2009-06-01T19:21:29+00:00","dateModified":"2011-04-08T19:21:54+00:00","mainEntityOfPage":{"@id":"https:\/\/www.iucuellar.org\/?p=133"},"wordCount":547,"commentCount":0,"publisher":{"@id":"https:\/\/www.iucuellar.org\/#organization"},"image":{"@id":"https:\/\/www.iucuellar.org\/?p=133#primaryimage"},"thumbnailUrl":"http:\/\/www.iucuellar.org\/images\/Autovia\/LaPi%C3%B1onada.jpg","articleSection":["Tr\u00e1fico y seguridad vial","Urbanismo"],"inLanguage":"es","potentialAction":[{"@type":"CommentAction","name":"Comment","target":["https:\/\/www.iucuellar.org\/?p=133#respond"]}]},{"@type":"WebPage","@id":"https:\/\/www.iucuellar.org\/?p=133","url":"https:\/\/www.iucuellar.org\/?p=133","name":"Autov\u00eda y caminos - Izquierda Unida Cu\u00e9llar","isPartOf":{"@id":"https:\/\/www.iucuellar.org\/#website"},"primaryImageOfPage":{"@id":"https:\/\/www.iucuellar.org\/?p=133#primaryimage"},"image":{"@id":"https:\/\/www.iucuellar.org\/?p=133#primaryimage"},"thumbnailUrl":"http:\/\/www.iucuellar.org\/images\/Autovia\/LaPi%C3%B1onada.jpg","datePublished":"2009-06-01T19:21:29+00:00","dateModified":"2011-04-08T19:21:54+00:00","breadcrumb":{"@id":"https:\/\/www.iucuellar.org\/?p=133#breadcrumb"},"inLanguage":"es","potentialAction":[{"@type":"ReadAction","target":["https:\/\/www.iucuellar.org\/?p=133"]}]},{"@type":"ImageObject","inLanguage":"es","@id":"https:\/\/www.iucuellar.org\/?p=133#primaryimage","url":"http:\/\/www.iucuellar.org\/images\/Autovia\/LaPi%C3%B1onada.jpg","contentUrl":"http:\/\/www.iucuellar.org\/images\/Autovia\/LaPi%C3%B1onada.jpg"},{"@type":"BreadcrumbList","@id":"https:\/\/www.iucuellar.org\/?p=133#breadcrumb","itemListElement":[{"@type":"ListItem","position":1,"name":"Inicio","item":"https:\/\/www.iucuellar.org\/"},{"@type":"ListItem","position":2,"name":"Autov\u00eda y caminos"}]},{"@type":"WebSite","@id":"https:\/\/www.iucuellar.org\/#website","url":"https:\/\/www.iucuellar.org\/","name":"Izquierda Unida Cu\u00e9llar y Comarca","description":"Lugar de opini\u00f3n y discusi\u00f3n de la izquierda","publisher":{"@id":"https:\/\/www.iucuellar.org\/#organization"},"potentialAction":[{"@type":"SearchAction","target":{"@type":"EntryPoint","urlTemplate":"https:\/\/www.iucuellar.org\/?s={search_term_string}"},"query-input":"required name=search_term_string"}],"inLanguage":"es"},{"@type":"Organization","@id":"https:\/\/www.iucuellar.org\/#organization","name":"IU CUELLAR","url":"https:\/\/www.iucuellar.org\/","logo":{"@type":"ImageObject","inLanguage":"es","@id":"https:\/\/www.iucuellar.org\/#\/schema\/logo\/image\/","url":"https:\/\/i0.wp.com\/www.iucuellar.org\/public\/2022\/07\/cropped-avatar_redondo_Twitter.png?fit=512%2C512&ssl=1","contentUrl":"https:\/\/i0.wp.com\/www.iucuellar.org\/public\/2022\/07\/cropped-avatar_redondo_Twitter.png?fit=512%2C512&ssl=1","width":512,"height":512,"caption":"IU CUELLAR"},"image":{"@id":"https:\/\/www.iucuellar.org\/#\/schema\/logo\/image\/"},"sameAs":["https:\/\/www.facebook.com\/iucuellar","https:\/\/x.com\/IU_CUELLAR","https:\/\/www.instagram.com\/iucuellar\/","https:\/\/www.threads.net\/@iucuellar"]},{"@type":"Person","@id":"https:\/\/www.iucuellar.org\/#\/schema\/person\/0ed49683a220f525fdeb90989b5c672d","name":"Comunicaci\u00f3n","image":{"@type":"ImageObject","inLanguage":"es","@id":"https:\/\/www.iucuellar.org\/#\/schema\/person\/image\/","url":"https:\/\/secure.gravatar.com\/avatar\/1bb1e96b498ea4b5098098798744923e?s=96&d=mm&r=g","contentUrl":"https:\/\/secure.gravatar.com\/avatar\/1bb1e96b498ea4b5098098798744923e?s=96&d=mm&r=g","caption":"Comunicaci\u00f3n"},"url":"https:\/\/www.iucuellar.org\/?author=1"}]}},"jetpack_featured_media_url":"","jetpack_sharing_enabled":true,"jetpack_shortlink":"https:\/\/wp.me\/p8rn8P-29","_links":{"self":[{"href":"https:\/\/www.iucuellar.org\/index.php?rest_route=\/wp\/v2\/posts\/133"}],"collection":[{"href":"https:\/\/www.iucuellar.org\/index.php?rest_route=\/wp\/v2\/posts"}],"about":[{"href":"https:\/\/www.iucuellar.org\/index.php?rest_route=\/wp\/v2\/types\/post"}],"author":[{"embeddable":true,"href":"https:\/\/www.iucuellar.org\/index.php?rest_route=\/wp\/v2\/users\/1"}],"replies":[{"embeddable":true,"href":"https:\/\/www.iucuellar.org\/index.php?rest_route=%2Fwp%2Fv2%2Fcomments&post=133"}],"version-history":[{"count":3,"href":"https:\/\/www.iucuellar.org\/index.php?rest_route=\/wp\/v2\/posts\/133\/revisions"}],"predecessor-version":[{"id":136,"href":"https:\/\/www.iucuellar.org\/index.php?rest_route=\/wp\/v2\/posts\/133\/revisions\/136"}],"wp:attachment":[{"href":"https:\/\/www.iucuellar.org\/index.php?rest_route=%2Fwp%2Fv2%2Fmedia&parent=133"}],"wp:term":[{"taxonomy":"category","embeddable":true,"href":"https:\/\/www.iucuellar.org\/index.php?rest_route=%2Fwp%2Fv2%2Fcategories&post=133"},{"taxonomy":"post_tag","embeddable":true,"href":"https:\/\/www.iucuellar.org\/index.php?rest_route=%2Fwp%2Fv2%2Ftags&post=133"}],"curies":[{"name":"wp","href":"https:\/\/api.w.org\/{rel}","templated":true}]}}