{"id":1345,"date":"2014-03-02T11:33:28","date_gmt":"2014-03-02T10:33:28","guid":{"rendered":"http:\/\/www.iucuellar.org\/?p=1345"},"modified":"2017-02-28T13:21:55","modified_gmt":"2017-02-28T12:21:55","slug":"constituida-la-asamblea-de-izquierda-unida-de-la-comarca-de-cuellar","status":"publish","type":"post","link":"https:\/\/www.iucuellar.org\/?p=1345","title":{"rendered":"Constitu\u00edda la Asamblea de Izquierda Unida de la Comarca de Cu\u00e9llar"},"content":{"rendered":"<p>&nbsp;<\/p>\n<p><span style=\"font-size: medium;\">Constitu\u00edda la Asamblea de Izquierda Unida de la Comarca de Cu\u00e9llar y elegidos los \u00f3rganos de responsabilidad de la Asamblea, que son:<\/span><\/p>\n<p style=\"text-align: center;\">&nbsp;<\/p>\n<p style=\"text-align: center;\"><span style=\"font-size: medium;\"><strong>Coordinador comarcal:<\/strong><\/span><\/p>\n<p style=\"widows: 4; text-align: center;\"><span style=\"font-size: medium;\">Alberto Casta\u00f1o<\/span><\/p>\n<p style=\"widows: 4; text-align: center;\"><span style=\"font-size: medium;\"><div class=\"jetpack-video-wrapper\"><iframe loading=\"lazy\" title=\"Coordinador de la Asamblea de Izquierda Unida de la Comarca de Cu\u00e9llar\" width=\"800\" height=\"450\" src=\"https:\/\/www.youtube.com\/embed\/Jt3z6qSTBgI?feature=oembed\" frameborder=\"0\" allow=\"accelerometer; autoplay; clipboard-write; encrypted-media; gyroscope; picture-in-picture\" allowfullscreen><\/iframe><\/div><br \/>\n<\/span><\/p>\n<p style=\"text-align: center;\"><span style=\"font-size: medium;\"><strong>Consejo Pol\u00edtico:<\/strong> <\/span><\/p>\n<p style=\"widows: 4; text-align: center;\"><span style=\"font-size: medium;\">Gema del Barco<\/span><\/p>\n<p style=\"widows: 4; text-align: center;\"><span style=\"font-size: medium;\">Antonio de Benito<\/span><\/p>\n<p style=\"widows: 4; text-align: center;\"><span style=\"font-size: medium;\">Cristina Calle<\/span><\/p>\n<p style=\"widows: 4; text-align: center;\"><span style=\"font-size: medium;\">Alberto Casta\u00f1o<\/span><\/p>\n<p style=\"widows: 4; text-align: center;\"><span style=\"font-size: medium;\">Jes\u00fas Esteban<\/span><\/p>\n<p style=\"widows: 4; text-align: center;\"><span style=\"font-size: medium;\">Miguel A. G\u00f3mez<\/span><\/p>\n<p style=\"widows: 4; text-align: center;\"><span style=\"font-size: medium;\">Ladislao Gonz\u00e1lez<\/span><\/p>\n<p style=\"widows: 4; text-align: center;\"><span style=\"font-size: medium;\">Jonathan Herguedas<\/span><\/p>\n<p style=\"widows: 4; text-align: center;\"><span style=\"font-size: medium;\">Pilar Mu\u00f1oz<\/span><\/p>\n<p style=\"widows: 4; text-align: center;\"><span style=\"font-size: medium;\">Ana M. Palomo<\/span><\/p>\n<p style=\"widows: 4; text-align: center;\"><span style=\"font-size: medium;\">Montserranz Sanz<\/span><\/p>\n<p style=\"text-align: center;\"><a href=\"https:\/\/i0.wp.com\/www.iucuellar.org\/2014\/imagenes\/ConsejoPoliticoComarcal_IzquierdaUnidaCuellar.jpg?ssl=1\" target=\"_blank\"><img loading=\"lazy\" decoding=\"async\" class=\"aligncenter\" src=\"https:\/\/i0.wp.com\/www.iucuellar.org\/2014\/imagenes\/ConsejoPoliticoComarcal_IzquierdaUnidaCuellar.jpg?resize=480%2C360&#038;ssl=1\" alt=\"\" width=\"480\" height=\"360\" data-recalc-dims=\"1\" \/><\/a><\/p>\n<p style=\"text-align: center;\"><span style=\"font-size: medium;\"><strong>Organizaci\u00f3n y finanzas:<\/strong><\/span><\/p>\n<p style=\"widows: 4; text-align: center;\"><span style=\"font-size: medium;\">Montserranz Sanz<\/span><\/p>\n<p style=\"text-align: center;\">&nbsp;<\/p>\n<p style=\"text-align: center;\"><span style=\"font-size: medium;\"><strong>\u00c1rea de pol\u00edtica y comunicaci\u00f3n:<\/strong><\/span><\/p>\n<p style=\"widows: 4; text-align: center;\"><span style=\"font-size: medium;\">Miguel A. G\u00f3mez y Miguel A. Pilar<\/span><\/p>\n<p style=\"text-align: center;\">&nbsp;<\/p>\n<p style=\"text-align: center;\"><span style=\"font-size: medium;\"><strong>\u00c1rea de mujer y pol\u00edtica:<\/strong><\/span><\/p>\n<p style=\"widows: 4; text-align: center;\"><span style=\"font-size: medium;\">Cristina Calle y Ana M. Palacio<\/span><\/p>\n<p style=\"text-align: center;\">&nbsp;<\/p>\n<p style=\"text-align: center;\"><span style=\"font-size: medium;\"><strong>\u00c1rea de juventud y movimientos sociales:<\/strong><\/span><\/p>\n<p style=\"widows: 4; text-align: center;\"><span style=\"font-size: medium;\">Jonathan Herguedas y H\u00e9ctor Gonz\u00e1lez<\/span><\/p>\n<p style=\"text-align: center;\">&nbsp;<\/p>\n<p style=\"text-align: center;\"><span style=\"font-size: medium;\"><strong>\u00c1rea de medio rural y medio ambiente:<\/strong><\/span><\/p>\n<p style=\"widows: 4; text-align: center;\"><span style=\"font-size: medium;\">Ladislao Gonz\u00e1lez y Jes\u00fas Esteban<\/span><\/p>\n<p style=\"text-align: center;\">&nbsp;<\/p>\n<p style=\"text-align: center;\"><span style=\"font-size: medium;\"><strong>Coordinador de \u00e1reas:<\/strong><\/span><\/p>\n<p style=\"widows: 4; text-align: center;\"><span style=\"font-size: medium;\">Antonio de Benito<\/span><\/p>\n<p style=\"widows: 4; text-align: center;\"><span style=\"font-size: medium;\"><a href=\"https:\/\/i0.wp.com\/www.iucuellar.org\/2014\/imagenes\/20140301AsambleaCIUC_Foto09.jpg?ssl=1\" target=\"_blank\"><img loading=\"lazy\" decoding=\"async\" class=\"aligncenter\" src=\"https:\/\/i0.wp.com\/www.iucuellar.org\/2014\/imagenes\/20140301AsambleaCIUC_Foto09.jpg?resize=587%2C440&#038;ssl=1\" alt=\"\" width=\"587\" height=\"440\" data-recalc-dims=\"1\" \/><\/a><\/span><\/p>\n","protected":false},"excerpt":{"rendered":"<p>&nbsp; Constitu\u00edda la Asamblea de Izquierda Unida de la Comarca de Cu\u00e9llar y elegidos los \u00f3rganos de responsabilidad de la<\/p>\n","protected":false},"author":1,"featured_media":0,"comment_status":"open","ping_status":"open","sticky":false,"template":"","format":"standard","meta":{"sfsi_plus_gutenberg_text_before_share":"","sfsi_plus_gutenberg_show_text_before_share":"","sfsi_plus_gutenberg_icon_type":"","sfsi_plus_gutenberg_icon_alignemt":"","sfsi_plus_gutenburg_max_per_row":"","_exactmetrics_skip_tracking":false,"_exactmetrics_sitenote_active":false,"_exactmetrics_sitenote_note":"","_exactmetrics_sitenote_category":0,"ngg_post_thumbnail":0,"_jetpack_memberships_contains_paid_content":false,"footnotes":""},"categories":[21],"tags":[],"yoast_head":"<!-- This site is optimized with the Yoast SEO plugin v22.9 - https:\/\/yoast.com\/wordpress\/plugins\/seo\/ -->\r\n<title>Constitu\u00edda la Asamblea de Izquierda Unida de la Comarca de Cu\u00e9llar - Izquierda Unida Cu\u00e9llar<\/title>\r\n<meta name=\"robots\" content=\"index, follow, max-snippet:-1, max-image-preview:large, max-video-preview:-1\" \/>\r\n<link rel=\"canonical\" href=\"https:\/\/www.iucuellar.org\/?p=1345\" \/>\r\n<meta property=\"og:locale\" content=\"es_ES\" \/>\r\n<meta property=\"og:type\" content=\"article\" \/>\r\n<meta property=\"og:title\" content=\"Constitu\u00edda la Asamblea de Izquierda Unida de la Comarca de Cu\u00e9llar - Izquierda Unida Cu\u00e9llar\" \/>\r\n<meta property=\"og:description\" content=\"&nbsp; Constitu\u00edda la Asamblea de Izquierda Unida de la Comarca de Cu\u00e9llar y elegidos los \u00f3rganos de responsabilidad de la\" \/>\r\n<meta property=\"og:url\" content=\"https:\/\/www.iucuellar.org\/?p=1345\" \/>\r\n<meta property=\"og:site_name\" content=\"Izquierda Unida Cu\u00e9llar\" \/>\r\n<meta property=\"article:publisher\" content=\"https:\/\/www.facebook.com\/iucuellar\" \/>\r\n<meta property=\"article:published_time\" content=\"2014-03-02T10:33:28+00:00\" \/>\r\n<meta property=\"article:modified_time\" content=\"2017-02-28T12:21:55+00:00\" \/>\r\n<meta property=\"og:image\" content=\"http:\/\/www.iucuellar.org\/2014\/imagenes\/ConsejoPoliticoComarcal_IzquierdaUnidaCuellar.jpg\" \/>\r\n<meta name=\"author\" content=\"Comunicaci\u00f3n\" \/>\r\n<meta name=\"twitter:card\" content=\"summary_large_image\" \/>\r\n<meta name=\"twitter:creator\" content=\"@IU_CUELLAR\" \/>\r\n<meta name=\"twitter:site\" content=\"@IU_CUELLAR\" \/>\r\n<meta name=\"twitter:label1\" content=\"Escrito por\" \/>\n\t<meta name=\"twitter:data1\" content=\"Comunicaci\u00f3n\" \/>\n\t<meta name=\"twitter:label2\" content=\"Tiempo de lectura\" \/>\n\t<meta name=\"twitter:data2\" content=\"1 minuto\" \/>\r\n<script type=\"application\/ld+json\" class=\"yoast-schema-graph\">{\"@context\":\"https:\/\/schema.org\",\"@graph\":[{\"@type\":\"Article\",\"@id\":\"https:\/\/www.iucuellar.org\/?p=1345#article\",\"isPartOf\":{\"@id\":\"https:\/\/www.iucuellar.org\/?p=1345\"},\"author\":{\"name\":\"Comunicaci\u00f3n\",\"@id\":\"https:\/\/www.iucuellar.org\/#\/schema\/person\/0ed49683a220f525fdeb90989b5c672d\"},\"headline\":\"Constitu\u00edda la Asamblea de Izquierda Unida de la Comarca de Cu\u00e9llar\",\"datePublished\":\"2014-03-02T10:33:28+00:00\",\"dateModified\":\"2017-02-28T12:21:55+00:00\",\"mainEntityOfPage\":{\"@id\":\"https:\/\/www.iucuellar.org\/?p=1345\"},\"wordCount\":164,\"commentCount\":0,\"publisher\":{\"@id\":\"https:\/\/www.iucuellar.org\/#organization\"},\"image\":{\"@id\":\"https:\/\/www.iucuellar.org\/?p=1345#primaryimage\"},\"thumbnailUrl\":\"http:\/\/www.iucuellar.org\/2014\/imagenes\/ConsejoPoliticoComarcal_IzquierdaUnidaCuellar.jpg\",\"articleSection\":[\"Izquierda Unida\"],\"inLanguage\":\"es\",\"potentialAction\":[{\"@type\":\"CommentAction\",\"name\":\"Comment\",\"target\":[\"https:\/\/www.iucuellar.org\/?p=1345#respond\"]}]},{\"@type\":\"WebPage\",\"@id\":\"https:\/\/www.iucuellar.org\/?p=1345\",\"url\":\"https:\/\/www.iucuellar.org\/?p=1345\",\"name\":\"Constitu\u00edda la Asamblea de Izquierda Unida de la Comarca de Cu\u00e9llar - Izquierda Unida Cu\u00e9llar\",\"isPartOf\":{\"@id\":\"https:\/\/www.iucuellar.org\/#website\"},\"primaryImageOfPage\":{\"@id\":\"https:\/\/www.iucuellar.org\/?p=1345#primaryimage\"},\"image\":{\"@id\":\"https:\/\/www.iucuellar.org\/?p=1345#primaryimage\"},\"thumbnailUrl\":\"http:\/\/www.iucuellar.org\/2014\/imagenes\/ConsejoPoliticoComarcal_IzquierdaUnidaCuellar.jpg\",\"datePublished\":\"2014-03-02T10:33:28+00:00\",\"dateModified\":\"2017-02-28T12:21:55+00:00\",\"breadcrumb\":{\"@id\":\"https:\/\/www.iucuellar.org\/?p=1345#breadcrumb\"},\"inLanguage\":\"es\",\"potentialAction\":[{\"@type\":\"ReadAction\",\"target\":[\"https:\/\/www.iucuellar.org\/?p=1345\"]}]},{\"@type\":\"ImageObject\",\"inLanguage\":\"es\",\"@id\":\"https:\/\/www.iucuellar.org\/?p=1345#primaryimage\",\"url\":\"http:\/\/www.iucuellar.org\/2014\/imagenes\/ConsejoPoliticoComarcal_IzquierdaUnidaCuellar.jpg\",\"contentUrl\":\"http:\/\/www.iucuellar.org\/2014\/imagenes\/ConsejoPoliticoComarcal_IzquierdaUnidaCuellar.jpg\"},{\"@type\":\"BreadcrumbList\",\"@id\":\"https:\/\/www.iucuellar.org\/?p=1345#breadcrumb\",\"itemListElement\":[{\"@type\":\"ListItem\",\"position\":1,\"name\":\"Inicio\",\"item\":\"https:\/\/www.iucuellar.org\/\"},{\"@type\":\"ListItem\",\"position\":2,\"name\":\"Constitu\u00edda la Asamblea de Izquierda Unida de la Comarca de Cu\u00e9llar\"}]},{\"@type\":\"WebSite\",\"@id\":\"https:\/\/www.iucuellar.org\/#website\",\"url\":\"https:\/\/www.iucuellar.org\/\",\"name\":\"Izquierda Unida Cu\u00e9llar y Comarca\",\"description\":\"Lugar de opini\u00f3n y discusi\u00f3n de la izquierda\",\"publisher\":{\"@id\":\"https:\/\/www.iucuellar.org\/#organization\"},\"potentialAction\":[{\"@type\":\"SearchAction\",\"target\":{\"@type\":\"EntryPoint\",\"urlTemplate\":\"https:\/\/www.iucuellar.org\/?s={search_term_string}\"},\"query-input\":\"required name=search_term_string\"}],\"inLanguage\":\"es\"},{\"@type\":\"Organization\",\"@id\":\"https:\/\/www.iucuellar.org\/#organization\",\"name\":\"IU CUELLAR\",\"url\":\"https:\/\/www.iucuellar.org\/\",\"logo\":{\"@type\":\"ImageObject\",\"inLanguage\":\"es\",\"@id\":\"https:\/\/www.iucuellar.org\/#\/schema\/logo\/image\/\",\"url\":\"https:\/\/i0.wp.com\/www.iucuellar.org\/public\/2022\/07\/cropped-avatar_redondo_Twitter.png?fit=512%2C512&ssl=1\",\"contentUrl\":\"https:\/\/i0.wp.com\/www.iucuellar.org\/public\/2022\/07\/cropped-avatar_redondo_Twitter.png?fit=512%2C512&ssl=1\",\"width\":512,\"height\":512,\"caption\":\"IU CUELLAR\"},\"image\":{\"@id\":\"https:\/\/www.iucuellar.org\/#\/schema\/logo\/image\/\"},\"sameAs\":[\"https:\/\/www.facebook.com\/iucuellar\",\"https:\/\/x.com\/IU_CUELLAR\",\"https:\/\/www.instagram.com\/iucuellar\/\",\"https:\/\/www.threads.net\/@iucuellar\"]},{\"@type\":\"Person\",\"@id\":\"https:\/\/www.iucuellar.org\/#\/schema\/person\/0ed49683a220f525fdeb90989b5c672d\",\"name\":\"Comunicaci\u00f3n\",\"image\":{\"@type\":\"ImageObject\",\"inLanguage\":\"es\",\"@id\":\"https:\/\/www.iucuellar.org\/#\/schema\/person\/image\/\",\"url\":\"https:\/\/secure.gravatar.com\/avatar\/1bb1e96b498ea4b5098098798744923e?s=96&d=mm&r=g\",\"contentUrl\":\"https:\/\/secure.gravatar.com\/avatar\/1bb1e96b498ea4b5098098798744923e?s=96&d=mm&r=g\",\"caption\":\"Comunicaci\u00f3n\"},\"url\":\"https:\/\/www.iucuellar.org\/?author=1\"}]}<\/script>\r\n<!-- \/ Yoast SEO plugin. -->","yoast_head_json":{"title":"Constitu\u00edda la Asamblea de Izquierda Unida de la Comarca de Cu\u00e9llar - Izquierda Unida Cu\u00e9llar","robots":{"index":"index","follow":"follow","max-snippet":"max-snippet:-1","max-image-preview":"max-image-preview:large","max-video-preview":"max-video-preview:-1"},"canonical":"https:\/\/www.iucuellar.org\/?p=1345","og_locale":"es_ES","og_type":"article","og_title":"Constitu\u00edda la Asamblea de Izquierda Unida de la Comarca de Cu\u00e9llar - Izquierda Unida Cu\u00e9llar","og_description":"&nbsp; Constitu\u00edda la Asamblea de Izquierda Unida de la Comarca de Cu\u00e9llar y elegidos los \u00f3rganos de responsabilidad de la","og_url":"https:\/\/www.iucuellar.org\/?p=1345","og_site_name":"Izquierda Unida Cu\u00e9llar","article_publisher":"https:\/\/www.facebook.com\/iucuellar","article_published_time":"2014-03-02T10:33:28+00:00","article_modified_time":"2017-02-28T12:21:55+00:00","og_image":[{"url":"http:\/\/www.iucuellar.org\/2014\/imagenes\/ConsejoPoliticoComarcal_IzquierdaUnidaCuellar.jpg"}],"author":"Comunicaci\u00f3n","twitter_card":"summary_large_image","twitter_creator":"@IU_CUELLAR","twitter_site":"@IU_CUELLAR","twitter_misc":{"Escrito por":"Comunicaci\u00f3n","Tiempo de lectura":"1 minuto"},"schema":{"@context":"https:\/\/schema.org","@graph":[{"@type":"Article","@id":"https:\/\/www.iucuellar.org\/?p=1345#article","isPartOf":{"@id":"https:\/\/www.iucuellar.org\/?p=1345"},"author":{"name":"Comunicaci\u00f3n","@id":"https:\/\/www.iucuellar.org\/#\/schema\/person\/0ed49683a220f525fdeb90989b5c672d"},"headline":"Constitu\u00edda la Asamblea de Izquierda Unida de la Comarca de Cu\u00e9llar","datePublished":"2014-03-02T10:33:28+00:00","dateModified":"2017-02-28T12:21:55+00:00","mainEntityOfPage":{"@id":"https:\/\/www.iucuellar.org\/?p=1345"},"wordCount":164,"commentCount":0,"publisher":{"@id":"https:\/\/www.iucuellar.org\/#organization"},"image":{"@id":"https:\/\/www.iucuellar.org\/?p=1345#primaryimage"},"thumbnailUrl":"http:\/\/www.iucuellar.org\/2014\/imagenes\/ConsejoPoliticoComarcal_IzquierdaUnidaCuellar.jpg","articleSection":["Izquierda Unida"],"inLanguage":"es","potentialAction":[{"@type":"CommentAction","name":"Comment","target":["https:\/\/www.iucuellar.org\/?p=1345#respond"]}]},{"@type":"WebPage","@id":"https:\/\/www.iucuellar.org\/?p=1345","url":"https:\/\/www.iucuellar.org\/?p=1345","name":"Constitu\u00edda la Asamblea de Izquierda Unida de la Comarca de Cu\u00e9llar - Izquierda Unida Cu\u00e9llar","isPartOf":{"@id":"https:\/\/www.iucuellar.org\/#website"},"primaryImageOfPage":{"@id":"https:\/\/www.iucuellar.org\/?p=1345#primaryimage"},"image":{"@id":"https:\/\/www.iucuellar.org\/?p=1345#primaryimage"},"thumbnailUrl":"http:\/\/www.iucuellar.org\/2014\/imagenes\/ConsejoPoliticoComarcal_IzquierdaUnidaCuellar.jpg","datePublished":"2014-03-02T10:33:28+00:00","dateModified":"2017-02-28T12:21:55+00:00","breadcrumb":{"@id":"https:\/\/www.iucuellar.org\/?p=1345#breadcrumb"},"inLanguage":"es","potentialAction":[{"@type":"ReadAction","target":["https:\/\/www.iucuellar.org\/?p=1345"]}]},{"@type":"ImageObject","inLanguage":"es","@id":"https:\/\/www.iucuellar.org\/?p=1345#primaryimage","url":"http:\/\/www.iucuellar.org\/2014\/imagenes\/ConsejoPoliticoComarcal_IzquierdaUnidaCuellar.jpg","contentUrl":"http:\/\/www.iucuellar.org\/2014\/imagenes\/ConsejoPoliticoComarcal_IzquierdaUnidaCuellar.jpg"},{"@type":"BreadcrumbList","@id":"https:\/\/www.iucuellar.org\/?p=1345#breadcrumb","itemListElement":[{"@type":"ListItem","position":1,"name":"Inicio","item":"https:\/\/www.iucuellar.org\/"},{"@type":"ListItem","position":2,"name":"Constitu\u00edda la Asamblea de Izquierda Unida de la Comarca de Cu\u00e9llar"}]},{"@type":"WebSite","@id":"https:\/\/www.iucuellar.org\/#website","url":"https:\/\/www.iucuellar.org\/","name":"Izquierda Unida Cu\u00e9llar y Comarca","description":"Lugar de opini\u00f3n y discusi\u00f3n de la izquierda","publisher":{"@id":"https:\/\/www.iucuellar.org\/#organization"},"potentialAction":[{"@type":"SearchAction","target":{"@type":"EntryPoint","urlTemplate":"https:\/\/www.iucuellar.org\/?s={search_term_string}"},"query-input":"required name=search_term_string"}],"inLanguage":"es"},{"@type":"Organization","@id":"https:\/\/www.iucuellar.org\/#organization","name":"IU CUELLAR","url":"https:\/\/www.iucuellar.org\/","logo":{"@type":"ImageObject","inLanguage":"es","@id":"https:\/\/www.iucuellar.org\/#\/schema\/logo\/image\/","url":"https:\/\/i0.wp.com\/www.iucuellar.org\/public\/2022\/07\/cropped-avatar_redondo_Twitter.png?fit=512%2C512&ssl=1","contentUrl":"https:\/\/i0.wp.com\/www.iucuellar.org\/public\/2022\/07\/cropped-avatar_redondo_Twitter.png?fit=512%2C512&ssl=1","width":512,"height":512,"caption":"IU CUELLAR"},"image":{"@id":"https:\/\/www.iucuellar.org\/#\/schema\/logo\/image\/"},"sameAs":["https:\/\/www.facebook.com\/iucuellar","https:\/\/x.com\/IU_CUELLAR","https:\/\/www.instagram.com\/iucuellar\/","https:\/\/www.threads.net\/@iucuellar"]},{"@type":"Person","@id":"https:\/\/www.iucuellar.org\/#\/schema\/person\/0ed49683a220f525fdeb90989b5c672d","name":"Comunicaci\u00f3n","image":{"@type":"ImageObject","inLanguage":"es","@id":"https:\/\/www.iucuellar.org\/#\/schema\/person\/image\/","url":"https:\/\/secure.gravatar.com\/avatar\/1bb1e96b498ea4b5098098798744923e?s=96&d=mm&r=g","contentUrl":"https:\/\/secure.gravatar.com\/avatar\/1bb1e96b498ea4b5098098798744923e?s=96&d=mm&r=g","caption":"Comunicaci\u00f3n"},"url":"https:\/\/www.iucuellar.org\/?author=1"}]}},"jetpack_featured_media_url":"","jetpack_sharing_enabled":true,"jetpack_shortlink":"https:\/\/wp.me\/p8rn8P-lH","_links":{"self":[{"href":"https:\/\/www.iucuellar.org\/index.php?rest_route=\/wp\/v2\/posts\/1345"}],"collection":[{"href":"https:\/\/www.iucuellar.org\/index.php?rest_route=\/wp\/v2\/posts"}],"about":[{"href":"https:\/\/www.iucuellar.org\/index.php?rest_route=\/wp\/v2\/types\/post"}],"author":[{"embeddable":true,"href":"https:\/\/www.iucuellar.org\/index.php?rest_route=\/wp\/v2\/users\/1"}],"replies":[{"embeddable":true,"href":"https:\/\/www.iucuellar.org\/index.php?rest_route=%2Fwp%2Fv2%2Fcomments&post=1345"}],"version-history":[{"count":28,"href":"https:\/\/www.iucuellar.org\/index.php?rest_route=\/wp\/v2\/posts\/1345\/revisions"}],"predecessor-version":[{"id":1373,"href":"https:\/\/www.iucuellar.org\/index.php?rest_route=\/wp\/v2\/posts\/1345\/revisions\/1373"}],"wp:attachment":[{"href":"https:\/\/www.iucuellar.org\/index.php?rest_route=%2Fwp%2Fv2%2Fmedia&parent=1345"}],"wp:term":[{"taxonomy":"category","embeddable":true,"href":"https:\/\/www.iucuellar.org\/index.php?rest_route=%2Fwp%2Fv2%2Fcategories&post=1345"},{"taxonomy":"post_tag","embeddable":true,"href":"https:\/\/www.iucuellar.org\/index.php?rest_route=%2Fwp%2Fv2%2Ftags&post=1345"}],"curies":[{"name":"wp","href":"https:\/\/api.w.org\/{rel}","templated":true}]}}