{"id":137,"date":"2009-06-09T21:25:16","date_gmt":"2009-06-09T19:25:16","guid":{"rendered":"http:\/\/www.iucuellar.org\/seddna\/?p=137"},"modified":"2011-04-08T21:26:24","modified_gmt":"2011-04-08T19:26:24","slug":"el-parque-de-la-huerta-del-duque","status":"publish","type":"post","link":"https:\/\/www.iucuellar.org\/?p=137","title":{"rendered":"El Parque de la Huerta (del duque)"},"content":{"rendered":"<p align=\"center\" style=\"margin-bottom: 0cm\"><img loading=\"lazy\" decoding=\"async\" height=\"259\" width=\"345\" title=\"El parque de la huerta del duque\" alt=\"El parque de la huerta del duque\" src=\"https:\/\/i0.wp.com\/www.iucuellar.org\/images\/MedioAmbiente\/20090327ElParque25.jpg?resize=345%2C259&#038;ssl=1\" data-recalc-dims=\"1\" \/><\/p>\n<p align=\"justify\" style=\"margin-bottom: 0cm\"><font size=\"4\">    El Parque de la Huerta del Duque, es la zona verde urbana m\u00e1s amplia con la que cuenta nuestro municipio, todos sabemos que esta situado en una ubicaci\u00f3n perfecta, tras el castillo y bajo un gran pa\u00f1o de muralla. Por su orograf\u00eda dispone de varias zonas escalonadas, cada una de ellas diferente por su vegetaci\u00f3n y sus aves, est\u00e1 muy cercano al n\u00facleo urbano, tiene varias entradas (y grandes zonas de aparcamiento), como son la explanada del castillo, camino del Alamillo y en la zona Este por la calle el Parque, tambi\u00e9n dispone de una zona de juegos infantiles, un circuito deportivo de 1550 m., aseos, un  bar, sus fuentes  etc.\u2026 y en \u00e9l adem\u00e1s de pasear y disfrutar de sus sombras por parte de muchos vecinos, se vienen realizando todo tipo de actividades: culturales, sociales, deportivas, de ocio y dem\u00e1s, sobre todo en \u00e9poca estival.<\/font><\/p>\n<p align=\"justify\" style=\"margin-bottom: 0cm\"><font size=\"4\">    Con la rehabilitaci\u00f3n de las murallas, la instalaci\u00f3n de la nueva iluminaci\u00f3n y el nuevo paso de la explanada del castillo, las visitas a este parque, pensamos que se ver\u00e1n incrementadas.<\/font><\/p>\n<p align=\"justify\" style=\"margin-bottom: 0cm\"><font size=\"4\">    En IULV, consideramos que el parque tiene una infraestructura muy importante pero con muchas deficiencias, que deber\u00edan ser subsanadas para seguridad y disfrute de vecinos y visitantes.<\/font><\/p>\n<p align=\"center\" style=\"margin-bottom: 0cm\"><img loading=\"lazy\" decoding=\"async\" height=\"465\" width=\"352\" title=\"El Parque\" alt=\"El Parque\" src=\"https:\/\/i0.wp.com\/www.iucuellar.org\/images\/MedioAmbiente\/ElParque20090517.jpg?resize=352%2C465&#038;ssl=1\" data-recalc-dims=\"1\" \/><\/p>\n<p align=\"center\" style=\"margin-bottom: 0cm\">\n<p align=\"justify\" style=\"margin-bottom: 0cm\"><font size=\"4\">    Nuestra propuesta va encaminada a mejorar y arreglar sus condiciones en varios aspectos: Seguridad, Accesibilidad, Higiene, Medio Ambiente, Informaci\u00f3n, Deportivas y Turismo.<\/font><\/p>\n<p align=\"justify\" style=\"margin-bottom: 0cm\"><font size=\"4\">&#8211; SEGURIDAD: Colocaci\u00f3n de barandillas en zonas de tr\u00e1nsito y escaleras, en pasillos donde hay distintos niveles y peligro de ca\u00eddas y sobre todo en la zona de juego infantil.<\/font><\/p>\n<p align=\"justify\" style=\"margin-bottom: 0cm\"><font size=\"4\">&#8211; ACCESIBILIDAD: Mejorar las entradas eliminando las barreras para personas discapacitadas, acondicionar la de la calle de las Cuevas y mejorar las dem\u00e1s.<\/font><\/p>\n<p align=\"justify\" style=\"margin-bottom: 0cm\"><font size=\"4\">&#8211; HIGIENE: Durante la feria medieval se organizan espect\u00e1culos con caballos en la zona de juego infantil; este espect\u00e1culo deber\u00eda trasladarse a otra zona donde se da\u00f1ase menos el suelo y sobre todo para proteger a nuestros peque\u00f1os de posibles infecciones por las defecaciones de los caballos, y se deber\u00edan crear zonas caninas para que los\/as que pasean con sus perros los lleven all\u00ed a hacer sus necesidades y no tengamos que estar esquivando lo que no queremos pisar.<\/font><\/p>\n<p align=\"center\" style=\"margin-bottom: 0cm\"><img loading=\"lazy\" decoding=\"async\" height=\"236\" width=\"317\" alt=\"El parque de la huerta del duque\" title=\"El parque de la huerta del duque\" src=\"https:\/\/i0.wp.com\/www.iucuellar.org\/images\/MedioAmbiente\/20090527ElParque36.jpg?resize=317%2C236&#038;ssl=1\" data-recalc-dims=\"1\" \/><\/p>\n<p align=\"justify\" style=\"margin-bottom: 0cm\"><font size=\"4\">&#8211; MEDIO AMBIENTE: Que se realicen buenas pr\u00e1cticas Medioambientales y no se queme el parque y sus alrededores con herbicidas, utilicemos tratamientos mec\u00e1nicos y manuales en la eliminaci\u00f3n de las malas hierbas, siembra de c\u00e9sped en la zona infantil y acondicionamiento de las zonas mas degradadas.<\/font><\/p>\n<p align=\"justify\" style=\"margin-bottom: 0cm\"><font size=\"4\">&#8211; DEPORTIVAS: Se\u00f1alizaci\u00f3n e informaci\u00f3n del circuito existente y de cada estaci\u00f3n, mejorar las condiciones de los \u201ccolumpios\u201d infantiles y crear una zona o pista deportiva del estilo de la del barrio de S. Gil. Tambi\u00e9n el parque es una zona id\u00f3nea para la ubicaci\u00f3n de los <u>Circuitos Biosaludables<\/u> para personas mayores.<\/font><\/p>\n<p align=\"justify\" style=\"margin-bottom: 0cm\"><font size=\"4\">&#8211; INFOMACI\u00d3N: Colocaci\u00f3n de carteles informativos de las entradas al parque y de sus zonas de aparcamiento.<\/font><\/p>\n<p align=\"justify\" style=\"margin-bottom: 0cm\"><font size=\"4\">&#8211; TURISMO: Eliminar los restos de escombro y poda que hay al lado del bar y construir unos asadores, para no tener que irnos a otras localidades donde existen este tipo de zonas a pasar una tarde de domingo y poder atraer a gente de la zona, tambi\u00e9n se puede crear una <em><u><strong>zona de acampada controlada<\/strong><\/u><\/em> en la zona Sur, potenciarla y encaminarla hacia diferentes grupos y asociaciones de j\u00f3venes.<\/font><\/p>\n<p align=\"justify\" style=\"margin-bottom: 0cm\"><font size=\"4\">    Para acometer estas obras y mejoras se pueden tener en cuenta los m\u00f3dulos de trabajo, jardiner\u00eda, construcci\u00f3n, soldadura, etc. Tambi\u00e9n las personas contratadas con las ayudas de la Junta de CyL y el reci\u00e9n aprobado Plan de Convergencia Interior destinado a crear empleo en los municipios, cuyos sectores principales son Turismo, Patrimonio, cuidado del Medio Ambiente y Servicios Sociales, junto con otras \u00e1reas que decidan los Ayuntamientos, que son los que tendr\u00e1n que contratar a los parados.<\/font><\/p>\n<p align=\"justify\" style=\"margin-bottom: 0cm\"><font size=\"4\">    En IULV pensamos que esta oportunidad es inmejorable para poder acometer estas obras y mejoras y  que esta propuesta es perfectamente viable. Ahora, los que se tienen que poner en marcha son ustedes, si creen como nosotros que proteger, conservar y restaurar nuestros parques y jardines es garant\u00eda de salud y bienestar para todos y todas.<\/font><\/p>\n<div style=\"text-align: center\"><img loading=\"lazy\" decoding=\"async\" height=\"274\" width=\"367\" title=\"El parque de la huerta del duque\" alt=\"El parque de la huerta del duque\" src=\"https:\/\/i0.wp.com\/www.iucuellar.org\/images\/MedioAmbiente\/Parque002.jpg?resize=367%2C274&#038;ssl=1\" data-recalc-dims=\"1\" \/><\/div>\n<p align=\"center\" style=\"margin-bottom: 0cm\">\n","protected":false},"excerpt":{"rendered":"<p>El Parque de la Huerta del Duque, es la zona verde urbana m\u00e1s amplia con la que cuenta nuestro municipio,<\/p>\n","protected":false},"author":1,"featured_media":0,"comment_status":"open","ping_status":"open","sticky":false,"template":"","format":"standard","meta":{"sfsi_plus_gutenberg_text_before_share":"","sfsi_plus_gutenberg_show_text_before_share":"","sfsi_plus_gutenberg_icon_type":"","sfsi_plus_gutenberg_icon_alignemt":"","sfsi_plus_gutenburg_max_per_row":"","_exactmetrics_skip_tracking":false,"_exactmetrics_sitenote_active":false,"_exactmetrics_sitenote_note":"","_exactmetrics_sitenote_category":0,"ngg_post_thumbnail":0,"_jetpack_memberships_contains_paid_content":false,"footnotes":""},"categories":[7,10],"tags":[],"yoast_head":"<!-- This site is optimized with the Yoast SEO plugin v22.9 - https:\/\/yoast.com\/wordpress\/plugins\/seo\/ -->\r\n<title>El Parque de la Huerta (del duque) - Izquierda Unida Cu\u00e9llar<\/title>\r\n<meta name=\"robots\" content=\"index, follow, max-snippet:-1, max-image-preview:large, max-video-preview:-1\" \/>\r\n<link rel=\"canonical\" href=\"https:\/\/www.iucuellar.org\/?p=137\" \/>\r\n<meta property=\"og:locale\" content=\"es_ES\" \/>\r\n<meta property=\"og:type\" content=\"article\" \/>\r\n<meta property=\"og:title\" content=\"El Parque de la Huerta (del duque) - Izquierda Unida Cu\u00e9llar\" \/>\r\n<meta property=\"og:description\" content=\"El Parque de la Huerta del Duque, es la zona verde urbana m\u00e1s amplia con la que cuenta nuestro municipio,\" \/>\r\n<meta property=\"og:url\" content=\"https:\/\/www.iucuellar.org\/?p=137\" \/>\r\n<meta property=\"og:site_name\" content=\"Izquierda Unida Cu\u00e9llar\" \/>\r\n<meta property=\"article:publisher\" content=\"https:\/\/www.facebook.com\/iucuellar\" \/>\r\n<meta property=\"article:published_time\" content=\"2009-06-09T19:25:16+00:00\" \/>\r\n<meta property=\"article:modified_time\" content=\"2011-04-08T19:26:24+00:00\" \/>\r\n<meta property=\"og:image\" content=\"http:\/\/www.iucuellar.org\/images\/MedioAmbiente\/20090327ElParque25.jpg\" \/>\r\n<meta name=\"author\" content=\"Comunicaci\u00f3n\" \/>\r\n<meta name=\"twitter:card\" content=\"summary_large_image\" \/>\r\n<meta name=\"twitter:creator\" content=\"@IU_CUELLAR\" \/>\r\n<meta name=\"twitter:site\" content=\"@IU_CUELLAR\" \/>\r\n<meta name=\"twitter:label1\" content=\"Escrito por\" \/>\n\t<meta name=\"twitter:data1\" content=\"Comunicaci\u00f3n\" \/>\n\t<meta name=\"twitter:label2\" content=\"Tiempo de lectura\" \/>\n\t<meta name=\"twitter:data2\" content=\"4 minutos\" \/>\r\n<script type=\"application\/ld+json\" class=\"yoast-schema-graph\">{\"@context\":\"https:\/\/schema.org\",\"@graph\":[{\"@type\":\"Article\",\"@id\":\"https:\/\/www.iucuellar.org\/?p=137#article\",\"isPartOf\":{\"@id\":\"https:\/\/www.iucuellar.org\/?p=137\"},\"author\":{\"name\":\"Comunicaci\u00f3n\",\"@id\":\"https:\/\/www.iucuellar.org\/#\/schema\/person\/0ed49683a220f525fdeb90989b5c672d\"},\"headline\":\"El Parque de la Huerta (del duque)\",\"datePublished\":\"2009-06-09T19:25:16+00:00\",\"dateModified\":\"2011-04-08T19:26:24+00:00\",\"mainEntityOfPage\":{\"@id\":\"https:\/\/www.iucuellar.org\/?p=137\"},\"wordCount\":730,\"commentCount\":0,\"publisher\":{\"@id\":\"https:\/\/www.iucuellar.org\/#organization\"},\"image\":{\"@id\":\"https:\/\/www.iucuellar.org\/?p=137#primaryimage\"},\"thumbnailUrl\":\"http:\/\/www.iucuellar.org\/images\/MedioAmbiente\/20090327ElParque25.jpg\",\"articleSection\":[\"Cultura\",\"Medio Ambiente\"],\"inLanguage\":\"es\",\"potentialAction\":[{\"@type\":\"CommentAction\",\"name\":\"Comment\",\"target\":[\"https:\/\/www.iucuellar.org\/?p=137#respond\"]}]},{\"@type\":\"WebPage\",\"@id\":\"https:\/\/www.iucuellar.org\/?p=137\",\"url\":\"https:\/\/www.iucuellar.org\/?p=137\",\"name\":\"El Parque de la Huerta (del duque) - Izquierda Unida Cu\u00e9llar\",\"isPartOf\":{\"@id\":\"https:\/\/www.iucuellar.org\/#website\"},\"primaryImageOfPage\":{\"@id\":\"https:\/\/www.iucuellar.org\/?p=137#primaryimage\"},\"image\":{\"@id\":\"https:\/\/www.iucuellar.org\/?p=137#primaryimage\"},\"thumbnailUrl\":\"http:\/\/www.iucuellar.org\/images\/MedioAmbiente\/20090327ElParque25.jpg\",\"datePublished\":\"2009-06-09T19:25:16+00:00\",\"dateModified\":\"2011-04-08T19:26:24+00:00\",\"breadcrumb\":{\"@id\":\"https:\/\/www.iucuellar.org\/?p=137#breadcrumb\"},\"inLanguage\":\"es\",\"potentialAction\":[{\"@type\":\"ReadAction\",\"target\":[\"https:\/\/www.iucuellar.org\/?p=137\"]}]},{\"@type\":\"ImageObject\",\"inLanguage\":\"es\",\"@id\":\"https:\/\/www.iucuellar.org\/?p=137#primaryimage\",\"url\":\"http:\/\/www.iucuellar.org\/images\/MedioAmbiente\/20090327ElParque25.jpg\",\"contentUrl\":\"http:\/\/www.iucuellar.org\/images\/MedioAmbiente\/20090327ElParque25.jpg\"},{\"@type\":\"BreadcrumbList\",\"@id\":\"https:\/\/www.iucuellar.org\/?p=137#breadcrumb\",\"itemListElement\":[{\"@type\":\"ListItem\",\"position\":1,\"name\":\"Inicio\",\"item\":\"https:\/\/www.iucuellar.org\/\"},{\"@type\":\"ListItem\",\"position\":2,\"name\":\"El Parque de la Huerta (del duque)\"}]},{\"@type\":\"WebSite\",\"@id\":\"https:\/\/www.iucuellar.org\/#website\",\"url\":\"https:\/\/www.iucuellar.org\/\",\"name\":\"Izquierda Unida Cu\u00e9llar y Comarca\",\"description\":\"Lugar de opini\u00f3n y discusi\u00f3n de la izquierda\",\"publisher\":{\"@id\":\"https:\/\/www.iucuellar.org\/#organization\"},\"potentialAction\":[{\"@type\":\"SearchAction\",\"target\":{\"@type\":\"EntryPoint\",\"urlTemplate\":\"https:\/\/www.iucuellar.org\/?s={search_term_string}\"},\"query-input\":\"required name=search_term_string\"}],\"inLanguage\":\"es\"},{\"@type\":\"Organization\",\"@id\":\"https:\/\/www.iucuellar.org\/#organization\",\"name\":\"IU CUELLAR\",\"url\":\"https:\/\/www.iucuellar.org\/\",\"logo\":{\"@type\":\"ImageObject\",\"inLanguage\":\"es\",\"@id\":\"https:\/\/www.iucuellar.org\/#\/schema\/logo\/image\/\",\"url\":\"https:\/\/i0.wp.com\/www.iucuellar.org\/public\/2022\/07\/cropped-avatar_redondo_Twitter.png?fit=512%2C512&ssl=1\",\"contentUrl\":\"https:\/\/i0.wp.com\/www.iucuellar.org\/public\/2022\/07\/cropped-avatar_redondo_Twitter.png?fit=512%2C512&ssl=1\",\"width\":512,\"height\":512,\"caption\":\"IU CUELLAR\"},\"image\":{\"@id\":\"https:\/\/www.iucuellar.org\/#\/schema\/logo\/image\/\"},\"sameAs\":[\"https:\/\/www.facebook.com\/iucuellar\",\"https:\/\/x.com\/IU_CUELLAR\",\"https:\/\/www.instagram.com\/iucuellar\/\",\"https:\/\/www.threads.net\/@iucuellar\"]},{\"@type\":\"Person\",\"@id\":\"https:\/\/www.iucuellar.org\/#\/schema\/person\/0ed49683a220f525fdeb90989b5c672d\",\"name\":\"Comunicaci\u00f3n\",\"image\":{\"@type\":\"ImageObject\",\"inLanguage\":\"es\",\"@id\":\"https:\/\/www.iucuellar.org\/#\/schema\/person\/image\/\",\"url\":\"https:\/\/secure.gravatar.com\/avatar\/1bb1e96b498ea4b5098098798744923e?s=96&d=mm&r=g\",\"contentUrl\":\"https:\/\/secure.gravatar.com\/avatar\/1bb1e96b498ea4b5098098798744923e?s=96&d=mm&r=g\",\"caption\":\"Comunicaci\u00f3n\"},\"url\":\"https:\/\/www.iucuellar.org\/?author=1\"}]}<\/script>\r\n<!-- \/ Yoast SEO plugin. -->","yoast_head_json":{"title":"El Parque de la Huerta (del duque) - Izquierda Unida Cu\u00e9llar","robots":{"index":"index","follow":"follow","max-snippet":"max-snippet:-1","max-image-preview":"max-image-preview:large","max-video-preview":"max-video-preview:-1"},"canonical":"https:\/\/www.iucuellar.org\/?p=137","og_locale":"es_ES","og_type":"article","og_title":"El Parque de la Huerta (del duque) - Izquierda Unida Cu\u00e9llar","og_description":"El Parque de la Huerta del Duque, es la zona verde urbana m\u00e1s amplia con la que cuenta nuestro municipio,","og_url":"https:\/\/www.iucuellar.org\/?p=137","og_site_name":"Izquierda Unida Cu\u00e9llar","article_publisher":"https:\/\/www.facebook.com\/iucuellar","article_published_time":"2009-06-09T19:25:16+00:00","article_modified_time":"2011-04-08T19:26:24+00:00","og_image":[{"url":"http:\/\/www.iucuellar.org\/images\/MedioAmbiente\/20090327ElParque25.jpg"}],"author":"Comunicaci\u00f3n","twitter_card":"summary_large_image","twitter_creator":"@IU_CUELLAR","twitter_site":"@IU_CUELLAR","twitter_misc":{"Escrito por":"Comunicaci\u00f3n","Tiempo de lectura":"4 minutos"},"schema":{"@context":"https:\/\/schema.org","@graph":[{"@type":"Article","@id":"https:\/\/www.iucuellar.org\/?p=137#article","isPartOf":{"@id":"https:\/\/www.iucuellar.org\/?p=137"},"author":{"name":"Comunicaci\u00f3n","@id":"https:\/\/www.iucuellar.org\/#\/schema\/person\/0ed49683a220f525fdeb90989b5c672d"},"headline":"El Parque de la Huerta (del duque)","datePublished":"2009-06-09T19:25:16+00:00","dateModified":"2011-04-08T19:26:24+00:00","mainEntityOfPage":{"@id":"https:\/\/www.iucuellar.org\/?p=137"},"wordCount":730,"commentCount":0,"publisher":{"@id":"https:\/\/www.iucuellar.org\/#organization"},"image":{"@id":"https:\/\/www.iucuellar.org\/?p=137#primaryimage"},"thumbnailUrl":"http:\/\/www.iucuellar.org\/images\/MedioAmbiente\/20090327ElParque25.jpg","articleSection":["Cultura","Medio Ambiente"],"inLanguage":"es","potentialAction":[{"@type":"CommentAction","name":"Comment","target":["https:\/\/www.iucuellar.org\/?p=137#respond"]}]},{"@type":"WebPage","@id":"https:\/\/www.iucuellar.org\/?p=137","url":"https:\/\/www.iucuellar.org\/?p=137","name":"El Parque de la Huerta (del duque) - Izquierda Unida Cu\u00e9llar","isPartOf":{"@id":"https:\/\/www.iucuellar.org\/#website"},"primaryImageOfPage":{"@id":"https:\/\/www.iucuellar.org\/?p=137#primaryimage"},"image":{"@id":"https:\/\/www.iucuellar.org\/?p=137#primaryimage"},"thumbnailUrl":"http:\/\/www.iucuellar.org\/images\/MedioAmbiente\/20090327ElParque25.jpg","datePublished":"2009-06-09T19:25:16+00:00","dateModified":"2011-04-08T19:26:24+00:00","breadcrumb":{"@id":"https:\/\/www.iucuellar.org\/?p=137#breadcrumb"},"inLanguage":"es","potentialAction":[{"@type":"ReadAction","target":["https:\/\/www.iucuellar.org\/?p=137"]}]},{"@type":"ImageObject","inLanguage":"es","@id":"https:\/\/www.iucuellar.org\/?p=137#primaryimage","url":"http:\/\/www.iucuellar.org\/images\/MedioAmbiente\/20090327ElParque25.jpg","contentUrl":"http:\/\/www.iucuellar.org\/images\/MedioAmbiente\/20090327ElParque25.jpg"},{"@type":"BreadcrumbList","@id":"https:\/\/www.iucuellar.org\/?p=137#breadcrumb","itemListElement":[{"@type":"ListItem","position":1,"name":"Inicio","item":"https:\/\/www.iucuellar.org\/"},{"@type":"ListItem","position":2,"name":"El Parque de la Huerta (del duque)"}]},{"@type":"WebSite","@id":"https:\/\/www.iucuellar.org\/#website","url":"https:\/\/www.iucuellar.org\/","name":"Izquierda Unida Cu\u00e9llar y Comarca","description":"Lugar de opini\u00f3n y discusi\u00f3n de la izquierda","publisher":{"@id":"https:\/\/www.iucuellar.org\/#organization"},"potentialAction":[{"@type":"SearchAction","target":{"@type":"EntryPoint","urlTemplate":"https:\/\/www.iucuellar.org\/?s={search_term_string}"},"query-input":"required name=search_term_string"}],"inLanguage":"es"},{"@type":"Organization","@id":"https:\/\/www.iucuellar.org\/#organization","name":"IU CUELLAR","url":"https:\/\/www.iucuellar.org\/","logo":{"@type":"ImageObject","inLanguage":"es","@id":"https:\/\/www.iucuellar.org\/#\/schema\/logo\/image\/","url":"https:\/\/i0.wp.com\/www.iucuellar.org\/public\/2022\/07\/cropped-avatar_redondo_Twitter.png?fit=512%2C512&ssl=1","contentUrl":"https:\/\/i0.wp.com\/www.iucuellar.org\/public\/2022\/07\/cropped-avatar_redondo_Twitter.png?fit=512%2C512&ssl=1","width":512,"height":512,"caption":"IU CUELLAR"},"image":{"@id":"https:\/\/www.iucuellar.org\/#\/schema\/logo\/image\/"},"sameAs":["https:\/\/www.facebook.com\/iucuellar","https:\/\/x.com\/IU_CUELLAR","https:\/\/www.instagram.com\/iucuellar\/","https:\/\/www.threads.net\/@iucuellar"]},{"@type":"Person","@id":"https:\/\/www.iucuellar.org\/#\/schema\/person\/0ed49683a220f525fdeb90989b5c672d","name":"Comunicaci\u00f3n","image":{"@type":"ImageObject","inLanguage":"es","@id":"https:\/\/www.iucuellar.org\/#\/schema\/person\/image\/","url":"https:\/\/secure.gravatar.com\/avatar\/1bb1e96b498ea4b5098098798744923e?s=96&d=mm&r=g","contentUrl":"https:\/\/secure.gravatar.com\/avatar\/1bb1e96b498ea4b5098098798744923e?s=96&d=mm&r=g","caption":"Comunicaci\u00f3n"},"url":"https:\/\/www.iucuellar.org\/?author=1"}]}},"jetpack_featured_media_url":"","jetpack_sharing_enabled":true,"jetpack_shortlink":"https:\/\/wp.me\/p8rn8P-2d","_links":{"self":[{"href":"https:\/\/www.iucuellar.org\/index.php?rest_route=\/wp\/v2\/posts\/137"}],"collection":[{"href":"https:\/\/www.iucuellar.org\/index.php?rest_route=\/wp\/v2\/posts"}],"about":[{"href":"https:\/\/www.iucuellar.org\/index.php?rest_route=\/wp\/v2\/types\/post"}],"author":[{"embeddable":true,"href":"https:\/\/www.iucuellar.org\/index.php?rest_route=\/wp\/v2\/users\/1"}],"replies":[{"embeddable":true,"href":"https:\/\/www.iucuellar.org\/index.php?rest_route=%2Fwp%2Fv2%2Fcomments&post=137"}],"version-history":[{"count":3,"href":"https:\/\/www.iucuellar.org\/index.php?rest_route=\/wp\/v2\/posts\/137\/revisions"}],"predecessor-version":[{"id":140,"href":"https:\/\/www.iucuellar.org\/index.php?rest_route=\/wp\/v2\/posts\/137\/revisions\/140"}],"wp:attachment":[{"href":"https:\/\/www.iucuellar.org\/index.php?rest_route=%2Fwp%2Fv2%2Fmedia&parent=137"}],"wp:term":[{"taxonomy":"category","embeddable":true,"href":"https:\/\/www.iucuellar.org\/index.php?rest_route=%2Fwp%2Fv2%2Fcategories&post=137"},{"taxonomy":"post_tag","embeddable":true,"href":"https:\/\/www.iucuellar.org\/index.php?rest_route=%2Fwp%2Fv2%2Ftags&post=137"}],"curies":[{"name":"wp","href":"https:\/\/api.w.org\/{rel}","templated":true}]}}