{"id":1432,"date":"2014-04-12T00:09:26","date_gmt":"2014-04-11T22:09:26","guid":{"rendered":"http:\/\/www.iucuellar.org\/?p=1432"},"modified":"2014-04-12T00:09:26","modified_gmt":"2014-04-11T22:09:26","slug":"aniversario-de-la-proclamacion-de-la-ii-republica-espanola-2","status":"publish","type":"post","link":"https:\/\/www.iucuellar.org\/?p=1432","title":{"rendered":"Aniversario de la proclamaci\u00f3n de la II Rep\u00fablica Espa\u00f1ola"},"content":{"rendered":"<p style=\"text-align: center;\"><div class=\"jetpack-video-wrapper\"><iframe loading=\"lazy\" title=\"Las Maestras de La Rep\u00fablica Trailer\" width=\"800\" height=\"450\" src=\"https:\/\/www.youtube.com\/embed\/yOh6usIllCM?feature=oembed\" frameborder=\"0\" allow=\"accelerometer; autoplay; clipboard-write; encrypted-media; gyroscope; picture-in-picture\" allowfullscreen><\/iframe><\/div><\/p>\n<p style=\"widows: 4; text-align: center;\"><span style=\"font-size: medium;\">Para conmemorar el aniversario de la proclamaci\u00f3n de la II Rep\u00fablica Espa\u00f1ola proyectaremos el documental &#8220;Las maestras de la <\/span><span style=\"font-size: medium;\">Rep\u00fablica&#8221;<br \/>\nLas Maestras Republicanas fueron unas mujeres valientes y comprometidas que participaron en la conquista de los derechos de las mujeres y en la modernizaci\u00f3n de la educaci\u00f3n, basada en los principios de la escuela p\u00fablica y democr\u00e1tica.<\/span><\/p>\n<p>Este documental a trav\u00e9s de la recreaci\u00f3n de una maestra de la \u00e9poca, e im\u00e1genes de archivo in\u00e9ditas, nos descubre el maravilloso legado qu<span style=\"font-size: medium;\"> <\/span><span style=\"font-size: medium;\">e nos han dejado las maestr<\/span><span style=\"font-size: medium;\">as republicanas y que ha llegado hasta nuestros d\u00edas.<\/span><\/p>\n<p>Articulado en base a testimonios de investigadores y familiares, vamos a conocer el momento hist\u00f3rico que vivieron estas docentes y su participaci\u00f3n en la transformaci\u00f3n social de nuestro pa\u00eds a trav\u00e9s de la educaci\u00f3n.<\/p>\n<p style=\"text-align: center;\">Ha sido galordanada con el premio GOYA 2014 al mejor largometraje documental.<br \/>\n<span style=\"font-size: medium;\"><a href=\"https:\/\/i0.wp.com\/www.iucuellar.org\/2014\/imagenes\/CartelLasMaestrasDeLaRepublica.jpg?ssl=1\" target=\"_blank\"><img loading=\"lazy\" decoding=\"async\" class=\"aligncenter\" src=\"https:\/\/i0.wp.com\/www.iucuellar.org\/2014\/imagenes\/CartelLasMaestrasDeLaRepublica40.jpg?resize=331%2C480&#038;ssl=1\" alt=\"\" width=\"331\" height=\"480\" data-recalc-dims=\"1\" \/><\/a><\/span><\/p>\n","protected":false},"excerpt":{"rendered":"<p>Para conmemorar el aniversario de la proclamaci\u00f3n de la II Rep\u00fablica Espa\u00f1ola proyectaremos el documental &#8220;Las maestras de la Rep\u00fablica&#8221;<\/p>\n","protected":false},"author":1,"featured_media":0,"comment_status":"open","ping_status":"open","sticky":false,"template":"","format":"standard","meta":{"sfsi_plus_gutenberg_text_before_share":"","sfsi_plus_gutenberg_show_text_before_share":"","sfsi_plus_gutenberg_icon_type":"","sfsi_plus_gutenberg_icon_alignemt":"","sfsi_plus_gutenburg_max_per_row":"","_exactmetrics_skip_tracking":false,"_exactmetrics_sitenote_active":false,"_exactmetrics_sitenote_note":"","_exactmetrics_sitenote_category":0,"ngg_post_thumbnail":0,"_jetpack_memberships_contains_paid_content":false,"footnotes":""},"categories":[21,22,23],"tags":[],"yoast_head":"<!-- This site is optimized with the Yoast SEO plugin v22.9 - https:\/\/yoast.com\/wordpress\/plugins\/seo\/ -->\r\n<title>Aniversario de la proclamaci\u00f3n de la II Rep\u00fablica Espa\u00f1ola - Izquierda Unida Cu\u00e9llar<\/title>\r\n<meta name=\"robots\" content=\"index, follow, max-snippet:-1, max-image-preview:large, max-video-preview:-1\" \/>\r\n<link rel=\"canonical\" href=\"https:\/\/www.iucuellar.org\/?p=1432\" \/>\r\n<meta property=\"og:locale\" content=\"es_ES\" \/>\r\n<meta property=\"og:type\" content=\"article\" \/>\r\n<meta property=\"og:title\" content=\"Aniversario de la proclamaci\u00f3n de la II Rep\u00fablica Espa\u00f1ola - Izquierda Unida Cu\u00e9llar\" \/>\r\n<meta property=\"og:description\" content=\"Para conmemorar el aniversario de la proclamaci\u00f3n de la II Rep\u00fablica Espa\u00f1ola proyectaremos el documental &#8220;Las maestras de la Rep\u00fablica&#8221;\" \/>\r\n<meta property=\"og:url\" content=\"https:\/\/www.iucuellar.org\/?p=1432\" \/>\r\n<meta property=\"og:site_name\" content=\"Izquierda Unida Cu\u00e9llar\" \/>\r\n<meta property=\"article:publisher\" content=\"https:\/\/www.facebook.com\/iucuellar\" \/>\r\n<meta property=\"article:published_time\" content=\"2014-04-11T22:09:26+00:00\" \/>\r\n<meta property=\"og:image\" content=\"http:\/\/www.iucuellar.org\/2014\/imagenes\/CartelLasMaestrasDeLaRepublica40.jpg\" \/>\r\n<meta name=\"author\" content=\"Comunicaci\u00f3n\" \/>\r\n<meta name=\"twitter:card\" content=\"summary_large_image\" \/>\r\n<meta name=\"twitter:creator\" content=\"@IU_CUELLAR\" \/>\r\n<meta name=\"twitter:site\" content=\"@IU_CUELLAR\" \/>\r\n<meta name=\"twitter:label1\" content=\"Escrito por\" \/>\n\t<meta name=\"twitter:data1\" content=\"Comunicaci\u00f3n\" \/>\n\t<meta name=\"twitter:label2\" content=\"Tiempo de lectura\" \/>\n\t<meta name=\"twitter:data2\" content=\"1 minuto\" \/>\r\n<script type=\"application\/ld+json\" class=\"yoast-schema-graph\">{\"@context\":\"https:\/\/schema.org\",\"@graph\":[{\"@type\":\"Article\",\"@id\":\"https:\/\/www.iucuellar.org\/?p=1432#article\",\"isPartOf\":{\"@id\":\"https:\/\/www.iucuellar.org\/?p=1432\"},\"author\":{\"name\":\"Comunicaci\u00f3n\",\"@id\":\"https:\/\/www.iucuellar.org\/#\/schema\/person\/0ed49683a220f525fdeb90989b5c672d\"},\"headline\":\"Aniversario de la proclamaci\u00f3n de la II Rep\u00fablica Espa\u00f1ola\",\"datePublished\":\"2014-04-11T22:09:26+00:00\",\"dateModified\":\"2014-04-11T22:09:26+00:00\",\"mainEntityOfPage\":{\"@id\":\"https:\/\/www.iucuellar.org\/?p=1432\"},\"wordCount\":182,\"commentCount\":1,\"publisher\":{\"@id\":\"https:\/\/www.iucuellar.org\/#organization\"},\"image\":{\"@id\":\"https:\/\/www.iucuellar.org\/?p=1432#primaryimage\"},\"thumbnailUrl\":\"http:\/\/www.iucuellar.org\/2014\/imagenes\/CartelLasMaestrasDeLaRepublica40.jpg\",\"articleSection\":[\"Izquierda Unida\",\"Mujer\",\"Rep\u00fablica\"],\"inLanguage\":\"es\",\"potentialAction\":[{\"@type\":\"CommentAction\",\"name\":\"Comment\",\"target\":[\"https:\/\/www.iucuellar.org\/?p=1432#respond\"]}]},{\"@type\":\"WebPage\",\"@id\":\"https:\/\/www.iucuellar.org\/?p=1432\",\"url\":\"https:\/\/www.iucuellar.org\/?p=1432\",\"name\":\"Aniversario de la proclamaci\u00f3n de la II Rep\u00fablica Espa\u00f1ola - Izquierda Unida Cu\u00e9llar\",\"isPartOf\":{\"@id\":\"https:\/\/www.iucuellar.org\/#website\"},\"primaryImageOfPage\":{\"@id\":\"https:\/\/www.iucuellar.org\/?p=1432#primaryimage\"},\"image\":{\"@id\":\"https:\/\/www.iucuellar.org\/?p=1432#primaryimage\"},\"thumbnailUrl\":\"http:\/\/www.iucuellar.org\/2014\/imagenes\/CartelLasMaestrasDeLaRepublica40.jpg\",\"datePublished\":\"2014-04-11T22:09:26+00:00\",\"dateModified\":\"2014-04-11T22:09:26+00:00\",\"breadcrumb\":{\"@id\":\"https:\/\/www.iucuellar.org\/?p=1432#breadcrumb\"},\"inLanguage\":\"es\",\"potentialAction\":[{\"@type\":\"ReadAction\",\"target\":[\"https:\/\/www.iucuellar.org\/?p=1432\"]}]},{\"@type\":\"ImageObject\",\"inLanguage\":\"es\",\"@id\":\"https:\/\/www.iucuellar.org\/?p=1432#primaryimage\",\"url\":\"http:\/\/www.iucuellar.org\/2014\/imagenes\/CartelLasMaestrasDeLaRepublica40.jpg\",\"contentUrl\":\"http:\/\/www.iucuellar.org\/2014\/imagenes\/CartelLasMaestrasDeLaRepublica40.jpg\"},{\"@type\":\"BreadcrumbList\",\"@id\":\"https:\/\/www.iucuellar.org\/?p=1432#breadcrumb\",\"itemListElement\":[{\"@type\":\"ListItem\",\"position\":1,\"name\":\"Inicio\",\"item\":\"https:\/\/www.iucuellar.org\/\"},{\"@type\":\"ListItem\",\"position\":2,\"name\":\"Aniversario de la proclamaci\u00f3n de la II Rep\u00fablica Espa\u00f1ola\"}]},{\"@type\":\"WebSite\",\"@id\":\"https:\/\/www.iucuellar.org\/#website\",\"url\":\"https:\/\/www.iucuellar.org\/\",\"name\":\"Izquierda Unida Cu\u00e9llar y Comarca\",\"description\":\"Lugar de opini\u00f3n y discusi\u00f3n de la izquierda\",\"publisher\":{\"@id\":\"https:\/\/www.iucuellar.org\/#organization\"},\"potentialAction\":[{\"@type\":\"SearchAction\",\"target\":{\"@type\":\"EntryPoint\",\"urlTemplate\":\"https:\/\/www.iucuellar.org\/?s={search_term_string}\"},\"query-input\":\"required name=search_term_string\"}],\"inLanguage\":\"es\"},{\"@type\":\"Organization\",\"@id\":\"https:\/\/www.iucuellar.org\/#organization\",\"name\":\"IU CUELLAR\",\"url\":\"https:\/\/www.iucuellar.org\/\",\"logo\":{\"@type\":\"ImageObject\",\"inLanguage\":\"es\",\"@id\":\"https:\/\/www.iucuellar.org\/#\/schema\/logo\/image\/\",\"url\":\"https:\/\/i0.wp.com\/www.iucuellar.org\/public\/2022\/07\/cropped-avatar_redondo_Twitter.png?fit=512%2C512&ssl=1\",\"contentUrl\":\"https:\/\/i0.wp.com\/www.iucuellar.org\/public\/2022\/07\/cropped-avatar_redondo_Twitter.png?fit=512%2C512&ssl=1\",\"width\":512,\"height\":512,\"caption\":\"IU CUELLAR\"},\"image\":{\"@id\":\"https:\/\/www.iucuellar.org\/#\/schema\/logo\/image\/\"},\"sameAs\":[\"https:\/\/www.facebook.com\/iucuellar\",\"https:\/\/x.com\/IU_CUELLAR\",\"https:\/\/www.instagram.com\/iucuellar\/\",\"https:\/\/www.threads.net\/@iucuellar\"]},{\"@type\":\"Person\",\"@id\":\"https:\/\/www.iucuellar.org\/#\/schema\/person\/0ed49683a220f525fdeb90989b5c672d\",\"name\":\"Comunicaci\u00f3n\",\"image\":{\"@type\":\"ImageObject\",\"inLanguage\":\"es\",\"@id\":\"https:\/\/www.iucuellar.org\/#\/schema\/person\/image\/\",\"url\":\"https:\/\/secure.gravatar.com\/avatar\/1bb1e96b498ea4b5098098798744923e?s=96&d=mm&r=g\",\"contentUrl\":\"https:\/\/secure.gravatar.com\/avatar\/1bb1e96b498ea4b5098098798744923e?s=96&d=mm&r=g\",\"caption\":\"Comunicaci\u00f3n\"},\"url\":\"https:\/\/www.iucuellar.org\/?author=1\"}]}<\/script>\r\n<!-- \/ Yoast SEO plugin. -->","yoast_head_json":{"title":"Aniversario de la proclamaci\u00f3n de la II Rep\u00fablica Espa\u00f1ola - Izquierda Unida Cu\u00e9llar","robots":{"index":"index","follow":"follow","max-snippet":"max-snippet:-1","max-image-preview":"max-image-preview:large","max-video-preview":"max-video-preview:-1"},"canonical":"https:\/\/www.iucuellar.org\/?p=1432","og_locale":"es_ES","og_type":"article","og_title":"Aniversario de la proclamaci\u00f3n de la II Rep\u00fablica Espa\u00f1ola - Izquierda Unida Cu\u00e9llar","og_description":"Para conmemorar el aniversario de la proclamaci\u00f3n de la II Rep\u00fablica Espa\u00f1ola proyectaremos el documental &#8220;Las maestras de la Rep\u00fablica&#8221;","og_url":"https:\/\/www.iucuellar.org\/?p=1432","og_site_name":"Izquierda Unida Cu\u00e9llar","article_publisher":"https:\/\/www.facebook.com\/iucuellar","article_published_time":"2014-04-11T22:09:26+00:00","og_image":[{"url":"http:\/\/www.iucuellar.org\/2014\/imagenes\/CartelLasMaestrasDeLaRepublica40.jpg"}],"author":"Comunicaci\u00f3n","twitter_card":"summary_large_image","twitter_creator":"@IU_CUELLAR","twitter_site":"@IU_CUELLAR","twitter_misc":{"Escrito por":"Comunicaci\u00f3n","Tiempo de lectura":"1 minuto"},"schema":{"@context":"https:\/\/schema.org","@graph":[{"@type":"Article","@id":"https:\/\/www.iucuellar.org\/?p=1432#article","isPartOf":{"@id":"https:\/\/www.iucuellar.org\/?p=1432"},"author":{"name":"Comunicaci\u00f3n","@id":"https:\/\/www.iucuellar.org\/#\/schema\/person\/0ed49683a220f525fdeb90989b5c672d"},"headline":"Aniversario de la proclamaci\u00f3n de la II Rep\u00fablica Espa\u00f1ola","datePublished":"2014-04-11T22:09:26+00:00","dateModified":"2014-04-11T22:09:26+00:00","mainEntityOfPage":{"@id":"https:\/\/www.iucuellar.org\/?p=1432"},"wordCount":182,"commentCount":1,"publisher":{"@id":"https:\/\/www.iucuellar.org\/#organization"},"image":{"@id":"https:\/\/www.iucuellar.org\/?p=1432#primaryimage"},"thumbnailUrl":"http:\/\/www.iucuellar.org\/2014\/imagenes\/CartelLasMaestrasDeLaRepublica40.jpg","articleSection":["Izquierda Unida","Mujer","Rep\u00fablica"],"inLanguage":"es","potentialAction":[{"@type":"CommentAction","name":"Comment","target":["https:\/\/www.iucuellar.org\/?p=1432#respond"]}]},{"@type":"WebPage","@id":"https:\/\/www.iucuellar.org\/?p=1432","url":"https:\/\/www.iucuellar.org\/?p=1432","name":"Aniversario de la proclamaci\u00f3n de la II Rep\u00fablica Espa\u00f1ola - Izquierda Unida Cu\u00e9llar","isPartOf":{"@id":"https:\/\/www.iucuellar.org\/#website"},"primaryImageOfPage":{"@id":"https:\/\/www.iucuellar.org\/?p=1432#primaryimage"},"image":{"@id":"https:\/\/www.iucuellar.org\/?p=1432#primaryimage"},"thumbnailUrl":"http:\/\/www.iucuellar.org\/2014\/imagenes\/CartelLasMaestrasDeLaRepublica40.jpg","datePublished":"2014-04-11T22:09:26+00:00","dateModified":"2014-04-11T22:09:26+00:00","breadcrumb":{"@id":"https:\/\/www.iucuellar.org\/?p=1432#breadcrumb"},"inLanguage":"es","potentialAction":[{"@type":"ReadAction","target":["https:\/\/www.iucuellar.org\/?p=1432"]}]},{"@type":"ImageObject","inLanguage":"es","@id":"https:\/\/www.iucuellar.org\/?p=1432#primaryimage","url":"http:\/\/www.iucuellar.org\/2014\/imagenes\/CartelLasMaestrasDeLaRepublica40.jpg","contentUrl":"http:\/\/www.iucuellar.org\/2014\/imagenes\/CartelLasMaestrasDeLaRepublica40.jpg"},{"@type":"BreadcrumbList","@id":"https:\/\/www.iucuellar.org\/?p=1432#breadcrumb","itemListElement":[{"@type":"ListItem","position":1,"name":"Inicio","item":"https:\/\/www.iucuellar.org\/"},{"@type":"ListItem","position":2,"name":"Aniversario de la proclamaci\u00f3n de la II Rep\u00fablica Espa\u00f1ola"}]},{"@type":"WebSite","@id":"https:\/\/www.iucuellar.org\/#website","url":"https:\/\/www.iucuellar.org\/","name":"Izquierda Unida Cu\u00e9llar y Comarca","description":"Lugar de opini\u00f3n y discusi\u00f3n de la izquierda","publisher":{"@id":"https:\/\/www.iucuellar.org\/#organization"},"potentialAction":[{"@type":"SearchAction","target":{"@type":"EntryPoint","urlTemplate":"https:\/\/www.iucuellar.org\/?s={search_term_string}"},"query-input":"required name=search_term_string"}],"inLanguage":"es"},{"@type":"Organization","@id":"https:\/\/www.iucuellar.org\/#organization","name":"IU CUELLAR","url":"https:\/\/www.iucuellar.org\/","logo":{"@type":"ImageObject","inLanguage":"es","@id":"https:\/\/www.iucuellar.org\/#\/schema\/logo\/image\/","url":"https:\/\/i0.wp.com\/www.iucuellar.org\/public\/2022\/07\/cropped-avatar_redondo_Twitter.png?fit=512%2C512&ssl=1","contentUrl":"https:\/\/i0.wp.com\/www.iucuellar.org\/public\/2022\/07\/cropped-avatar_redondo_Twitter.png?fit=512%2C512&ssl=1","width":512,"height":512,"caption":"IU CUELLAR"},"image":{"@id":"https:\/\/www.iucuellar.org\/#\/schema\/logo\/image\/"},"sameAs":["https:\/\/www.facebook.com\/iucuellar","https:\/\/x.com\/IU_CUELLAR","https:\/\/www.instagram.com\/iucuellar\/","https:\/\/www.threads.net\/@iucuellar"]},{"@type":"Person","@id":"https:\/\/www.iucuellar.org\/#\/schema\/person\/0ed49683a220f525fdeb90989b5c672d","name":"Comunicaci\u00f3n","image":{"@type":"ImageObject","inLanguage":"es","@id":"https:\/\/www.iucuellar.org\/#\/schema\/person\/image\/","url":"https:\/\/secure.gravatar.com\/avatar\/1bb1e96b498ea4b5098098798744923e?s=96&d=mm&r=g","contentUrl":"https:\/\/secure.gravatar.com\/avatar\/1bb1e96b498ea4b5098098798744923e?s=96&d=mm&r=g","caption":"Comunicaci\u00f3n"},"url":"https:\/\/www.iucuellar.org\/?author=1"}]}},"jetpack_featured_media_url":"","jetpack_sharing_enabled":true,"jetpack_shortlink":"https:\/\/wp.me\/p8rn8P-n6","_links":{"self":[{"href":"https:\/\/www.iucuellar.org\/index.php?rest_route=\/wp\/v2\/posts\/1432"}],"collection":[{"href":"https:\/\/www.iucuellar.org\/index.php?rest_route=\/wp\/v2\/posts"}],"about":[{"href":"https:\/\/www.iucuellar.org\/index.php?rest_route=\/wp\/v2\/types\/post"}],"author":[{"embeddable":true,"href":"https:\/\/www.iucuellar.org\/index.php?rest_route=\/wp\/v2\/users\/1"}],"replies":[{"embeddable":true,"href":"https:\/\/www.iucuellar.org\/index.php?rest_route=%2Fwp%2Fv2%2Fcomments&post=1432"}],"version-history":[{"count":14,"href":"https:\/\/www.iucuellar.org\/index.php?rest_route=\/wp\/v2\/posts\/1432\/revisions"}],"predecessor-version":[{"id":1446,"href":"https:\/\/www.iucuellar.org\/index.php?rest_route=\/wp\/v2\/posts\/1432\/revisions\/1446"}],"wp:attachment":[{"href":"https:\/\/www.iucuellar.org\/index.php?rest_route=%2Fwp%2Fv2%2Fmedia&parent=1432"}],"wp:term":[{"taxonomy":"category","embeddable":true,"href":"https:\/\/www.iucuellar.org\/index.php?rest_route=%2Fwp%2Fv2%2Fcategories&post=1432"},{"taxonomy":"post_tag","embeddable":true,"href":"https:\/\/www.iucuellar.org\/index.php?rest_route=%2Fwp%2Fv2%2Ftags&post=1432"}],"curies":[{"name":"wp","href":"https:\/\/api.w.org\/{rel}","templated":true}]}}