{"id":169,"date":"2009-09-26T22:43:15","date_gmt":"2009-09-26T20:43:15","guid":{"rendered":"http:\/\/www.iucuellar.org\/seddna\/?p=169"},"modified":"2011-04-08T22:43:35","modified_gmt":"2011-04-08T20:43:35","slug":"plenazo-del-ayuntamiento","status":"publish","type":"post","link":"https:\/\/www.iucuellar.org\/?p=169","title":{"rendered":"Plenazo del Ayuntamiento"},"content":{"rendered":"<p style=\"margin-left: 0pt; margin-right: 0pt\"><span style=\"font-family: 'Times New Roman'\"><span style=\"font-size: medium;\">Es triste que llegue a no extra\u00f1arnos que el equipo de gobierno del PP no presente ning\u00fan punto en el orden del d\u00eda en el pleno ordinario correspondiente a este mes de septiembre, puesto que esto ha ocurrido en otra ocasi\u00f3n, (30-5-08) incluso en alguna solo han llevado uno (31-3-08) y que muchas de las cosas importantes, sean tratadas en plenos extraordinarios y con poco tiempo para ser estudiadas correctamente por parte de la oposici\u00f3n.<\/span><\/span><\/p>\n<p style=\"margin-left: 0pt; margin-right: 0pt\"><span style=\"font-family: 'Times New Roman'\"><span style=\"font-size: medium;\"> <\/span><\/span><\/p>\n<p style=\"margin-left: 0pt; margin-right: 0pt\"><span style=\"font-family: 'Times New Roman'\"><span style=\"font-size: medium;\">Teniendo en cuenta que los plenos ordinarios son cada 2 meses, que Cu\u00e9llar es una poblaci\u00f3n de unos 10000 habitantes y que cuenta con un presupuesto aproximado de 9 millones de euros, queda muy clara la falta de iniciativas y compromiso por parte del equipo de gobierno de este Ayuntamiento. Un PP que se presentaban como los \u201csalvadores\u201d de Cu\u00e9llar, con un sinf\u00edn de proyectos, promesas y acuerdos firmados para sacarnos del pozo en el que nos encontr\u00e1bamos.<\/span><\/span><\/p>\n<p style=\"margin-left: 0pt; margin-right: 0pt\"><span style=\"font-family: 'Times New Roman'\"><span style=\"font-size: medium;\"> <\/span><\/span><\/p>\n<p style=\"margin-left: 0pt; margin-right: 0pt\"><span style=\"font-family: 'Times New Roman'\"><span style=\"font-size: medium;\">Despu\u00e9s de analizar estas y otras cuestiones hemos decidido no presentar propuestas ni hacer preguntas en este pleno, aunque propuestas hay y necesidades en el municipio tambi\u00e9n, algunas de estas necesidades parece que el PP las ha dormido o guardado en alg\u00fan caj\u00f3n a la espera de tiempos de elecciones.<\/span><\/span><\/p>\n<p style=\"margin-left: 0pt; margin-right: 0pt\"><span style=\"font-family: 'Times New Roman'\"><span style=\"font-size: medium;\"> <\/span><\/span><\/p>\n<p style=\"margin-left: 0pt; margin-right: 0pt\"><span style=\"font-family: 'Times New Roman'\"><span style=\"font-size: medium;\">Hemos dicho en varias ocasiones que nos resulta muy sencillo presentar propuestas por esa falta de iniciativas por parte del PP y que IU cumple con su compromiso de hacer una oposici\u00f3n constructiva, habiendo hecho en estos dos a\u00f1os un sinf\u00edn de propuestas, a trav\u00e9s de Mociones, Enmiendas o Ruegos, siempre enfocadas a facilitar la habitabilidad <\/span><\/span><span style=\"font-family: 'Times New Roman'\"><span style=\"font-size: medium;\">del municipio <\/span><\/span><span style=\"font-family: 'Times New Roman'\"><span style=\"font-size: medium;\">y <\/span><\/span><span style=\"font-family: 'Times New Roman'\"><span style=\"font-size: medium;\">el <\/span><\/span><span style=\"font-family: 'Times New Roman'\"><span style=\"font-size: medium;\">bienestar de la ciudadan\u00eda.<\/span><\/span><\/p>\n<p style=\"margin-left: 0pt; margin-right: 0pt\"><span style=\"font-family: 'Times New Roman'\"><span style=\"font-size: medium;\"> <\/span><\/span><\/p>\n<p style=\"margin-left: 0pt; margin-right: 0pt\"><span style=\"font-family: 'Times New Roman'\"><span style=\"font-size: medium;\">Se podr\u00eda pensar que iniciativas hay, viendo las obras que se est\u00e1n ejecutando en el municipio, pero estas no son ni mucho menos iniciativas del PP si no que han llegado a Cu\u00e9llar al igual que al resto de los municipios de la comunidad y del estado a trav\u00e9s de planes de las distintas instituciones.<\/span><\/span><span style=\"font-family: 'Times New Roman'\"><span style=\"font-size: medium;\"> Las \u00fanicas iniciativas que ha llevado a cabo el PP han sido las privatizaciones de servicios p\u00fablicos, demostrando as\u00ed la poca capacidad de gesti\u00f3n de este equipo de gobierno.<\/span><\/span><\/p>\n","protected":false},"excerpt":{"rendered":"<p>Es triste que llegue a no extra\u00f1arnos que el equipo de gobierno del PP no presente ning\u00fan punto en el<\/p>\n","protected":false},"author":1,"featured_media":0,"comment_status":"open","ping_status":"open","sticky":false,"template":"","format":"standard","meta":{"sfsi_plus_gutenberg_text_before_share":"","sfsi_plus_gutenberg_show_text_before_share":"","sfsi_plus_gutenberg_icon_type":"","sfsi_plus_gutenberg_icon_alignemt":"","sfsi_plus_gutenburg_max_per_row":"","_exactmetrics_skip_tracking":false,"_exactmetrics_sitenote_active":false,"_exactmetrics_sitenote_note":"","_exactmetrics_sitenote_category":0,"ngg_post_thumbnail":0,"_jetpack_memberships_contains_paid_content":false,"footnotes":""},"categories":[21],"tags":[],"yoast_head":"<!-- This site is optimized with the Yoast SEO plugin v22.9 - https:\/\/yoast.com\/wordpress\/plugins\/seo\/ -->\r\n<title>Plenazo del Ayuntamiento - Izquierda Unida Cu\u00e9llar<\/title>\r\n<meta name=\"robots\" content=\"index, follow, max-snippet:-1, max-image-preview:large, max-video-preview:-1\" \/>\r\n<link rel=\"canonical\" href=\"https:\/\/www.iucuellar.org\/?p=169\" \/>\r\n<meta property=\"og:locale\" content=\"es_ES\" \/>\r\n<meta property=\"og:type\" content=\"article\" \/>\r\n<meta property=\"og:title\" content=\"Plenazo del Ayuntamiento - Izquierda Unida Cu\u00e9llar\" \/>\r\n<meta property=\"og:description\" content=\"Es triste que llegue a no extra\u00f1arnos que el equipo de gobierno del PP no presente ning\u00fan punto en el\" \/>\r\n<meta property=\"og:url\" content=\"https:\/\/www.iucuellar.org\/?p=169\" \/>\r\n<meta property=\"og:site_name\" content=\"Izquierda Unida Cu\u00e9llar\" \/>\r\n<meta property=\"article:publisher\" content=\"https:\/\/www.facebook.com\/iucuellar\" \/>\r\n<meta property=\"article:published_time\" content=\"2009-09-26T20:43:15+00:00\" \/>\r\n<meta property=\"article:modified_time\" content=\"2011-04-08T20:43:35+00:00\" \/>\r\n<meta property=\"og:image\" content=\"https:\/\/i0.wp.com\/www.iucuellar.org\/public\/2022\/07\/cropped-avatar_redondo_Twitter.png?fit=512%2C512&ssl=1\" \/>\r\n\t<meta property=\"og:image:width\" content=\"512\" \/>\r\n\t<meta property=\"og:image:height\" content=\"512\" \/>\r\n\t<meta property=\"og:image:type\" content=\"image\/png\" \/>\r\n<meta name=\"author\" content=\"Comunicaci\u00f3n\" \/>\r\n<meta name=\"twitter:card\" content=\"summary_large_image\" \/>\r\n<meta name=\"twitter:creator\" content=\"@IU_CUELLAR\" \/>\r\n<meta name=\"twitter:site\" content=\"@IU_CUELLAR\" \/>\r\n<meta name=\"twitter:label1\" content=\"Escrito por\" \/>\n\t<meta name=\"twitter:data1\" content=\"Comunicaci\u00f3n\" \/>\n\t<meta name=\"twitter:label2\" content=\"Tiempo de lectura\" \/>\n\t<meta name=\"twitter:data2\" content=\"2 minutos\" \/>\r\n<script type=\"application\/ld+json\" class=\"yoast-schema-graph\">{\"@context\":\"https:\/\/schema.org\",\"@graph\":[{\"@type\":\"Article\",\"@id\":\"https:\/\/www.iucuellar.org\/?p=169#article\",\"isPartOf\":{\"@id\":\"https:\/\/www.iucuellar.org\/?p=169\"},\"author\":{\"name\":\"Comunicaci\u00f3n\",\"@id\":\"https:\/\/www.iucuellar.org\/#\/schema\/person\/0ed49683a220f525fdeb90989b5c672d\"},\"headline\":\"Plenazo del Ayuntamiento\",\"datePublished\":\"2009-09-26T20:43:15+00:00\",\"dateModified\":\"2011-04-08T20:43:35+00:00\",\"mainEntityOfPage\":{\"@id\":\"https:\/\/www.iucuellar.org\/?p=169\"},\"wordCount\":378,\"commentCount\":0,\"publisher\":{\"@id\":\"https:\/\/www.iucuellar.org\/#organization\"},\"articleSection\":[\"Izquierda Unida\"],\"inLanguage\":\"es\",\"potentialAction\":[{\"@type\":\"CommentAction\",\"name\":\"Comment\",\"target\":[\"https:\/\/www.iucuellar.org\/?p=169#respond\"]}]},{\"@type\":\"WebPage\",\"@id\":\"https:\/\/www.iucuellar.org\/?p=169\",\"url\":\"https:\/\/www.iucuellar.org\/?p=169\",\"name\":\"Plenazo del Ayuntamiento - Izquierda Unida Cu\u00e9llar\",\"isPartOf\":{\"@id\":\"https:\/\/www.iucuellar.org\/#website\"},\"datePublished\":\"2009-09-26T20:43:15+00:00\",\"dateModified\":\"2011-04-08T20:43:35+00:00\",\"breadcrumb\":{\"@id\":\"https:\/\/www.iucuellar.org\/?p=169#breadcrumb\"},\"inLanguage\":\"es\",\"potentialAction\":[{\"@type\":\"ReadAction\",\"target\":[\"https:\/\/www.iucuellar.org\/?p=169\"]}]},{\"@type\":\"BreadcrumbList\",\"@id\":\"https:\/\/www.iucuellar.org\/?p=169#breadcrumb\",\"itemListElement\":[{\"@type\":\"ListItem\",\"position\":1,\"name\":\"Inicio\",\"item\":\"https:\/\/www.iucuellar.org\/\"},{\"@type\":\"ListItem\",\"position\":2,\"name\":\"Plenazo del Ayuntamiento\"}]},{\"@type\":\"WebSite\",\"@id\":\"https:\/\/www.iucuellar.org\/#website\",\"url\":\"https:\/\/www.iucuellar.org\/\",\"name\":\"Izquierda Unida Cu\u00e9llar y Comarca\",\"description\":\"Lugar de opini\u00f3n y discusi\u00f3n de la izquierda\",\"publisher\":{\"@id\":\"https:\/\/www.iucuellar.org\/#organization\"},\"potentialAction\":[{\"@type\":\"SearchAction\",\"target\":{\"@type\":\"EntryPoint\",\"urlTemplate\":\"https:\/\/www.iucuellar.org\/?s={search_term_string}\"},\"query-input\":\"required name=search_term_string\"}],\"inLanguage\":\"es\"},{\"@type\":\"Organization\",\"@id\":\"https:\/\/www.iucuellar.org\/#organization\",\"name\":\"IU CUELLAR\",\"url\":\"https:\/\/www.iucuellar.org\/\",\"logo\":{\"@type\":\"ImageObject\",\"inLanguage\":\"es\",\"@id\":\"https:\/\/www.iucuellar.org\/#\/schema\/logo\/image\/\",\"url\":\"https:\/\/i0.wp.com\/www.iucuellar.org\/public\/2022\/07\/cropped-avatar_redondo_Twitter.png?fit=512%2C512&ssl=1\",\"contentUrl\":\"https:\/\/i0.wp.com\/www.iucuellar.org\/public\/2022\/07\/cropped-avatar_redondo_Twitter.png?fit=512%2C512&ssl=1\",\"width\":512,\"height\":512,\"caption\":\"IU CUELLAR\"},\"image\":{\"@id\":\"https:\/\/www.iucuellar.org\/#\/schema\/logo\/image\/\"},\"sameAs\":[\"https:\/\/www.facebook.com\/iucuellar\",\"https:\/\/x.com\/IU_CUELLAR\",\"https:\/\/www.instagram.com\/iucuellar\/\",\"https:\/\/www.threads.net\/@iucuellar\"]},{\"@type\":\"Person\",\"@id\":\"https:\/\/www.iucuellar.org\/#\/schema\/person\/0ed49683a220f525fdeb90989b5c672d\",\"name\":\"Comunicaci\u00f3n\",\"image\":{\"@type\":\"ImageObject\",\"inLanguage\":\"es\",\"@id\":\"https:\/\/www.iucuellar.org\/#\/schema\/person\/image\/\",\"url\":\"https:\/\/secure.gravatar.com\/avatar\/1bb1e96b498ea4b5098098798744923e?s=96&d=mm&r=g\",\"contentUrl\":\"https:\/\/secure.gravatar.com\/avatar\/1bb1e96b498ea4b5098098798744923e?s=96&d=mm&r=g\",\"caption\":\"Comunicaci\u00f3n\"},\"url\":\"https:\/\/www.iucuellar.org\/?author=1\"}]}<\/script>\r\n<!-- \/ Yoast SEO plugin. -->","yoast_head_json":{"title":"Plenazo del Ayuntamiento - Izquierda Unida Cu\u00e9llar","robots":{"index":"index","follow":"follow","max-snippet":"max-snippet:-1","max-image-preview":"max-image-preview:large","max-video-preview":"max-video-preview:-1"},"canonical":"https:\/\/www.iucuellar.org\/?p=169","og_locale":"es_ES","og_type":"article","og_title":"Plenazo del Ayuntamiento - Izquierda Unida Cu\u00e9llar","og_description":"Es triste que llegue a no extra\u00f1arnos que el equipo de gobierno del PP no presente ning\u00fan punto en el","og_url":"https:\/\/www.iucuellar.org\/?p=169","og_site_name":"Izquierda Unida Cu\u00e9llar","article_publisher":"https:\/\/www.facebook.com\/iucuellar","article_published_time":"2009-09-26T20:43:15+00:00","article_modified_time":"2011-04-08T20:43:35+00:00","og_image":[{"width":512,"height":512,"url":"https:\/\/i0.wp.com\/www.iucuellar.org\/public\/2022\/07\/cropped-avatar_redondo_Twitter.png?fit=512%2C512&ssl=1","type":"image\/png"}],"author":"Comunicaci\u00f3n","twitter_card":"summary_large_image","twitter_creator":"@IU_CUELLAR","twitter_site":"@IU_CUELLAR","twitter_misc":{"Escrito por":"Comunicaci\u00f3n","Tiempo de lectura":"2 minutos"},"schema":{"@context":"https:\/\/schema.org","@graph":[{"@type":"Article","@id":"https:\/\/www.iucuellar.org\/?p=169#article","isPartOf":{"@id":"https:\/\/www.iucuellar.org\/?p=169"},"author":{"name":"Comunicaci\u00f3n","@id":"https:\/\/www.iucuellar.org\/#\/schema\/person\/0ed49683a220f525fdeb90989b5c672d"},"headline":"Plenazo del Ayuntamiento","datePublished":"2009-09-26T20:43:15+00:00","dateModified":"2011-04-08T20:43:35+00:00","mainEntityOfPage":{"@id":"https:\/\/www.iucuellar.org\/?p=169"},"wordCount":378,"commentCount":0,"publisher":{"@id":"https:\/\/www.iucuellar.org\/#organization"},"articleSection":["Izquierda Unida"],"inLanguage":"es","potentialAction":[{"@type":"CommentAction","name":"Comment","target":["https:\/\/www.iucuellar.org\/?p=169#respond"]}]},{"@type":"WebPage","@id":"https:\/\/www.iucuellar.org\/?p=169","url":"https:\/\/www.iucuellar.org\/?p=169","name":"Plenazo del Ayuntamiento - Izquierda Unida Cu\u00e9llar","isPartOf":{"@id":"https:\/\/www.iucuellar.org\/#website"},"datePublished":"2009-09-26T20:43:15+00:00","dateModified":"2011-04-08T20:43:35+00:00","breadcrumb":{"@id":"https:\/\/www.iucuellar.org\/?p=169#breadcrumb"},"inLanguage":"es","potentialAction":[{"@type":"ReadAction","target":["https:\/\/www.iucuellar.org\/?p=169"]}]},{"@type":"BreadcrumbList","@id":"https:\/\/www.iucuellar.org\/?p=169#breadcrumb","itemListElement":[{"@type":"ListItem","position":1,"name":"Inicio","item":"https:\/\/www.iucuellar.org\/"},{"@type":"ListItem","position":2,"name":"Plenazo del Ayuntamiento"}]},{"@type":"WebSite","@id":"https:\/\/www.iucuellar.org\/#website","url":"https:\/\/www.iucuellar.org\/","name":"Izquierda Unida Cu\u00e9llar y Comarca","description":"Lugar de opini\u00f3n y discusi\u00f3n de la izquierda","publisher":{"@id":"https:\/\/www.iucuellar.org\/#organization"},"potentialAction":[{"@type":"SearchAction","target":{"@type":"EntryPoint","urlTemplate":"https:\/\/www.iucuellar.org\/?s={search_term_string}"},"query-input":"required name=search_term_string"}],"inLanguage":"es"},{"@type":"Organization","@id":"https:\/\/www.iucuellar.org\/#organization","name":"IU CUELLAR","url":"https:\/\/www.iucuellar.org\/","logo":{"@type":"ImageObject","inLanguage":"es","@id":"https:\/\/www.iucuellar.org\/#\/schema\/logo\/image\/","url":"https:\/\/i0.wp.com\/www.iucuellar.org\/public\/2022\/07\/cropped-avatar_redondo_Twitter.png?fit=512%2C512&ssl=1","contentUrl":"https:\/\/i0.wp.com\/www.iucuellar.org\/public\/2022\/07\/cropped-avatar_redondo_Twitter.png?fit=512%2C512&ssl=1","width":512,"height":512,"caption":"IU CUELLAR"},"image":{"@id":"https:\/\/www.iucuellar.org\/#\/schema\/logo\/image\/"},"sameAs":["https:\/\/www.facebook.com\/iucuellar","https:\/\/x.com\/IU_CUELLAR","https:\/\/www.instagram.com\/iucuellar\/","https:\/\/www.threads.net\/@iucuellar"]},{"@type":"Person","@id":"https:\/\/www.iucuellar.org\/#\/schema\/person\/0ed49683a220f525fdeb90989b5c672d","name":"Comunicaci\u00f3n","image":{"@type":"ImageObject","inLanguage":"es","@id":"https:\/\/www.iucuellar.org\/#\/schema\/person\/image\/","url":"https:\/\/secure.gravatar.com\/avatar\/1bb1e96b498ea4b5098098798744923e?s=96&d=mm&r=g","contentUrl":"https:\/\/secure.gravatar.com\/avatar\/1bb1e96b498ea4b5098098798744923e?s=96&d=mm&r=g","caption":"Comunicaci\u00f3n"},"url":"https:\/\/www.iucuellar.org\/?author=1"}]}},"jetpack_featured_media_url":"","jetpack_sharing_enabled":true,"jetpack_shortlink":"https:\/\/wp.me\/p8rn8P-2J","_links":{"self":[{"href":"https:\/\/www.iucuellar.org\/index.php?rest_route=\/wp\/v2\/posts\/169"}],"collection":[{"href":"https:\/\/www.iucuellar.org\/index.php?rest_route=\/wp\/v2\/posts"}],"about":[{"href":"https:\/\/www.iucuellar.org\/index.php?rest_route=\/wp\/v2\/types\/post"}],"author":[{"embeddable":true,"href":"https:\/\/www.iucuellar.org\/index.php?rest_route=\/wp\/v2\/users\/1"}],"replies":[{"embeddable":true,"href":"https:\/\/www.iucuellar.org\/index.php?rest_route=%2Fwp%2Fv2%2Fcomments&post=169"}],"version-history":[{"count":3,"href":"https:\/\/www.iucuellar.org\/index.php?rest_route=\/wp\/v2\/posts\/169\/revisions"}],"predecessor-version":[{"id":172,"href":"https:\/\/www.iucuellar.org\/index.php?rest_route=\/wp\/v2\/posts\/169\/revisions\/172"}],"wp:attachment":[{"href":"https:\/\/www.iucuellar.org\/index.php?rest_route=%2Fwp%2Fv2%2Fmedia&parent=169"}],"wp:term":[{"taxonomy":"category","embeddable":true,"href":"https:\/\/www.iucuellar.org\/index.php?rest_route=%2Fwp%2Fv2%2Fcategories&post=169"},{"taxonomy":"post_tag","embeddable":true,"href":"https:\/\/www.iucuellar.org\/index.php?rest_route=%2Fwp%2Fv2%2Ftags&post=169"}],"curies":[{"name":"wp","href":"https:\/\/api.w.org\/{rel}","templated":true}]}}