{"id":173,"date":"2009-11-12T22:45:41","date_gmt":"2009-11-12T20:45:41","guid":{"rendered":"http:\/\/www.iucuellar.org\/seddna\/?p=173"},"modified":"2011-04-09T10:03:01","modified_gmt":"2011-04-09T08:03:01","slug":"marcha-contra-la-violencia-de-genero","status":"publish","type":"post","link":"https:\/\/www.iucuellar.org\/?p=173","title":{"rendered":"Marcha contra la violencia de g\u00e9nero"},"content":{"rendered":"<p style=\"margin-bottom: 0cm\"><span style=\"font-size: medium;\"><a title=\"Pincha para ver las im\u00e1genes de la marcha\" href=\"http:\/\/picasaweb.google.es\/izquierda.unida.cuellar\/MarchaContraLaViolenciaDeGenero#\" target=\"_blank\"><img loading=\"lazy\" decoding=\"async\" title=\"Pincha para ver las im\u00e1genes de la marcha\" src=\"https:\/\/i0.wp.com\/www.iucuellar.org\/images\/ASociales\/ViolenciaG%C3%A9neroCartelMarcha2009.jpg?resize=205%2C305&#038;ssl=1\" alt=\"Pincha para ver las im\u00e1genes de la marcha\" width=\"205\" height=\"305\" align=\"left\" data-recalc-dims=\"1\" \/><\/a> Aprovechando que se aproxima el 25 de noviembre, conviene recordar por qu\u00e9 en esta fecha se conmemora el D\u00eda Internacional contra la Violencia sobre las Mujeres.<\/span><\/p>\n<p style=\"margin-bottom: 0cm\">\n<p style=\"margin-bottom: 0cm\"><span style=\"font-size: medium;\"> Su origen lo encontramos en la Rep\u00fablica Dominicana, ya que en esa fecha de 1960 el dictador dominicano Rafael Le\u00f3nidas Trujillo, orden\u00f3 asesinar a tres hermanas (hermanas Maribal) por  activistas pol\u00edticas.<\/span><\/p>\n<p style=\"margin-bottom: 0cm\">\n<p style=\"margin-bottom: 0cm\"><span style=\"font-size: medium;\"> Despu\u00e9s de varios a\u00f1os de encuentros, seminarios, asambleas\u2026 de colectivos de movimientos sociales de mujeres, la Asamblea General de Naciones Unidas aprob\u00f3 la Declaraci\u00f3n sobre la eliminaci\u00f3n de la violencia contra la mujer en 1993 y en 1999 design\u00f3 e<span style=\"text-decoration: underline;\">l 25 de noviembre como el D\u00eda Internacional de la Eliminaci\u00f3n de la Violencia Contra la Mujer<\/span>, invitando con ello a gobiernos, organizaciones internaciones, ONG\u2026 a organizar actividades encaminadas a sensibilizar a la poblaci\u00f3n sobre este tema.<\/span><\/p>\n<p style=\"margin-bottom: 0cm\">\n<p style=\"margin-bottom: 0cm\"><span style=\"font-size: medium;\">No podemos continuar sin conceptualizar, brevemente, la violencia de g\u00e9nero, ya que se trata de la expresi\u00f3n de la relaci\u00f3n de desigualdad entre hombres y mujeres, por lo tanto una violencia basada en la superioridad de un sexo (el hombre) sobre el otro (la mujer). Esta violencia constituye un atentado contra el derecho a la vida, a la seguridad, la libertad, la dignidad y la integraci\u00f3n f\u00edsica y ps\u00edquica de la v\u00edctima, por lo tanto un obst\u00e1culo para el desarrollo de una sociedad democr\u00e1tica, ya que afecta al disfrute de los derechos reconocidos en nuestra constituci\u00f3n.<\/span><\/p>\n<p style=\"margin-bottom: 0cm\">\n<p style=\"margin-bottom: 0cm\"><span style=\"font-size: medium;\">Todos\/as sabemos que esta violencia es una lacra, un gran problema social que no tiene una soluci\u00f3n \u00fanica, r\u00e1pida y sencilla pero s\u00ed que cada ciudadano\/a debemos aportar nuestro granito de arena para llegar a una soluci\u00f3n, para lo que debemos tener en cuenta que:<\/span><\/p>\n<ul>\n<li>\n<p style=\"margin-bottom: 0cm\"><span style=\"font-size: medium;\">No debemos contribuir \tcon nuestro silencio a mantenerla.<\/span><\/p>\n<\/li>\n<li>\n<p style=\"margin-bottom: 0cm\"><span style=\"font-size: medium;\">Ning\u00fan ser humano \tmerecer ser maltratado.<\/span><\/p>\n<\/li>\n<li>\n<p style=\"margin-bottom: 0cm\"><span style=\"font-size: medium;\">Ning\u00fan argumento \tjustifica la violencia.<\/span><\/p>\n<\/li>\n<li>\n<p style=\"margin-bottom: 0cm\"><span style=\"font-size: medium;\">La violencia siempre \tes un abuso de poder.<\/span><\/p>\n<\/li>\n<li>\n<p style=\"margin-bottom: 0cm\"><span style=\"font-size: medium;\">Los conflictos de \tpareja son normales, la violencia no.<\/span><\/p>\n<\/li>\n<li>\n<p style=\"margin-bottom: 0cm\"><span style=\"font-size: medium;\">La violencia no ayuda \ta resolver conflicto, los agrava.<\/span><\/p>\n<\/li>\n<li>\n<p style=\"margin-bottom: 0cm\"><span style=\"font-size: medium;\">La responsabilidad de \tla violencia no es de quien la sufre, sino de quien la ejerce.<\/span><\/p>\n<\/li>\n<\/ul>\n<p style=\"margin-bottom: 0cm\">\n<p style=\"margin-bottom: 0cm\"><span style=\"font-size: medium;\">Los mitos y creencias sobre los roles femenino y masculino a lo largo de la historia han contribuido, y en la actualidad  contribuyen, al mantenimiento de situaciones de violencia en las relaciones entre hombres y mujeres. Debemos ir deconstruyendo estos mitos desde nuestras familias, amigos, escuelas, sociedad para con ello impulsar un cambio de papeles que contribuya a la erradicaci\u00f3n de esta lacra social.<\/span><\/p>\n<p style=\"margin-bottom: 0cm\">\n<p style=\"margin-bottom: 0cm\"><span style=\"font-size: medium;\">La baza fundamental para este cambio, necesario, est\u00e1 en la educaci\u00f3n en igualdad, ya que esta igualdad es legal en nuestro pa\u00eds, pero debemos contribuir para que tambi\u00e9n sea real. Por eso la importancia de la educaci\u00f3n, pero no solo desde el sistema educativo sino desde todos los frentes (familia, medios de comunicaci\u00f3n, sociedad en general), la educaci\u00f3n en deberes y obligaciones democr\u00e1ticos, en valores de tolerancia, respeto, responsabilidad, igualdad, resoluci\u00f3n pac\u00edfica de conflictos, toma de decisiones, corresponsabilidad del trabajo dom\u00e9stico y cuidados de la familia, etc. Mejorando todos estos aspectos conseguiremos unas relaciones m\u00e1s igualitarias basadas en la confianza mutua, en la comunicaci\u00f3n, el reparto de responsabilidades, etc. Con este modelo de relaciones no ser\u00eda necesario ejercer el poder de un sexo sobre el otro que es el origen de la violencia sobre la mujer.<\/span><\/p>\n<p style=\"margin-bottom: 0cm\">\n<p style=\"margin-bottom: 0cm\"><span style=\"font-size: medium;\">Sirvan estas l\u00edneas para  unirlas a muchas m\u00e1s y a todo tipo de actuaciones y actividades que estos d\u00edas se llevar\u00e1n a cabo para contribuir a sensibilizar a la sociedad sobre la violencia de g\u00e9nero, as\u00ed como un ejemplo de solidaridad con todas las mujeres que d\u00eda a d\u00eda sufren este tipo de violencia y como recuerdo de todas aquellas  que perdieron su vida a manos de sus agresores. Ojal\u00e1 que esta lucha no se centre solo en torno a estas fechas y sea una preocupaci\u00f3n constante de Instituciones, organismo, entidades, colectivos, individuos, etc. El esfuerzo de todos\/as ser\u00e1 lo que de verdad provoque el cambio necesario que acabe con esta situaciones discriminatorias para las mujeres.<\/span><\/p>\n<p style=\"margin-bottom: 0cm\"><span style=\"font-size: medium;\">Recomendamos leer este art\u00edculo del Premio Nobel de Literatura Jos\u00e9 Saramago:<\/span><\/p>\n<p style=\"margin-bottom: 0cm\"><a title=\"Problema de hombres. Jos\u00e9 Saramago\" href=\"http:\/\/cuaderno.josesaramago.org\/2009\/07\/27\/problema-de-hombres\/\" target=\"_blank\"><span style=\"font-size: medium;\">Problema de hombres<\/span><\/a><\/p>\n<p style=\"margin-bottom: 0cm; text-align: center;\"><object classid=\"clsid:d27cdb6e-ae6d-11cf-96b8-444553540000\" width=\"425\" height=\"350\" codebase=\"http:\/\/download.macromedia.com\/pub\/shockwave\/cabs\/flash\/swflash.cab#version=6,0,40,0\"><param name=\"src\" value=\"http:\/\/www.youtube.com\/v\/1z4wxLmKewU&amp;feature\" \/><\/object><\/p>\n<p><span> <\/span> <span> <\/span> <span> <\/span><\/p>\n","protected":false},"excerpt":{"rendered":"<p>Aprovechando que se aproxima el 25 de noviembre, conviene recordar por qu\u00e9 en esta fecha se conmemora el D\u00eda Internacional<\/p>\n","protected":false},"author":1,"featured_media":0,"comment_status":"open","ping_status":"open","sticky":false,"template":"","format":"standard","meta":{"sfsi_plus_gutenberg_text_before_share":"","sfsi_plus_gutenberg_show_text_before_share":"","sfsi_plus_gutenberg_icon_type":"","sfsi_plus_gutenberg_icon_alignemt":"","sfsi_plus_gutenburg_max_per_row":"","_exactmetrics_skip_tracking":false,"_exactmetrics_sitenote_active":false,"_exactmetrics_sitenote_note":"","_exactmetrics_sitenote_category":0,"ngg_post_thumbnail":0,"_jetpack_memberships_contains_paid_content":false,"footnotes":""},"categories":[14],"tags":[],"yoast_head":"<!-- This site is optimized with the Yoast SEO plugin v22.9 - https:\/\/yoast.com\/wordpress\/plugins\/seo\/ -->\r\n<title>Marcha contra la violencia de g\u00e9nero - Izquierda Unida Cu\u00e9llar<\/title>\r\n<meta name=\"robots\" content=\"index, follow, max-snippet:-1, max-image-preview:large, max-video-preview:-1\" \/>\r\n<link rel=\"canonical\" href=\"https:\/\/www.iucuellar.org\/?p=173\" \/>\r\n<meta property=\"og:locale\" content=\"es_ES\" \/>\r\n<meta property=\"og:type\" content=\"article\" \/>\r\n<meta property=\"og:title\" content=\"Marcha contra la violencia de g\u00e9nero - Izquierda Unida Cu\u00e9llar\" \/>\r\n<meta property=\"og:description\" content=\"Aprovechando que se aproxima el 25 de noviembre, conviene recordar por qu\u00e9 en esta fecha se conmemora el D\u00eda Internacional\" \/>\r\n<meta property=\"og:url\" content=\"https:\/\/www.iucuellar.org\/?p=173\" \/>\r\n<meta property=\"og:site_name\" content=\"Izquierda Unida Cu\u00e9llar\" \/>\r\n<meta property=\"article:publisher\" content=\"https:\/\/www.facebook.com\/iucuellar\" \/>\r\n<meta property=\"article:published_time\" content=\"2009-11-12T20:45:41+00:00\" \/>\r\n<meta property=\"article:modified_time\" content=\"2011-04-09T08:03:01+00:00\" \/>\r\n<meta property=\"og:image\" content=\"http:\/\/www.iucuellar.org\/images\/ASociales\/ViolenciaG%C3%A9neroCartelMarcha2009.jpg\" \/>\r\n<meta name=\"author\" content=\"Comunicaci\u00f3n\" \/>\r\n<meta name=\"twitter:card\" content=\"summary_large_image\" \/>\r\n<meta name=\"twitter:creator\" content=\"@IU_CUELLAR\" \/>\r\n<meta name=\"twitter:site\" content=\"@IU_CUELLAR\" \/>\r\n<meta name=\"twitter:label1\" content=\"Escrito por\" \/>\n\t<meta name=\"twitter:data1\" content=\"Comunicaci\u00f3n\" \/>\n\t<meta name=\"twitter:label2\" content=\"Tiempo de lectura\" \/>\n\t<meta name=\"twitter:data2\" content=\"4 minutos\" \/>\r\n<script type=\"application\/ld+json\" class=\"yoast-schema-graph\">{\"@context\":\"https:\/\/schema.org\",\"@graph\":[{\"@type\":\"Article\",\"@id\":\"https:\/\/www.iucuellar.org\/?p=173#article\",\"isPartOf\":{\"@id\":\"https:\/\/www.iucuellar.org\/?p=173\"},\"author\":{\"name\":\"Comunicaci\u00f3n\",\"@id\":\"https:\/\/www.iucuellar.org\/#\/schema\/person\/0ed49683a220f525fdeb90989b5c672d\"},\"headline\":\"Marcha contra la violencia de g\u00e9nero\",\"datePublished\":\"2009-11-12T20:45:41+00:00\",\"dateModified\":\"2011-04-09T08:03:01+00:00\",\"mainEntityOfPage\":{\"@id\":\"https:\/\/www.iucuellar.org\/?p=173\"},\"wordCount\":719,\"commentCount\":0,\"publisher\":{\"@id\":\"https:\/\/www.iucuellar.org\/#organization\"},\"image\":{\"@id\":\"https:\/\/www.iucuellar.org\/?p=173#primaryimage\"},\"thumbnailUrl\":\"http:\/\/www.iucuellar.org\/images\/ASociales\/ViolenciaG%C3%A9neroCartelMarcha2009.jpg\",\"articleSection\":[\"Sanidad y A.Sociales\"],\"inLanguage\":\"es\",\"potentialAction\":[{\"@type\":\"CommentAction\",\"name\":\"Comment\",\"target\":[\"https:\/\/www.iucuellar.org\/?p=173#respond\"]}]},{\"@type\":\"WebPage\",\"@id\":\"https:\/\/www.iucuellar.org\/?p=173\",\"url\":\"https:\/\/www.iucuellar.org\/?p=173\",\"name\":\"Marcha contra la violencia de g\u00e9nero - Izquierda Unida Cu\u00e9llar\",\"isPartOf\":{\"@id\":\"https:\/\/www.iucuellar.org\/#website\"},\"primaryImageOfPage\":{\"@id\":\"https:\/\/www.iucuellar.org\/?p=173#primaryimage\"},\"image\":{\"@id\":\"https:\/\/www.iucuellar.org\/?p=173#primaryimage\"},\"thumbnailUrl\":\"http:\/\/www.iucuellar.org\/images\/ASociales\/ViolenciaG%C3%A9neroCartelMarcha2009.jpg\",\"datePublished\":\"2009-11-12T20:45:41+00:00\",\"dateModified\":\"2011-04-09T08:03:01+00:00\",\"breadcrumb\":{\"@id\":\"https:\/\/www.iucuellar.org\/?p=173#breadcrumb\"},\"inLanguage\":\"es\",\"potentialAction\":[{\"@type\":\"ReadAction\",\"target\":[\"https:\/\/www.iucuellar.org\/?p=173\"]}]},{\"@type\":\"ImageObject\",\"inLanguage\":\"es\",\"@id\":\"https:\/\/www.iucuellar.org\/?p=173#primaryimage\",\"url\":\"http:\/\/www.iucuellar.org\/images\/ASociales\/ViolenciaG%C3%A9neroCartelMarcha2009.jpg\",\"contentUrl\":\"http:\/\/www.iucuellar.org\/images\/ASociales\/ViolenciaG%C3%A9neroCartelMarcha2009.jpg\"},{\"@type\":\"BreadcrumbList\",\"@id\":\"https:\/\/www.iucuellar.org\/?p=173#breadcrumb\",\"itemListElement\":[{\"@type\":\"ListItem\",\"position\":1,\"name\":\"Inicio\",\"item\":\"https:\/\/www.iucuellar.org\/\"},{\"@type\":\"ListItem\",\"position\":2,\"name\":\"Marcha contra la violencia de g\u00e9nero\"}]},{\"@type\":\"WebSite\",\"@id\":\"https:\/\/www.iucuellar.org\/#website\",\"url\":\"https:\/\/www.iucuellar.org\/\",\"name\":\"Izquierda Unida Cu\u00e9llar y Comarca\",\"description\":\"Lugar de opini\u00f3n y discusi\u00f3n de la izquierda\",\"publisher\":{\"@id\":\"https:\/\/www.iucuellar.org\/#organization\"},\"potentialAction\":[{\"@type\":\"SearchAction\",\"target\":{\"@type\":\"EntryPoint\",\"urlTemplate\":\"https:\/\/www.iucuellar.org\/?s={search_term_string}\"},\"query-input\":\"required name=search_term_string\"}],\"inLanguage\":\"es\"},{\"@type\":\"Organization\",\"@id\":\"https:\/\/www.iucuellar.org\/#organization\",\"name\":\"IU CUELLAR\",\"url\":\"https:\/\/www.iucuellar.org\/\",\"logo\":{\"@type\":\"ImageObject\",\"inLanguage\":\"es\",\"@id\":\"https:\/\/www.iucuellar.org\/#\/schema\/logo\/image\/\",\"url\":\"https:\/\/i0.wp.com\/www.iucuellar.org\/public\/2022\/07\/cropped-avatar_redondo_Twitter.png?fit=512%2C512&ssl=1\",\"contentUrl\":\"https:\/\/i0.wp.com\/www.iucuellar.org\/public\/2022\/07\/cropped-avatar_redondo_Twitter.png?fit=512%2C512&ssl=1\",\"width\":512,\"height\":512,\"caption\":\"IU CUELLAR\"},\"image\":{\"@id\":\"https:\/\/www.iucuellar.org\/#\/schema\/logo\/image\/\"},\"sameAs\":[\"https:\/\/www.facebook.com\/iucuellar\",\"https:\/\/x.com\/IU_CUELLAR\",\"https:\/\/www.instagram.com\/iucuellar\/\",\"https:\/\/www.threads.net\/@iucuellar\"]},{\"@type\":\"Person\",\"@id\":\"https:\/\/www.iucuellar.org\/#\/schema\/person\/0ed49683a220f525fdeb90989b5c672d\",\"name\":\"Comunicaci\u00f3n\",\"image\":{\"@type\":\"ImageObject\",\"inLanguage\":\"es\",\"@id\":\"https:\/\/www.iucuellar.org\/#\/schema\/person\/image\/\",\"url\":\"https:\/\/secure.gravatar.com\/avatar\/1bb1e96b498ea4b5098098798744923e?s=96&d=mm&r=g\",\"contentUrl\":\"https:\/\/secure.gravatar.com\/avatar\/1bb1e96b498ea4b5098098798744923e?s=96&d=mm&r=g\",\"caption\":\"Comunicaci\u00f3n\"},\"url\":\"https:\/\/www.iucuellar.org\/?author=1\"}]}<\/script>\r\n<!-- \/ Yoast SEO plugin. -->","yoast_head_json":{"title":"Marcha contra la violencia de g\u00e9nero - Izquierda Unida Cu\u00e9llar","robots":{"index":"index","follow":"follow","max-snippet":"max-snippet:-1","max-image-preview":"max-image-preview:large","max-video-preview":"max-video-preview:-1"},"canonical":"https:\/\/www.iucuellar.org\/?p=173","og_locale":"es_ES","og_type":"article","og_title":"Marcha contra la violencia de g\u00e9nero - Izquierda Unida Cu\u00e9llar","og_description":"Aprovechando que se aproxima el 25 de noviembre, conviene recordar por qu\u00e9 en esta fecha se conmemora el D\u00eda Internacional","og_url":"https:\/\/www.iucuellar.org\/?p=173","og_site_name":"Izquierda Unida Cu\u00e9llar","article_publisher":"https:\/\/www.facebook.com\/iucuellar","article_published_time":"2009-11-12T20:45:41+00:00","article_modified_time":"2011-04-09T08:03:01+00:00","og_image":[{"url":"http:\/\/www.iucuellar.org\/images\/ASociales\/ViolenciaG%C3%A9neroCartelMarcha2009.jpg"}],"author":"Comunicaci\u00f3n","twitter_card":"summary_large_image","twitter_creator":"@IU_CUELLAR","twitter_site":"@IU_CUELLAR","twitter_misc":{"Escrito por":"Comunicaci\u00f3n","Tiempo de lectura":"4 minutos"},"schema":{"@context":"https:\/\/schema.org","@graph":[{"@type":"Article","@id":"https:\/\/www.iucuellar.org\/?p=173#article","isPartOf":{"@id":"https:\/\/www.iucuellar.org\/?p=173"},"author":{"name":"Comunicaci\u00f3n","@id":"https:\/\/www.iucuellar.org\/#\/schema\/person\/0ed49683a220f525fdeb90989b5c672d"},"headline":"Marcha contra la violencia de g\u00e9nero","datePublished":"2009-11-12T20:45:41+00:00","dateModified":"2011-04-09T08:03:01+00:00","mainEntityOfPage":{"@id":"https:\/\/www.iucuellar.org\/?p=173"},"wordCount":719,"commentCount":0,"publisher":{"@id":"https:\/\/www.iucuellar.org\/#organization"},"image":{"@id":"https:\/\/www.iucuellar.org\/?p=173#primaryimage"},"thumbnailUrl":"http:\/\/www.iucuellar.org\/images\/ASociales\/ViolenciaG%C3%A9neroCartelMarcha2009.jpg","articleSection":["Sanidad y A.Sociales"],"inLanguage":"es","potentialAction":[{"@type":"CommentAction","name":"Comment","target":["https:\/\/www.iucuellar.org\/?p=173#respond"]}]},{"@type":"WebPage","@id":"https:\/\/www.iucuellar.org\/?p=173","url":"https:\/\/www.iucuellar.org\/?p=173","name":"Marcha contra la violencia de g\u00e9nero - Izquierda Unida Cu\u00e9llar","isPartOf":{"@id":"https:\/\/www.iucuellar.org\/#website"},"primaryImageOfPage":{"@id":"https:\/\/www.iucuellar.org\/?p=173#primaryimage"},"image":{"@id":"https:\/\/www.iucuellar.org\/?p=173#primaryimage"},"thumbnailUrl":"http:\/\/www.iucuellar.org\/images\/ASociales\/ViolenciaG%C3%A9neroCartelMarcha2009.jpg","datePublished":"2009-11-12T20:45:41+00:00","dateModified":"2011-04-09T08:03:01+00:00","breadcrumb":{"@id":"https:\/\/www.iucuellar.org\/?p=173#breadcrumb"},"inLanguage":"es","potentialAction":[{"@type":"ReadAction","target":["https:\/\/www.iucuellar.org\/?p=173"]}]},{"@type":"ImageObject","inLanguage":"es","@id":"https:\/\/www.iucuellar.org\/?p=173#primaryimage","url":"http:\/\/www.iucuellar.org\/images\/ASociales\/ViolenciaG%C3%A9neroCartelMarcha2009.jpg","contentUrl":"http:\/\/www.iucuellar.org\/images\/ASociales\/ViolenciaG%C3%A9neroCartelMarcha2009.jpg"},{"@type":"BreadcrumbList","@id":"https:\/\/www.iucuellar.org\/?p=173#breadcrumb","itemListElement":[{"@type":"ListItem","position":1,"name":"Inicio","item":"https:\/\/www.iucuellar.org\/"},{"@type":"ListItem","position":2,"name":"Marcha contra la violencia de g\u00e9nero"}]},{"@type":"WebSite","@id":"https:\/\/www.iucuellar.org\/#website","url":"https:\/\/www.iucuellar.org\/","name":"Izquierda Unida Cu\u00e9llar y Comarca","description":"Lugar de opini\u00f3n y discusi\u00f3n de la izquierda","publisher":{"@id":"https:\/\/www.iucuellar.org\/#organization"},"potentialAction":[{"@type":"SearchAction","target":{"@type":"EntryPoint","urlTemplate":"https:\/\/www.iucuellar.org\/?s={search_term_string}"},"query-input":"required name=search_term_string"}],"inLanguage":"es"},{"@type":"Organization","@id":"https:\/\/www.iucuellar.org\/#organization","name":"IU CUELLAR","url":"https:\/\/www.iucuellar.org\/","logo":{"@type":"ImageObject","inLanguage":"es","@id":"https:\/\/www.iucuellar.org\/#\/schema\/logo\/image\/","url":"https:\/\/i0.wp.com\/www.iucuellar.org\/public\/2022\/07\/cropped-avatar_redondo_Twitter.png?fit=512%2C512&ssl=1","contentUrl":"https:\/\/i0.wp.com\/www.iucuellar.org\/public\/2022\/07\/cropped-avatar_redondo_Twitter.png?fit=512%2C512&ssl=1","width":512,"height":512,"caption":"IU CUELLAR"},"image":{"@id":"https:\/\/www.iucuellar.org\/#\/schema\/logo\/image\/"},"sameAs":["https:\/\/www.facebook.com\/iucuellar","https:\/\/x.com\/IU_CUELLAR","https:\/\/www.instagram.com\/iucuellar\/","https:\/\/www.threads.net\/@iucuellar"]},{"@type":"Person","@id":"https:\/\/www.iucuellar.org\/#\/schema\/person\/0ed49683a220f525fdeb90989b5c672d","name":"Comunicaci\u00f3n","image":{"@type":"ImageObject","inLanguage":"es","@id":"https:\/\/www.iucuellar.org\/#\/schema\/person\/image\/","url":"https:\/\/secure.gravatar.com\/avatar\/1bb1e96b498ea4b5098098798744923e?s=96&d=mm&r=g","contentUrl":"https:\/\/secure.gravatar.com\/avatar\/1bb1e96b498ea4b5098098798744923e?s=96&d=mm&r=g","caption":"Comunicaci\u00f3n"},"url":"https:\/\/www.iucuellar.org\/?author=1"}]}},"jetpack_featured_media_url":"","jetpack_sharing_enabled":true,"jetpack_shortlink":"https:\/\/wp.me\/p8rn8P-2N","_links":{"self":[{"href":"https:\/\/www.iucuellar.org\/index.php?rest_route=\/wp\/v2\/posts\/173"}],"collection":[{"href":"https:\/\/www.iucuellar.org\/index.php?rest_route=\/wp\/v2\/posts"}],"about":[{"href":"https:\/\/www.iucuellar.org\/index.php?rest_route=\/wp\/v2\/types\/post"}],"author":[{"embeddable":true,"href":"https:\/\/www.iucuellar.org\/index.php?rest_route=\/wp\/v2\/users\/1"}],"replies":[{"embeddable":true,"href":"https:\/\/www.iucuellar.org\/index.php?rest_route=%2Fwp%2Fv2%2Fcomments&post=173"}],"version-history":[{"count":4,"href":"https:\/\/www.iucuellar.org\/index.php?rest_route=\/wp\/v2\/posts\/173\/revisions"}],"predecessor-version":[{"id":176,"href":"https:\/\/www.iucuellar.org\/index.php?rest_route=\/wp\/v2\/posts\/173\/revisions\/176"}],"wp:attachment":[{"href":"https:\/\/www.iucuellar.org\/index.php?rest_route=%2Fwp%2Fv2%2Fmedia&parent=173"}],"wp:term":[{"taxonomy":"category","embeddable":true,"href":"https:\/\/www.iucuellar.org\/index.php?rest_route=%2Fwp%2Fv2%2Fcategories&post=173"},{"taxonomy":"post_tag","embeddable":true,"href":"https:\/\/www.iucuellar.org\/index.php?rest_route=%2Fwp%2Fv2%2Ftags&post=173"}],"curies":[{"name":"wp","href":"https:\/\/api.w.org\/{rel}","templated":true}]}}