{"id":178,"date":"2009-11-28T10:05:33","date_gmt":"2009-11-28T08:05:33","guid":{"rendered":"http:\/\/www.iucuellar.org\/seddna\/?p=178"},"modified":"2011-04-09T10:11:02","modified_gmt":"2011-04-09T08:11:02","slug":"calle-monja-y-%c2%bfmartir-en-2009","status":"publish","type":"post","link":"https:\/\/www.iucuellar.org\/?p=178","title":{"rendered":"Calle monja y \u00bfm\u00e1rtir en 2009?"},"content":{"rendered":"<h2 style=\"text-align: center;\"><span style=\"color: #ff0000;\"><span style=\"font-size: medium;\">\u00a1EL DOS NO PUEDE CAMBIAR!<\/span><\/span><\/h2>\n<p style=\"margin-bottom: 0cm\"><span style=\"font-size: medium;\">Los n\u00fameros forman parte de nuestra vida, con ellos contamos los d\u00edas, la edad, nos marcan las horas, est\u00e1n en la puerta de nuestra casa, en la matr\u00edcula de los coches, en f\u00edn, un largo etc\u00e9tera; en el colegio los primeros n\u00fameros que conocemos son el uno, el dos y el tres, pero parece ser que hay gente a la que, quiz\u00e1s, se les atragantaron estos n\u00fameros en la escuela y no les gusta que haya calles con estos nombres: <\/span><\/p>\n<p style=\"margin-bottom: 0cm\"><span style=\"font-size: medium;\">&#8211; calle uno<\/span><\/p>\n<p style=\"margin-bottom: 0cm\"><span style=\"font-size: medium;\">&#8211; calle dos<\/span><\/p>\n<p style=\"margin-bottom: 0cm\"><span style=\"font-size: medium;\">&#8211; calle tres.<\/span><\/p>\n<p style=\"margin-bottom: 0cm\">\n<p style=\"margin-bottom: 0cm\"><span style=\"font-size: medium;\">A mi no me parece mal y a los vecinos que viven en ellas creo que no les han preguntado.<\/span><\/p>\n<p style=\"margin-bottom: 0cm\"><span style=\"font-size: medium;\">Vemos carteles que anuncian el cambio de nombre de estas calles por:<\/span><\/p>\n<p style=\"margin-bottom: 0cm\"><span style=\"font-size: medium;\">-Juana de Castro<\/span><\/p>\n<p style=\"margin-bottom: 0cm\"><span style=\"font-size: medium;\">-Alfonsa de la Torre<\/span><\/p>\n<p style=\"margin-bottom: 0cm\"><span style=\"font-size: medium;\">-Martina V\u00e1zquez<\/span><\/p>\n<p style=\"margin-bottom: 0cm\">\n<p style=\"margin-bottom: 0cm\"><span style=\"font-size: medium;\">Lo que hasta ahora es calle uno ( \u00bfqu\u00e9 significa uno?, la UNIDAD, el PRIMERO, que NO ES OTRO y todo lo que dice el diccionario de la RAE) pasar\u00e1 a llamarse calle Alfonsa de la Torre, poetisa cuellarana que bien se merece una calle. Pero no creo que deban discutir los n\u00fameros con las letras y bien puede esperar la poetisa cuellarana, un poco m\u00e1s, a recibir el nombre de una calle de la pr\u00f3xima urbanizaci\u00f3n las Canteras, o de las mismas Lomas.<\/span><\/p>\n<p style=\"margin-bottom: 0cm\">\n<p style=\"margin-bottom: 0cm\"><span style=\"font-size: medium;\">La calle tres ( \u00bfqui\u00e9n no ha jugado a las TRES en raya?, en los deportes suben TRES campeones al p\u00f3dium, un tricornio tiene TRES picos y LA REGLA DE TRES, \u00a1por favor, es imprescindible!) han decidido ustedes que a partir de ahora reciba el nombre de Juana de Castro, que cas\u00f3 en esta villa de Cu\u00e9llar con el rey Pedro I all\u00e1 por el a\u00f1o 1314 en Sanmart\u00edn. Pues creo que tambi\u00e9n podr\u00eda esperar a mejor ocasi\u00f3n.<\/span><\/p>\n<p style=\"margin-bottom: 0cm\">\n<p style=\"margin-bottom: 0cm\"><span style=\"font-size: medium;\">La calle dos ( tenemos DOS orejas, DOS manos, mi compa\u00f1era y yo somos DOS, no me voy a enrrollar con el DOS) quieren que se llame Martina V\u00e1zquez.<\/span><\/p>\n<p style=\"margin-bottom: 0cm\"><span style=\"font-size: medium;\"> <\/span><\/p>\n<p><span style=\"color: #ff0000;\">No hemos tenido bastante con 40 a\u00f1os de homenajes y loas a los vencedores de la guerra por un lado, y de olvido y humillaci\u00f3n a los que defendiendo la libertad y la legalidad democr\u00e1tica por otro, que queremos continuar haci\u00e9ndolo hoy, tr\u00e1s m\u00e1s de 30 a\u00f1os de la muerte de Franco concediendo el nombre de una calle de la villa de Cu\u00e9llar a una monja muerta durante la guerra, guerra amparada por la religi\u00f3n que ella profesaba.<\/span><\/p>\n<p>A\u00fan, hoy, hay cuellaranos que desconocen donde murieron y fueron enterrados sus familiares &#8230; , el uno y el tres pasar\u00edan pero<\/p>\n<p style=\"margin-bottom: 0cm\" align=\"center\"><span style=\"color: #ff0000;\"><span style=\"font-size: medium;\">\u00a1EL DOS NO PUEDE CAMBIAR!.<\/span><\/span><\/p>\n","protected":false},"excerpt":{"rendered":"<p>\u00a1EL DOS NO PUEDE CAMBIAR! Los n\u00fameros forman parte de nuestra vida, con ellos contamos los d\u00edas, la edad, nos<\/p>\n","protected":false},"author":1,"featured_media":0,"comment_status":"open","ping_status":"open","sticky":false,"template":"","format":"standard","meta":{"sfsi_plus_gutenberg_text_before_share":"","sfsi_plus_gutenberg_show_text_before_share":"","sfsi_plus_gutenberg_icon_type":"","sfsi_plus_gutenberg_icon_alignemt":"","sfsi_plus_gutenburg_max_per_row":"","_exactmetrics_skip_tracking":false,"_exactmetrics_sitenote_active":false,"_exactmetrics_sitenote_note":"","_exactmetrics_sitenote_category":0,"ngg_post_thumbnail":0,"_jetpack_memberships_contains_paid_content":false,"footnotes":""},"categories":[7],"tags":[],"yoast_head":"<!-- This site is optimized with the Yoast SEO plugin v22.9 - https:\/\/yoast.com\/wordpress\/plugins\/seo\/ -->\r\n<title>Calle monja y \u00bfm\u00e1rtir en 2009? - Izquierda Unida Cu\u00e9llar<\/title>\r\n<meta name=\"robots\" content=\"index, follow, max-snippet:-1, max-image-preview:large, max-video-preview:-1\" \/>\r\n<link rel=\"canonical\" href=\"https:\/\/www.iucuellar.org\/?p=178\" \/>\r\n<meta property=\"og:locale\" content=\"es_ES\" \/>\r\n<meta property=\"og:type\" content=\"article\" \/>\r\n<meta property=\"og:title\" content=\"Calle monja y \u00bfm\u00e1rtir en 2009? - Izquierda Unida Cu\u00e9llar\" \/>\r\n<meta property=\"og:description\" content=\"\u00a1EL DOS NO PUEDE CAMBIAR! Los n\u00fameros forman parte de nuestra vida, con ellos contamos los d\u00edas, la edad, nos\" \/>\r\n<meta property=\"og:url\" content=\"https:\/\/www.iucuellar.org\/?p=178\" \/>\r\n<meta property=\"og:site_name\" content=\"Izquierda Unida Cu\u00e9llar\" \/>\r\n<meta property=\"article:publisher\" content=\"https:\/\/www.facebook.com\/iucuellar\" \/>\r\n<meta property=\"article:published_time\" content=\"2009-11-28T08:05:33+00:00\" \/>\r\n<meta property=\"article:modified_time\" content=\"2011-04-09T08:11:02+00:00\" \/>\r\n<meta property=\"og:image\" content=\"https:\/\/i0.wp.com\/www.iucuellar.org\/public\/2022\/07\/cropped-avatar_redondo_Twitter.png?fit=512%2C512&ssl=1\" \/>\r\n\t<meta property=\"og:image:width\" content=\"512\" \/>\r\n\t<meta property=\"og:image:height\" content=\"512\" \/>\r\n\t<meta property=\"og:image:type\" content=\"image\/png\" \/>\r\n<meta name=\"author\" content=\"Comunicaci\u00f3n\" \/>\r\n<meta name=\"twitter:card\" content=\"summary_large_image\" \/>\r\n<meta name=\"twitter:creator\" content=\"@IU_CUELLAR\" \/>\r\n<meta name=\"twitter:site\" content=\"@IU_CUELLAR\" \/>\r\n<meta name=\"twitter:label1\" content=\"Escrito por\" \/>\n\t<meta name=\"twitter:data1\" content=\"Comunicaci\u00f3n\" \/>\n\t<meta name=\"twitter:label2\" content=\"Tiempo de lectura\" \/>\n\t<meta name=\"twitter:data2\" content=\"2 minutos\" \/>\r\n<script type=\"application\/ld+json\" class=\"yoast-schema-graph\">{\"@context\":\"https:\/\/schema.org\",\"@graph\":[{\"@type\":\"Article\",\"@id\":\"https:\/\/www.iucuellar.org\/?p=178#article\",\"isPartOf\":{\"@id\":\"https:\/\/www.iucuellar.org\/?p=178\"},\"author\":{\"name\":\"Comunicaci\u00f3n\",\"@id\":\"https:\/\/www.iucuellar.org\/#\/schema\/person\/0ed49683a220f525fdeb90989b5c672d\"},\"headline\":\"Calle monja y \u00bfm\u00e1rtir en 2009?\",\"datePublished\":\"2009-11-28T08:05:33+00:00\",\"dateModified\":\"2011-04-09T08:11:02+00:00\",\"mainEntityOfPage\":{\"@id\":\"https:\/\/www.iucuellar.org\/?p=178\"},\"wordCount\":464,\"commentCount\":0,\"publisher\":{\"@id\":\"https:\/\/www.iucuellar.org\/#organization\"},\"articleSection\":[\"Cultura\"],\"inLanguage\":\"es\",\"potentialAction\":[{\"@type\":\"CommentAction\",\"name\":\"Comment\",\"target\":[\"https:\/\/www.iucuellar.org\/?p=178#respond\"]}]},{\"@type\":\"WebPage\",\"@id\":\"https:\/\/www.iucuellar.org\/?p=178\",\"url\":\"https:\/\/www.iucuellar.org\/?p=178\",\"name\":\"Calle monja y \u00bfm\u00e1rtir en 2009? - Izquierda Unida Cu\u00e9llar\",\"isPartOf\":{\"@id\":\"https:\/\/www.iucuellar.org\/#website\"},\"datePublished\":\"2009-11-28T08:05:33+00:00\",\"dateModified\":\"2011-04-09T08:11:02+00:00\",\"breadcrumb\":{\"@id\":\"https:\/\/www.iucuellar.org\/?p=178#breadcrumb\"},\"inLanguage\":\"es\",\"potentialAction\":[{\"@type\":\"ReadAction\",\"target\":[\"https:\/\/www.iucuellar.org\/?p=178\"]}]},{\"@type\":\"BreadcrumbList\",\"@id\":\"https:\/\/www.iucuellar.org\/?p=178#breadcrumb\",\"itemListElement\":[{\"@type\":\"ListItem\",\"position\":1,\"name\":\"Inicio\",\"item\":\"https:\/\/www.iucuellar.org\/\"},{\"@type\":\"ListItem\",\"position\":2,\"name\":\"Calle monja y \u00bfm\u00e1rtir en 2009?\"}]},{\"@type\":\"WebSite\",\"@id\":\"https:\/\/www.iucuellar.org\/#website\",\"url\":\"https:\/\/www.iucuellar.org\/\",\"name\":\"Izquierda Unida Cu\u00e9llar y Comarca\",\"description\":\"Lugar de opini\u00f3n y discusi\u00f3n de la izquierda\",\"publisher\":{\"@id\":\"https:\/\/www.iucuellar.org\/#organization\"},\"potentialAction\":[{\"@type\":\"SearchAction\",\"target\":{\"@type\":\"EntryPoint\",\"urlTemplate\":\"https:\/\/www.iucuellar.org\/?s={search_term_string}\"},\"query-input\":\"required name=search_term_string\"}],\"inLanguage\":\"es\"},{\"@type\":\"Organization\",\"@id\":\"https:\/\/www.iucuellar.org\/#organization\",\"name\":\"IU CUELLAR\",\"url\":\"https:\/\/www.iucuellar.org\/\",\"logo\":{\"@type\":\"ImageObject\",\"inLanguage\":\"es\",\"@id\":\"https:\/\/www.iucuellar.org\/#\/schema\/logo\/image\/\",\"url\":\"https:\/\/i0.wp.com\/www.iucuellar.org\/public\/2022\/07\/cropped-avatar_redondo_Twitter.png?fit=512%2C512&ssl=1\",\"contentUrl\":\"https:\/\/i0.wp.com\/www.iucuellar.org\/public\/2022\/07\/cropped-avatar_redondo_Twitter.png?fit=512%2C512&ssl=1\",\"width\":512,\"height\":512,\"caption\":\"IU CUELLAR\"},\"image\":{\"@id\":\"https:\/\/www.iucuellar.org\/#\/schema\/logo\/image\/\"},\"sameAs\":[\"https:\/\/www.facebook.com\/iucuellar\",\"https:\/\/x.com\/IU_CUELLAR\",\"https:\/\/www.instagram.com\/iucuellar\/\",\"https:\/\/www.threads.net\/@iucuellar\"]},{\"@type\":\"Person\",\"@id\":\"https:\/\/www.iucuellar.org\/#\/schema\/person\/0ed49683a220f525fdeb90989b5c672d\",\"name\":\"Comunicaci\u00f3n\",\"image\":{\"@type\":\"ImageObject\",\"inLanguage\":\"es\",\"@id\":\"https:\/\/www.iucuellar.org\/#\/schema\/person\/image\/\",\"url\":\"https:\/\/secure.gravatar.com\/avatar\/1bb1e96b498ea4b5098098798744923e?s=96&d=mm&r=g\",\"contentUrl\":\"https:\/\/secure.gravatar.com\/avatar\/1bb1e96b498ea4b5098098798744923e?s=96&d=mm&r=g\",\"caption\":\"Comunicaci\u00f3n\"},\"url\":\"https:\/\/www.iucuellar.org\/?author=1\"}]}<\/script>\r\n<!-- \/ Yoast SEO plugin. -->","yoast_head_json":{"title":"Calle monja y \u00bfm\u00e1rtir en 2009? - Izquierda Unida Cu\u00e9llar","robots":{"index":"index","follow":"follow","max-snippet":"max-snippet:-1","max-image-preview":"max-image-preview:large","max-video-preview":"max-video-preview:-1"},"canonical":"https:\/\/www.iucuellar.org\/?p=178","og_locale":"es_ES","og_type":"article","og_title":"Calle monja y \u00bfm\u00e1rtir en 2009? - Izquierda Unida Cu\u00e9llar","og_description":"\u00a1EL DOS NO PUEDE CAMBIAR! Los n\u00fameros forman parte de nuestra vida, con ellos contamos los d\u00edas, la edad, nos","og_url":"https:\/\/www.iucuellar.org\/?p=178","og_site_name":"Izquierda Unida Cu\u00e9llar","article_publisher":"https:\/\/www.facebook.com\/iucuellar","article_published_time":"2009-11-28T08:05:33+00:00","article_modified_time":"2011-04-09T08:11:02+00:00","og_image":[{"width":512,"height":512,"url":"https:\/\/i0.wp.com\/www.iucuellar.org\/public\/2022\/07\/cropped-avatar_redondo_Twitter.png?fit=512%2C512&ssl=1","type":"image\/png"}],"author":"Comunicaci\u00f3n","twitter_card":"summary_large_image","twitter_creator":"@IU_CUELLAR","twitter_site":"@IU_CUELLAR","twitter_misc":{"Escrito por":"Comunicaci\u00f3n","Tiempo de lectura":"2 minutos"},"schema":{"@context":"https:\/\/schema.org","@graph":[{"@type":"Article","@id":"https:\/\/www.iucuellar.org\/?p=178#article","isPartOf":{"@id":"https:\/\/www.iucuellar.org\/?p=178"},"author":{"name":"Comunicaci\u00f3n","@id":"https:\/\/www.iucuellar.org\/#\/schema\/person\/0ed49683a220f525fdeb90989b5c672d"},"headline":"Calle monja y \u00bfm\u00e1rtir en 2009?","datePublished":"2009-11-28T08:05:33+00:00","dateModified":"2011-04-09T08:11:02+00:00","mainEntityOfPage":{"@id":"https:\/\/www.iucuellar.org\/?p=178"},"wordCount":464,"commentCount":0,"publisher":{"@id":"https:\/\/www.iucuellar.org\/#organization"},"articleSection":["Cultura"],"inLanguage":"es","potentialAction":[{"@type":"CommentAction","name":"Comment","target":["https:\/\/www.iucuellar.org\/?p=178#respond"]}]},{"@type":"WebPage","@id":"https:\/\/www.iucuellar.org\/?p=178","url":"https:\/\/www.iucuellar.org\/?p=178","name":"Calle monja y \u00bfm\u00e1rtir en 2009? - Izquierda Unida Cu\u00e9llar","isPartOf":{"@id":"https:\/\/www.iucuellar.org\/#website"},"datePublished":"2009-11-28T08:05:33+00:00","dateModified":"2011-04-09T08:11:02+00:00","breadcrumb":{"@id":"https:\/\/www.iucuellar.org\/?p=178#breadcrumb"},"inLanguage":"es","potentialAction":[{"@type":"ReadAction","target":["https:\/\/www.iucuellar.org\/?p=178"]}]},{"@type":"BreadcrumbList","@id":"https:\/\/www.iucuellar.org\/?p=178#breadcrumb","itemListElement":[{"@type":"ListItem","position":1,"name":"Inicio","item":"https:\/\/www.iucuellar.org\/"},{"@type":"ListItem","position":2,"name":"Calle monja y \u00bfm\u00e1rtir en 2009?"}]},{"@type":"WebSite","@id":"https:\/\/www.iucuellar.org\/#website","url":"https:\/\/www.iucuellar.org\/","name":"Izquierda Unida Cu\u00e9llar y Comarca","description":"Lugar de opini\u00f3n y discusi\u00f3n de la izquierda","publisher":{"@id":"https:\/\/www.iucuellar.org\/#organization"},"potentialAction":[{"@type":"SearchAction","target":{"@type":"EntryPoint","urlTemplate":"https:\/\/www.iucuellar.org\/?s={search_term_string}"},"query-input":"required name=search_term_string"}],"inLanguage":"es"},{"@type":"Organization","@id":"https:\/\/www.iucuellar.org\/#organization","name":"IU CUELLAR","url":"https:\/\/www.iucuellar.org\/","logo":{"@type":"ImageObject","inLanguage":"es","@id":"https:\/\/www.iucuellar.org\/#\/schema\/logo\/image\/","url":"https:\/\/i0.wp.com\/www.iucuellar.org\/public\/2022\/07\/cropped-avatar_redondo_Twitter.png?fit=512%2C512&ssl=1","contentUrl":"https:\/\/i0.wp.com\/www.iucuellar.org\/public\/2022\/07\/cropped-avatar_redondo_Twitter.png?fit=512%2C512&ssl=1","width":512,"height":512,"caption":"IU CUELLAR"},"image":{"@id":"https:\/\/www.iucuellar.org\/#\/schema\/logo\/image\/"},"sameAs":["https:\/\/www.facebook.com\/iucuellar","https:\/\/x.com\/IU_CUELLAR","https:\/\/www.instagram.com\/iucuellar\/","https:\/\/www.threads.net\/@iucuellar"]},{"@type":"Person","@id":"https:\/\/www.iucuellar.org\/#\/schema\/person\/0ed49683a220f525fdeb90989b5c672d","name":"Comunicaci\u00f3n","image":{"@type":"ImageObject","inLanguage":"es","@id":"https:\/\/www.iucuellar.org\/#\/schema\/person\/image\/","url":"https:\/\/secure.gravatar.com\/avatar\/1bb1e96b498ea4b5098098798744923e?s=96&d=mm&r=g","contentUrl":"https:\/\/secure.gravatar.com\/avatar\/1bb1e96b498ea4b5098098798744923e?s=96&d=mm&r=g","caption":"Comunicaci\u00f3n"},"url":"https:\/\/www.iucuellar.org\/?author=1"}]}},"jetpack_featured_media_url":"","jetpack_sharing_enabled":true,"jetpack_shortlink":"https:\/\/wp.me\/p8rn8P-2S","_links":{"self":[{"href":"https:\/\/www.iucuellar.org\/index.php?rest_route=\/wp\/v2\/posts\/178"}],"collection":[{"href":"https:\/\/www.iucuellar.org\/index.php?rest_route=\/wp\/v2\/posts"}],"about":[{"href":"https:\/\/www.iucuellar.org\/index.php?rest_route=\/wp\/v2\/types\/post"}],"author":[{"embeddable":true,"href":"https:\/\/www.iucuellar.org\/index.php?rest_route=\/wp\/v2\/users\/1"}],"replies":[{"embeddable":true,"href":"https:\/\/www.iucuellar.org\/index.php?rest_route=%2Fwp%2Fv2%2Fcomments&post=178"}],"version-history":[{"count":8,"href":"https:\/\/www.iucuellar.org\/index.php?rest_route=\/wp\/v2\/posts\/178\/revisions"}],"predecessor-version":[{"id":186,"href":"https:\/\/www.iucuellar.org\/index.php?rest_route=\/wp\/v2\/posts\/178\/revisions\/186"}],"wp:attachment":[{"href":"https:\/\/www.iucuellar.org\/index.php?rest_route=%2Fwp%2Fv2%2Fmedia&parent=178"}],"wp:term":[{"taxonomy":"category","embeddable":true,"href":"https:\/\/www.iucuellar.org\/index.php?rest_route=%2Fwp%2Fv2%2Fcategories&post=178"},{"taxonomy":"post_tag","embeddable":true,"href":"https:\/\/www.iucuellar.org\/index.php?rest_route=%2Fwp%2Fv2%2Ftags&post=178"}],"curies":[{"name":"wp","href":"https:\/\/api.w.org\/{rel}","templated":true}]}}