{"id":1797,"date":"2015-05-05T02:09:18","date_gmt":"2015-05-05T01:09:18","guid":{"rendered":"http:\/\/www.iucuellar.org\/?p=1797"},"modified":"2017-02-28T13:17:23","modified_gmt":"2017-02-28T12:17:23","slug":"sentencia-desfavorable-a-la-memoria-de-los-represaliados-del-franquismo-en-el-castillo-de-cuellar","status":"publish","type":"post","link":"https:\/\/www.iucuellar.org\/?p=1797","title":{"rendered":"Sentencia desfavorable &#8220;A la Memoria de los Represaliados del Franquismo en el Castillo de Cu\u00e9llar&#8221;"},"content":{"rendered":"<p>Este  fin de semana la Canciller alemana Angela Merkel estuvo en el el campo  de concentraci\u00f3n de Dachau en la conmemoraci\u00f3n del 75 aniversario de su  liberaci\u00f3n e hizo un llamamiento al pueblo alem\u00e1n para que no se olvide a  los que murieron all\u00ed por tener otras ideas, otra fe, otra ideolog\u00eda  distinta al nacional socialismo o simplemente por existir, que no se  olvide el infinito sufrimiento causado por el nazismo, para no repetir  los mismos errores<\/p>\n<p>Mientras  tanto, aqu\u00ed, cuando se van a cumplir cuarenta a\u00f1os de la muerte del  dictador Francisco Franco aun existe rechazo a que se conozcan con  precisi\u00f3n los hechos ocurridos en esta \u00e9poca de la historia de Espa\u00f1a.<\/p>\n<p style=\"text-align: center;\"><img loading=\"lazy\" decoding=\"async\" class=\"aligncenter\" src=\"https:\/\/i0.wp.com\/www.iucuellar.org\/2013\/imagenes\/Castillo\/EsculturaExposicion.jpg?resize=387%2C331&#038;ssl=1\" alt=\"\" width=\"387\" height=\"331\" data-recalc-dims=\"1\" \/><\/p>\n<p><span style=\"font-size: small;\">La Asamblea de Izquierda Unida de la Comarca de Cu\u00e9llar, en relaci\u00f3n a la sentencia de la<\/span><\/p>\n<p style=\"text-align: center;\"><span style=\"font-size: small;\"><em>Sala de lo Contencioso Administrativo del Tribunal Superior de Justicia de Castilla y Le\u00f3n.- Burgos,<\/em><\/span><\/p>\n<p style=\"text-align: center;\"><span style=\"font-size: small;\"><em>Secci\u00f3n 1\u00aa, <\/em><\/span><\/p>\n<p style=\"text-align: center;\"><span style=\"font-size: small;\"><em>presidida por el Ilmo. Sr. D. Eusebio Revilla Revilla<\/em><\/span><\/p>\n<p style=\"text-align: center;\"><span style=\"font-size: small;\"><em>SENTENCIA DE APELACI\u00d3N<\/em><\/span><\/p>\n<p style=\"text-align: center;\"><span style=\"font-size: small;\"><em>N\u00famero: 77\/2015<\/em><\/span><\/p>\n<p style=\"text-align: center;\"><span style=\"font-size: small;\"><em>Rollo de APELACI\u00d3N N\u00ba: 28\/2015<\/em><\/span><\/p>\n<p style=\"text-align: center;\"><span style=\"font-size: small;\"><em>Fecha: 17\/04\/2015<\/em><\/span><\/p>\n<p style=\"text-align: center;\"><span style=\"font-size: small;\"><em>Juzgado de lo Contencioso Administrativo n\u00ba de Segovia. P. O. 38\/2014<\/em><\/span><\/p>\n<p style=\"text-align: center;\"><span style=\"font-size: small;\"><em>Ponente D\u00aa. M. Bego\u00f1a Gonz\u00e1lez Garc\u00eda<\/em><\/span><\/p>\n<p style=\"text-align: center;\"><span style=\"font-size: small;\"><em>Secretario de Sala: Sr. Ruiz Hidobro<\/em><\/span><\/p>\n<p style=\"text-align: center;\"><span style=\"font-size: small;\"><em>Ilmos. Sres. :<\/em><\/span><\/p>\n<p style=\"text-align: center;\"><span style=\"font-size: small;\"><em>D. Eusebio Revilla Revilla<\/em><\/span><\/p>\n<p style=\"text-align: center;\"><span style=\"font-size: small;\"><em>D. Jos\u00e9 Mat\u00edas Alonso Mill\u00e1n <\/em><\/span><\/p>\n<p style=\"text-align: center;\"><span style=\"font-size: small;\"><em>D\u00aa. M. Bego\u00f1a Gonz\u00e1lez Garc\u00ed<\/em><\/span><\/p>\n<p style=\"text-align: center;\">&nbsp;<\/p>\n<p style=\"text-align: center;\"><span style=\"font-size: small;\"><em>Dada en Burgos a diecisiete de abril de dos mil quince<\/em><\/span><\/p>\n<p>&nbsp;<\/p>\n<p><span style=\"font-size: medium;\">acatamos la decisi\u00f3n del tribunal pero no la compartimos, y decimos por qu\u00e9:<\/span><\/p>\n<p><span style=\"font-size: medium;\">El decreto de alcald\u00eda n\u00ba 149\/2014 dice: <\/span><\/p>\n<p>\u201c<span style=\"font-size: medium;\"><em>Primero: ceder en precario y de forma gratuita el uso del terreno del dominio p\u00fablico necesario para la instalaci\u00f3n de escultura sobre pedestal en el jard\u00edn exterior del castillo de Cu\u00e9llar, con las caracter\u00edsticas referidas, <strong>excepto que no se considera adecuada la leyenda propuesta, por lo cual habr\u00e1 de acordarse una nueva leyenda<\/strong> en reuni\u00f3n de la Comisi\u00f3n Informativa de Urbanismo, Patrimonio, Comercio, Industria y Turismo de este Ayuntamiento.\u201d<\/em><\/span><\/p>\n<p>&nbsp;<\/p>\n<p><span style=\"font-size: medium;\">La sentencia a la que hacemos referencia en este comunicado dice en <\/span><\/p>\n<p><span style=\"font-size: medium;\"><em>FUNDAMENTOS DE DERECHO<\/em><\/span><\/p>\n<p><span style=\"font-size: medium;\"><em>SEGUNDO<\/em><\/span><\/p>\n<p>\u2026 <span style=\"font-size: medium;\"><em>por ello <strong>como se puede apreciar de la lectura de dicho Decreto, en modo alguno se est\u00e1 oponiendo el Ayuntamiento<\/strong>, como indica la sentencia a la colocaci\u00f3n de la escultura o <strong>a que se recoja una u otra leyenda en la misma<\/strong>, \u2026<\/em><\/span><\/p>\n<p>&nbsp;<\/p>\n<p><span style=\"font-size: medium;\">Nosotros, al contrario que el Tribunal Superior de Justicia de CyL, <strong>entendemos que claramente el decreto de alcald\u00eda se opone a la inclusi\u00f3n de la leyenda \u201cA LOS REPRESALIADOS DEL FRANQUISMO QUE CUMPLERON PENA EN ESTE CASTILLO\u201d<\/strong> y no comprendemos c\u00f3mo el tribunal no aprecia esa clara oposici\u00f3n.<\/span><\/p>\n<p><span style=\"font-size: medium;\">A partir de esta conclusi\u00f3n del Tribunal, desde nuestro punto de vista err\u00f3nea, la sentencia es la que es y como decimos, no la compartimos, porque dice el Tribunal que el Decreto de Alcald\u00eda dice lo que no dice ya que el Decreto se opone sin ambig\u00fcedades a una leyenda concreta (a la memoria de los represaliados) y quiere que se acuerde otra.<\/span><\/p>\n<p><span style=\"font-size: medium;\">Nos parece una enorme falta de rigor dar la vuelta al sentido de una frase tan sencilla de leer e interpretar, m\u00e1xime cuando se hace desde un Tribunal de Justicia.<\/span><\/p>\n<p><span style=\"font-size: medium;\">Lo que se ha propuesto desde la alcald\u00eda de Cu\u00e9llar es una frase del tipo <span style=\"color: #000000;\"><span style=\"font-family: Times New Roman,serif;\">\u201cen memoria a los presos pol\u00edticos y comunes\u201d, <\/span><\/span><a href=\"http:\/\/www.radiosegovia.com\/2015\/04\/21\/nuestra-tierra-jesus-garcia-alcalde-de-cuellar-martes-21-de-abril\/\">como podemos escuchar en sus declaraciones en Radio Cu\u00e9llar (a partir del minuto cinco y cincuenta segundos de la grabaci\u00f3n)<\/a><span style=\"color: #000000;\"><span style=\"font-family: Times New Roman,serif;\">. Y pretende que se decida una nueva leyenda, de ese tipo, en un \u00f3rgano en el que tiene mayor\u00eda el grupo pol\u00edtico del partido popular que se opone al homenaje a los Represaliados del Franquismo.<\/span><\/span><\/span><\/p>\n<p><span style=\"color: #000000;\"><span style=\"font-family: Times New Roman,serif;\"><span style=\"font-size: medium;\">\u00bfEn qu\u00e9 ley est\u00e1 escrito que se deban hacer homenajes a los presos comunes?. Nosotros no pretendemos homenajear a asesinos, violadores, o cualquier otro delincuente, NO LO VAMOS A HACER.<\/span><\/span><\/span><\/p>\n<p><span style=\"font-size: medium;\"><span style=\"color: #000000;\"><span style=\"font-family: Times New Roman,serif;\">Lo que hemos propuesto desde Izquierda Unida e<\/span><\/span><span style=\"color: #000000;\"><span style=\"font-family: Times New Roman,serif;\">s nuestro deseo de rendir homenaje y reconocimiento a todas las personas que por defender la legalidad democr\u00e1tica en Espa\u00f1a sufrieron la represi\u00f3n del fascismo y h<\/span><\/span><span style=\"color: #000000;\"><span style=\"font-family: Times New Roman,serif;\">abi\u00e9ndose creado en el a\u00f1o 1938 la \u201cPrisi\u00f3n Central de Cu\u00e9llar\u201d en el Castillo de Cu\u00e9llar para que en \u00e9l cumplieran pena personas condenadas por su desafecci\u00f3n con el r\u00e9gimen es por lo que hemos elegido un emplazamiento pr\u00f3ximo a \u00e9l para realizarlo.<\/span><\/span><\/span><\/p>\n<p><span style=\"color: #000000;\"><span style=\"font-family: Times New Roman,serif;\"><span style=\"font-size: medium;\">Con la instalaci\u00f3n de la escultura en homenaje a los represaliados del franquismo en el Castillo de Cu\u00e9llar se pretende hacer justicia con todas las personas que lucharon contra el franquismo defendiendo la democracia en la II Rep\u00fablica Espa\u00f1ola y durante la dictadura, y cuando decimos hacer justicia estamos hablando de reconocimiento y reparaci\u00f3n, en ning\u00fan caso de promover actitudes revanchistas.<\/span><\/span><\/span><\/p>\n<p><span style=\"font-size: medium;\"><span style=\"color: #000000;\"><span style=\"font-family: Times New Roman,serif;\">Es inmoral pretender equiparar los detenidos por delitos comunes (como puedan ser violaci\u00f3n, asesinato, etc.) con <\/span><\/span><span style=\"color: #000000;\"><span style=\"font-family: Times New Roman,serif;\">quienes fueron detenidos durante la guerra civil y la dictadura por <\/span><\/span><span style=\"color: #000000;\"><span style=\"font-family: Times New Roman,serif;\">la pertenencia, colaboraci\u00f3n o relaci\u00f3n con partidos pol\u00edticos, sindicatos, organizaciones religiosas o militares, etc.<\/span><\/span><\/span><\/p>\n<p><span style=\"font-size: medium;\">Seguimos pensando <span style=\"color: #000000;\"><span style=\"font-family: Times New Roman,serif;\">que la leyenda \u201cA LOS REPRESALIADOS DEL FRANQUISMO QUE CUMPLIERON PENA EN ESTE CASTILLO\u201d es acorde a lo aprobado un\u00e1nimemente por el Congreso de los Diputados el 20 de noviembre de 2002, a lo aprobado por el  Comit\u00e9 de la Asamblea Parlamentaria del Consejo de Europa el 17 de marzo de 2006, est\u00e1 amparado por la <\/span><\/span><span style=\"color: #000000;\"><span style=\"font-family: Times New Roman,serif;\"><em>Ley 52\/2007, de 26 de diciembre, por la que se reconocen y ampl\u00edan derechos y se establecen medidas en favor de quienes padecieron persecuci\u00f3n o violencia durante la guerra civil y la dictadura,<\/em><\/span><\/span><span style=\"color: #000000;\"><span style=\"font-family: Times New Roman,serif;\"> y<\/span><\/span><span style=\"color: #000000;\"><span style=\"font-family: Times New Roman,serif;\"> su ubicaci\u00f3n frente al Castillo se fundamenta en la historia del edificio, ya que se habilit\u00f3 como Prisi\u00f3n en el a\u00f1o 1938 para que en \u00e9l cumplieran pena personas condenadas por su desafecci\u00f3n con el r\u00e9gimen.<\/span><\/span><\/span><\/p>\n<p><span style=\"font-size: medium;\">Y por \u00faltimo se\u00f1alar la Ley 24\/2006, de 7 de julio, sobre declaraci\u00f3n del a\u00f1o 2006 como A\u00f1o de la Memoria Hist\u00f3rica, que en el punto 2 de su art\u00edculo \u00fanico dice<strong> \u201clos poderes p\u00fablicos promover\u00e1n y apoyar\u00e1n la celebraci\u00f3n de actos conmemorativos que estimulen la reflexi\u00f3n sobre aquellos hechos y el recuerdo y el reconocimiento de la labor de aquellas personas, asociaciones e instituciones\u201d.<\/strong><\/span><\/p>\n<p><span style=\"font-size: medium;\">Y tras leer esto nosotros nos preguntamos si un Ayuntamiento o un Tribunal no son poderes p\u00fablicos. Nos han dicho que el desconocimiento de la Ley no exime de su cumplimiento, pues bien, queremos que se cumpla la Ley, m\u00e1s aun cuando son los poderes p\u00fablicos, los encargados de aplicarla, qui\u00e9nes la incumplen.<\/span><\/p>\n<h1 style=\"text-align: center;\"><span style=\"text-decoration: underline;\"><strong><span style=\"font-size: medium;\">Por ello hemos decidido presentar un Recurso de Amparo ante el Tribunal Constitucional.<\/span><\/strong><\/span><\/h1>\n<p>&nbsp;<\/p>\n<p style=\"text-align: center;\"><img loading=\"lazy\" decoding=\"async\" class=\"aligncenter\" src=\"https:\/\/i0.wp.com\/www.iucuellar.org\/2015\/imagenes\/Castillo\/EsculturaALosRerpresaliados.jpg?resize=480%2C640&#038;ssl=1\" alt=\"\" width=\"480\" height=\"640\" data-recalc-dims=\"1\" \/><\/p>\n<p style=\"text-align: center;\"><strong><span style=\"color: #000000;\">\u201c<span style=\"font-family: Times New Roman,serif;\"><span style=\"font-size: x-small;\">A LOS REPRESALIADOS DEL FRANQUISMO QUE CUMPLIERON PENA EN ESTE CASTILLO\u201d<\/span><\/span><\/span><\/strong><\/p>\n","protected":false},"excerpt":{"rendered":"<p>Este fin de semana la Canciller alemana Angela Merkel estuvo en el el campo de concentraci\u00f3n de Dachau en la<\/p>\n","protected":false},"author":1,"featured_media":0,"comment_status":"open","ping_status":"open","sticky":false,"template":"","format":"standard","meta":{"sfsi_plus_gutenberg_text_before_share":"","sfsi_plus_gutenberg_show_text_before_share":"","sfsi_plus_gutenberg_icon_type":"","sfsi_plus_gutenberg_icon_alignemt":"","sfsi_plus_gutenburg_max_per_row":"","_exactmetrics_skip_tracking":false,"_exactmetrics_sitenote_active":false,"_exactmetrics_sitenote_note":"","_exactmetrics_sitenote_category":0,"ngg_post_thumbnail":0,"_jetpack_memberships_contains_paid_content":false,"footnotes":""},"categories":[21,23],"tags":[],"yoast_head":"<!-- This site is optimized with the Yoast SEO plugin v22.9 - https:\/\/yoast.com\/wordpress\/plugins\/seo\/ -->\r\n<title>Sentencia desfavorable &quot;A la Memoria de los Represaliados del Franquismo en el Castillo de Cu\u00e9llar&quot; - Izquierda Unida Cu\u00e9llar<\/title>\r\n<meta name=\"robots\" content=\"index, follow, max-snippet:-1, max-image-preview:large, max-video-preview:-1\" \/>\r\n<link rel=\"canonical\" href=\"https:\/\/www.iucuellar.org\/?p=1797\" \/>\r\n<meta property=\"og:locale\" content=\"es_ES\" \/>\r\n<meta property=\"og:type\" content=\"article\" \/>\r\n<meta property=\"og:title\" content=\"Sentencia desfavorable &quot;A la Memoria de los Represaliados del Franquismo en el Castillo de Cu\u00e9llar&quot; - Izquierda Unida Cu\u00e9llar\" \/>\r\n<meta property=\"og:description\" content=\"Este fin de semana la Canciller alemana Angela Merkel estuvo en el el campo de concentraci\u00f3n de Dachau en la\" \/>\r\n<meta property=\"og:url\" content=\"https:\/\/www.iucuellar.org\/?p=1797\" \/>\r\n<meta property=\"og:site_name\" content=\"Izquierda Unida Cu\u00e9llar\" \/>\r\n<meta property=\"article:publisher\" content=\"https:\/\/www.facebook.com\/iucuellar\" \/>\r\n<meta property=\"article:published_time\" content=\"2015-05-05T01:09:18+00:00\" \/>\r\n<meta property=\"article:modified_time\" content=\"2017-02-28T12:17:23+00:00\" \/>\r\n<meta property=\"og:image\" content=\"http:\/\/www.iucuellar.org\/2013\/imagenes\/Castillo\/EsculturaExposicion.jpg\" \/>\r\n<meta name=\"author\" content=\"Comunicaci\u00f3n\" \/>\r\n<meta name=\"twitter:card\" content=\"summary_large_image\" \/>\r\n<meta name=\"twitter:creator\" content=\"@IU_CUELLAR\" \/>\r\n<meta name=\"twitter:site\" content=\"@IU_CUELLAR\" \/>\r\n<meta name=\"twitter:label1\" content=\"Escrito por\" \/>\n\t<meta name=\"twitter:data1\" content=\"Comunicaci\u00f3n\" \/>\n\t<meta name=\"twitter:label2\" content=\"Tiempo de lectura\" \/>\n\t<meta name=\"twitter:data2\" content=\"6 minutos\" \/>\r\n<script type=\"application\/ld+json\" class=\"yoast-schema-graph\">{\"@context\":\"https:\/\/schema.org\",\"@graph\":[{\"@type\":\"Article\",\"@id\":\"https:\/\/www.iucuellar.org\/?p=1797#article\",\"isPartOf\":{\"@id\":\"https:\/\/www.iucuellar.org\/?p=1797\"},\"author\":{\"name\":\"Comunicaci\u00f3n\",\"@id\":\"https:\/\/www.iucuellar.org\/#\/schema\/person\/0ed49683a220f525fdeb90989b5c672d\"},\"headline\":\"Sentencia desfavorable &#8220;A la Memoria de los Represaliados del Franquismo en el Castillo de Cu\u00e9llar&#8221;\",\"datePublished\":\"2015-05-05T01:09:18+00:00\",\"dateModified\":\"2017-02-28T12:17:23+00:00\",\"mainEntityOfPage\":{\"@id\":\"https:\/\/www.iucuellar.org\/?p=1797\"},\"wordCount\":1160,\"commentCount\":0,\"publisher\":{\"@id\":\"https:\/\/www.iucuellar.org\/#organization\"},\"image\":{\"@id\":\"https:\/\/www.iucuellar.org\/?p=1797#primaryimage\"},\"thumbnailUrl\":\"http:\/\/www.iucuellar.org\/2013\/imagenes\/Castillo\/EsculturaExposicion.jpg\",\"articleSection\":[\"Izquierda Unida\",\"Rep\u00fablica\"],\"inLanguage\":\"es\",\"potentialAction\":[{\"@type\":\"CommentAction\",\"name\":\"Comment\",\"target\":[\"https:\/\/www.iucuellar.org\/?p=1797#respond\"]}]},{\"@type\":\"WebPage\",\"@id\":\"https:\/\/www.iucuellar.org\/?p=1797\",\"url\":\"https:\/\/www.iucuellar.org\/?p=1797\",\"name\":\"Sentencia desfavorable \\\"A la Memoria de los Represaliados del Franquismo en el Castillo de Cu\u00e9llar\\\" - Izquierda Unida Cu\u00e9llar\",\"isPartOf\":{\"@id\":\"https:\/\/www.iucuellar.org\/#website\"},\"primaryImageOfPage\":{\"@id\":\"https:\/\/www.iucuellar.org\/?p=1797#primaryimage\"},\"image\":{\"@id\":\"https:\/\/www.iucuellar.org\/?p=1797#primaryimage\"},\"thumbnailUrl\":\"http:\/\/www.iucuellar.org\/2013\/imagenes\/Castillo\/EsculturaExposicion.jpg\",\"datePublished\":\"2015-05-05T01:09:18+00:00\",\"dateModified\":\"2017-02-28T12:17:23+00:00\",\"breadcrumb\":{\"@id\":\"https:\/\/www.iucuellar.org\/?p=1797#breadcrumb\"},\"inLanguage\":\"es\",\"potentialAction\":[{\"@type\":\"ReadAction\",\"target\":[\"https:\/\/www.iucuellar.org\/?p=1797\"]}]},{\"@type\":\"ImageObject\",\"inLanguage\":\"es\",\"@id\":\"https:\/\/www.iucuellar.org\/?p=1797#primaryimage\",\"url\":\"http:\/\/www.iucuellar.org\/2013\/imagenes\/Castillo\/EsculturaExposicion.jpg\",\"contentUrl\":\"http:\/\/www.iucuellar.org\/2013\/imagenes\/Castillo\/EsculturaExposicion.jpg\"},{\"@type\":\"BreadcrumbList\",\"@id\":\"https:\/\/www.iucuellar.org\/?p=1797#breadcrumb\",\"itemListElement\":[{\"@type\":\"ListItem\",\"position\":1,\"name\":\"Inicio\",\"item\":\"https:\/\/www.iucuellar.org\/\"},{\"@type\":\"ListItem\",\"position\":2,\"name\":\"Sentencia desfavorable \u00abA la Memoria de los Represaliados del Franquismo en el Castillo de Cu\u00e9llar\u00bb\"}]},{\"@type\":\"WebSite\",\"@id\":\"https:\/\/www.iucuellar.org\/#website\",\"url\":\"https:\/\/www.iucuellar.org\/\",\"name\":\"Izquierda Unida Cu\u00e9llar y Comarca\",\"description\":\"Lugar de opini\u00f3n y discusi\u00f3n de la izquierda\",\"publisher\":{\"@id\":\"https:\/\/www.iucuellar.org\/#organization\"},\"potentialAction\":[{\"@type\":\"SearchAction\",\"target\":{\"@type\":\"EntryPoint\",\"urlTemplate\":\"https:\/\/www.iucuellar.org\/?s={search_term_string}\"},\"query-input\":\"required name=search_term_string\"}],\"inLanguage\":\"es\"},{\"@type\":\"Organization\",\"@id\":\"https:\/\/www.iucuellar.org\/#organization\",\"name\":\"IU CUELLAR\",\"url\":\"https:\/\/www.iucuellar.org\/\",\"logo\":{\"@type\":\"ImageObject\",\"inLanguage\":\"es\",\"@id\":\"https:\/\/www.iucuellar.org\/#\/schema\/logo\/image\/\",\"url\":\"https:\/\/i0.wp.com\/www.iucuellar.org\/public\/2022\/07\/cropped-avatar_redondo_Twitter.png?fit=512%2C512&ssl=1\",\"contentUrl\":\"https:\/\/i0.wp.com\/www.iucuellar.org\/public\/2022\/07\/cropped-avatar_redondo_Twitter.png?fit=512%2C512&ssl=1\",\"width\":512,\"height\":512,\"caption\":\"IU CUELLAR\"},\"image\":{\"@id\":\"https:\/\/www.iucuellar.org\/#\/schema\/logo\/image\/\"},\"sameAs\":[\"https:\/\/www.facebook.com\/iucuellar\",\"https:\/\/x.com\/IU_CUELLAR\",\"https:\/\/www.instagram.com\/iucuellar\/\",\"https:\/\/www.threads.net\/@iucuellar\"]},{\"@type\":\"Person\",\"@id\":\"https:\/\/www.iucuellar.org\/#\/schema\/person\/0ed49683a220f525fdeb90989b5c672d\",\"name\":\"Comunicaci\u00f3n\",\"image\":{\"@type\":\"ImageObject\",\"inLanguage\":\"es\",\"@id\":\"https:\/\/www.iucuellar.org\/#\/schema\/person\/image\/\",\"url\":\"https:\/\/secure.gravatar.com\/avatar\/1bb1e96b498ea4b5098098798744923e?s=96&d=mm&r=g\",\"contentUrl\":\"https:\/\/secure.gravatar.com\/avatar\/1bb1e96b498ea4b5098098798744923e?s=96&d=mm&r=g\",\"caption\":\"Comunicaci\u00f3n\"},\"url\":\"https:\/\/www.iucuellar.org\/?author=1\"}]}<\/script>\r\n<!-- \/ Yoast SEO plugin. -->","yoast_head_json":{"title":"Sentencia desfavorable \"A la Memoria de los Represaliados del Franquismo en el Castillo de Cu\u00e9llar\" - Izquierda Unida Cu\u00e9llar","robots":{"index":"index","follow":"follow","max-snippet":"max-snippet:-1","max-image-preview":"max-image-preview:large","max-video-preview":"max-video-preview:-1"},"canonical":"https:\/\/www.iucuellar.org\/?p=1797","og_locale":"es_ES","og_type":"article","og_title":"Sentencia desfavorable \"A la Memoria de los Represaliados del Franquismo en el Castillo de Cu\u00e9llar\" - Izquierda Unida Cu\u00e9llar","og_description":"Este fin de semana la Canciller alemana Angela Merkel estuvo en el el campo de concentraci\u00f3n de Dachau en la","og_url":"https:\/\/www.iucuellar.org\/?p=1797","og_site_name":"Izquierda Unida Cu\u00e9llar","article_publisher":"https:\/\/www.facebook.com\/iucuellar","article_published_time":"2015-05-05T01:09:18+00:00","article_modified_time":"2017-02-28T12:17:23+00:00","og_image":[{"url":"http:\/\/www.iucuellar.org\/2013\/imagenes\/Castillo\/EsculturaExposicion.jpg"}],"author":"Comunicaci\u00f3n","twitter_card":"summary_large_image","twitter_creator":"@IU_CUELLAR","twitter_site":"@IU_CUELLAR","twitter_misc":{"Escrito por":"Comunicaci\u00f3n","Tiempo de lectura":"6 minutos"},"schema":{"@context":"https:\/\/schema.org","@graph":[{"@type":"Article","@id":"https:\/\/www.iucuellar.org\/?p=1797#article","isPartOf":{"@id":"https:\/\/www.iucuellar.org\/?p=1797"},"author":{"name":"Comunicaci\u00f3n","@id":"https:\/\/www.iucuellar.org\/#\/schema\/person\/0ed49683a220f525fdeb90989b5c672d"},"headline":"Sentencia desfavorable &#8220;A la Memoria de los Represaliados del Franquismo en el Castillo de Cu\u00e9llar&#8221;","datePublished":"2015-05-05T01:09:18+00:00","dateModified":"2017-02-28T12:17:23+00:00","mainEntityOfPage":{"@id":"https:\/\/www.iucuellar.org\/?p=1797"},"wordCount":1160,"commentCount":0,"publisher":{"@id":"https:\/\/www.iucuellar.org\/#organization"},"image":{"@id":"https:\/\/www.iucuellar.org\/?p=1797#primaryimage"},"thumbnailUrl":"http:\/\/www.iucuellar.org\/2013\/imagenes\/Castillo\/EsculturaExposicion.jpg","articleSection":["Izquierda Unida","Rep\u00fablica"],"inLanguage":"es","potentialAction":[{"@type":"CommentAction","name":"Comment","target":["https:\/\/www.iucuellar.org\/?p=1797#respond"]}]},{"@type":"WebPage","@id":"https:\/\/www.iucuellar.org\/?p=1797","url":"https:\/\/www.iucuellar.org\/?p=1797","name":"Sentencia desfavorable \"A la Memoria de los Represaliados del Franquismo en el Castillo de Cu\u00e9llar\" - Izquierda Unida Cu\u00e9llar","isPartOf":{"@id":"https:\/\/www.iucuellar.org\/#website"},"primaryImageOfPage":{"@id":"https:\/\/www.iucuellar.org\/?p=1797#primaryimage"},"image":{"@id":"https:\/\/www.iucuellar.org\/?p=1797#primaryimage"},"thumbnailUrl":"http:\/\/www.iucuellar.org\/2013\/imagenes\/Castillo\/EsculturaExposicion.jpg","datePublished":"2015-05-05T01:09:18+00:00","dateModified":"2017-02-28T12:17:23+00:00","breadcrumb":{"@id":"https:\/\/www.iucuellar.org\/?p=1797#breadcrumb"},"inLanguage":"es","potentialAction":[{"@type":"ReadAction","target":["https:\/\/www.iucuellar.org\/?p=1797"]}]},{"@type":"ImageObject","inLanguage":"es","@id":"https:\/\/www.iucuellar.org\/?p=1797#primaryimage","url":"http:\/\/www.iucuellar.org\/2013\/imagenes\/Castillo\/EsculturaExposicion.jpg","contentUrl":"http:\/\/www.iucuellar.org\/2013\/imagenes\/Castillo\/EsculturaExposicion.jpg"},{"@type":"BreadcrumbList","@id":"https:\/\/www.iucuellar.org\/?p=1797#breadcrumb","itemListElement":[{"@type":"ListItem","position":1,"name":"Inicio","item":"https:\/\/www.iucuellar.org\/"},{"@type":"ListItem","position":2,"name":"Sentencia desfavorable \u00abA la Memoria de los Represaliados del Franquismo en el Castillo de Cu\u00e9llar\u00bb"}]},{"@type":"WebSite","@id":"https:\/\/www.iucuellar.org\/#website","url":"https:\/\/www.iucuellar.org\/","name":"Izquierda Unida Cu\u00e9llar y Comarca","description":"Lugar de opini\u00f3n y discusi\u00f3n de la izquierda","publisher":{"@id":"https:\/\/www.iucuellar.org\/#organization"},"potentialAction":[{"@type":"SearchAction","target":{"@type":"EntryPoint","urlTemplate":"https:\/\/www.iucuellar.org\/?s={search_term_string}"},"query-input":"required name=search_term_string"}],"inLanguage":"es"},{"@type":"Organization","@id":"https:\/\/www.iucuellar.org\/#organization","name":"IU CUELLAR","url":"https:\/\/www.iucuellar.org\/","logo":{"@type":"ImageObject","inLanguage":"es","@id":"https:\/\/www.iucuellar.org\/#\/schema\/logo\/image\/","url":"https:\/\/i0.wp.com\/www.iucuellar.org\/public\/2022\/07\/cropped-avatar_redondo_Twitter.png?fit=512%2C512&ssl=1","contentUrl":"https:\/\/i0.wp.com\/www.iucuellar.org\/public\/2022\/07\/cropped-avatar_redondo_Twitter.png?fit=512%2C512&ssl=1","width":512,"height":512,"caption":"IU CUELLAR"},"image":{"@id":"https:\/\/www.iucuellar.org\/#\/schema\/logo\/image\/"},"sameAs":["https:\/\/www.facebook.com\/iucuellar","https:\/\/x.com\/IU_CUELLAR","https:\/\/www.instagram.com\/iucuellar\/","https:\/\/www.threads.net\/@iucuellar"]},{"@type":"Person","@id":"https:\/\/www.iucuellar.org\/#\/schema\/person\/0ed49683a220f525fdeb90989b5c672d","name":"Comunicaci\u00f3n","image":{"@type":"ImageObject","inLanguage":"es","@id":"https:\/\/www.iucuellar.org\/#\/schema\/person\/image\/","url":"https:\/\/secure.gravatar.com\/avatar\/1bb1e96b498ea4b5098098798744923e?s=96&d=mm&r=g","contentUrl":"https:\/\/secure.gravatar.com\/avatar\/1bb1e96b498ea4b5098098798744923e?s=96&d=mm&r=g","caption":"Comunicaci\u00f3n"},"url":"https:\/\/www.iucuellar.org\/?author=1"}]}},"jetpack_featured_media_url":"","jetpack_sharing_enabled":true,"jetpack_shortlink":"https:\/\/wp.me\/p8rn8P-sZ","_links":{"self":[{"href":"https:\/\/www.iucuellar.org\/index.php?rest_route=\/wp\/v2\/posts\/1797"}],"collection":[{"href":"https:\/\/www.iucuellar.org\/index.php?rest_route=\/wp\/v2\/posts"}],"about":[{"href":"https:\/\/www.iucuellar.org\/index.php?rest_route=\/wp\/v2\/types\/post"}],"author":[{"embeddable":true,"href":"https:\/\/www.iucuellar.org\/index.php?rest_route=\/wp\/v2\/users\/1"}],"replies":[{"embeddable":true,"href":"https:\/\/www.iucuellar.org\/index.php?rest_route=%2Fwp%2Fv2%2Fcomments&post=1797"}],"version-history":[{"count":26,"href":"https:\/\/www.iucuellar.org\/index.php?rest_route=\/wp\/v2\/posts\/1797\/revisions"}],"predecessor-version":[{"id":1823,"href":"https:\/\/www.iucuellar.org\/index.php?rest_route=\/wp\/v2\/posts\/1797\/revisions\/1823"}],"wp:attachment":[{"href":"https:\/\/www.iucuellar.org\/index.php?rest_route=%2Fwp%2Fv2%2Fmedia&parent=1797"}],"wp:term":[{"taxonomy":"category","embeddable":true,"href":"https:\/\/www.iucuellar.org\/index.php?rest_route=%2Fwp%2Fv2%2Fcategories&post=1797"},{"taxonomy":"post_tag","embeddable":true,"href":"https:\/\/www.iucuellar.org\/index.php?rest_route=%2Fwp%2Fv2%2Ftags&post=1797"}],"curies":[{"name":"wp","href":"https:\/\/api.w.org\/{rel}","templated":true}]}}