{"id":1851,"date":"2015-06-14T22:15:47","date_gmt":"2015-06-14T21:15:47","guid":{"rendered":"http:\/\/www.iucuellar.org\/?p=1851"},"modified":"2023-12-28T16:17:47","modified_gmt":"2023-12-28T15:17:47","slug":"toma-de-posesion-de-los-dos-concejales-de-izquierda-unida","status":"publish","type":"post","link":"https:\/\/www.iucuellar.org\/?p=1851","title":{"rendered":"Toma de posesi\u00f3n de los dos concejales de Izquierda Unida"},"content":{"rendered":"<p style=\"text-align: center;\">&nbsp;<\/p>\n<p><iframe loading=\"lazy\" src=\"https:\/\/www.youtube.com\/embed\/MN2catjlqSY\" width=\"420\" height=\"315\" frameborder=\"0\" allowfullscreen=\"allowfullscreen\"><\/iframe><br \/>\n<span style=\"font-size: medium;\">Desde Izquierda Unida de Cu\u00e9llar, queremos, en primer lugar, expresar nuestro agradecimiento a todas aquellas personas que el pasado 24 de Mayo, depositaron su confianza en la candidatura presentada a las elecciones municipales, as\u00ed como a las personas que han colaborado con nosotros.<\/span><\/p>\n<p><span style=\"font-size: medium;\">Los dos concejales actuales de esta formaci\u00f3n, continuaremos transmitiendo las propuestas de la ciudadan\u00eda a los plenos y <\/span><span style=\"font-family: Albertus Medium,serif;\"><span style=\"font-size: medium;\">apoyando cuestiones de inter\u00e9s general que supongan una mayor calidad de vida para los\/as vecinos\/as<\/span><\/span><span style=\"font-size: medium;\"> y seguiremos oponi\u00e9ndonos a cualquier intento de privatizaci\u00f3n de los servicios p\u00fablicos<\/span><\/p>\n<p><span style=\"font-size: medium;\">Tambi\u00e9n felicitar al PP por su mayor\u00eda absoluta, pero solicitarle en aras de una mayor transparencia y democracia, que sean integrados en todos los \u00f3rganos de gobierno municipal, la presencia y la voz de ese 46,80 % de votantes, que representamos en este momento los dos grupos la oposici\u00f3n.<\/span><\/p>\n<p><span style=\"font-size: medium;\">Gracias de antemano y aqu\u00ed estamos para seguir trabajando en beneficio de nuestro pueblo y sus vecinos y vecinas.<\/span><\/p>\n<p style=\"text-align: center;\"><span style=\"text-decoration: underline;\"><strong><span style=\"font-size: medium;\"><a href=\"https:\/\/resultados.elpais.com\/elecciones\/2015\/municipales\/08\/40\/63.html\" target=\"_blank\" rel=\"noopener\">Resultados electorales en Cu\u00e9llar<\/a><\/span><\/strong><\/span><\/p>\n<p style=\"text-align: center;\"><span style=\"font-size: medium;\"><a href=\"http:\/\/resultadoslocales2015.interior.es\/99MU\/DMU0840906399_L1.htm?d=1320\" target=\"_blank\" rel=\"noopener\" class=\"broken_link\"><img loading=\"lazy\" decoding=\"async\" class=\"aligncenter\" src=\"https:\/\/i0.wp.com\/www.iucuellar.org\/2015\/imagenes\/Elecciones\/20150602ResultadosDefinitivosMunicipales.jpg?resize=685%2C363&#038;ssl=1\" alt=\"\" width=\"685\" height=\"363\"  data-recalc-dims=\"1\"><\/a><br \/>\n<\/span><\/p>\n","protected":false},"excerpt":{"rendered":"<p>&nbsp; Desde Izquierda Unida de Cu\u00e9llar, queremos, en primer lugar, expresar nuestro agradecimiento a todas aquellas personas que el pasado<\/p>\n","protected":false},"author":1,"featured_media":0,"comment_status":"open","ping_status":"open","sticky":false,"template":"","format":"standard","meta":{"sfsi_plus_gutenberg_text_before_share":"","sfsi_plus_gutenberg_show_text_before_share":"","sfsi_plus_gutenberg_icon_type":"","sfsi_plus_gutenberg_icon_alignemt":"","sfsi_plus_gutenburg_max_per_row":"","_exactmetrics_skip_tracking":false,"_exactmetrics_sitenote_active":false,"_exactmetrics_sitenote_note":"","_exactmetrics_sitenote_category":0,"ngg_post_thumbnail":0,"_jetpack_memberships_contains_paid_content":false,"footnotes":""},"categories":[24,21],"tags":[],"yoast_head":"<!-- This site is optimized with the Yoast SEO plugin v22.9 - https:\/\/yoast.com\/wordpress\/plugins\/seo\/ -->\r\n<title>Toma de posesi\u00f3n de los dos concejales de Izquierda Unida - Izquierda Unida Cu\u00e9llar<\/title>\r\n<meta name=\"robots\" content=\"index, follow, max-snippet:-1, max-image-preview:large, max-video-preview:-1\" \/>\r\n<link rel=\"canonical\" href=\"https:\/\/www.iucuellar.org\/?p=1851\" \/>\r\n<meta property=\"og:locale\" content=\"es_ES\" \/>\r\n<meta property=\"og:type\" content=\"article\" \/>\r\n<meta property=\"og:title\" content=\"Toma de posesi\u00f3n de los dos concejales de Izquierda Unida - Izquierda Unida Cu\u00e9llar\" \/>\r\n<meta property=\"og:description\" content=\"&nbsp; Desde Izquierda Unida de Cu\u00e9llar, queremos, en primer lugar, expresar nuestro agradecimiento a todas aquellas personas que el pasado\" \/>\r\n<meta property=\"og:url\" content=\"https:\/\/www.iucuellar.org\/?p=1851\" \/>\r\n<meta property=\"og:site_name\" content=\"Izquierda Unida Cu\u00e9llar\" \/>\r\n<meta property=\"article:publisher\" content=\"https:\/\/www.facebook.com\/iucuellar\" \/>\r\n<meta property=\"article:published_time\" content=\"2015-06-14T21:15:47+00:00\" \/>\r\n<meta property=\"article:modified_time\" content=\"2023-12-28T15:17:47+00:00\" \/>\r\n<meta property=\"og:image\" content=\"http:\/\/www.iucuellar.org\/2015\/imagenes\/Elecciones\/20150602ResultadosDefinitivosMunicipales.jpg\" \/>\r\n<meta name=\"author\" content=\"Comunicaci\u00f3n\" \/>\r\n<meta name=\"twitter:card\" content=\"summary_large_image\" \/>\r\n<meta name=\"twitter:creator\" content=\"@IU_CUELLAR\" \/>\r\n<meta name=\"twitter:site\" content=\"@IU_CUELLAR\" \/>\r\n<meta name=\"twitter:label1\" content=\"Escrito por\" \/>\n\t<meta name=\"twitter:data1\" content=\"Comunicaci\u00f3n\" \/>\n\t<meta name=\"twitter:label2\" content=\"Tiempo de lectura\" \/>\n\t<meta name=\"twitter:data2\" content=\"1 minuto\" \/>\r\n<script type=\"application\/ld+json\" class=\"yoast-schema-graph\">{\"@context\":\"https:\/\/schema.org\",\"@graph\":[{\"@type\":\"Article\",\"@id\":\"https:\/\/www.iucuellar.org\/?p=1851#article\",\"isPartOf\":{\"@id\":\"https:\/\/www.iucuellar.org\/?p=1851\"},\"author\":{\"name\":\"Comunicaci\u00f3n\",\"@id\":\"https:\/\/www.iucuellar.org\/#\/schema\/person\/0ed49683a220f525fdeb90989b5c672d\"},\"headline\":\"Toma de posesi\u00f3n de los dos concejales de Izquierda Unida\",\"datePublished\":\"2015-06-14T21:15:47+00:00\",\"dateModified\":\"2023-12-28T15:17:47+00:00\",\"mainEntityOfPage\":{\"@id\":\"https:\/\/www.iucuellar.org\/?p=1851\"},\"wordCount\":182,\"commentCount\":0,\"publisher\":{\"@id\":\"https:\/\/www.iucuellar.org\/#organization\"},\"image\":{\"@id\":\"https:\/\/www.iucuellar.org\/?p=1851#primaryimage\"},\"thumbnailUrl\":\"http:\/\/www.iucuellar.org\/2015\/imagenes\/Elecciones\/20150602ResultadosDefinitivosMunicipales.jpg\",\"articleSection\":[\"Elecciones\",\"Izquierda Unida\"],\"inLanguage\":\"es\",\"potentialAction\":[{\"@type\":\"CommentAction\",\"name\":\"Comment\",\"target\":[\"https:\/\/www.iucuellar.org\/?p=1851#respond\"]}]},{\"@type\":\"WebPage\",\"@id\":\"https:\/\/www.iucuellar.org\/?p=1851\",\"url\":\"https:\/\/www.iucuellar.org\/?p=1851\",\"name\":\"Toma de posesi\u00f3n de los dos concejales de Izquierda Unida - Izquierda Unida Cu\u00e9llar\",\"isPartOf\":{\"@id\":\"https:\/\/www.iucuellar.org\/#website\"},\"primaryImageOfPage\":{\"@id\":\"https:\/\/www.iucuellar.org\/?p=1851#primaryimage\"},\"image\":{\"@id\":\"https:\/\/www.iucuellar.org\/?p=1851#primaryimage\"},\"thumbnailUrl\":\"http:\/\/www.iucuellar.org\/2015\/imagenes\/Elecciones\/20150602ResultadosDefinitivosMunicipales.jpg\",\"datePublished\":\"2015-06-14T21:15:47+00:00\",\"dateModified\":\"2023-12-28T15:17:47+00:00\",\"breadcrumb\":{\"@id\":\"https:\/\/www.iucuellar.org\/?p=1851#breadcrumb\"},\"inLanguage\":\"es\",\"potentialAction\":[{\"@type\":\"ReadAction\",\"target\":[\"https:\/\/www.iucuellar.org\/?p=1851\"]}]},{\"@type\":\"ImageObject\",\"inLanguage\":\"es\",\"@id\":\"https:\/\/www.iucuellar.org\/?p=1851#primaryimage\",\"url\":\"http:\/\/www.iucuellar.org\/2015\/imagenes\/Elecciones\/20150602ResultadosDefinitivosMunicipales.jpg\",\"contentUrl\":\"http:\/\/www.iucuellar.org\/2015\/imagenes\/Elecciones\/20150602ResultadosDefinitivosMunicipales.jpg\"},{\"@type\":\"BreadcrumbList\",\"@id\":\"https:\/\/www.iucuellar.org\/?p=1851#breadcrumb\",\"itemListElement\":[{\"@type\":\"ListItem\",\"position\":1,\"name\":\"Inicio\",\"item\":\"https:\/\/www.iucuellar.org\/\"},{\"@type\":\"ListItem\",\"position\":2,\"name\":\"Toma de posesi\u00f3n de los dos concejales de Izquierda Unida\"}]},{\"@type\":\"WebSite\",\"@id\":\"https:\/\/www.iucuellar.org\/#website\",\"url\":\"https:\/\/www.iucuellar.org\/\",\"name\":\"Izquierda Unida Cu\u00e9llar y Comarca\",\"description\":\"Lugar de opini\u00f3n y discusi\u00f3n de la izquierda\",\"publisher\":{\"@id\":\"https:\/\/www.iucuellar.org\/#organization\"},\"potentialAction\":[{\"@type\":\"SearchAction\",\"target\":{\"@type\":\"EntryPoint\",\"urlTemplate\":\"https:\/\/www.iucuellar.org\/?s={search_term_string}\"},\"query-input\":\"required name=search_term_string\"}],\"inLanguage\":\"es\"},{\"@type\":\"Organization\",\"@id\":\"https:\/\/www.iucuellar.org\/#organization\",\"name\":\"IU CUELLAR\",\"url\":\"https:\/\/www.iucuellar.org\/\",\"logo\":{\"@type\":\"ImageObject\",\"inLanguage\":\"es\",\"@id\":\"https:\/\/www.iucuellar.org\/#\/schema\/logo\/image\/\",\"url\":\"https:\/\/i0.wp.com\/www.iucuellar.org\/public\/2022\/07\/cropped-avatar_redondo_Twitter.png?fit=512%2C512&ssl=1\",\"contentUrl\":\"https:\/\/i0.wp.com\/www.iucuellar.org\/public\/2022\/07\/cropped-avatar_redondo_Twitter.png?fit=512%2C512&ssl=1\",\"width\":512,\"height\":512,\"caption\":\"IU CUELLAR\"},\"image\":{\"@id\":\"https:\/\/www.iucuellar.org\/#\/schema\/logo\/image\/\"},\"sameAs\":[\"https:\/\/www.facebook.com\/iucuellar\",\"https:\/\/x.com\/IU_CUELLAR\",\"https:\/\/www.instagram.com\/iucuellar\/\",\"https:\/\/www.threads.net\/@iucuellar\"]},{\"@type\":\"Person\",\"@id\":\"https:\/\/www.iucuellar.org\/#\/schema\/person\/0ed49683a220f525fdeb90989b5c672d\",\"name\":\"Comunicaci\u00f3n\",\"image\":{\"@type\":\"ImageObject\",\"inLanguage\":\"es\",\"@id\":\"https:\/\/www.iucuellar.org\/#\/schema\/person\/image\/\",\"url\":\"https:\/\/secure.gravatar.com\/avatar\/1bb1e96b498ea4b5098098798744923e?s=96&d=mm&r=g\",\"contentUrl\":\"https:\/\/secure.gravatar.com\/avatar\/1bb1e96b498ea4b5098098798744923e?s=96&d=mm&r=g\",\"caption\":\"Comunicaci\u00f3n\"},\"url\":\"https:\/\/www.iucuellar.org\/?author=1\"}]}<\/script>\r\n<!-- \/ Yoast SEO plugin. -->","yoast_head_json":{"title":"Toma de posesi\u00f3n de los dos concejales de Izquierda Unida - Izquierda Unida Cu\u00e9llar","robots":{"index":"index","follow":"follow","max-snippet":"max-snippet:-1","max-image-preview":"max-image-preview:large","max-video-preview":"max-video-preview:-1"},"canonical":"https:\/\/www.iucuellar.org\/?p=1851","og_locale":"es_ES","og_type":"article","og_title":"Toma de posesi\u00f3n de los dos concejales de Izquierda Unida - Izquierda Unida Cu\u00e9llar","og_description":"&nbsp; Desde Izquierda Unida de Cu\u00e9llar, queremos, en primer lugar, expresar nuestro agradecimiento a todas aquellas personas que el pasado","og_url":"https:\/\/www.iucuellar.org\/?p=1851","og_site_name":"Izquierda Unida Cu\u00e9llar","article_publisher":"https:\/\/www.facebook.com\/iucuellar","article_published_time":"2015-06-14T21:15:47+00:00","article_modified_time":"2023-12-28T15:17:47+00:00","og_image":[{"url":"http:\/\/www.iucuellar.org\/2015\/imagenes\/Elecciones\/20150602ResultadosDefinitivosMunicipales.jpg"}],"author":"Comunicaci\u00f3n","twitter_card":"summary_large_image","twitter_creator":"@IU_CUELLAR","twitter_site":"@IU_CUELLAR","twitter_misc":{"Escrito por":"Comunicaci\u00f3n","Tiempo de lectura":"1 minuto"},"schema":{"@context":"https:\/\/schema.org","@graph":[{"@type":"Article","@id":"https:\/\/www.iucuellar.org\/?p=1851#article","isPartOf":{"@id":"https:\/\/www.iucuellar.org\/?p=1851"},"author":{"name":"Comunicaci\u00f3n","@id":"https:\/\/www.iucuellar.org\/#\/schema\/person\/0ed49683a220f525fdeb90989b5c672d"},"headline":"Toma de posesi\u00f3n de los dos concejales de Izquierda Unida","datePublished":"2015-06-14T21:15:47+00:00","dateModified":"2023-12-28T15:17:47+00:00","mainEntityOfPage":{"@id":"https:\/\/www.iucuellar.org\/?p=1851"},"wordCount":182,"commentCount":0,"publisher":{"@id":"https:\/\/www.iucuellar.org\/#organization"},"image":{"@id":"https:\/\/www.iucuellar.org\/?p=1851#primaryimage"},"thumbnailUrl":"http:\/\/www.iucuellar.org\/2015\/imagenes\/Elecciones\/20150602ResultadosDefinitivosMunicipales.jpg","articleSection":["Elecciones","Izquierda Unida"],"inLanguage":"es","potentialAction":[{"@type":"CommentAction","name":"Comment","target":["https:\/\/www.iucuellar.org\/?p=1851#respond"]}]},{"@type":"WebPage","@id":"https:\/\/www.iucuellar.org\/?p=1851","url":"https:\/\/www.iucuellar.org\/?p=1851","name":"Toma de posesi\u00f3n de los dos concejales de Izquierda Unida - Izquierda Unida Cu\u00e9llar","isPartOf":{"@id":"https:\/\/www.iucuellar.org\/#website"},"primaryImageOfPage":{"@id":"https:\/\/www.iucuellar.org\/?p=1851#primaryimage"},"image":{"@id":"https:\/\/www.iucuellar.org\/?p=1851#primaryimage"},"thumbnailUrl":"http:\/\/www.iucuellar.org\/2015\/imagenes\/Elecciones\/20150602ResultadosDefinitivosMunicipales.jpg","datePublished":"2015-06-14T21:15:47+00:00","dateModified":"2023-12-28T15:17:47+00:00","breadcrumb":{"@id":"https:\/\/www.iucuellar.org\/?p=1851#breadcrumb"},"inLanguage":"es","potentialAction":[{"@type":"ReadAction","target":["https:\/\/www.iucuellar.org\/?p=1851"]}]},{"@type":"ImageObject","inLanguage":"es","@id":"https:\/\/www.iucuellar.org\/?p=1851#primaryimage","url":"http:\/\/www.iucuellar.org\/2015\/imagenes\/Elecciones\/20150602ResultadosDefinitivosMunicipales.jpg","contentUrl":"http:\/\/www.iucuellar.org\/2015\/imagenes\/Elecciones\/20150602ResultadosDefinitivosMunicipales.jpg"},{"@type":"BreadcrumbList","@id":"https:\/\/www.iucuellar.org\/?p=1851#breadcrumb","itemListElement":[{"@type":"ListItem","position":1,"name":"Inicio","item":"https:\/\/www.iucuellar.org\/"},{"@type":"ListItem","position":2,"name":"Toma de posesi\u00f3n de los dos concejales de Izquierda Unida"}]},{"@type":"WebSite","@id":"https:\/\/www.iucuellar.org\/#website","url":"https:\/\/www.iucuellar.org\/","name":"Izquierda Unida Cu\u00e9llar y Comarca","description":"Lugar de opini\u00f3n y discusi\u00f3n de la izquierda","publisher":{"@id":"https:\/\/www.iucuellar.org\/#organization"},"potentialAction":[{"@type":"SearchAction","target":{"@type":"EntryPoint","urlTemplate":"https:\/\/www.iucuellar.org\/?s={search_term_string}"},"query-input":"required name=search_term_string"}],"inLanguage":"es"},{"@type":"Organization","@id":"https:\/\/www.iucuellar.org\/#organization","name":"IU CUELLAR","url":"https:\/\/www.iucuellar.org\/","logo":{"@type":"ImageObject","inLanguage":"es","@id":"https:\/\/www.iucuellar.org\/#\/schema\/logo\/image\/","url":"https:\/\/i0.wp.com\/www.iucuellar.org\/public\/2022\/07\/cropped-avatar_redondo_Twitter.png?fit=512%2C512&ssl=1","contentUrl":"https:\/\/i0.wp.com\/www.iucuellar.org\/public\/2022\/07\/cropped-avatar_redondo_Twitter.png?fit=512%2C512&ssl=1","width":512,"height":512,"caption":"IU CUELLAR"},"image":{"@id":"https:\/\/www.iucuellar.org\/#\/schema\/logo\/image\/"},"sameAs":["https:\/\/www.facebook.com\/iucuellar","https:\/\/x.com\/IU_CUELLAR","https:\/\/www.instagram.com\/iucuellar\/","https:\/\/www.threads.net\/@iucuellar"]},{"@type":"Person","@id":"https:\/\/www.iucuellar.org\/#\/schema\/person\/0ed49683a220f525fdeb90989b5c672d","name":"Comunicaci\u00f3n","image":{"@type":"ImageObject","inLanguage":"es","@id":"https:\/\/www.iucuellar.org\/#\/schema\/person\/image\/","url":"https:\/\/secure.gravatar.com\/avatar\/1bb1e96b498ea4b5098098798744923e?s=96&d=mm&r=g","contentUrl":"https:\/\/secure.gravatar.com\/avatar\/1bb1e96b498ea4b5098098798744923e?s=96&d=mm&r=g","caption":"Comunicaci\u00f3n"},"url":"https:\/\/www.iucuellar.org\/?author=1"}]}},"jetpack_featured_media_url":"","jetpack_sharing_enabled":true,"jetpack_shortlink":"https:\/\/wp.me\/p8rn8P-tR","_links":{"self":[{"href":"https:\/\/www.iucuellar.org\/index.php?rest_route=\/wp\/v2\/posts\/1851"}],"collection":[{"href":"https:\/\/www.iucuellar.org\/index.php?rest_route=\/wp\/v2\/posts"}],"about":[{"href":"https:\/\/www.iucuellar.org\/index.php?rest_route=\/wp\/v2\/types\/post"}],"author":[{"embeddable":true,"href":"https:\/\/www.iucuellar.org\/index.php?rest_route=\/wp\/v2\/users\/1"}],"replies":[{"embeddable":true,"href":"https:\/\/www.iucuellar.org\/index.php?rest_route=%2Fwp%2Fv2%2Fcomments&post=1851"}],"version-history":[{"count":20,"href":"https:\/\/www.iucuellar.org\/index.php?rest_route=\/wp\/v2\/posts\/1851\/revisions"}],"predecessor-version":[{"id":4520,"href":"https:\/\/www.iucuellar.org\/index.php?rest_route=\/wp\/v2\/posts\/1851\/revisions\/4520"}],"wp:attachment":[{"href":"https:\/\/www.iucuellar.org\/index.php?rest_route=%2Fwp%2Fv2%2Fmedia&parent=1851"}],"wp:term":[{"taxonomy":"category","embeddable":true,"href":"https:\/\/www.iucuellar.org\/index.php?rest_route=%2Fwp%2Fv2%2Fcategories&post=1851"},{"taxonomy":"post_tag","embeddable":true,"href":"https:\/\/www.iucuellar.org\/index.php?rest_route=%2Fwp%2Fv2%2Ftags&post=1851"}],"curies":[{"name":"wp","href":"https:\/\/api.w.org\/{rel}","templated":true}]}}