{"id":1892,"date":"2015-11-05T20:28:41","date_gmt":"2015-11-05T18:28:41","guid":{"rendered":"http:\/\/www.iucuellar.org\/?p=1892"},"modified":"2017-02-28T13:16:08","modified_gmt":"2017-02-28T12:16:08","slug":"ordenanzas-fiscales-2016","status":"publish","type":"post","link":"https:\/\/www.iucuellar.org\/?p=1892","title":{"rendered":"Ordenanzas fiscales 2016"},"content":{"rendered":"<p lang=\"es-ES\"><span style=\"color: #000000;\"><span style=\"font-size: medium;\">Desde el Grupo Municipal de Izquierda Unida creemos firmemente en la progresividad de los impuestos, es decir que los que m\u00e1s tienen, paguen m\u00e1s o dicho de otra manera, que aquellos que m\u00e1s beneficio econ\u00f3mico obtienen de esta sociedad, devuelvan parte de esos beneficios en forma de impuestos que sirvan para sustentar los servicios p\u00fablicos.<\/span><\/span><\/p>\n<p lang=\"es-ES\" style=\"text-align: center;\"><span style=\"color: #000000;\"><span style=\"font-size: medium;\"><a href=\"https:\/\/i0.wp.com\/www.iucuellar.org\/2015\/imagenes\/ibi01.jpg?ssl=1\" target=\"_blank\"><img loading=\"lazy\" decoding=\"async\" class=\"aligncenter\" src=\"https:\/\/i0.wp.com\/www.iucuellar.org\/2015\/imagenes\/ibi01.jpg?resize=290%2C174&#038;ssl=1\" alt=\"\" width=\"290\" height=\"174\" data-recalc-dims=\"1\" \/><\/a><br \/>\n<\/span><\/span><\/p>\n<p><span style=\"color: #000000;\"> <span style=\"font-size: medium;\">A nuestro modo de entender, el gobierno del PP en Cu\u00e9llar ha perdido una gran oportunidad para demostrar que les importan todos los ciudadanos por igual y que est\u00e1n preocupados, en especial por aqu\u00e9llos que han sufrido en sus carnes el efecto de la crisis, es decir parados, aut\u00f3nomos y trabajadores precarios que tienen aut\u00e9nticos sueldos de miseria gracias a la reforma laboral de su partido.<\/span><\/span><\/p>\n<p lang=\"es-ES\"><span style=\"color: #000000;\"><span style=\"font-size: medium;\">Podr\u00edan haber demostrado esa preocupaci\u00f3n mediante rebajas fiscales o incluso exenciones para los m\u00e1s desfavorecidos, y a su vez manteniendo o incluso aumentando estas cargas fiscales para aqu\u00e9llos otros que se han visto beneficiados con esta mal llamada crisis, para equilibrar los presupuestos.<\/span><\/span><\/p>\n<p lang=\"es-ES\" style=\"text-align: center;\">\n<p style=\"text-align: center;\"><a href=\"https:\/\/i0.wp.com\/www.iucuellar.org\/2015\/imagenes\/ibi01.jpg?ssl=1\" target=\"_blank\"><img loading=\"lazy\" decoding=\"async\" class=\" aligncenter\" src=\"https:\/\/i0.wp.com\/www.iucuellar.org\/2015\/imagenes\/ibi02.jpg?resize=291%2C173&#038;ssl=1\" alt=\"\" width=\"291\" height=\"173\" data-recalc-dims=\"1\" \/> <\/a><\/p>\n<p>&nbsp;<\/p>\n<p><span style=\"color: #000000;\"><span style=\"font-size: medium;\">Pero en lugar de hacer algo de todo esto, se han limitado a hacer una supuesta rebaja del IBI para todo el mundo por igual, independientemente que sea su primera vivienda o tenga 10 para especular y vivir de las rentas. Adem\u00e1s decimos \u201c<\/span><\/span><span style=\"color: #000000;\"><span style=\"font-size: medium;\"><em>supuesta rebaja del IBI<\/em><\/span><\/span><span style=\"color: #000000;\"><span style=\"font-size: medium;\">\u201d porque es la moto que nos van a querer vender a los ciudadanos y a los medios de comunicaci\u00f3n, ya que realmente lo que van a hacer es dejarlo tal y como estaba antes de que ustedes mismos lo subieran por orden del Gobierno Central del PP para intentar paliar los recortes y el descenso de ingresos que se avecinaban en aquella \u00e9poca. Ahora tratar\u00e1n de hacer creer a la gente que bajan los impuestos para que les voten en las elecciones del pr\u00f3ximo d\u00eda 20 de diciembre, porque ven que cada vez hay m\u00e1s gente que va espabilando y se creen menos sus mentiras, ya que est\u00e1n sufriendo en sus carnes los recortes en sanidad, educaci\u00f3n, bajadas de sueldos, precariedad y salarios de miseria en los nuevos trabajos, desahucios y un largo etc\u00e9tera.<\/span><\/span><\/p>\n<p lang=\"es-ES\"><span style=\"color: #000000;\"><span style=\"font-size: medium;\">Por todo ello nuestro voto ha sido en contra de la modificaci\u00f3n de las Ordenanzas Fiscales para el ejercicio 2016, dejando muy claro que tampoco nos gustan las actuales, ya que nos gustar\u00eda que se elaboraran otras que tuvieran en cuenta los criterios que hemos expuesto anteriormente.<\/span><\/span><\/p>\n<p lang=\"es-ES\" style=\"text-align: center;\"><span style=\"color: #000000;\"><span style=\"font-size: medium;\"><a href=\"https:\/\/i0.wp.com\/www.iucuellar.org\/2015\/imagenes\/100\u20acuros.jpg?ssl=1\" target=\"_blank\"><img loading=\"lazy\" decoding=\"async\" class=\"aligncenter\" src=\"https:\/\/i0.wp.com\/www.iucuellar.org\/2015\/imagenes\/100\u20acuros.jpg?resize=500%2C375&#038;ssl=1\" alt=\"\" width=\"500\" height=\"375\" data-recalc-dims=\"1\" \/><\/a><br \/>\n<\/span><\/span><\/p>\n","protected":false},"excerpt":{"rendered":"<p>Desde el Grupo Municipal de Izquierda Unida creemos firmemente en la progresividad de los impuestos, es decir que los que<\/p>\n","protected":false},"author":1,"featured_media":0,"comment_status":"open","ping_status":"open","sticky":false,"template":"","format":"standard","meta":{"sfsi_plus_gutenberg_text_before_share":"","sfsi_plus_gutenberg_show_text_before_share":"","sfsi_plus_gutenberg_icon_type":"","sfsi_plus_gutenberg_icon_alignemt":"","sfsi_plus_gutenburg_max_per_row":"","_exactmetrics_skip_tracking":false,"_exactmetrics_sitenote_active":false,"_exactmetrics_sitenote_note":"","_exactmetrics_sitenote_category":0,"ngg_post_thumbnail":0,"_jetpack_memberships_contains_paid_content":false,"footnotes":""},"categories":[6,20],"tags":[],"yoast_head":"<!-- This site is optimized with the Yoast SEO plugin v22.9 - https:\/\/yoast.com\/wordpress\/plugins\/seo\/ -->\r\n<title>Ordenanzas fiscales 2016 - Izquierda Unida Cu\u00e9llar<\/title>\r\n<meta name=\"robots\" content=\"index, follow, max-snippet:-1, max-image-preview:large, max-video-preview:-1\" \/>\r\n<link rel=\"canonical\" href=\"https:\/\/www.iucuellar.org\/?p=1892\" \/>\r\n<meta property=\"og:locale\" content=\"es_ES\" \/>\r\n<meta property=\"og:type\" content=\"article\" \/>\r\n<meta property=\"og:title\" content=\"Ordenanzas fiscales 2016 - Izquierda Unida Cu\u00e9llar\" \/>\r\n<meta property=\"og:description\" content=\"Desde el Grupo Municipal de Izquierda Unida creemos firmemente en la progresividad de los impuestos, es decir que los que\" \/>\r\n<meta property=\"og:url\" content=\"https:\/\/www.iucuellar.org\/?p=1892\" \/>\r\n<meta property=\"og:site_name\" content=\"Izquierda Unida Cu\u00e9llar\" \/>\r\n<meta property=\"article:publisher\" content=\"https:\/\/www.facebook.com\/iucuellar\" \/>\r\n<meta property=\"article:published_time\" content=\"2015-11-05T18:28:41+00:00\" \/>\r\n<meta property=\"article:modified_time\" content=\"2017-02-28T12:16:08+00:00\" \/>\r\n<meta property=\"og:image\" content=\"http:\/\/www.iucuellar.org\/2015\/imagenes\/ibi01.jpg\" \/>\r\n<meta name=\"author\" content=\"Comunicaci\u00f3n\" \/>\r\n<meta name=\"twitter:card\" content=\"summary_large_image\" \/>\r\n<meta name=\"twitter:creator\" content=\"@IU_CUELLAR\" \/>\r\n<meta name=\"twitter:site\" content=\"@IU_CUELLAR\" \/>\r\n<meta name=\"twitter:label1\" content=\"Escrito por\" \/>\n\t<meta name=\"twitter:data1\" content=\"Comunicaci\u00f3n\" \/>\n\t<meta name=\"twitter:label2\" content=\"Tiempo de lectura\" \/>\n\t<meta name=\"twitter:data2\" content=\"2 minutos\" \/>\r\n<script type=\"application\/ld+json\" class=\"yoast-schema-graph\">{\"@context\":\"https:\/\/schema.org\",\"@graph\":[{\"@type\":\"Article\",\"@id\":\"https:\/\/www.iucuellar.org\/?p=1892#article\",\"isPartOf\":{\"@id\":\"https:\/\/www.iucuellar.org\/?p=1892\"},\"author\":{\"name\":\"Comunicaci\u00f3n\",\"@id\":\"https:\/\/www.iucuellar.org\/#\/schema\/person\/0ed49683a220f525fdeb90989b5c672d\"},\"headline\":\"Ordenanzas fiscales 2016\",\"datePublished\":\"2015-11-05T18:28:41+00:00\",\"dateModified\":\"2017-02-28T12:16:08+00:00\",\"mainEntityOfPage\":{\"@id\":\"https:\/\/www.iucuellar.org\/?p=1892\"},\"wordCount\":417,\"commentCount\":0,\"publisher\":{\"@id\":\"https:\/\/www.iucuellar.org\/#organization\"},\"image\":{\"@id\":\"https:\/\/www.iucuellar.org\/?p=1892#primaryimage\"},\"thumbnailUrl\":\"http:\/\/www.iucuellar.org\/2015\/imagenes\/ibi01.jpg\",\"articleSection\":[\"Hacienda\",\"Plenos\"],\"inLanguage\":\"es\",\"potentialAction\":[{\"@type\":\"CommentAction\",\"name\":\"Comment\",\"target\":[\"https:\/\/www.iucuellar.org\/?p=1892#respond\"]}]},{\"@type\":\"WebPage\",\"@id\":\"https:\/\/www.iucuellar.org\/?p=1892\",\"url\":\"https:\/\/www.iucuellar.org\/?p=1892\",\"name\":\"Ordenanzas fiscales 2016 - Izquierda Unida Cu\u00e9llar\",\"isPartOf\":{\"@id\":\"https:\/\/www.iucuellar.org\/#website\"},\"primaryImageOfPage\":{\"@id\":\"https:\/\/www.iucuellar.org\/?p=1892#primaryimage\"},\"image\":{\"@id\":\"https:\/\/www.iucuellar.org\/?p=1892#primaryimage\"},\"thumbnailUrl\":\"http:\/\/www.iucuellar.org\/2015\/imagenes\/ibi01.jpg\",\"datePublished\":\"2015-11-05T18:28:41+00:00\",\"dateModified\":\"2017-02-28T12:16:08+00:00\",\"breadcrumb\":{\"@id\":\"https:\/\/www.iucuellar.org\/?p=1892#breadcrumb\"},\"inLanguage\":\"es\",\"potentialAction\":[{\"@type\":\"ReadAction\",\"target\":[\"https:\/\/www.iucuellar.org\/?p=1892\"]}]},{\"@type\":\"ImageObject\",\"inLanguage\":\"es\",\"@id\":\"https:\/\/www.iucuellar.org\/?p=1892#primaryimage\",\"url\":\"http:\/\/www.iucuellar.org\/2015\/imagenes\/ibi01.jpg\",\"contentUrl\":\"http:\/\/www.iucuellar.org\/2015\/imagenes\/ibi01.jpg\"},{\"@type\":\"BreadcrumbList\",\"@id\":\"https:\/\/www.iucuellar.org\/?p=1892#breadcrumb\",\"itemListElement\":[{\"@type\":\"ListItem\",\"position\":1,\"name\":\"Inicio\",\"item\":\"https:\/\/www.iucuellar.org\/\"},{\"@type\":\"ListItem\",\"position\":2,\"name\":\"Ordenanzas fiscales 2016\"}]},{\"@type\":\"WebSite\",\"@id\":\"https:\/\/www.iucuellar.org\/#website\",\"url\":\"https:\/\/www.iucuellar.org\/\",\"name\":\"Izquierda Unida Cu\u00e9llar y Comarca\",\"description\":\"Lugar de opini\u00f3n y discusi\u00f3n de la izquierda\",\"publisher\":{\"@id\":\"https:\/\/www.iucuellar.org\/#organization\"},\"potentialAction\":[{\"@type\":\"SearchAction\",\"target\":{\"@type\":\"EntryPoint\",\"urlTemplate\":\"https:\/\/www.iucuellar.org\/?s={search_term_string}\"},\"query-input\":\"required name=search_term_string\"}],\"inLanguage\":\"es\"},{\"@type\":\"Organization\",\"@id\":\"https:\/\/www.iucuellar.org\/#organization\",\"name\":\"IU CUELLAR\",\"url\":\"https:\/\/www.iucuellar.org\/\",\"logo\":{\"@type\":\"ImageObject\",\"inLanguage\":\"es\",\"@id\":\"https:\/\/www.iucuellar.org\/#\/schema\/logo\/image\/\",\"url\":\"https:\/\/i0.wp.com\/www.iucuellar.org\/public\/2022\/07\/cropped-avatar_redondo_Twitter.png?fit=512%2C512&ssl=1\",\"contentUrl\":\"https:\/\/i0.wp.com\/www.iucuellar.org\/public\/2022\/07\/cropped-avatar_redondo_Twitter.png?fit=512%2C512&ssl=1\",\"width\":512,\"height\":512,\"caption\":\"IU CUELLAR\"},\"image\":{\"@id\":\"https:\/\/www.iucuellar.org\/#\/schema\/logo\/image\/\"},\"sameAs\":[\"https:\/\/www.facebook.com\/iucuellar\",\"https:\/\/x.com\/IU_CUELLAR\",\"https:\/\/www.instagram.com\/iucuellar\/\",\"https:\/\/www.threads.net\/@iucuellar\"]},{\"@type\":\"Person\",\"@id\":\"https:\/\/www.iucuellar.org\/#\/schema\/person\/0ed49683a220f525fdeb90989b5c672d\",\"name\":\"Comunicaci\u00f3n\",\"image\":{\"@type\":\"ImageObject\",\"inLanguage\":\"es\",\"@id\":\"https:\/\/www.iucuellar.org\/#\/schema\/person\/image\/\",\"url\":\"https:\/\/secure.gravatar.com\/avatar\/1bb1e96b498ea4b5098098798744923e?s=96&d=mm&r=g\",\"contentUrl\":\"https:\/\/secure.gravatar.com\/avatar\/1bb1e96b498ea4b5098098798744923e?s=96&d=mm&r=g\",\"caption\":\"Comunicaci\u00f3n\"},\"url\":\"https:\/\/www.iucuellar.org\/?author=1\"}]}<\/script>\r\n<!-- \/ Yoast SEO plugin. -->","yoast_head_json":{"title":"Ordenanzas fiscales 2016 - Izquierda Unida Cu\u00e9llar","robots":{"index":"index","follow":"follow","max-snippet":"max-snippet:-1","max-image-preview":"max-image-preview:large","max-video-preview":"max-video-preview:-1"},"canonical":"https:\/\/www.iucuellar.org\/?p=1892","og_locale":"es_ES","og_type":"article","og_title":"Ordenanzas fiscales 2016 - Izquierda Unida Cu\u00e9llar","og_description":"Desde el Grupo Municipal de Izquierda Unida creemos firmemente en la progresividad de los impuestos, es decir que los que","og_url":"https:\/\/www.iucuellar.org\/?p=1892","og_site_name":"Izquierda Unida Cu\u00e9llar","article_publisher":"https:\/\/www.facebook.com\/iucuellar","article_published_time":"2015-11-05T18:28:41+00:00","article_modified_time":"2017-02-28T12:16:08+00:00","og_image":[{"url":"http:\/\/www.iucuellar.org\/2015\/imagenes\/ibi01.jpg"}],"author":"Comunicaci\u00f3n","twitter_card":"summary_large_image","twitter_creator":"@IU_CUELLAR","twitter_site":"@IU_CUELLAR","twitter_misc":{"Escrito por":"Comunicaci\u00f3n","Tiempo de lectura":"2 minutos"},"schema":{"@context":"https:\/\/schema.org","@graph":[{"@type":"Article","@id":"https:\/\/www.iucuellar.org\/?p=1892#article","isPartOf":{"@id":"https:\/\/www.iucuellar.org\/?p=1892"},"author":{"name":"Comunicaci\u00f3n","@id":"https:\/\/www.iucuellar.org\/#\/schema\/person\/0ed49683a220f525fdeb90989b5c672d"},"headline":"Ordenanzas fiscales 2016","datePublished":"2015-11-05T18:28:41+00:00","dateModified":"2017-02-28T12:16:08+00:00","mainEntityOfPage":{"@id":"https:\/\/www.iucuellar.org\/?p=1892"},"wordCount":417,"commentCount":0,"publisher":{"@id":"https:\/\/www.iucuellar.org\/#organization"},"image":{"@id":"https:\/\/www.iucuellar.org\/?p=1892#primaryimage"},"thumbnailUrl":"http:\/\/www.iucuellar.org\/2015\/imagenes\/ibi01.jpg","articleSection":["Hacienda","Plenos"],"inLanguage":"es","potentialAction":[{"@type":"CommentAction","name":"Comment","target":["https:\/\/www.iucuellar.org\/?p=1892#respond"]}]},{"@type":"WebPage","@id":"https:\/\/www.iucuellar.org\/?p=1892","url":"https:\/\/www.iucuellar.org\/?p=1892","name":"Ordenanzas fiscales 2016 - Izquierda Unida Cu\u00e9llar","isPartOf":{"@id":"https:\/\/www.iucuellar.org\/#website"},"primaryImageOfPage":{"@id":"https:\/\/www.iucuellar.org\/?p=1892#primaryimage"},"image":{"@id":"https:\/\/www.iucuellar.org\/?p=1892#primaryimage"},"thumbnailUrl":"http:\/\/www.iucuellar.org\/2015\/imagenes\/ibi01.jpg","datePublished":"2015-11-05T18:28:41+00:00","dateModified":"2017-02-28T12:16:08+00:00","breadcrumb":{"@id":"https:\/\/www.iucuellar.org\/?p=1892#breadcrumb"},"inLanguage":"es","potentialAction":[{"@type":"ReadAction","target":["https:\/\/www.iucuellar.org\/?p=1892"]}]},{"@type":"ImageObject","inLanguage":"es","@id":"https:\/\/www.iucuellar.org\/?p=1892#primaryimage","url":"http:\/\/www.iucuellar.org\/2015\/imagenes\/ibi01.jpg","contentUrl":"http:\/\/www.iucuellar.org\/2015\/imagenes\/ibi01.jpg"},{"@type":"BreadcrumbList","@id":"https:\/\/www.iucuellar.org\/?p=1892#breadcrumb","itemListElement":[{"@type":"ListItem","position":1,"name":"Inicio","item":"https:\/\/www.iucuellar.org\/"},{"@type":"ListItem","position":2,"name":"Ordenanzas fiscales 2016"}]},{"@type":"WebSite","@id":"https:\/\/www.iucuellar.org\/#website","url":"https:\/\/www.iucuellar.org\/","name":"Izquierda Unida Cu\u00e9llar y Comarca","description":"Lugar de opini\u00f3n y discusi\u00f3n de la izquierda","publisher":{"@id":"https:\/\/www.iucuellar.org\/#organization"},"potentialAction":[{"@type":"SearchAction","target":{"@type":"EntryPoint","urlTemplate":"https:\/\/www.iucuellar.org\/?s={search_term_string}"},"query-input":"required name=search_term_string"}],"inLanguage":"es"},{"@type":"Organization","@id":"https:\/\/www.iucuellar.org\/#organization","name":"IU CUELLAR","url":"https:\/\/www.iucuellar.org\/","logo":{"@type":"ImageObject","inLanguage":"es","@id":"https:\/\/www.iucuellar.org\/#\/schema\/logo\/image\/","url":"https:\/\/i0.wp.com\/www.iucuellar.org\/public\/2022\/07\/cropped-avatar_redondo_Twitter.png?fit=512%2C512&ssl=1","contentUrl":"https:\/\/i0.wp.com\/www.iucuellar.org\/public\/2022\/07\/cropped-avatar_redondo_Twitter.png?fit=512%2C512&ssl=1","width":512,"height":512,"caption":"IU CUELLAR"},"image":{"@id":"https:\/\/www.iucuellar.org\/#\/schema\/logo\/image\/"},"sameAs":["https:\/\/www.facebook.com\/iucuellar","https:\/\/x.com\/IU_CUELLAR","https:\/\/www.instagram.com\/iucuellar\/","https:\/\/www.threads.net\/@iucuellar"]},{"@type":"Person","@id":"https:\/\/www.iucuellar.org\/#\/schema\/person\/0ed49683a220f525fdeb90989b5c672d","name":"Comunicaci\u00f3n","image":{"@type":"ImageObject","inLanguage":"es","@id":"https:\/\/www.iucuellar.org\/#\/schema\/person\/image\/","url":"https:\/\/secure.gravatar.com\/avatar\/1bb1e96b498ea4b5098098798744923e?s=96&d=mm&r=g","contentUrl":"https:\/\/secure.gravatar.com\/avatar\/1bb1e96b498ea4b5098098798744923e?s=96&d=mm&r=g","caption":"Comunicaci\u00f3n"},"url":"https:\/\/www.iucuellar.org\/?author=1"}]}},"jetpack_featured_media_url":"","jetpack_sharing_enabled":true,"jetpack_shortlink":"https:\/\/wp.me\/p8rn8P-uw","_links":{"self":[{"href":"https:\/\/www.iucuellar.org\/index.php?rest_route=\/wp\/v2\/posts\/1892"}],"collection":[{"href":"https:\/\/www.iucuellar.org\/index.php?rest_route=\/wp\/v2\/posts"}],"about":[{"href":"https:\/\/www.iucuellar.org\/index.php?rest_route=\/wp\/v2\/types\/post"}],"author":[{"embeddable":true,"href":"https:\/\/www.iucuellar.org\/index.php?rest_route=\/wp\/v2\/users\/1"}],"replies":[{"embeddable":true,"href":"https:\/\/www.iucuellar.org\/index.php?rest_route=%2Fwp%2Fv2%2Fcomments&post=1892"}],"version-history":[{"count":11,"href":"https:\/\/www.iucuellar.org\/index.php?rest_route=\/wp\/v2\/posts\/1892\/revisions"}],"predecessor-version":[{"id":2422,"href":"https:\/\/www.iucuellar.org\/index.php?rest_route=\/wp\/v2\/posts\/1892\/revisions\/2422"}],"wp:attachment":[{"href":"https:\/\/www.iucuellar.org\/index.php?rest_route=%2Fwp%2Fv2%2Fmedia&parent=1892"}],"wp:term":[{"taxonomy":"category","embeddable":true,"href":"https:\/\/www.iucuellar.org\/index.php?rest_route=%2Fwp%2Fv2%2Fcategories&post=1892"},{"taxonomy":"post_tag","embeddable":true,"href":"https:\/\/www.iucuellar.org\/index.php?rest_route=%2Fwp%2Fv2%2Ftags&post=1892"}],"curies":[{"name":"wp","href":"https:\/\/api.w.org\/{rel}","templated":true}]}}