{"id":19,"date":"2008-06-30T18:41:52","date_gmt":"2008-06-30T17:41:52","guid":{"rendered":"http:\/\/www.iucuellar.org\/seddna\/?p=19"},"modified":"2017-02-28T13:41:16","modified_gmt":"2017-02-28T12:41:16","slug":"desarrollo-insostenible-en-cuellar-convenio-entre-el-ayuntamiento-de-cuellar-y-la-empresa-aserraderos-cuellar-s-a","status":"publish","type":"post","link":"https:\/\/www.iucuellar.org\/?p=19","title":{"rendered":"Desarrollo insostenible en Cu\u00e9llar (convenio entre el Ayuntamiento de Cu\u00e9llar y la empresa Aserraderos Cu\u00e9llar, S. A.)"},"content":{"rendered":"<div>\n<p style=\"margin-bottom: 0cm;\"><span style=\"font-size: medium;\">Para empezar:<\/span><\/p>\n<p style=\"margin-bottom: 0cm;\"><span style=\"font-size: medium;\"> <em><span style=\"text-decoration: underline;\"><strong>\u201cConstituci\u00f3n Espa\u00f1ola, art\u00edculo 45:<\/strong><\/span><\/em><\/span><\/p>\n<p style=\"margin-bottom: 0cm;\"><span style=\"font-size: medium;\"><em>1.- Todos tienen el derecho a disfrutar de un medio ambiente adecuado para el desarrollo de la persona, as\u00ed como el deber de conservarlo.<\/em><\/span><\/p>\n<p style=\"margin-bottom: 0cm;\"><span style=\"font-size: medium;\"><em>2.- Los poderes p\u00fablicos velar\u00e1n por la utilizaci\u00f3n racional de todos los recursos naturales, con el fin de proteger y mejorar la calidad de vida y defender y restaurar el medio ambiente, apoy\u00e1ndose en la indispensable solidaridad colectiva.<\/em><\/span><\/p>\n<p style=\"margin-bottom: 0cm;\"><span style=\"font-size: medium;\"><em>3.- Para quienes violen lo dispuesto en el apartado anterior, en los t\u00e9rminos que la ley fije se establecer\u00e1n sanciones penales o, en su caso, administrativas, as\u00ed como la obligaci\u00f3n de reparar el da\u00f1o causado.\u201d<\/em><\/span><\/p>\n<p style=\"margin-bottom: 0cm;\">\n<p style=\"margin-bottom: 0cm;\"><span style=\"font-size: medium;\"> La comunidad cient\u00edfica internacional est\u00e1 de acuerdo en que el Cambio Clim\u00e1tico es un problema real y que el gran causante es el aumento del dioxido de carbono (CO2) que las actividades humanas liberan en la atm\u00f3sfera. Los bosques son muy importantes para la reducci\u00f3n del CO2, ya que lo capturan durante la fotos\u00edntesis y lo usan para producir mol\u00e9culas org\u00e1nicas.<\/span><\/p>\n<p style=\"margin-bottom: 0cm;\"><span style=\"font-size: medium;\"> El bosque act\u00faa sobre el clima reduciendo el efecto invernadero, enriquece y crea el suelo evitando la erosi\u00f3n, alberga y conserva gran parte de la vida animal y vegetal, y a nosotros nos aporta bienestar f\u00edsico, social y espiritual.<\/span><\/p>\n<p style=\"margin-bottom: 0cm;\">\n<p style=\"margin-bottom: 0cm;\"><span style=\"font-size: medium;\"> El desarrollo econ\u00f3mico del municipio no debe hacerse a costa de sus recursos naturales ni debemos considerar estos como un freno para el progreso econ\u00f3mico y social,<span style=\"text-decoration: underline;\"> m\u00e1s bien para que exista  un verdadero avance econ\u00f3mico y social necesitamos un medio ambiente saludable.<\/span><\/span><\/p>\n<p style=\"margin-bottom: 0cm;\"><span style=\"font-size: medium;\"> No parece razonable que qui\u00e9n debe velar y proteger el medio ambiente (el Ayuntamiento) proponga la destrucci\u00f3n de 26 ha. de pinar del t\u00e9rmino municipal de Cu\u00e9llar.<\/span><\/p>\n<p style=\"margin-bottom: 0cm;\">\n<p style=\"margin-bottom: 0cm;\"><span style=\"font-size: medium;\"> Se van a desarrollar en el municipio varias \u00e1reas industriales:<\/span><\/p>\n<p style=\"margin-bottom: 0cm;\"><span style=\"font-size: medium;\">-P.I. Carretera de Cantalejo\u2014\u2014\u2014\u2014\u2014\u2014\u2014\u2014\u2014\u2014\u2014\u2014\u2014-8 ha.<\/span><\/p>\n<p style=\"margin-bottom: 0cm;\"><span style=\"font-size: medium;\">-P.I. La Serna\u2014\u2014\u2014\u2014\u2014\u2014\u2014\u2014\u2014\u2014\u2014\u2014\u2014\u2014\u2014\u2014\u2014\u2014-23 ha.<\/span><\/p>\n<p style=\"margin-bottom: 0cm;\"><span style=\"font-size: medium;\">-P.I. Carretera de Valladolid (m\u00e1rgenes izquierda y derecha)\u20148\u20326 ha.<\/span><\/p>\n<p style=\"margin-bottom: 0cm;\">\n<p style=\"margin-bottom: 0cm;\"><span style=\"font-size: medium;\"> Existen varias zonas industriales diseminadas por el municipio con parcelas a\u00fan sin ocupar, como son los casos de Prado Vega, Malriega y Contodo. En la carretera de Vallelado se est\u00e1 desarrollando de forma particular otra zona industrial.<\/span><\/p>\n<p style=\"margin-bottom: 0cm;\">\n<p style=\"margin-bottom: 0cm;\"><span style=\"font-size: medium;\"> Si ciertamente existiese una demanda de terreno industrial superior a la que ofrece Cu\u00e9llar en la actualidad, este Ayuntamiento deber\u00eda buscar los terrenos adecuados para ella, pero en ning\u00fan caso deben ser aquellos que tantos beneficios nos producen en la actualidad a todos y cuya desaparici\u00f3n solo beneficiar\u00eda econ\u00f3micamente a unos pocos.<\/span><\/p>\n<p style=\"margin-bottom: 0cm;\">\n<p style=\"margin-bottom: 0cm;\"><span style=\"font-size: medium;\">En resumen, el Convenio de la empresa Aserraderos Cu\u00e9llar, S.A. y el Ayuntamiento de Cu\u00e9llar nos parece: <\/span><\/p>\n<p style=\"margin-bottom: 0cm;\"><span style=\"font-size: medium;\">1\u00ba.- Ambientalmente inviable.<\/span><\/p>\n<p style=\"margin-bottom: 0cm;\"><span style=\"font-size: medium;\">2\u00ba.- Socialmente inaceptable.<\/span><\/p>\n<p style=\"margin-bottom: 0cm;\"><span style=\"font-size: medium;\">3\u00ba.- Pol\u00edticamente irresponsable.<\/span><\/p>\n<p style=\"margin-bottom: 0cm;\"><span style=\"font-size: medium;\">4\u00ba.- Econ\u00f3micamente rentable para unos pocos.<\/span><\/p>\n<p style=\"margin-bottom: 0cm;\" align=\"center\"><a title=\"pinos desde las lomas de Cu\u00e9llar\" href=\"..\/..\/images\/Paisaje\/20080621.jpg\" target=\"_blank\">Pinos desde las lomas de Cu\u00e9llar<br \/>\n<\/a><\/p>\n<p style=\"margin-bottom: 0cm;\"><span style=\"font-size: medium;\">\u00bfPor qu\u00e9?<\/span><\/p>\n<p style=\"margin-bottom: 0cm;\"><span style=\"font-size: medium;\">-Porque se van a talar al menos 3500 pinos adultos de entre 50 y 70 a\u00f1os de edad, con un di\u00e1metro entorno a 40 cm y una altura media de 12 metros.<\/span><\/p>\n<p style=\"margin-bottom: 0cm;\"><span style=\"font-size: medium;\">-Porque el compromiso de plantarlos es muy vago, ya que no se fija lugar ni \u00e1rea a cubrir, ni se menciona nada en absoluto de un seguimiento de la plantaci\u00f3n.<\/span><\/p>\n<p style=\"margin-bottom: 0cm;\"><span style=\"font-size: medium;\">-Porque exigir solamente 2 a\u00f1os para la posibilidad de venta de los solares resultantes supone una clara concesi\u00f3n a la especulaci\u00f3n, ya que ese plazo permite una alta rentabilidad del suelo r\u00fastico a industrial. Tambi\u00e9n hay que tener en cuenta el beneficio que supone poder talar 3500 \u00e1rboles sin necesidad de permiso alguno y reunidos en solo \u00e1rea.<\/span><\/p>\n<p style=\"margin-bottom: 0cm;\"><span style=\"font-size: medium;\">-Porque el documento no hace referencia al precio al que pueda vender la empresa las parcelas, por lo tanto, si el pol\u00edgono se desarrolla para disponer de suelo industrial de grandes dimensiones y a esta empresa se le proporcionan unas condiciones inmejorables, \u00bfcomo se garantiza que el precio del suelo vaya a ser aceptable para otras empresas que quieran instalarse y no se especule con \u00e9l?<\/span><\/p>\n<p style=\"margin-bottom: 0cm;\"><span style=\"font-size: medium;\">-Porque no hay un compromiso por parte de la empresa de ampliaci\u00f3n de las instalaciones o de la creaci\u00f3n de otras nuevas, solo de intenciones, y mucho menos plazos o creaci\u00f3n de puestos de trabajo.<\/span><\/p>\n<p style=\"margin-bottom: 0cm;\"><span style=\"font-size: medium;\">-Y porque no se ve por parte alguna el inter\u00e9s p\u00fablico y la utilidad social del proyecto que dice el Convenio.<\/span><\/p>\n<p style=\"margin-bottom: 0cm;\"><span style=\"font-size: medium;\"> Desde Izquierda Unida-Los Verdes apoyamos la creaci\u00f3n de \u00e1reas industriales y el desarrollo econ\u00f3mico y social de la comarca, pero no a costa del Medio Ambiente.<\/span><\/p>\n<p style=\"margin-bottom: 0cm;\"><span style=\"font-size: medium;\"> Proponemos que esta iniciativa se lleve a cabo a trav\u00e9s del Ayuntamiento, no de empresas privadas, en zonas donde el da\u00f1o ecol\u00f3gico sea menor.<\/span><\/p>\n<p style=\"margin-bottom: 0cm;\"><span style=\"font-size: medium;\"> Y por supuesto a partir de este d\u00eda los cuellaranos nos vamos a sentir un poco menos orgullosos de nuestro MAR DE PINARES.<\/span><\/p>\n<p style=\"margin-bottom: 0cm;\"><span style=\"font-size: medium;\"> Por \u00faltimo recordar unas palabras del Alcalde en su toma de posesi\u00f3n: <span style=\"font-family: Times New Roman,serif;\"><em>\u201c<\/em><\/span><span style=\"font-family: Times New Roman,serif;\"><em>Abogamos por una decidida pol\u00edtica de atenci\u00f3n al medio-ambiente, por eso los grupos ecologistas tendr\u00e1n en nosotros un eco que se refleje en una atenci\u00f3n constante, a este tema que la sociedad actual asume como indispensable, para lograr una mayor calidad de vida\u201d.<\/em><\/span><\/span><\/p>\n<p style=\"margin-bottom: 0cm; font-style: normal;\"><span style=\"font-size: medium;\"><span style=\"font-family: Times New Roman,serif;\"> \u00a1Como ha cambiado de opini\u00f3n en solo 12 meses!<\/span><\/span><\/p>\n<\/div>\n","protected":false},"excerpt":{"rendered":"<p>Para empezar: \u201cConstituci\u00f3n Espa\u00f1ola, art\u00edculo 45: 1.- Todos tienen el derecho a disfrutar de un medio ambiente adecuado para el<\/p>\n","protected":false},"author":1,"featured_media":0,"comment_status":"open","ping_status":"open","sticky":false,"template":"","format":"standard","meta":{"sfsi_plus_gutenberg_text_before_share":"","sfsi_plus_gutenberg_show_text_before_share":"","sfsi_plus_gutenberg_icon_type":"","sfsi_plus_gutenberg_icon_alignemt":"","sfsi_plus_gutenburg_max_per_row":"","_exactmetrics_skip_tracking":false,"_exactmetrics_sitenote_active":false,"_exactmetrics_sitenote_note":"","_exactmetrics_sitenote_category":0,"ngg_post_thumbnail":0,"_jetpack_memberships_contains_paid_content":false,"footnotes":""},"categories":[8,21,10],"tags":[],"yoast_head":"<!-- This site is optimized with the Yoast SEO plugin v22.9 - https:\/\/yoast.com\/wordpress\/plugins\/seo\/ -->\r\n<title>Desarrollo insostenible en Cu\u00e9llar (convenio entre el Ayuntamiento de Cu\u00e9llar y la empresa Aserraderos Cu\u00e9llar, S. A.) - Izquierda Unida Cu\u00e9llar<\/title>\r\n<meta name=\"robots\" content=\"index, follow, max-snippet:-1, max-image-preview:large, max-video-preview:-1\" \/>\r\n<link rel=\"canonical\" href=\"https:\/\/www.iucuellar.org\/?p=19\" \/>\r\n<meta property=\"og:locale\" content=\"es_ES\" \/>\r\n<meta property=\"og:type\" content=\"article\" \/>\r\n<meta property=\"og:title\" content=\"Desarrollo insostenible en Cu\u00e9llar (convenio entre el Ayuntamiento de Cu\u00e9llar y la empresa Aserraderos Cu\u00e9llar, S. A.) - Izquierda Unida Cu\u00e9llar\" \/>\r\n<meta property=\"og:description\" content=\"Para empezar: \u201cConstituci\u00f3n Espa\u00f1ola, art\u00edculo 45: 1.- Todos tienen el derecho a disfrutar de un medio ambiente adecuado para el\" \/>\r\n<meta property=\"og:url\" content=\"https:\/\/www.iucuellar.org\/?p=19\" \/>\r\n<meta property=\"og:site_name\" content=\"Izquierda Unida Cu\u00e9llar\" \/>\r\n<meta property=\"article:publisher\" content=\"https:\/\/www.facebook.com\/iucuellar\" \/>\r\n<meta property=\"article:published_time\" content=\"2008-06-30T17:41:52+00:00\" \/>\r\n<meta property=\"article:modified_time\" content=\"2017-02-28T12:41:16+00:00\" \/>\r\n<meta property=\"og:image\" content=\"https:\/\/i0.wp.com\/www.iucuellar.org\/public\/2022\/07\/cropped-avatar_redondo_Twitter.png?fit=512%2C512&ssl=1\" \/>\r\n\t<meta property=\"og:image:width\" content=\"512\" \/>\r\n\t<meta property=\"og:image:height\" content=\"512\" \/>\r\n\t<meta property=\"og:image:type\" content=\"image\/png\" \/>\r\n<meta name=\"author\" content=\"Comunicaci\u00f3n\" \/>\r\n<meta name=\"twitter:card\" content=\"summary_large_image\" \/>\r\n<meta name=\"twitter:creator\" content=\"@IU_CUELLAR\" \/>\r\n<meta name=\"twitter:site\" content=\"@IU_CUELLAR\" \/>\r\n<meta name=\"twitter:label1\" content=\"Escrito por\" \/>\n\t<meta name=\"twitter:data1\" content=\"Comunicaci\u00f3n\" \/>\n\t<meta name=\"twitter:label2\" content=\"Tiempo de lectura\" \/>\n\t<meta name=\"twitter:data2\" content=\"4 minutos\" \/>\r\n<script type=\"application\/ld+json\" class=\"yoast-schema-graph\">{\"@context\":\"https:\/\/schema.org\",\"@graph\":[{\"@type\":\"Article\",\"@id\":\"https:\/\/www.iucuellar.org\/?p=19#article\",\"isPartOf\":{\"@id\":\"https:\/\/www.iucuellar.org\/?p=19\"},\"author\":{\"name\":\"Comunicaci\u00f3n\",\"@id\":\"https:\/\/www.iucuellar.org\/#\/schema\/person\/0ed49683a220f525fdeb90989b5c672d\"},\"headline\":\"Desarrollo insostenible en Cu\u00e9llar (convenio entre el Ayuntamiento de Cu\u00e9llar y la empresa Aserraderos Cu\u00e9llar, S. A.)\",\"datePublished\":\"2008-06-30T17:41:52+00:00\",\"dateModified\":\"2017-02-28T12:41:16+00:00\",\"mainEntityOfPage\":{\"@id\":\"https:\/\/www.iucuellar.org\/?p=19\"},\"wordCount\":893,\"commentCount\":0,\"publisher\":{\"@id\":\"https:\/\/www.iucuellar.org\/#organization\"},\"articleSection\":[\"Industria\",\"Izquierda Unida\",\"Medio Ambiente\"],\"inLanguage\":\"es\",\"potentialAction\":[{\"@type\":\"CommentAction\",\"name\":\"Comment\",\"target\":[\"https:\/\/www.iucuellar.org\/?p=19#respond\"]}]},{\"@type\":\"WebPage\",\"@id\":\"https:\/\/www.iucuellar.org\/?p=19\",\"url\":\"https:\/\/www.iucuellar.org\/?p=19\",\"name\":\"Desarrollo insostenible en Cu\u00e9llar (convenio entre el Ayuntamiento de Cu\u00e9llar y la empresa Aserraderos Cu\u00e9llar, S. A.) - Izquierda Unida Cu\u00e9llar\",\"isPartOf\":{\"@id\":\"https:\/\/www.iucuellar.org\/#website\"},\"datePublished\":\"2008-06-30T17:41:52+00:00\",\"dateModified\":\"2017-02-28T12:41:16+00:00\",\"breadcrumb\":{\"@id\":\"https:\/\/www.iucuellar.org\/?p=19#breadcrumb\"},\"inLanguage\":\"es\",\"potentialAction\":[{\"@type\":\"ReadAction\",\"target\":[\"https:\/\/www.iucuellar.org\/?p=19\"]}]},{\"@type\":\"BreadcrumbList\",\"@id\":\"https:\/\/www.iucuellar.org\/?p=19#breadcrumb\",\"itemListElement\":[{\"@type\":\"ListItem\",\"position\":1,\"name\":\"Inicio\",\"item\":\"https:\/\/www.iucuellar.org\/\"},{\"@type\":\"ListItem\",\"position\":2,\"name\":\"Desarrollo insostenible en Cu\u00e9llar (convenio entre el Ayuntamiento de Cu\u00e9llar y la empresa Aserraderos Cu\u00e9llar, S. A.)\"}]},{\"@type\":\"WebSite\",\"@id\":\"https:\/\/www.iucuellar.org\/#website\",\"url\":\"https:\/\/www.iucuellar.org\/\",\"name\":\"Izquierda Unida Cu\u00e9llar y Comarca\",\"description\":\"Lugar de opini\u00f3n y discusi\u00f3n de la izquierda\",\"publisher\":{\"@id\":\"https:\/\/www.iucuellar.org\/#organization\"},\"potentialAction\":[{\"@type\":\"SearchAction\",\"target\":{\"@type\":\"EntryPoint\",\"urlTemplate\":\"https:\/\/www.iucuellar.org\/?s={search_term_string}\"},\"query-input\":\"required name=search_term_string\"}],\"inLanguage\":\"es\"},{\"@type\":\"Organization\",\"@id\":\"https:\/\/www.iucuellar.org\/#organization\",\"name\":\"IU CUELLAR\",\"url\":\"https:\/\/www.iucuellar.org\/\",\"logo\":{\"@type\":\"ImageObject\",\"inLanguage\":\"es\",\"@id\":\"https:\/\/www.iucuellar.org\/#\/schema\/logo\/image\/\",\"url\":\"https:\/\/i0.wp.com\/www.iucuellar.org\/public\/2022\/07\/cropped-avatar_redondo_Twitter.png?fit=512%2C512&ssl=1\",\"contentUrl\":\"https:\/\/i0.wp.com\/www.iucuellar.org\/public\/2022\/07\/cropped-avatar_redondo_Twitter.png?fit=512%2C512&ssl=1\",\"width\":512,\"height\":512,\"caption\":\"IU CUELLAR\"},\"image\":{\"@id\":\"https:\/\/www.iucuellar.org\/#\/schema\/logo\/image\/\"},\"sameAs\":[\"https:\/\/www.facebook.com\/iucuellar\",\"https:\/\/x.com\/IU_CUELLAR\",\"https:\/\/www.instagram.com\/iucuellar\/\",\"https:\/\/www.threads.net\/@iucuellar\"]},{\"@type\":\"Person\",\"@id\":\"https:\/\/www.iucuellar.org\/#\/schema\/person\/0ed49683a220f525fdeb90989b5c672d\",\"name\":\"Comunicaci\u00f3n\",\"image\":{\"@type\":\"ImageObject\",\"inLanguage\":\"es\",\"@id\":\"https:\/\/www.iucuellar.org\/#\/schema\/person\/image\/\",\"url\":\"https:\/\/secure.gravatar.com\/avatar\/1bb1e96b498ea4b5098098798744923e?s=96&d=mm&r=g\",\"contentUrl\":\"https:\/\/secure.gravatar.com\/avatar\/1bb1e96b498ea4b5098098798744923e?s=96&d=mm&r=g\",\"caption\":\"Comunicaci\u00f3n\"},\"url\":\"https:\/\/www.iucuellar.org\/?author=1\"}]}<\/script>\r\n<!-- \/ Yoast SEO plugin. -->","yoast_head_json":{"title":"Desarrollo insostenible en Cu\u00e9llar (convenio entre el Ayuntamiento de Cu\u00e9llar y la empresa Aserraderos Cu\u00e9llar, S. A.) - Izquierda Unida Cu\u00e9llar","robots":{"index":"index","follow":"follow","max-snippet":"max-snippet:-1","max-image-preview":"max-image-preview:large","max-video-preview":"max-video-preview:-1"},"canonical":"https:\/\/www.iucuellar.org\/?p=19","og_locale":"es_ES","og_type":"article","og_title":"Desarrollo insostenible en Cu\u00e9llar (convenio entre el Ayuntamiento de Cu\u00e9llar y la empresa Aserraderos Cu\u00e9llar, S. A.) - Izquierda Unida Cu\u00e9llar","og_description":"Para empezar: \u201cConstituci\u00f3n Espa\u00f1ola, art\u00edculo 45: 1.- Todos tienen el derecho a disfrutar de un medio ambiente adecuado para el","og_url":"https:\/\/www.iucuellar.org\/?p=19","og_site_name":"Izquierda Unida Cu\u00e9llar","article_publisher":"https:\/\/www.facebook.com\/iucuellar","article_published_time":"2008-06-30T17:41:52+00:00","article_modified_time":"2017-02-28T12:41:16+00:00","og_image":[{"width":512,"height":512,"url":"https:\/\/i0.wp.com\/www.iucuellar.org\/public\/2022\/07\/cropped-avatar_redondo_Twitter.png?fit=512%2C512&ssl=1","type":"image\/png"}],"author":"Comunicaci\u00f3n","twitter_card":"summary_large_image","twitter_creator":"@IU_CUELLAR","twitter_site":"@IU_CUELLAR","twitter_misc":{"Escrito por":"Comunicaci\u00f3n","Tiempo de lectura":"4 minutos"},"schema":{"@context":"https:\/\/schema.org","@graph":[{"@type":"Article","@id":"https:\/\/www.iucuellar.org\/?p=19#article","isPartOf":{"@id":"https:\/\/www.iucuellar.org\/?p=19"},"author":{"name":"Comunicaci\u00f3n","@id":"https:\/\/www.iucuellar.org\/#\/schema\/person\/0ed49683a220f525fdeb90989b5c672d"},"headline":"Desarrollo insostenible en Cu\u00e9llar (convenio entre el Ayuntamiento de Cu\u00e9llar y la empresa Aserraderos Cu\u00e9llar, S. A.)","datePublished":"2008-06-30T17:41:52+00:00","dateModified":"2017-02-28T12:41:16+00:00","mainEntityOfPage":{"@id":"https:\/\/www.iucuellar.org\/?p=19"},"wordCount":893,"commentCount":0,"publisher":{"@id":"https:\/\/www.iucuellar.org\/#organization"},"articleSection":["Industria","Izquierda Unida","Medio Ambiente"],"inLanguage":"es","potentialAction":[{"@type":"CommentAction","name":"Comment","target":["https:\/\/www.iucuellar.org\/?p=19#respond"]}]},{"@type":"WebPage","@id":"https:\/\/www.iucuellar.org\/?p=19","url":"https:\/\/www.iucuellar.org\/?p=19","name":"Desarrollo insostenible en Cu\u00e9llar (convenio entre el Ayuntamiento de Cu\u00e9llar y la empresa Aserraderos Cu\u00e9llar, S. A.) - Izquierda Unida Cu\u00e9llar","isPartOf":{"@id":"https:\/\/www.iucuellar.org\/#website"},"datePublished":"2008-06-30T17:41:52+00:00","dateModified":"2017-02-28T12:41:16+00:00","breadcrumb":{"@id":"https:\/\/www.iucuellar.org\/?p=19#breadcrumb"},"inLanguage":"es","potentialAction":[{"@type":"ReadAction","target":["https:\/\/www.iucuellar.org\/?p=19"]}]},{"@type":"BreadcrumbList","@id":"https:\/\/www.iucuellar.org\/?p=19#breadcrumb","itemListElement":[{"@type":"ListItem","position":1,"name":"Inicio","item":"https:\/\/www.iucuellar.org\/"},{"@type":"ListItem","position":2,"name":"Desarrollo insostenible en Cu\u00e9llar (convenio entre el Ayuntamiento de Cu\u00e9llar y la empresa Aserraderos Cu\u00e9llar, S. A.)"}]},{"@type":"WebSite","@id":"https:\/\/www.iucuellar.org\/#website","url":"https:\/\/www.iucuellar.org\/","name":"Izquierda Unida Cu\u00e9llar y Comarca","description":"Lugar de opini\u00f3n y discusi\u00f3n de la izquierda","publisher":{"@id":"https:\/\/www.iucuellar.org\/#organization"},"potentialAction":[{"@type":"SearchAction","target":{"@type":"EntryPoint","urlTemplate":"https:\/\/www.iucuellar.org\/?s={search_term_string}"},"query-input":"required name=search_term_string"}],"inLanguage":"es"},{"@type":"Organization","@id":"https:\/\/www.iucuellar.org\/#organization","name":"IU CUELLAR","url":"https:\/\/www.iucuellar.org\/","logo":{"@type":"ImageObject","inLanguage":"es","@id":"https:\/\/www.iucuellar.org\/#\/schema\/logo\/image\/","url":"https:\/\/i0.wp.com\/www.iucuellar.org\/public\/2022\/07\/cropped-avatar_redondo_Twitter.png?fit=512%2C512&ssl=1","contentUrl":"https:\/\/i0.wp.com\/www.iucuellar.org\/public\/2022\/07\/cropped-avatar_redondo_Twitter.png?fit=512%2C512&ssl=1","width":512,"height":512,"caption":"IU CUELLAR"},"image":{"@id":"https:\/\/www.iucuellar.org\/#\/schema\/logo\/image\/"},"sameAs":["https:\/\/www.facebook.com\/iucuellar","https:\/\/x.com\/IU_CUELLAR","https:\/\/www.instagram.com\/iucuellar\/","https:\/\/www.threads.net\/@iucuellar"]},{"@type":"Person","@id":"https:\/\/www.iucuellar.org\/#\/schema\/person\/0ed49683a220f525fdeb90989b5c672d","name":"Comunicaci\u00f3n","image":{"@type":"ImageObject","inLanguage":"es","@id":"https:\/\/www.iucuellar.org\/#\/schema\/person\/image\/","url":"https:\/\/secure.gravatar.com\/avatar\/1bb1e96b498ea4b5098098798744923e?s=96&d=mm&r=g","contentUrl":"https:\/\/secure.gravatar.com\/avatar\/1bb1e96b498ea4b5098098798744923e?s=96&d=mm&r=g","caption":"Comunicaci\u00f3n"},"url":"https:\/\/www.iucuellar.org\/?author=1"}]}},"jetpack_featured_media_url":"","jetpack_sharing_enabled":true,"jetpack_shortlink":"https:\/\/wp.me\/p8rn8P-j","_links":{"self":[{"href":"https:\/\/www.iucuellar.org\/index.php?rest_route=\/wp\/v2\/posts\/19"}],"collection":[{"href":"https:\/\/www.iucuellar.org\/index.php?rest_route=\/wp\/v2\/posts"}],"about":[{"href":"https:\/\/www.iucuellar.org\/index.php?rest_route=\/wp\/v2\/types\/post"}],"author":[{"embeddable":true,"href":"https:\/\/www.iucuellar.org\/index.php?rest_route=\/wp\/v2\/users\/1"}],"replies":[{"embeddable":true,"href":"https:\/\/www.iucuellar.org\/index.php?rest_route=%2Fwp%2Fv2%2Fcomments&post=19"}],"version-history":[{"count":3,"href":"https:\/\/www.iucuellar.org\/index.php?rest_route=\/wp\/v2\/posts\/19\/revisions"}],"predecessor-version":[{"id":111,"href":"https:\/\/www.iucuellar.org\/index.php?rest_route=\/wp\/v2\/posts\/19\/revisions\/111"}],"wp:attachment":[{"href":"https:\/\/www.iucuellar.org\/index.php?rest_route=%2Fwp%2Fv2%2Fmedia&parent=19"}],"wp:term":[{"taxonomy":"category","embeddable":true,"href":"https:\/\/www.iucuellar.org\/index.php?rest_route=%2Fwp%2Fv2%2Fcategories&post=19"},{"taxonomy":"post_tag","embeddable":true,"href":"https:\/\/www.iucuellar.org\/index.php?rest_route=%2Fwp%2Fv2%2Ftags&post=19"}],"curies":[{"name":"wp","href":"https:\/\/api.w.org\/{rel}","templated":true}]}}