{"id":21,"date":"2008-07-31T18:44:49","date_gmt":"2008-07-31T17:44:49","guid":{"rendered":"http:\/\/www.iucuellar.org\/seddna\/?p=21"},"modified":"2017-02-28T13:41:30","modified_gmt":"2017-02-28T12:41:30","slug":"que-no-quiera-enganarnos-los-vecinosas-de-cuellar-no-somos-tontos","status":"publish","type":"post","link":"https:\/\/www.iucuellar.org\/?p=21","title":{"rendered":"Que no quiera enga\u00f1arnos. Los vecinos\/as de Cu\u00e9llar no somos tontos"},"content":{"rendered":"<div>\n<p style=\"margin-bottom: 0cm;\" align=\"center\"><span style=\"font-size: medium;\">An\u00e1lisis de la situaci\u00f3n en cuanto a la concejal\u00eda de Asuntos Sociales y el plan de igualdad.<\/span><\/p>\n<p style=\"margin-bottom: 0cm;\"><span style=\"font-size: medium;\"> Lo primero de todo, \u00bfc\u00f3mo el alcalde nombra concejala de igualdad a una mujer que ha dejado claro que no respeta todas las ideas y creencias?, porque la concejala de igualdad de un ayuntamiento no puede serlo solo para lo que ella entiende por igualdad, ni tampoco solo para abordar las desigualdades existentes entre hombres y mujeres, ya que la igualdad es un concepto mucho mas amplio.<\/span><\/p>\n<p style=\"margin-bottom: 0cm;\"><span style=\"font-size: medium;\"> \u00bfC\u00f3mo vamos a creer los cuellaranos\/as en una persona para concejala de igualdad que no respeta la pluralidad, las diferentes ideas, pensamientos, etc?. Para un sector importante de la poblaci\u00f3n de Cu\u00e9llar, esta mujer no puede ser la elegida para luchar contra todo tipo de desigualdad.<\/span><\/p>\n<p style=\"margin-bottom: 0cm;\"><span style=\"font-size: medium;\">No pudo el ayuntamiento hacer un nombramiento mas inadecuado en un momento mas inoportuno.<\/span><\/p>\n<p style=\"margin-bottom: 0cm;\"><span style=\"font-size: medium;\"> Se\u00f1ora concejala de turismo, UN PLAN DE IGUALDAD NO SE HACE PARA PEDIR UNA SUBVENCI\u00d3N, se hace porque la pol\u00edtica social del equipo de gobierno va encaminada hacia la erradicaci\u00f3n de todo tipo de desigualdades, cosa que no han demostrado en el tiempo que llevan gobernando, se hace como resultado de una serie de estudios, an\u00e1lisis, encuentros\u2026, a trav\u00e9s de los cuales se vea la necesidad de llevar a cabo acciones encaminadas a luchar contra todo tipo de discriminaci\u00f3n. Es de esta manera cuando las cosas puede salir bien, cuando se hacen desde el conocimiento de la realidad m\u00e1s pr\u00f3xima.<\/span><\/p>\n<p style=\"margin-bottom: 0cm;\"><span style=\"font-size: medium;\"> La concejala present\u00f3 un plan de igualdad, no un borrador, al menos eso ponia en el enunciado del mismo. Pidi\u00f3 colaboraci\u00f3n a los otros grupos pol\u00edticos, cuando ya hab\u00eda copiado este plan, no antes. Era un plan que no se hab\u00eda molestado en corregir, ya que en algunos apartados hablaba del III plan de Igualdad de Oprtunidades. Dijo que llevaba seis meses trabajando en este plan, y no la dio tiempo a corregirlo, \u00a1pues como haga todo igual!.<\/span><\/p>\n<p style=\"margin-bottom: 0cm;\"><span style=\"font-size: medium;\"> En la colaboraci\u00f3n que pidi\u00f3 a los otros grupos pol\u00edtico, en lo que respecta a IU-LV, se aportaron ideas para que se hiciera un plan de igualdad de oportunidades, pero desde el conocimiento de la realidad de Cu\u00e9llar, no de otra localidad, que lo hiciera un t\u00e9cnico\/a especialista, a ser posible Agente de Igualdad de Oportunidades, en definitiva, que empezara el nuevo proyecto desde abajo hacia arriba no a la inversa. Idea que asume como propia en sus declaraciones a la prensa del 29\/07\/08.<\/span><\/p>\n<p style=\"margin-bottom: 0cm;\"><span style=\"font-size: medium;\"> \u00bfDonde est\u00e1 la honestidad de la concejala, cuando parte de un enga\u00f1o?, habr\u00eda sido mejor reconocer desde el primer momento que este plan era compiado, o \u00bfes que quiere justificar que trabaja mucho, cuando tarda seis meses en copiar un plan?.<\/span><\/p>\n<p style=\"margin-bottom: 0cm;\"><span style=\"font-size: medium;\"> No tenga prisa en realizar un plan de igualdad en Cu\u00e9llar, por supuesto que nos interesa a todos, sobre todo a todas, pero queremos que se haga bien, que se acerque a nuestra realidad, que parta de las necesidades de Cu\u00e9llar y sus vecinos\/as. Le aseguramos que cuando tenga todo esto claro, habr\u00e1 m\u00e1s oportunidades de subvenciones para poder acogerse a ellas, ademas de distintas instituciones, osea que no se lamente que se ha perdido la subvenci\u00f3n, porque las prisas en muchas ocasiones no son buenas, es mejor que todo lleve su proceso de maduraci\u00f3n para que los resultados sean m\u00e1s \u00f3ptimos y reales.<\/span><\/p>\n<p style=\"margin-bottom: 0cm;\"><span style=\"font-size: medium;\"> Y por favor no intente enga\u00f1arnos m\u00e1s, que lo \u00fanico que consigue es que los vecinos\/as la desvaloren a usted, que motivos tenemos.<\/span><\/p>\n<p style=\"margin-bottom: 0cm;\"><span style=\"font-size: medium;\"> Ah y no se la olvide que la modestia y la sencillez son virtudes mas valoradas que la prepotencia y la soberbia que usted ejerce.<\/span><\/p>\n<p style=\"margin-bottom: 0cm;\"><span style=\"font-size: medium;\"> La verdad es que todo este enga\u00f1o es motivo m\u00e1s que suficiente para pedir su dimisi\u00f3n, pero a\u00fan hay m\u00e1s motivos que puede sacar como conclusi\u00f3n de este ecrito.<\/span><\/p>\n<p style=\"margin-bottom: 0cm;\"><span style=\"font-size: medium;\"> IU-LV sigue abierta a la colaboraci\u00f3n en este y otros temas, siempre y cuando el equipo de gobierno tenga las cosas claras.<\/span><\/p>\n<\/div>\n","protected":false},"excerpt":{"rendered":"<p>An\u00e1lisis de la situaci\u00f3n en cuanto a la concejal\u00eda de Asuntos Sociales y el plan de igualdad. Lo primero de<\/p>\n","protected":false},"author":1,"featured_media":0,"comment_status":"open","ping_status":"open","sticky":false,"template":"","format":"standard","meta":{"sfsi_plus_gutenberg_text_before_share":"","sfsi_plus_gutenberg_show_text_before_share":"","sfsi_plus_gutenberg_icon_type":"","sfsi_plus_gutenberg_icon_alignemt":"","sfsi_plus_gutenburg_max_per_row":"","_exactmetrics_skip_tracking":false,"_exactmetrics_sitenote_active":false,"_exactmetrics_sitenote_note":"","_exactmetrics_sitenote_category":0,"ngg_post_thumbnail":0,"_jetpack_memberships_contains_paid_content":false,"footnotes":""},"categories":[26,14],"tags":[],"yoast_head":"<!-- This site is optimized with the Yoast SEO plugin v22.9 - https:\/\/yoast.com\/wordpress\/plugins\/seo\/ -->\r\n<title>Que no quiera enga\u00f1arnos. Los vecinos\/as de Cu\u00e9llar no somos tontos - Izquierda Unida Cu\u00e9llar<\/title>\r\n<meta name=\"robots\" content=\"index, follow, max-snippet:-1, max-image-preview:large, max-video-preview:-1\" \/>\r\n<link rel=\"canonical\" href=\"https:\/\/www.iucuellar.org\/?p=21\" \/>\r\n<meta property=\"og:locale\" content=\"es_ES\" \/>\r\n<meta property=\"og:type\" content=\"article\" \/>\r\n<meta property=\"og:title\" content=\"Que no quiera enga\u00f1arnos. Los vecinos\/as de Cu\u00e9llar no somos tontos - Izquierda Unida Cu\u00e9llar\" \/>\r\n<meta property=\"og:description\" content=\"An\u00e1lisis de la situaci\u00f3n en cuanto a la concejal\u00eda de Asuntos Sociales y el plan de igualdad. Lo primero de\" \/>\r\n<meta property=\"og:url\" content=\"https:\/\/www.iucuellar.org\/?p=21\" \/>\r\n<meta property=\"og:site_name\" content=\"Izquierda Unida Cu\u00e9llar\" \/>\r\n<meta property=\"article:publisher\" content=\"https:\/\/www.facebook.com\/iucuellar\" \/>\r\n<meta property=\"article:published_time\" content=\"2008-07-31T17:44:49+00:00\" \/>\r\n<meta property=\"article:modified_time\" content=\"2017-02-28T12:41:30+00:00\" \/>\r\n<meta property=\"og:image\" content=\"https:\/\/i0.wp.com\/www.iucuellar.org\/public\/2022\/07\/cropped-avatar_redondo_Twitter.png?fit=512%2C512&ssl=1\" \/>\r\n\t<meta property=\"og:image:width\" content=\"512\" \/>\r\n\t<meta property=\"og:image:height\" content=\"512\" \/>\r\n\t<meta property=\"og:image:type\" content=\"image\/png\" \/>\r\n<meta name=\"author\" content=\"Comunicaci\u00f3n\" \/>\r\n<meta name=\"twitter:card\" content=\"summary_large_image\" \/>\r\n<meta name=\"twitter:creator\" content=\"@IU_CUELLAR\" \/>\r\n<meta name=\"twitter:site\" content=\"@IU_CUELLAR\" \/>\r\n<meta name=\"twitter:label1\" content=\"Escrito por\" \/>\n\t<meta name=\"twitter:data1\" content=\"Comunicaci\u00f3n\" \/>\n\t<meta name=\"twitter:label2\" content=\"Tiempo de lectura\" \/>\n\t<meta name=\"twitter:data2\" content=\"3 minutos\" \/>\r\n<script type=\"application\/ld+json\" class=\"yoast-schema-graph\">{\"@context\":\"https:\/\/schema.org\",\"@graph\":[{\"@type\":\"Article\",\"@id\":\"https:\/\/www.iucuellar.org\/?p=21#article\",\"isPartOf\":{\"@id\":\"https:\/\/www.iucuellar.org\/?p=21\"},\"author\":{\"name\":\"Comunicaci\u00f3n\",\"@id\":\"https:\/\/www.iucuellar.org\/#\/schema\/person\/0ed49683a220f525fdeb90989b5c672d\"},\"headline\":\"Que no quiera enga\u00f1arnos. Los vecinos\/as de Cu\u00e9llar no somos tontos\",\"datePublished\":\"2008-07-31T17:44:49+00:00\",\"dateModified\":\"2017-02-28T12:41:30+00:00\",\"mainEntityOfPage\":{\"@id\":\"https:\/\/www.iucuellar.org\/?p=21\"},\"wordCount\":708,\"commentCount\":0,\"publisher\":{\"@id\":\"https:\/\/www.iucuellar.org\/#organization\"},\"articleSection\":[\"C VyT Cu\u00e9llar\",\"Sanidad y A.Sociales\"],\"inLanguage\":\"es\",\"potentialAction\":[{\"@type\":\"CommentAction\",\"name\":\"Comment\",\"target\":[\"https:\/\/www.iucuellar.org\/?p=21#respond\"]}]},{\"@type\":\"WebPage\",\"@id\":\"https:\/\/www.iucuellar.org\/?p=21\",\"url\":\"https:\/\/www.iucuellar.org\/?p=21\",\"name\":\"Que no quiera enga\u00f1arnos. Los vecinos\/as de Cu\u00e9llar no somos tontos - Izquierda Unida Cu\u00e9llar\",\"isPartOf\":{\"@id\":\"https:\/\/www.iucuellar.org\/#website\"},\"datePublished\":\"2008-07-31T17:44:49+00:00\",\"dateModified\":\"2017-02-28T12:41:30+00:00\",\"breadcrumb\":{\"@id\":\"https:\/\/www.iucuellar.org\/?p=21#breadcrumb\"},\"inLanguage\":\"es\",\"potentialAction\":[{\"@type\":\"ReadAction\",\"target\":[\"https:\/\/www.iucuellar.org\/?p=21\"]}]},{\"@type\":\"BreadcrumbList\",\"@id\":\"https:\/\/www.iucuellar.org\/?p=21#breadcrumb\",\"itemListElement\":[{\"@type\":\"ListItem\",\"position\":1,\"name\":\"Inicio\",\"item\":\"https:\/\/www.iucuellar.org\/\"},{\"@type\":\"ListItem\",\"position\":2,\"name\":\"Que no quiera enga\u00f1arnos. Los vecinos\/as de Cu\u00e9llar no somos tontos\"}]},{\"@type\":\"WebSite\",\"@id\":\"https:\/\/www.iucuellar.org\/#website\",\"url\":\"https:\/\/www.iucuellar.org\/\",\"name\":\"Izquierda Unida Cu\u00e9llar y Comarca\",\"description\":\"Lugar de opini\u00f3n y discusi\u00f3n de la izquierda\",\"publisher\":{\"@id\":\"https:\/\/www.iucuellar.org\/#organization\"},\"potentialAction\":[{\"@type\":\"SearchAction\",\"target\":{\"@type\":\"EntryPoint\",\"urlTemplate\":\"https:\/\/www.iucuellar.org\/?s={search_term_string}\"},\"query-input\":\"required name=search_term_string\"}],\"inLanguage\":\"es\"},{\"@type\":\"Organization\",\"@id\":\"https:\/\/www.iucuellar.org\/#organization\",\"name\":\"IU CUELLAR\",\"url\":\"https:\/\/www.iucuellar.org\/\",\"logo\":{\"@type\":\"ImageObject\",\"inLanguage\":\"es\",\"@id\":\"https:\/\/www.iucuellar.org\/#\/schema\/logo\/image\/\",\"url\":\"https:\/\/i0.wp.com\/www.iucuellar.org\/public\/2022\/07\/cropped-avatar_redondo_Twitter.png?fit=512%2C512&ssl=1\",\"contentUrl\":\"https:\/\/i0.wp.com\/www.iucuellar.org\/public\/2022\/07\/cropped-avatar_redondo_Twitter.png?fit=512%2C512&ssl=1\",\"width\":512,\"height\":512,\"caption\":\"IU CUELLAR\"},\"image\":{\"@id\":\"https:\/\/www.iucuellar.org\/#\/schema\/logo\/image\/\"},\"sameAs\":[\"https:\/\/www.facebook.com\/iucuellar\",\"https:\/\/x.com\/IU_CUELLAR\",\"https:\/\/www.instagram.com\/iucuellar\/\",\"https:\/\/www.threads.net\/@iucuellar\"]},{\"@type\":\"Person\",\"@id\":\"https:\/\/www.iucuellar.org\/#\/schema\/person\/0ed49683a220f525fdeb90989b5c672d\",\"name\":\"Comunicaci\u00f3n\",\"image\":{\"@type\":\"ImageObject\",\"inLanguage\":\"es\",\"@id\":\"https:\/\/www.iucuellar.org\/#\/schema\/person\/image\/\",\"url\":\"https:\/\/secure.gravatar.com\/avatar\/1bb1e96b498ea4b5098098798744923e?s=96&d=mm&r=g\",\"contentUrl\":\"https:\/\/secure.gravatar.com\/avatar\/1bb1e96b498ea4b5098098798744923e?s=96&d=mm&r=g\",\"caption\":\"Comunicaci\u00f3n\"},\"url\":\"https:\/\/www.iucuellar.org\/?author=1\"}]}<\/script>\r\n<!-- \/ Yoast SEO plugin. -->","yoast_head_json":{"title":"Que no quiera enga\u00f1arnos. Los vecinos\/as de Cu\u00e9llar no somos tontos - Izquierda Unida Cu\u00e9llar","robots":{"index":"index","follow":"follow","max-snippet":"max-snippet:-1","max-image-preview":"max-image-preview:large","max-video-preview":"max-video-preview:-1"},"canonical":"https:\/\/www.iucuellar.org\/?p=21","og_locale":"es_ES","og_type":"article","og_title":"Que no quiera enga\u00f1arnos. Los vecinos\/as de Cu\u00e9llar no somos tontos - Izquierda Unida Cu\u00e9llar","og_description":"An\u00e1lisis de la situaci\u00f3n en cuanto a la concejal\u00eda de Asuntos Sociales y el plan de igualdad. Lo primero de","og_url":"https:\/\/www.iucuellar.org\/?p=21","og_site_name":"Izquierda Unida Cu\u00e9llar","article_publisher":"https:\/\/www.facebook.com\/iucuellar","article_published_time":"2008-07-31T17:44:49+00:00","article_modified_time":"2017-02-28T12:41:30+00:00","og_image":[{"width":512,"height":512,"url":"https:\/\/i0.wp.com\/www.iucuellar.org\/public\/2022\/07\/cropped-avatar_redondo_Twitter.png?fit=512%2C512&ssl=1","type":"image\/png"}],"author":"Comunicaci\u00f3n","twitter_card":"summary_large_image","twitter_creator":"@IU_CUELLAR","twitter_site":"@IU_CUELLAR","twitter_misc":{"Escrito por":"Comunicaci\u00f3n","Tiempo de lectura":"3 minutos"},"schema":{"@context":"https:\/\/schema.org","@graph":[{"@type":"Article","@id":"https:\/\/www.iucuellar.org\/?p=21#article","isPartOf":{"@id":"https:\/\/www.iucuellar.org\/?p=21"},"author":{"name":"Comunicaci\u00f3n","@id":"https:\/\/www.iucuellar.org\/#\/schema\/person\/0ed49683a220f525fdeb90989b5c672d"},"headline":"Que no quiera enga\u00f1arnos. Los vecinos\/as de Cu\u00e9llar no somos tontos","datePublished":"2008-07-31T17:44:49+00:00","dateModified":"2017-02-28T12:41:30+00:00","mainEntityOfPage":{"@id":"https:\/\/www.iucuellar.org\/?p=21"},"wordCount":708,"commentCount":0,"publisher":{"@id":"https:\/\/www.iucuellar.org\/#organization"},"articleSection":["C VyT Cu\u00e9llar","Sanidad y A.Sociales"],"inLanguage":"es","potentialAction":[{"@type":"CommentAction","name":"Comment","target":["https:\/\/www.iucuellar.org\/?p=21#respond"]}]},{"@type":"WebPage","@id":"https:\/\/www.iucuellar.org\/?p=21","url":"https:\/\/www.iucuellar.org\/?p=21","name":"Que no quiera enga\u00f1arnos. Los vecinos\/as de Cu\u00e9llar no somos tontos - Izquierda Unida Cu\u00e9llar","isPartOf":{"@id":"https:\/\/www.iucuellar.org\/#website"},"datePublished":"2008-07-31T17:44:49+00:00","dateModified":"2017-02-28T12:41:30+00:00","breadcrumb":{"@id":"https:\/\/www.iucuellar.org\/?p=21#breadcrumb"},"inLanguage":"es","potentialAction":[{"@type":"ReadAction","target":["https:\/\/www.iucuellar.org\/?p=21"]}]},{"@type":"BreadcrumbList","@id":"https:\/\/www.iucuellar.org\/?p=21#breadcrumb","itemListElement":[{"@type":"ListItem","position":1,"name":"Inicio","item":"https:\/\/www.iucuellar.org\/"},{"@type":"ListItem","position":2,"name":"Que no quiera enga\u00f1arnos. Los vecinos\/as de Cu\u00e9llar no somos tontos"}]},{"@type":"WebSite","@id":"https:\/\/www.iucuellar.org\/#website","url":"https:\/\/www.iucuellar.org\/","name":"Izquierda Unida Cu\u00e9llar y Comarca","description":"Lugar de opini\u00f3n y discusi\u00f3n de la izquierda","publisher":{"@id":"https:\/\/www.iucuellar.org\/#organization"},"potentialAction":[{"@type":"SearchAction","target":{"@type":"EntryPoint","urlTemplate":"https:\/\/www.iucuellar.org\/?s={search_term_string}"},"query-input":"required name=search_term_string"}],"inLanguage":"es"},{"@type":"Organization","@id":"https:\/\/www.iucuellar.org\/#organization","name":"IU CUELLAR","url":"https:\/\/www.iucuellar.org\/","logo":{"@type":"ImageObject","inLanguage":"es","@id":"https:\/\/www.iucuellar.org\/#\/schema\/logo\/image\/","url":"https:\/\/i0.wp.com\/www.iucuellar.org\/public\/2022\/07\/cropped-avatar_redondo_Twitter.png?fit=512%2C512&ssl=1","contentUrl":"https:\/\/i0.wp.com\/www.iucuellar.org\/public\/2022\/07\/cropped-avatar_redondo_Twitter.png?fit=512%2C512&ssl=1","width":512,"height":512,"caption":"IU CUELLAR"},"image":{"@id":"https:\/\/www.iucuellar.org\/#\/schema\/logo\/image\/"},"sameAs":["https:\/\/www.facebook.com\/iucuellar","https:\/\/x.com\/IU_CUELLAR","https:\/\/www.instagram.com\/iucuellar\/","https:\/\/www.threads.net\/@iucuellar"]},{"@type":"Person","@id":"https:\/\/www.iucuellar.org\/#\/schema\/person\/0ed49683a220f525fdeb90989b5c672d","name":"Comunicaci\u00f3n","image":{"@type":"ImageObject","inLanguage":"es","@id":"https:\/\/www.iucuellar.org\/#\/schema\/person\/image\/","url":"https:\/\/secure.gravatar.com\/avatar\/1bb1e96b498ea4b5098098798744923e?s=96&d=mm&r=g","contentUrl":"https:\/\/secure.gravatar.com\/avatar\/1bb1e96b498ea4b5098098798744923e?s=96&d=mm&r=g","caption":"Comunicaci\u00f3n"},"url":"https:\/\/www.iucuellar.org\/?author=1"}]}},"jetpack_featured_media_url":"","jetpack_sharing_enabled":true,"jetpack_shortlink":"https:\/\/wp.me\/p8rn8P-l","_links":{"self":[{"href":"https:\/\/www.iucuellar.org\/index.php?rest_route=\/wp\/v2\/posts\/21"}],"collection":[{"href":"https:\/\/www.iucuellar.org\/index.php?rest_route=\/wp\/v2\/posts"}],"about":[{"href":"https:\/\/www.iucuellar.org\/index.php?rest_route=\/wp\/v2\/types\/post"}],"author":[{"embeddable":true,"href":"https:\/\/www.iucuellar.org\/index.php?rest_route=\/wp\/v2\/users\/1"}],"replies":[{"embeddable":true,"href":"https:\/\/www.iucuellar.org\/index.php?rest_route=%2Fwp%2Fv2%2Fcomments&post=21"}],"version-history":[{"count":3,"href":"https:\/\/www.iucuellar.org\/index.php?rest_route=\/wp\/v2\/posts\/21\/revisions"}],"predecessor-version":[{"id":113,"href":"https:\/\/www.iucuellar.org\/index.php?rest_route=\/wp\/v2\/posts\/21\/revisions\/113"}],"wp:attachment":[{"href":"https:\/\/www.iucuellar.org\/index.php?rest_route=%2Fwp%2Fv2%2Fmedia&parent=21"}],"wp:term":[{"taxonomy":"category","embeddable":true,"href":"https:\/\/www.iucuellar.org\/index.php?rest_route=%2Fwp%2Fv2%2Fcategories&post=21"},{"taxonomy":"post_tag","embeddable":true,"href":"https:\/\/www.iucuellar.org\/index.php?rest_route=%2Fwp%2Fv2%2Ftags&post=21"}],"curies":[{"name":"wp","href":"https:\/\/api.w.org\/{rel}","templated":true}]}}