{"id":2214,"date":"2017-01-30T00:58:24","date_gmt":"2017-01-29T22:58:24","guid":{"rendered":"http:\/\/www.iucuellar.org\/?p=2214"},"modified":"2018-02-16T19:54:02","modified_gmt":"2018-02-16T18:54:02","slug":"preguntas-y-ruegos-al-pleno-de-enero","status":"publish","type":"post","link":"https:\/\/www.iucuellar.org\/?p=2214","title":{"rendered":"Preguntas y ruegos al Pleno de Enero"},"content":{"rendered":"<p style=\"text-align: center;\"><strong><span style=\"font-size: medium;\">Ruegos<\/span><\/strong><\/p>\n<p><span style=\"font-size: medium; color: #339966;\">1.- Fibra \u00d3ptica para todos, tambi\u00e9n en Barrios y E.L.M.<\/span><\/p>\n<p><span style=\"font-size: medium;\">En la junta de gobierno del 27 de diciembre hemos comprobado que se ha aprobado un plan de despliegue de una red de acceso de nueva generaci\u00f3n mediante fibra \u00f3ptica en nuestra localidad, que ha sido presentado por Telef\u00f3nica Espa\u00f1a. Seg\u00fan hemos podido comprobar este plan se ejecutar\u00e1 en zona urbana de Cu\u00e9llar y los pol\u00edgonos industriales, pero en ning\u00fan momento se habla de los barrios y las entidades locales menores.<\/span><\/p>\n<p><span style=\"font-size: medium;\">Constantemente, leemos y escuchamos a trav\u00e9s de los medios de comunicaci\u00f3n, como la Junta de CyL, y otras instituciones, hablan de proyectos y actuaciones para favorecer el mantenimiento y desarrollo de la poblaci\u00f3n en los medios rurales.<\/span><\/p>\n<p><span style=\"font-size: medium;\">Por lo que creemos, que esta es una oportunidad que beneficiar\u00eda, a los vecinos y vecinas de estas poblaciones y a las empresas all\u00ed asentadas, a todos los niveles.<\/span><\/p>\n<p><span style=\"font-size: medium;\">Por lo que solicitamos:<\/span><\/p>\n<p><span style=\"font-size: medium;\">Sean incluidas en el plan de despliegue de red de acceso de nueva generaci\u00f3n mediante fibra \u00f3ptica a Torregutierrez, Escarabajosa, Dehesa Mayor, Dehesa de Cuellar, Las Fuentes, Lovingos, Arroyo, Campo y Chat\u00fan, como barrios y entidades locales menores de nuestro municipio que son.<\/span><\/p>\n<p><span style=\"font-size: medium; color: #339966;\">2.- Poca visibilidad en algunos pasos de peatones.<\/span><\/p>\n<p><span style=\"font-size: medium;\">La visibilidad en ciertos pasos de peatones, queda reducida al permitir el aparcamiento de veh\u00edculos, hasta el l\u00edmite de dichos pasos. Esta situaci\u00f3n es incluso m\u00e1s peligrosa en las cercan\u00edas de los colegios de infantil y primaria.<\/span><\/p>\n<p><span style=\"font-size: medium;\">Por lo que solicitamos que se se\u00f1alice como prohibido aparcar, en el espacio de un veh\u00edculo, en la zona anterior al paso de cebra del sentido de la circulaci\u00f3n.<\/span><\/p>\n<p style=\"text-align: center;\"><span style=\"font-size: medium;\"><img loading=\"lazy\" decoding=\"async\" class=\"aligncenter\" src=\"https:\/\/i0.wp.com\/www.iucuellar.org\/2017\/imagen\/Cuellar.jpg?resize=614%2C346&#038;ssl=1\" alt=\"\" width=\"614\" height=\"346\"  data-recalc-dims=\"1\"><br \/>\n<\/span><\/p>\n<p><span style=\"font-size: medium; color: #339966;\">3.- Imparcialidad y transparencia en las contrataciones de personal en el ayuntamiento.<\/span><\/p>\n<p><span style=\"font-family: Times New Roman,serif;\"><span style=\"font-size: medium;\">En un principio el tema que vamos a presentar en este ruego, lo \u00edbamos a plantear como una moci\u00f3n, pero viendo el escaso \u00e9xito de plantear mociones ante este Equipo de Gobierno del PP, que rechaza todas por sistema, finalmente hemos decidido plantearlo como un ruego.<\/span><\/span><\/p>\n<p><span style=\"font-family: Times New Roman,serif;\"><span style=\"font-size: medium;\">El tema a tratar son las contrataciones de personal laboral que tenga que realizar este Ayuntamiento.<\/span><\/span><\/p>\n<p><span style=\"font-family: Times New Roman,serif;\"><span style=\"font-size: medium;\">Nos gustar\u00eda que estas contrataciones fueran m\u00e1s imparciales y que hubiera una igualdad real de oportunidades para todos los vecinos y vecinas de Cu\u00e9llar y otras gentes que se presenten a esos procesos de selecci\u00f3n (cuando los haya).<\/span><\/span><\/p>\n<p><span style=\"font-family: Times New Roman,serif;\"><span style=\"font-size: medium;\">Hemos recibido quejas sobre dichos procesos porque la gente considera que no se da la suficiente publicidad a esas ofertas y las pruebas y los m\u00e9ritos y sus valoraciones suelen favorecer, o por lo menos as\u00ed lo parece, a personas muy determinadas en detrimento de las opciones del resto de los candidatos.<\/span><\/span><\/p>\n<p><span style=\"font-family: Times New Roman,serif;\"><span style=\"font-size: medium;\">Lo hemos observado en muchos procesos como por ejemplo en la selecci\u00f3n del puesto de ayudante de organizaci\u00f3n de ferias y recientemente en la selecci\u00f3n de personal para confeccionar una bolsa de empleo para vigilantes de la O.R.A. En este \u00faltimo proceso, a efectos reales, todo aquel que no tuviera puntos por experiencia, queda autom\u00e1ticamente excluido, salvo milagro o que consiga acertar todas las respuestas de los dos ex\u00e1menes, ya que la puntuaci\u00f3n m\u00ednima para ser incluido en la bolsa son 7 puntos, valiendo hasta 3 puntos la experiencia y hasta 7 puntos los dos ex\u00e1menes, con lo que el que carezca de puntos de experiencia tiene que acertar todas las preguntas de las pruebas te\u00f3ricas.<\/span><\/span><\/p>\n<p><span style=\"font-family: Times New Roman,serif;\"><span style=\"font-size: medium;\">Ya sabemos que su intenci\u00f3n es crear una \u201cgran bolsa\u201d de vecinos y vecinas de Cu\u00e9llar a los que recordarles que les deben \u201cun favor\u201d y que tienen trabajo gracias a ustedes, o por lo menos eso es lo que parece.<\/span><\/span><\/p>\n<p><span style=\"font-family: Times New Roman,serif;\"><span style=\"font-size: medium;\">Por eso mismo no cubren las plazas de funcionarios vacantes en el Ayuntamiento de Cu\u00e9llar, ya que esos puestos una vez obtenidos, no dependen de ning\u00fan cargo pol\u00edtico para su renovaci\u00f3n y se escapar\u00edan a su control pol\u00edtico.<\/span><\/span><\/p>\n<p><span style=\"font-family: Times New Roman,serif;\"><span style=\"font-size: medium;\">Como durante este a\u00f1o con motivo de la exposici\u00f3n de \u201cLas Edades del Hombre\u201d, suponemos y esperamos que se tengan que contratar a muchas personas por parte del Ayuntamiento, les pedimos que los procesos de selecci\u00f3n sean mucho m\u00e1s imparciales y den opciones reales a todos los candidatos que quieran acceder a esos puestos de trabajo.<\/span><\/span><\/p>\n<p><span style=\"font-family: Times New Roman,serif;\"><span style=\"font-size: medium;\">Porque como dice un dicho atribuido al emperador romano Julio C\u00e9sar \u201cla mujer del C\u00e9sar no s\u00f3lo debe ser honesta sino adem\u00e1s parecerlo\u201d. As\u00ed podr\u00e1n evitar suspicacias y demostrar que realmente gobiernan para todos los vecinos y vecinas de Cu\u00e9llar y no s\u00f3lo para favorecer a unos cuantos.<\/span><\/span><\/p>\n<p><span style=\"font-family: Times New Roman,serif;\"><span style=\"font-size: medium;\">Por cierto, esperemos que esos puestos a cubrir no sean desempe\u00f1ados por voluntarios sin sueldo.<\/span><\/span><\/p>\n<p style=\"text-align: center;\"><span style=\"font-family: Times New Roman,serif;\"><span style=\"font-size: medium;\"><strong>Preguntas<\/strong><\/span><\/span><\/p>\n<p><span style=\"font-family: Times New Roman,serif;\"><span style=\"font-size: medium;\">1.- El pasado jueves 15 de diciembre al finalizar una Comisi\u00f3n Informativa en el Ayuntamiento, inform\u00e9 directamente al se\u00f1or Alcalde de la existencia de unos vertidos que se estaban produciendo cerca de Escarabajosa de Cu\u00e9llar. Posteriormente pregunt\u00e9 por tel\u00e9fono acerca de las actuaciones que se estaban tomando con respecto a dicho tema y fui informado por el se\u00f1or Secretario.<\/span><\/span><\/p>\n<p><span style=\"font-family: Times New Roman,serif;\"><span style=\"font-size: medium;\">Me gustar\u00eda que nos informaran como est\u00e1n a d\u00eda de hoy dichas actuaciones y qu\u00e9 medidas se han tomado o se han previsto tomar.<\/span><\/span><\/p>\n<p><span style=\"font-family: Times New Roman,serif;\"><span style=\"font-size: medium;\">2.- Debido a las m\u00faltiples quejas de los vecinos y la dificultad que nos encontramos muchas veces para poder contactar con la Concejala de Cultura, do\u00f1a Sonia Mart\u00edn, en las dependencias del ayuntamiento, nos gustar\u00eda que nos facilitara su horario de presencia en el mismo.<\/span><\/span><\/p>\n<p><span style=\"font-family: Times New Roman,serif;\"><span style=\"font-size: medium;\"><br \/>\n<\/span><\/span><\/p>\n","protected":false},"excerpt":{"rendered":"<p>Ruegos 1.- Fibra \u00d3ptica para todos, tambi\u00e9n en Barrios y E.L.M. En la junta de gobierno del 27 de diciembre<\/p>\n","protected":false},"author":1,"featured_media":2252,"comment_status":"open","ping_status":"open","sticky":false,"template":"","format":"standard","meta":{"sfsi_plus_gutenberg_text_before_share":"","sfsi_plus_gutenberg_show_text_before_share":"","sfsi_plus_gutenberg_icon_type":"","sfsi_plus_gutenberg_icon_alignemt":"","sfsi_plus_gutenburg_max_per_row":"","_exactmetrics_skip_tracking":false,"_exactmetrics_sitenote_active":false,"_exactmetrics_sitenote_note":"","_exactmetrics_sitenote_category":0,"ngg_post_thumbnail":0,"_jetpack_memberships_contains_paid_content":false,"footnotes":""},"categories":[7,10,13,16,20],"tags":[],"yoast_head":"<!-- This site is optimized with the Yoast SEO plugin v22.9 - https:\/\/yoast.com\/wordpress\/plugins\/seo\/ -->\r\n<title>Preguntas y ruegos al Pleno de Enero - Izquierda Unida Cu\u00e9llar<\/title>\r\n<meta name=\"robots\" content=\"index, follow, max-snippet:-1, max-image-preview:large, max-video-preview:-1\" \/>\r\n<link rel=\"canonical\" href=\"https:\/\/www.iucuellar.org\/?p=2214\" \/>\r\n<meta property=\"og:locale\" content=\"es_ES\" \/>\r\n<meta property=\"og:type\" content=\"article\" \/>\r\n<meta property=\"og:title\" content=\"Preguntas y ruegos al Pleno de Enero - Izquierda Unida Cu\u00e9llar\" \/>\r\n<meta property=\"og:description\" content=\"Ruegos 1.- Fibra \u00d3ptica para todos, tambi\u00e9n en Barrios y E.L.M. En la junta de gobierno del 27 de diciembre\" \/>\r\n<meta property=\"og:url\" content=\"https:\/\/www.iucuellar.org\/?p=2214\" \/>\r\n<meta property=\"og:site_name\" content=\"Izquierda Unida Cu\u00e9llar\" \/>\r\n<meta property=\"article:publisher\" content=\"https:\/\/www.facebook.com\/iucuellar\" \/>\r\n<meta property=\"article:published_time\" content=\"2017-01-29T22:58:24+00:00\" \/>\r\n<meta property=\"article:modified_time\" content=\"2018-02-16T18:54:02+00:00\" \/>\r\n<meta property=\"og:image\" content=\"https:\/\/www.iucuellar.org\/public\/2017\/01\/DSC_0497-1024x683.jpg\" \/>\r\n\t<meta property=\"og:image:width\" content=\"1024\" \/>\r\n\t<meta property=\"og:image:height\" content=\"683\" \/>\r\n\t<meta property=\"og:image:type\" content=\"image\/jpeg\" \/>\r\n<meta name=\"author\" content=\"Comunicaci\u00f3n\" \/>\r\n<meta name=\"twitter:card\" content=\"summary_large_image\" \/>\r\n<meta name=\"twitter:creator\" content=\"@IU_CUELLAR\" \/>\r\n<meta name=\"twitter:site\" content=\"@IU_CUELLAR\" \/>\r\n<meta name=\"twitter:label1\" content=\"Escrito por\" \/>\n\t<meta name=\"twitter:data1\" content=\"Comunicaci\u00f3n\" \/>\n\t<meta name=\"twitter:label2\" content=\"Tiempo de lectura\" \/>\n\t<meta name=\"twitter:data2\" content=\"5 minutos\" \/>\r\n<script type=\"application\/ld+json\" class=\"yoast-schema-graph\">{\"@context\":\"https:\/\/schema.org\",\"@graph\":[{\"@type\":\"Article\",\"@id\":\"https:\/\/www.iucuellar.org\/?p=2214#article\",\"isPartOf\":{\"@id\":\"https:\/\/www.iucuellar.org\/?p=2214\"},\"author\":{\"name\":\"Comunicaci\u00f3n\",\"@id\":\"https:\/\/www.iucuellar.org\/#\/schema\/person\/0ed49683a220f525fdeb90989b5c672d\"},\"headline\":\"Preguntas y ruegos al Pleno de Enero\",\"datePublished\":\"2017-01-29T22:58:24+00:00\",\"dateModified\":\"2018-02-16T18:54:02+00:00\",\"mainEntityOfPage\":{\"@id\":\"https:\/\/www.iucuellar.org\/?p=2214\"},\"wordCount\":951,\"commentCount\":0,\"publisher\":{\"@id\":\"https:\/\/www.iucuellar.org\/#organization\"},\"image\":{\"@id\":\"https:\/\/www.iucuellar.org\/?p=2214#primaryimage\"},\"thumbnailUrl\":\"https:\/\/i0.wp.com\/www.iucuellar.org\/public\/2017\/01\/DSC_0497.jpg?fit=2657%2C1772&ssl=1\",\"articleSection\":[\"Cultura\",\"Medio Ambiente\",\"obras y servicios\",\"Personal\",\"Plenos\"],\"inLanguage\":\"es\",\"potentialAction\":[{\"@type\":\"CommentAction\",\"name\":\"Comment\",\"target\":[\"https:\/\/www.iucuellar.org\/?p=2214#respond\"]}]},{\"@type\":\"WebPage\",\"@id\":\"https:\/\/www.iucuellar.org\/?p=2214\",\"url\":\"https:\/\/www.iucuellar.org\/?p=2214\",\"name\":\"Preguntas y ruegos al Pleno de Enero - Izquierda Unida Cu\u00e9llar\",\"isPartOf\":{\"@id\":\"https:\/\/www.iucuellar.org\/#website\"},\"primaryImageOfPage\":{\"@id\":\"https:\/\/www.iucuellar.org\/?p=2214#primaryimage\"},\"image\":{\"@id\":\"https:\/\/www.iucuellar.org\/?p=2214#primaryimage\"},\"thumbnailUrl\":\"https:\/\/i0.wp.com\/www.iucuellar.org\/public\/2017\/01\/DSC_0497.jpg?fit=2657%2C1772&ssl=1\",\"datePublished\":\"2017-01-29T22:58:24+00:00\",\"dateModified\":\"2018-02-16T18:54:02+00:00\",\"breadcrumb\":{\"@id\":\"https:\/\/www.iucuellar.org\/?p=2214#breadcrumb\"},\"inLanguage\":\"es\",\"potentialAction\":[{\"@type\":\"ReadAction\",\"target\":[\"https:\/\/www.iucuellar.org\/?p=2214\"]}]},{\"@type\":\"ImageObject\",\"inLanguage\":\"es\",\"@id\":\"https:\/\/www.iucuellar.org\/?p=2214#primaryimage\",\"url\":\"https:\/\/i0.wp.com\/www.iucuellar.org\/public\/2017\/01\/DSC_0497.jpg?fit=2657%2C1772&ssl=1\",\"contentUrl\":\"https:\/\/i0.wp.com\/www.iucuellar.org\/public\/2017\/01\/DSC_0497.jpg?fit=2657%2C1772&ssl=1\",\"width\":2657,\"height\":1772},{\"@type\":\"BreadcrumbList\",\"@id\":\"https:\/\/www.iucuellar.org\/?p=2214#breadcrumb\",\"itemListElement\":[{\"@type\":\"ListItem\",\"position\":1,\"name\":\"Inicio\",\"item\":\"https:\/\/www.iucuellar.org\/\"},{\"@type\":\"ListItem\",\"position\":2,\"name\":\"Preguntas y ruegos al Pleno de Enero\"}]},{\"@type\":\"WebSite\",\"@id\":\"https:\/\/www.iucuellar.org\/#website\",\"url\":\"https:\/\/www.iucuellar.org\/\",\"name\":\"Izquierda Unida Cu\u00e9llar y Comarca\",\"description\":\"Lugar de opini\u00f3n y discusi\u00f3n de la izquierda\",\"publisher\":{\"@id\":\"https:\/\/www.iucuellar.org\/#organization\"},\"potentialAction\":[{\"@type\":\"SearchAction\",\"target\":{\"@type\":\"EntryPoint\",\"urlTemplate\":\"https:\/\/www.iucuellar.org\/?s={search_term_string}\"},\"query-input\":\"required name=search_term_string\"}],\"inLanguage\":\"es\"},{\"@type\":\"Organization\",\"@id\":\"https:\/\/www.iucuellar.org\/#organization\",\"name\":\"IU CUELLAR\",\"url\":\"https:\/\/www.iucuellar.org\/\",\"logo\":{\"@type\":\"ImageObject\",\"inLanguage\":\"es\",\"@id\":\"https:\/\/www.iucuellar.org\/#\/schema\/logo\/image\/\",\"url\":\"https:\/\/i0.wp.com\/www.iucuellar.org\/public\/2022\/07\/cropped-avatar_redondo_Twitter.png?fit=512%2C512&ssl=1\",\"contentUrl\":\"https:\/\/i0.wp.com\/www.iucuellar.org\/public\/2022\/07\/cropped-avatar_redondo_Twitter.png?fit=512%2C512&ssl=1\",\"width\":512,\"height\":512,\"caption\":\"IU CUELLAR\"},\"image\":{\"@id\":\"https:\/\/www.iucuellar.org\/#\/schema\/logo\/image\/\"},\"sameAs\":[\"https:\/\/www.facebook.com\/iucuellar\",\"https:\/\/x.com\/IU_CUELLAR\",\"https:\/\/www.instagram.com\/iucuellar\/\",\"https:\/\/www.threads.net\/@iucuellar\"]},{\"@type\":\"Person\",\"@id\":\"https:\/\/www.iucuellar.org\/#\/schema\/person\/0ed49683a220f525fdeb90989b5c672d\",\"name\":\"Comunicaci\u00f3n\",\"image\":{\"@type\":\"ImageObject\",\"inLanguage\":\"es\",\"@id\":\"https:\/\/www.iucuellar.org\/#\/schema\/person\/image\/\",\"url\":\"https:\/\/secure.gravatar.com\/avatar\/1bb1e96b498ea4b5098098798744923e?s=96&d=mm&r=g\",\"contentUrl\":\"https:\/\/secure.gravatar.com\/avatar\/1bb1e96b498ea4b5098098798744923e?s=96&d=mm&r=g\",\"caption\":\"Comunicaci\u00f3n\"},\"url\":\"https:\/\/www.iucuellar.org\/?author=1\"}]}<\/script>\r\n<!-- \/ Yoast SEO plugin. -->","yoast_head_json":{"title":"Preguntas y ruegos al Pleno de Enero - Izquierda Unida Cu\u00e9llar","robots":{"index":"index","follow":"follow","max-snippet":"max-snippet:-1","max-image-preview":"max-image-preview:large","max-video-preview":"max-video-preview:-1"},"canonical":"https:\/\/www.iucuellar.org\/?p=2214","og_locale":"es_ES","og_type":"article","og_title":"Preguntas y ruegos al Pleno de Enero - Izquierda Unida Cu\u00e9llar","og_description":"Ruegos 1.- Fibra \u00d3ptica para todos, tambi\u00e9n en Barrios y E.L.M. En la junta de gobierno del 27 de diciembre","og_url":"https:\/\/www.iucuellar.org\/?p=2214","og_site_name":"Izquierda Unida Cu\u00e9llar","article_publisher":"https:\/\/www.facebook.com\/iucuellar","article_published_time":"2017-01-29T22:58:24+00:00","article_modified_time":"2018-02-16T18:54:02+00:00","og_image":[{"width":1024,"height":683,"url":"https:\/\/www.iucuellar.org\/public\/2017\/01\/DSC_0497-1024x683.jpg","type":"image\/jpeg"}],"author":"Comunicaci\u00f3n","twitter_card":"summary_large_image","twitter_creator":"@IU_CUELLAR","twitter_site":"@IU_CUELLAR","twitter_misc":{"Escrito por":"Comunicaci\u00f3n","Tiempo de lectura":"5 minutos"},"schema":{"@context":"https:\/\/schema.org","@graph":[{"@type":"Article","@id":"https:\/\/www.iucuellar.org\/?p=2214#article","isPartOf":{"@id":"https:\/\/www.iucuellar.org\/?p=2214"},"author":{"name":"Comunicaci\u00f3n","@id":"https:\/\/www.iucuellar.org\/#\/schema\/person\/0ed49683a220f525fdeb90989b5c672d"},"headline":"Preguntas y ruegos al Pleno de Enero","datePublished":"2017-01-29T22:58:24+00:00","dateModified":"2018-02-16T18:54:02+00:00","mainEntityOfPage":{"@id":"https:\/\/www.iucuellar.org\/?p=2214"},"wordCount":951,"commentCount":0,"publisher":{"@id":"https:\/\/www.iucuellar.org\/#organization"},"image":{"@id":"https:\/\/www.iucuellar.org\/?p=2214#primaryimage"},"thumbnailUrl":"https:\/\/i0.wp.com\/www.iucuellar.org\/public\/2017\/01\/DSC_0497.jpg?fit=2657%2C1772&ssl=1","articleSection":["Cultura","Medio Ambiente","obras y servicios","Personal","Plenos"],"inLanguage":"es","potentialAction":[{"@type":"CommentAction","name":"Comment","target":["https:\/\/www.iucuellar.org\/?p=2214#respond"]}]},{"@type":"WebPage","@id":"https:\/\/www.iucuellar.org\/?p=2214","url":"https:\/\/www.iucuellar.org\/?p=2214","name":"Preguntas y ruegos al Pleno de Enero - Izquierda Unida Cu\u00e9llar","isPartOf":{"@id":"https:\/\/www.iucuellar.org\/#website"},"primaryImageOfPage":{"@id":"https:\/\/www.iucuellar.org\/?p=2214#primaryimage"},"image":{"@id":"https:\/\/www.iucuellar.org\/?p=2214#primaryimage"},"thumbnailUrl":"https:\/\/i0.wp.com\/www.iucuellar.org\/public\/2017\/01\/DSC_0497.jpg?fit=2657%2C1772&ssl=1","datePublished":"2017-01-29T22:58:24+00:00","dateModified":"2018-02-16T18:54:02+00:00","breadcrumb":{"@id":"https:\/\/www.iucuellar.org\/?p=2214#breadcrumb"},"inLanguage":"es","potentialAction":[{"@type":"ReadAction","target":["https:\/\/www.iucuellar.org\/?p=2214"]}]},{"@type":"ImageObject","inLanguage":"es","@id":"https:\/\/www.iucuellar.org\/?p=2214#primaryimage","url":"https:\/\/i0.wp.com\/www.iucuellar.org\/public\/2017\/01\/DSC_0497.jpg?fit=2657%2C1772&ssl=1","contentUrl":"https:\/\/i0.wp.com\/www.iucuellar.org\/public\/2017\/01\/DSC_0497.jpg?fit=2657%2C1772&ssl=1","width":2657,"height":1772},{"@type":"BreadcrumbList","@id":"https:\/\/www.iucuellar.org\/?p=2214#breadcrumb","itemListElement":[{"@type":"ListItem","position":1,"name":"Inicio","item":"https:\/\/www.iucuellar.org\/"},{"@type":"ListItem","position":2,"name":"Preguntas y ruegos al Pleno de Enero"}]},{"@type":"WebSite","@id":"https:\/\/www.iucuellar.org\/#website","url":"https:\/\/www.iucuellar.org\/","name":"Izquierda Unida Cu\u00e9llar y Comarca","description":"Lugar de opini\u00f3n y discusi\u00f3n de la izquierda","publisher":{"@id":"https:\/\/www.iucuellar.org\/#organization"},"potentialAction":[{"@type":"SearchAction","target":{"@type":"EntryPoint","urlTemplate":"https:\/\/www.iucuellar.org\/?s={search_term_string}"},"query-input":"required name=search_term_string"}],"inLanguage":"es"},{"@type":"Organization","@id":"https:\/\/www.iucuellar.org\/#organization","name":"IU CUELLAR","url":"https:\/\/www.iucuellar.org\/","logo":{"@type":"ImageObject","inLanguage":"es","@id":"https:\/\/www.iucuellar.org\/#\/schema\/logo\/image\/","url":"https:\/\/i0.wp.com\/www.iucuellar.org\/public\/2022\/07\/cropped-avatar_redondo_Twitter.png?fit=512%2C512&ssl=1","contentUrl":"https:\/\/i0.wp.com\/www.iucuellar.org\/public\/2022\/07\/cropped-avatar_redondo_Twitter.png?fit=512%2C512&ssl=1","width":512,"height":512,"caption":"IU CUELLAR"},"image":{"@id":"https:\/\/www.iucuellar.org\/#\/schema\/logo\/image\/"},"sameAs":["https:\/\/www.facebook.com\/iucuellar","https:\/\/x.com\/IU_CUELLAR","https:\/\/www.instagram.com\/iucuellar\/","https:\/\/www.threads.net\/@iucuellar"]},{"@type":"Person","@id":"https:\/\/www.iucuellar.org\/#\/schema\/person\/0ed49683a220f525fdeb90989b5c672d","name":"Comunicaci\u00f3n","image":{"@type":"ImageObject","inLanguage":"es","@id":"https:\/\/www.iucuellar.org\/#\/schema\/person\/image\/","url":"https:\/\/secure.gravatar.com\/avatar\/1bb1e96b498ea4b5098098798744923e?s=96&d=mm&r=g","contentUrl":"https:\/\/secure.gravatar.com\/avatar\/1bb1e96b498ea4b5098098798744923e?s=96&d=mm&r=g","caption":"Comunicaci\u00f3n"},"url":"https:\/\/www.iucuellar.org\/?author=1"}]}},"jetpack_featured_media_url":"https:\/\/i0.wp.com\/www.iucuellar.org\/public\/2017\/01\/DSC_0497.jpg?fit=2657%2C1772&ssl=1","jetpack_sharing_enabled":true,"jetpack_shortlink":"https:\/\/wp.me\/p8rn8P-zI","_links":{"self":[{"href":"https:\/\/www.iucuellar.org\/index.php?rest_route=\/wp\/v2\/posts\/2214"}],"collection":[{"href":"https:\/\/www.iucuellar.org\/index.php?rest_route=\/wp\/v2\/posts"}],"about":[{"href":"https:\/\/www.iucuellar.org\/index.php?rest_route=\/wp\/v2\/types\/post"}],"author":[{"embeddable":true,"href":"https:\/\/www.iucuellar.org\/index.php?rest_route=\/wp\/v2\/users\/1"}],"replies":[{"embeddable":true,"href":"https:\/\/www.iucuellar.org\/index.php?rest_route=%2Fwp%2Fv2%2Fcomments&post=2214"}],"version-history":[{"count":11,"href":"https:\/\/www.iucuellar.org\/index.php?rest_route=\/wp\/v2\/posts\/2214\/revisions"}],"predecessor-version":[{"id":2708,"href":"https:\/\/www.iucuellar.org\/index.php?rest_route=\/wp\/v2\/posts\/2214\/revisions\/2708"}],"wp:featuredmedia":[{"embeddable":true,"href":"https:\/\/www.iucuellar.org\/index.php?rest_route=\/wp\/v2\/media\/2252"}],"wp:attachment":[{"href":"https:\/\/www.iucuellar.org\/index.php?rest_route=%2Fwp%2Fv2%2Fmedia&parent=2214"}],"wp:term":[{"taxonomy":"category","embeddable":true,"href":"https:\/\/www.iucuellar.org\/index.php?rest_route=%2Fwp%2Fv2%2Fcategories&post=2214"},{"taxonomy":"post_tag","embeddable":true,"href":"https:\/\/www.iucuellar.org\/index.php?rest_route=%2Fwp%2Fv2%2Ftags&post=2214"}],"curies":[{"name":"wp","href":"https:\/\/api.w.org\/{rel}","templated":true}]}}