{"id":245,"date":"2011-03-22T17:44:18","date_gmt":"2011-03-22T15:44:18","guid":{"rendered":"http:\/\/www.iucuellar.org\/seddna\/?p=245"},"modified":"2011-04-10T17:45:08","modified_gmt":"2011-04-10T15:45:08","slug":"por-que-votamos-en-contra-de-las-normas-urbanisticas-municipales","status":"publish","type":"post","link":"https:\/\/www.iucuellar.org\/?p=245","title":{"rendered":"Por qu\u00e9 votamos en contra de las Normas Urban\u00edsticas Municipales"},"content":{"rendered":"<p style=\"margin-bottom: 0cm\"><span style=\"font-family: Times New Roman,serif;\"><span style=\"font-size: small;\"><strong> La conclusi\u00f3n a la que llegamos desde el Grupo Municipal de Izquierda Unidas es la necesidad de promover desde el ayuntamiento medidas de conservaci\u00f3n y rehabilitaci\u00f3n de las viviendas en desuso para que alcancen un grado de habitabilidad adecuado y no el desarrollo de zonas urbanas nuevas que actualmente no son necesarias<\/strong>.<\/span><\/span><\/p>\n<p style=\"margin-bottom: 0cm\"><span style=\"font-size: small;\"> Con estas NUM se pretende la adaptaci\u00f3n a la legislaci\u00f3n estatal y auton\u00f3mica de las antiguas normas subsidiarias de planeamiento del municipio y definir los usos del suelo, as\u00ed como las diferentes normas reguladoras de la edificaci\u00f3n, ordenanzas y normas t\u00e9cnicas de la edificaci\u00f3n de acuerdo a las citadas legislaciones.<\/span><\/p>\n<p style=\"margin-bottom: 0cm\"><span style=\"font-size: small;\">De forma general no estamos de acuerdo con estas NUM que se traen a aprobaci\u00f3n. Una parte importante del planeamiento que pretenden <span style=\"text-decoration: underline;\"><strong>NO ES ACORDE CON LA ACTUAL SITUACI\u00d3N SOCIAL Y ECON\u00d3MICA DEL MUNICIPIO<\/strong><\/span> ni sirven al desarrollo sostenible de \u00e9l en un futuro inmediato. Partiendo de datos ciertos han llegado a conclusiones si no err\u00f3neas cuanto menos contradictorias, veamos:<\/span><\/p>\n<table border=\"1\" cellspacing=\"0\" cellpadding=\"4\" width=\"100%\">\n<tbody>\n<tr>\n<td style=\"width: 20%;\"><\/td>\n<td style=\"width: 20%;\"><span style=\"font-size: small;\">1997<\/span><span style=\"font-size: small;\">(CU\u00c9LLAR)<\/span><\/td>\n<td style=\"width: 20%;\"><span style=\"font-size: small;\">2001<\/span><\/td>\n<td style=\"width: 20%;\"><span style=\"font-size: small;\">2007<\/span><span style=\"font-size: small;\">(CU\u00c9LLAR)<\/span><\/td>\n<td style=\"width: 20%;\"><span style=\"font-size: small;\">DIFERENCIA<\/span><span style=\"font-size: small;\">2001-1997<\/span><\/td>\n<\/tr>\n<tr>\n<td style=\"width: 20%;\"><span style=\"font-size: small;\">HABITANTES<\/span><\/td>\n<td style=\"width: 20%;\"><span style=\"font-size: small;\">9143  (7385)<\/span><\/td>\n<td style=\"width: 20%;\"><span style=\"font-size: small;\">9138<\/span><\/td>\n<td style=\"width: 20%;\"><span style=\"font-size: small;\">9612   (8144)<\/span><\/td>\n<td style=\"width: 20%;\"><span style=\"font-size: small;\">+ 506   (+ 759)<\/span><\/td>\n<\/tr>\n<\/tbody>\n<\/table>\n<p style=\"margin-bottom: 0cm\">\n<p style=\"margin-bottom: 0cm\"><span style=\"font-size: small;\">En un periodo de diez a\u00f1os el aumento de poblaci\u00f3n en el n\u00facleo de Cu\u00e9llar fue de 759 personas.<\/span><\/p>\n<p style=\"margin-bottom: 0cm\">\n<p style=\"margin-bottom: 0cm\"><span style=\"font-size: small;\">En el periodo de 1996 a 2007 se concedieron licencia para la construcci\u00f3n de 1400 viviendas.<\/span><\/p>\n<p style=\"margin-bottom: 0cm\"><span style=\"font-size: small;\">El censo de poblaci\u00f3n y vivienda del a\u00f1o 2001 (el mas actual hasta que este a\u00f1o 2011 el Instituto Nacionas de Estad\u00edstica elabore el nuevo) da los siguientes datos para Cu\u00e9llar:<\/span><\/p>\n<table border=\"1\" cellspacing=\"0\" cellpadding=\"4\" width=\"100%\">\n<tbody>\n<tr>\n<td style=\"width: 25%;\"><\/td>\n<td style=\"width: 25%;\"><span style=\"font-size: small;\">TOTAL<\/span><\/td>\n<td style=\"width: 25%;\"><span style=\"font-size: small;\">CU\u00c9LLAR<\/span><\/td>\n<td style=\"width: 25%;\"><span style=\"font-size: small;\">ELM Y BARRIOS<\/span><\/td>\n<\/tr>\n<tr>\n<td style=\"width: 25%;\"><span style=\"font-size: small;\">N\u00ba DE VIVIENDAS<\/span><\/td>\n<td style=\"width: 25%;\"><span style=\"font-size: small;\">5132<\/span><\/td>\n<td style=\"width: 25%;\"><span style=\"font-size: small;\">4041<\/span><\/td>\n<td style=\"width: 25%;\"><span style=\"font-size: small;\">1091<\/span><\/td>\n<\/tr>\n<tr>\n<td style=\"width: 25%;\"><span style=\"font-size: small;\">VIVIENDAS VAC\u00cdAS<\/span><\/td>\n<td style=\"width: 25%;\"><span style=\"font-size: small;\">1438<\/span><\/td>\n<td style=\"width: 25%;\"><span style=\"color: #ff0000;\"><span style=\"font-size: small;\"><strong>1131 \t\t\t    (28%)<\/strong><\/span><\/span><\/td>\n<td style=\"width: 25%;\"><span style=\"font-size: small;\">307     (28%)<\/span><\/td>\n<\/tr>\n<\/tbody>\n<\/table>\n<p style=\"margin-bottom: 0cm\">\n<p style=\"margin-bottom: 0cm\"><span style=\"font-size: small;\">Estas NUM estiman que la poblaci\u00f3n de Cu\u00e9llar alcanzar\u00e1 los <span style=\"text-decoration: underline;\"><strong>10.040 habitantes en el a\u00f1o 2017<\/strong><\/span>, en el mejor de los casos.<\/span><\/p>\n<p style=\"margin-bottom: 0cm\">\n<p style=\"margin-bottom: 0cm\"><span style=\"font-size: small;\"> El ayuntamiento y los redactores de las NUM no son ajenos al PLAN  TRASCASTILLO, iniciativa de la JCyL en colaboraci\u00f3n con el ayuntamiento de Cu\u00e9llar que se enmarca en el PROGRAMA  REGIONAL DE ACTUACIONES DE URBANIZACI\u00d3N DE SUELO DE LA CONSEJER\u00cdA DE FOMENTO, que abarca 431.000 m<span style=\"font-family: Times New Roman,serif;\">\u00b2 en el que se estima podr\u00e1n construirse 920 viviendas y tambi\u00e9n habr\u00e1 espacio para zona industrial y que el Consejero Se\u00f1or Silv\u00e1n vino a Cu\u00e9llar a presentar este mismo a\u00f1o.<\/span><\/span><\/p>\n<p style=\"margin-bottom: 0cm\"><span style=\"font-size: small;\"><strong>Y es por todo esto por lo que digo que sus conclusiones o son err\u00f3neas o contradictorias pues con una previsi\u00f3n de aumento de poblaci\u00f3n escaso y un parque de viviendas en desuso elevado plantean nuevas zonas urbanas residenciales para la construcci\u00f3n de unas 1.500 nuevas viviendas en 443.851 m<span style=\"font-family: Times New Roman,serif;\">\u00b2, \u00bfpara qu\u00e9? (mas las ya citadas del Plan Trascastillo suman 2.400 nuevas viviendas), ya tenemos demasiadas viviendas deshabitadas en este momento.<\/span><\/strong><\/span><\/p>\n<p style=\"margin-bottom: 0cm\"><a title=\"Por qu\u00e9 votamos no a las normas urban\u00edsticas municipales.\" href=\"https:\/\/www.iucuellar.org\/Documentos\/NormasUrbanisticasPI.pdf\" target=\"_blank\">Aqu\u00ed puedes leer el texto completo de la intervenci\u00f3n del concejal de Izquierda Unida en el Pleno Extraordinario del Ayuntamiento del 18 de marzo de 2011. <\/a><\/p>\n","protected":false},"excerpt":{"rendered":"<p>La conclusi\u00f3n a la que llegamos desde el Grupo Municipal de Izquierda Unidas es la necesidad de promover desde el<\/p>\n","protected":false},"author":1,"featured_media":0,"comment_status":"open","ping_status":"open","sticky":false,"template":"","format":"standard","meta":{"sfsi_plus_gutenberg_text_before_share":"","sfsi_plus_gutenberg_show_text_before_share":"","sfsi_plus_gutenberg_icon_type":"","sfsi_plus_gutenberg_icon_alignemt":"","sfsi_plus_gutenburg_max_per_row":"","_exactmetrics_skip_tracking":false,"_exactmetrics_sitenote_active":false,"_exactmetrics_sitenote_note":"","_exactmetrics_sitenote_category":0,"ngg_post_thumbnail":0,"_jetpack_memberships_contains_paid_content":false,"footnotes":""},"categories":[12],"tags":[],"yoast_head":"<!-- This site is optimized with the Yoast SEO plugin v22.9 - https:\/\/yoast.com\/wordpress\/plugins\/seo\/ -->\r\n<title>Por qu\u00e9 votamos en contra de las Normas Urban\u00edsticas Municipales - Izquierda Unida Cu\u00e9llar<\/title>\r\n<meta name=\"robots\" content=\"index, follow, max-snippet:-1, max-image-preview:large, max-video-preview:-1\" \/>\r\n<link rel=\"canonical\" href=\"https:\/\/www.iucuellar.org\/?p=245\" \/>\r\n<meta property=\"og:locale\" content=\"es_ES\" \/>\r\n<meta property=\"og:type\" content=\"article\" \/>\r\n<meta property=\"og:title\" content=\"Por qu\u00e9 votamos en contra de las Normas Urban\u00edsticas Municipales - Izquierda Unida Cu\u00e9llar\" \/>\r\n<meta property=\"og:description\" content=\"La conclusi\u00f3n a la que llegamos desde el Grupo Municipal de Izquierda Unidas es la necesidad de promover desde el\" \/>\r\n<meta property=\"og:url\" content=\"https:\/\/www.iucuellar.org\/?p=245\" \/>\r\n<meta property=\"og:site_name\" content=\"Izquierda Unida Cu\u00e9llar\" \/>\r\n<meta property=\"article:publisher\" content=\"https:\/\/www.facebook.com\/iucuellar\" \/>\r\n<meta property=\"article:published_time\" content=\"2011-03-22T15:44:18+00:00\" \/>\r\n<meta property=\"article:modified_time\" content=\"2011-04-10T15:45:08+00:00\" \/>\r\n<meta property=\"og:image\" content=\"https:\/\/i0.wp.com\/www.iucuellar.org\/public\/2022\/07\/cropped-avatar_redondo_Twitter.png?fit=512%2C512&ssl=1\" \/>\r\n\t<meta property=\"og:image:width\" content=\"512\" \/>\r\n\t<meta property=\"og:image:height\" content=\"512\" \/>\r\n\t<meta property=\"og:image:type\" content=\"image\/png\" \/>\r\n<meta name=\"author\" content=\"Comunicaci\u00f3n\" \/>\r\n<meta name=\"twitter:card\" content=\"summary_large_image\" \/>\r\n<meta name=\"twitter:creator\" content=\"@IU_CUELLAR\" \/>\r\n<meta name=\"twitter:site\" content=\"@IU_CUELLAR\" \/>\r\n<meta name=\"twitter:label1\" content=\"Escrito por\" \/>\n\t<meta name=\"twitter:data1\" content=\"Comunicaci\u00f3n\" \/>\n\t<meta name=\"twitter:label2\" content=\"Tiempo de lectura\" \/>\n\t<meta name=\"twitter:data2\" content=\"2 minutos\" \/>\r\n<script type=\"application\/ld+json\" class=\"yoast-schema-graph\">{\"@context\":\"https:\/\/schema.org\",\"@graph\":[{\"@type\":\"Article\",\"@id\":\"https:\/\/www.iucuellar.org\/?p=245#article\",\"isPartOf\":{\"@id\":\"https:\/\/www.iucuellar.org\/?p=245\"},\"author\":{\"name\":\"Comunicaci\u00f3n\",\"@id\":\"https:\/\/www.iucuellar.org\/#\/schema\/person\/0ed49683a220f525fdeb90989b5c672d\"},\"headline\":\"Por qu\u00e9 votamos en contra de las Normas Urban\u00edsticas Municipales\",\"datePublished\":\"2011-03-22T15:44:18+00:00\",\"dateModified\":\"2011-04-10T15:45:08+00:00\",\"mainEntityOfPage\":{\"@id\":\"https:\/\/www.iucuellar.org\/?p=245\"},\"wordCount\":480,\"commentCount\":0,\"publisher\":{\"@id\":\"https:\/\/www.iucuellar.org\/#organization\"},\"articleSection\":[\"Urbanismo\"],\"inLanguage\":\"es\",\"potentialAction\":[{\"@type\":\"CommentAction\",\"name\":\"Comment\",\"target\":[\"https:\/\/www.iucuellar.org\/?p=245#respond\"]}]},{\"@type\":\"WebPage\",\"@id\":\"https:\/\/www.iucuellar.org\/?p=245\",\"url\":\"https:\/\/www.iucuellar.org\/?p=245\",\"name\":\"Por qu\u00e9 votamos en contra de las Normas Urban\u00edsticas Municipales - Izquierda Unida Cu\u00e9llar\",\"isPartOf\":{\"@id\":\"https:\/\/www.iucuellar.org\/#website\"},\"datePublished\":\"2011-03-22T15:44:18+00:00\",\"dateModified\":\"2011-04-10T15:45:08+00:00\",\"breadcrumb\":{\"@id\":\"https:\/\/www.iucuellar.org\/?p=245#breadcrumb\"},\"inLanguage\":\"es\",\"potentialAction\":[{\"@type\":\"ReadAction\",\"target\":[\"https:\/\/www.iucuellar.org\/?p=245\"]}]},{\"@type\":\"BreadcrumbList\",\"@id\":\"https:\/\/www.iucuellar.org\/?p=245#breadcrumb\",\"itemListElement\":[{\"@type\":\"ListItem\",\"position\":1,\"name\":\"Inicio\",\"item\":\"https:\/\/www.iucuellar.org\/\"},{\"@type\":\"ListItem\",\"position\":2,\"name\":\"Por qu\u00e9 votamos en contra de las Normas Urban\u00edsticas Municipales\"}]},{\"@type\":\"WebSite\",\"@id\":\"https:\/\/www.iucuellar.org\/#website\",\"url\":\"https:\/\/www.iucuellar.org\/\",\"name\":\"Izquierda Unida Cu\u00e9llar y Comarca\",\"description\":\"Lugar de opini\u00f3n y discusi\u00f3n de la izquierda\",\"publisher\":{\"@id\":\"https:\/\/www.iucuellar.org\/#organization\"},\"potentialAction\":[{\"@type\":\"SearchAction\",\"target\":{\"@type\":\"EntryPoint\",\"urlTemplate\":\"https:\/\/www.iucuellar.org\/?s={search_term_string}\"},\"query-input\":\"required name=search_term_string\"}],\"inLanguage\":\"es\"},{\"@type\":\"Organization\",\"@id\":\"https:\/\/www.iucuellar.org\/#organization\",\"name\":\"IU CUELLAR\",\"url\":\"https:\/\/www.iucuellar.org\/\",\"logo\":{\"@type\":\"ImageObject\",\"inLanguage\":\"es\",\"@id\":\"https:\/\/www.iucuellar.org\/#\/schema\/logo\/image\/\",\"url\":\"https:\/\/i0.wp.com\/www.iucuellar.org\/public\/2022\/07\/cropped-avatar_redondo_Twitter.png?fit=512%2C512&ssl=1\",\"contentUrl\":\"https:\/\/i0.wp.com\/www.iucuellar.org\/public\/2022\/07\/cropped-avatar_redondo_Twitter.png?fit=512%2C512&ssl=1\",\"width\":512,\"height\":512,\"caption\":\"IU CUELLAR\"},\"image\":{\"@id\":\"https:\/\/www.iucuellar.org\/#\/schema\/logo\/image\/\"},\"sameAs\":[\"https:\/\/www.facebook.com\/iucuellar\",\"https:\/\/x.com\/IU_CUELLAR\",\"https:\/\/www.instagram.com\/iucuellar\/\",\"https:\/\/www.threads.net\/@iucuellar\"]},{\"@type\":\"Person\",\"@id\":\"https:\/\/www.iucuellar.org\/#\/schema\/person\/0ed49683a220f525fdeb90989b5c672d\",\"name\":\"Comunicaci\u00f3n\",\"image\":{\"@type\":\"ImageObject\",\"inLanguage\":\"es\",\"@id\":\"https:\/\/www.iucuellar.org\/#\/schema\/person\/image\/\",\"url\":\"https:\/\/secure.gravatar.com\/avatar\/1bb1e96b498ea4b5098098798744923e?s=96&d=mm&r=g\",\"contentUrl\":\"https:\/\/secure.gravatar.com\/avatar\/1bb1e96b498ea4b5098098798744923e?s=96&d=mm&r=g\",\"caption\":\"Comunicaci\u00f3n\"},\"url\":\"https:\/\/www.iucuellar.org\/?author=1\"}]}<\/script>\r\n<!-- \/ Yoast SEO plugin. -->","yoast_head_json":{"title":"Por qu\u00e9 votamos en contra de las Normas Urban\u00edsticas Municipales - Izquierda Unida Cu\u00e9llar","robots":{"index":"index","follow":"follow","max-snippet":"max-snippet:-1","max-image-preview":"max-image-preview:large","max-video-preview":"max-video-preview:-1"},"canonical":"https:\/\/www.iucuellar.org\/?p=245","og_locale":"es_ES","og_type":"article","og_title":"Por qu\u00e9 votamos en contra de las Normas Urban\u00edsticas Municipales - Izquierda Unida Cu\u00e9llar","og_description":"La conclusi\u00f3n a la que llegamos desde el Grupo Municipal de Izquierda Unidas es la necesidad de promover desde el","og_url":"https:\/\/www.iucuellar.org\/?p=245","og_site_name":"Izquierda Unida Cu\u00e9llar","article_publisher":"https:\/\/www.facebook.com\/iucuellar","article_published_time":"2011-03-22T15:44:18+00:00","article_modified_time":"2011-04-10T15:45:08+00:00","og_image":[{"width":512,"height":512,"url":"https:\/\/i0.wp.com\/www.iucuellar.org\/public\/2022\/07\/cropped-avatar_redondo_Twitter.png?fit=512%2C512&ssl=1","type":"image\/png"}],"author":"Comunicaci\u00f3n","twitter_card":"summary_large_image","twitter_creator":"@IU_CUELLAR","twitter_site":"@IU_CUELLAR","twitter_misc":{"Escrito por":"Comunicaci\u00f3n","Tiempo de lectura":"2 minutos"},"schema":{"@context":"https:\/\/schema.org","@graph":[{"@type":"Article","@id":"https:\/\/www.iucuellar.org\/?p=245#article","isPartOf":{"@id":"https:\/\/www.iucuellar.org\/?p=245"},"author":{"name":"Comunicaci\u00f3n","@id":"https:\/\/www.iucuellar.org\/#\/schema\/person\/0ed49683a220f525fdeb90989b5c672d"},"headline":"Por qu\u00e9 votamos en contra de las Normas Urban\u00edsticas Municipales","datePublished":"2011-03-22T15:44:18+00:00","dateModified":"2011-04-10T15:45:08+00:00","mainEntityOfPage":{"@id":"https:\/\/www.iucuellar.org\/?p=245"},"wordCount":480,"commentCount":0,"publisher":{"@id":"https:\/\/www.iucuellar.org\/#organization"},"articleSection":["Urbanismo"],"inLanguage":"es","potentialAction":[{"@type":"CommentAction","name":"Comment","target":["https:\/\/www.iucuellar.org\/?p=245#respond"]}]},{"@type":"WebPage","@id":"https:\/\/www.iucuellar.org\/?p=245","url":"https:\/\/www.iucuellar.org\/?p=245","name":"Por qu\u00e9 votamos en contra de las Normas Urban\u00edsticas Municipales - Izquierda Unida Cu\u00e9llar","isPartOf":{"@id":"https:\/\/www.iucuellar.org\/#website"},"datePublished":"2011-03-22T15:44:18+00:00","dateModified":"2011-04-10T15:45:08+00:00","breadcrumb":{"@id":"https:\/\/www.iucuellar.org\/?p=245#breadcrumb"},"inLanguage":"es","potentialAction":[{"@type":"ReadAction","target":["https:\/\/www.iucuellar.org\/?p=245"]}]},{"@type":"BreadcrumbList","@id":"https:\/\/www.iucuellar.org\/?p=245#breadcrumb","itemListElement":[{"@type":"ListItem","position":1,"name":"Inicio","item":"https:\/\/www.iucuellar.org\/"},{"@type":"ListItem","position":2,"name":"Por qu\u00e9 votamos en contra de las Normas Urban\u00edsticas Municipales"}]},{"@type":"WebSite","@id":"https:\/\/www.iucuellar.org\/#website","url":"https:\/\/www.iucuellar.org\/","name":"Izquierda Unida Cu\u00e9llar y Comarca","description":"Lugar de opini\u00f3n y discusi\u00f3n de la izquierda","publisher":{"@id":"https:\/\/www.iucuellar.org\/#organization"},"potentialAction":[{"@type":"SearchAction","target":{"@type":"EntryPoint","urlTemplate":"https:\/\/www.iucuellar.org\/?s={search_term_string}"},"query-input":"required name=search_term_string"}],"inLanguage":"es"},{"@type":"Organization","@id":"https:\/\/www.iucuellar.org\/#organization","name":"IU CUELLAR","url":"https:\/\/www.iucuellar.org\/","logo":{"@type":"ImageObject","inLanguage":"es","@id":"https:\/\/www.iucuellar.org\/#\/schema\/logo\/image\/","url":"https:\/\/i0.wp.com\/www.iucuellar.org\/public\/2022\/07\/cropped-avatar_redondo_Twitter.png?fit=512%2C512&ssl=1","contentUrl":"https:\/\/i0.wp.com\/www.iucuellar.org\/public\/2022\/07\/cropped-avatar_redondo_Twitter.png?fit=512%2C512&ssl=1","width":512,"height":512,"caption":"IU CUELLAR"},"image":{"@id":"https:\/\/www.iucuellar.org\/#\/schema\/logo\/image\/"},"sameAs":["https:\/\/www.facebook.com\/iucuellar","https:\/\/x.com\/IU_CUELLAR","https:\/\/www.instagram.com\/iucuellar\/","https:\/\/www.threads.net\/@iucuellar"]},{"@type":"Person","@id":"https:\/\/www.iucuellar.org\/#\/schema\/person\/0ed49683a220f525fdeb90989b5c672d","name":"Comunicaci\u00f3n","image":{"@type":"ImageObject","inLanguage":"es","@id":"https:\/\/www.iucuellar.org\/#\/schema\/person\/image\/","url":"https:\/\/secure.gravatar.com\/avatar\/1bb1e96b498ea4b5098098798744923e?s=96&d=mm&r=g","contentUrl":"https:\/\/secure.gravatar.com\/avatar\/1bb1e96b498ea4b5098098798744923e?s=96&d=mm&r=g","caption":"Comunicaci\u00f3n"},"url":"https:\/\/www.iucuellar.org\/?author=1"}]}},"jetpack_featured_media_url":"","jetpack_sharing_enabled":true,"jetpack_shortlink":"https:\/\/wp.me\/p8rn8P-3X","_links":{"self":[{"href":"https:\/\/www.iucuellar.org\/index.php?rest_route=\/wp\/v2\/posts\/245"}],"collection":[{"href":"https:\/\/www.iucuellar.org\/index.php?rest_route=\/wp\/v2\/posts"}],"about":[{"href":"https:\/\/www.iucuellar.org\/index.php?rest_route=\/wp\/v2\/types\/post"}],"author":[{"embeddable":true,"href":"https:\/\/www.iucuellar.org\/index.php?rest_route=\/wp\/v2\/users\/1"}],"replies":[{"embeddable":true,"href":"https:\/\/www.iucuellar.org\/index.php?rest_route=%2Fwp%2Fv2%2Fcomments&post=245"}],"version-history":[{"count":4,"href":"https:\/\/www.iucuellar.org\/index.php?rest_route=\/wp\/v2\/posts\/245\/revisions"}],"predecessor-version":[{"id":249,"href":"https:\/\/www.iucuellar.org\/index.php?rest_route=\/wp\/v2\/posts\/245\/revisions\/249"}],"wp:attachment":[{"href":"https:\/\/www.iucuellar.org\/index.php?rest_route=%2Fwp%2Fv2%2Fmedia&parent=245"}],"wp:term":[{"taxonomy":"category","embeddable":true,"href":"https:\/\/www.iucuellar.org\/index.php?rest_route=%2Fwp%2Fv2%2Fcategories&post=245"},{"taxonomy":"post_tag","embeddable":true,"href":"https:\/\/www.iucuellar.org\/index.php?rest_route=%2Fwp%2Fv2%2Ftags&post=245"}],"curies":[{"name":"wp","href":"https:\/\/api.w.org\/{rel}","templated":true}]}}