{"id":2526,"date":"2017-06-19T19:50:26","date_gmt":"2017-06-19T18:50:26","guid":{"rendered":"http:\/\/www.iucuellar.org\/?p=2526"},"modified":"2017-06-19T19:52:00","modified_gmt":"2017-06-19T18:52:00","slug":"preguntas-al-pleno-de-mayo","status":"publish","type":"post","link":"https:\/\/www.iucuellar.org\/?p=2526","title":{"rendered":"Preguntas al Pleno de Mayo"},"content":{"rendered":"<p><span style=\"font-size: 11.5pt;\">1.- En el Pleno de 1 de abril de 2016, hab\u00eda preguntado por la rehabilitaci\u00f3n de la fuente de la Calle Morer\u00eda y entonces el Sr. Alcalde dijo \u201cque se hab\u00eda quedado as\u00ed porque era lo que iba en el proyecto, pero que se iba a modificar\u201d. De esto ya hace un a\u00f1o, por lo que pregunt\u00f3 si piensa realmente modificarlo.<\/span><\/p>\n<p><span style=\"font-size: 11.5pt;\">2.- Se formul\u00f3 una pregunta al Concejal de Tr\u00e1fico. Despu\u00e9s de que los vecinos de Dehesa Mayor hayan pedido varias veces elementos para reducir la velocidad de los veh\u00edculos al paso por la poblaci\u00f3n. Y que finalmente el Ayto. comunic\u00f3 que se van a colocar unas se\u00f1ales de advertencia luminosas para reducir la velocidad. Esto se comunico hace dos mese, y ya que en pr\u00f3ximas fechas comienza el periodo de verano y en esta carretera circulan muchos veh\u00edculos que vienen de Madrid, con el consiguiente aumento de tr\u00e1fico en dicha \u00e9poca. Se pregunto al concejal cuando se van a instalar los mencionados elementos para la reducci\u00f3n de velocidad.<\/span><\/p>\n","protected":false},"excerpt":{"rendered":"<p>1.- En el Pleno de 1 de abril de 2016, hab\u00eda preguntado por la rehabilitaci\u00f3n de la fuente de la<\/p>\n","protected":false},"author":1,"featured_media":2527,"comment_status":"open","ping_status":"open","sticky":false,"template":"","format":"standard","meta":{"sfsi_plus_gutenberg_text_before_share":"","sfsi_plus_gutenberg_show_text_before_share":"","sfsi_plus_gutenberg_icon_type":"","sfsi_plus_gutenberg_icon_alignemt":"","sfsi_plus_gutenburg_max_per_row":"","_exactmetrics_skip_tracking":false,"_exactmetrics_sitenote_active":false,"_exactmetrics_sitenote_note":"","_exactmetrics_sitenote_category":0,"ngg_post_thumbnail":0,"_jetpack_memberships_contains_paid_content":false,"footnotes":""},"categories":[21,20,15,12],"tags":[],"yoast_head":"<!-- This site is optimized with the Yoast SEO plugin v22.9 - https:\/\/yoast.com\/wordpress\/plugins\/seo\/ -->\r\n<title>Preguntas al Pleno de Mayo - Izquierda Unida Cu\u00e9llar<\/title>\r\n<meta name=\"robots\" content=\"index, follow, max-snippet:-1, max-image-preview:large, max-video-preview:-1\" \/>\r\n<link rel=\"canonical\" href=\"https:\/\/www.iucuellar.org\/?p=2526\" \/>\r\n<meta property=\"og:locale\" content=\"es_ES\" \/>\r\n<meta property=\"og:type\" content=\"article\" \/>\r\n<meta property=\"og:title\" content=\"Preguntas al Pleno de Mayo - Izquierda Unida Cu\u00e9llar\" \/>\r\n<meta property=\"og:description\" content=\"1.- En el Pleno de 1 de abril de 2016, hab\u00eda preguntado por la rehabilitaci\u00f3n de la fuente de la\" \/>\r\n<meta property=\"og:url\" content=\"https:\/\/www.iucuellar.org\/?p=2526\" \/>\r\n<meta property=\"og:site_name\" content=\"Izquierda Unida Cu\u00e9llar\" \/>\r\n<meta property=\"article:publisher\" content=\"https:\/\/www.facebook.com\/iucuellar\" \/>\r\n<meta property=\"article:published_time\" content=\"2017-06-19T18:50:26+00:00\" \/>\r\n<meta property=\"article:modified_time\" content=\"2017-06-19T18:52:00+00:00\" \/>\r\n<meta property=\"og:image\" content=\"https:\/\/www.iucuellar.org\/public\/2017\/06\/IMG_0236-1024x768.jpg\" \/>\r\n\t<meta property=\"og:image:width\" content=\"1024\" \/>\r\n\t<meta property=\"og:image:height\" content=\"768\" \/>\r\n\t<meta property=\"og:image:type\" content=\"image\/jpeg\" \/>\r\n<meta name=\"author\" content=\"Comunicaci\u00f3n\" \/>\r\n<meta name=\"twitter:card\" content=\"summary_large_image\" \/>\r\n<meta name=\"twitter:creator\" content=\"@IU_CUELLAR\" \/>\r\n<meta name=\"twitter:site\" content=\"@IU_CUELLAR\" \/>\r\n<meta name=\"twitter:label1\" content=\"Escrito por\" \/>\n\t<meta name=\"twitter:data1\" content=\"Comunicaci\u00f3n\" \/>\n\t<meta name=\"twitter:label2\" content=\"Tiempo de lectura\" \/>\n\t<meta name=\"twitter:data2\" content=\"1 minuto\" \/>\r\n<script type=\"application\/ld+json\" class=\"yoast-schema-graph\">{\"@context\":\"https:\/\/schema.org\",\"@graph\":[{\"@type\":\"Article\",\"@id\":\"https:\/\/www.iucuellar.org\/?p=2526#article\",\"isPartOf\":{\"@id\":\"https:\/\/www.iucuellar.org\/?p=2526\"},\"author\":{\"name\":\"Comunicaci\u00f3n\",\"@id\":\"https:\/\/www.iucuellar.org\/#\/schema\/person\/0ed49683a220f525fdeb90989b5c672d\"},\"headline\":\"Preguntas al Pleno de Mayo\",\"datePublished\":\"2017-06-19T18:50:26+00:00\",\"dateModified\":\"2017-06-19T18:52:00+00:00\",\"mainEntityOfPage\":{\"@id\":\"https:\/\/www.iucuellar.org\/?p=2526\"},\"wordCount\":186,\"commentCount\":0,\"publisher\":{\"@id\":\"https:\/\/www.iucuellar.org\/#organization\"},\"image\":{\"@id\":\"https:\/\/www.iucuellar.org\/?p=2526#primaryimage\"},\"thumbnailUrl\":\"https:\/\/i0.wp.com\/www.iucuellar.org\/public\/2017\/06\/IMG_0236.jpg?fit=4608%2C3456&ssl=1\",\"articleSection\":[\"Izquierda Unida\",\"Plenos\",\"Tr\u00e1fico y seguridad vial\",\"Urbanismo\"],\"inLanguage\":\"es\",\"potentialAction\":[{\"@type\":\"CommentAction\",\"name\":\"Comment\",\"target\":[\"https:\/\/www.iucuellar.org\/?p=2526#respond\"]}]},{\"@type\":\"WebPage\",\"@id\":\"https:\/\/www.iucuellar.org\/?p=2526\",\"url\":\"https:\/\/www.iucuellar.org\/?p=2526\",\"name\":\"Preguntas al Pleno de Mayo - Izquierda Unida Cu\u00e9llar\",\"isPartOf\":{\"@id\":\"https:\/\/www.iucuellar.org\/#website\"},\"primaryImageOfPage\":{\"@id\":\"https:\/\/www.iucuellar.org\/?p=2526#primaryimage\"},\"image\":{\"@id\":\"https:\/\/www.iucuellar.org\/?p=2526#primaryimage\"},\"thumbnailUrl\":\"https:\/\/i0.wp.com\/www.iucuellar.org\/public\/2017\/06\/IMG_0236.jpg?fit=4608%2C3456&ssl=1\",\"datePublished\":\"2017-06-19T18:50:26+00:00\",\"dateModified\":\"2017-06-19T18:52:00+00:00\",\"breadcrumb\":{\"@id\":\"https:\/\/www.iucuellar.org\/?p=2526#breadcrumb\"},\"inLanguage\":\"es\",\"potentialAction\":[{\"@type\":\"ReadAction\",\"target\":[\"https:\/\/www.iucuellar.org\/?p=2526\"]}]},{\"@type\":\"ImageObject\",\"inLanguage\":\"es\",\"@id\":\"https:\/\/www.iucuellar.org\/?p=2526#primaryimage\",\"url\":\"https:\/\/i0.wp.com\/www.iucuellar.org\/public\/2017\/06\/IMG_0236.jpg?fit=4608%2C3456&ssl=1\",\"contentUrl\":\"https:\/\/i0.wp.com\/www.iucuellar.org\/public\/2017\/06\/IMG_0236.jpg?fit=4608%2C3456&ssl=1\",\"width\":4608,\"height\":3456},{\"@type\":\"BreadcrumbList\",\"@id\":\"https:\/\/www.iucuellar.org\/?p=2526#breadcrumb\",\"itemListElement\":[{\"@type\":\"ListItem\",\"position\":1,\"name\":\"Inicio\",\"item\":\"https:\/\/www.iucuellar.org\/\"},{\"@type\":\"ListItem\",\"position\":2,\"name\":\"Preguntas al Pleno de Mayo\"}]},{\"@type\":\"WebSite\",\"@id\":\"https:\/\/www.iucuellar.org\/#website\",\"url\":\"https:\/\/www.iucuellar.org\/\",\"name\":\"Izquierda Unida Cu\u00e9llar y Comarca\",\"description\":\"Lugar de opini\u00f3n y discusi\u00f3n de la izquierda\",\"publisher\":{\"@id\":\"https:\/\/www.iucuellar.org\/#organization\"},\"potentialAction\":[{\"@type\":\"SearchAction\",\"target\":{\"@type\":\"EntryPoint\",\"urlTemplate\":\"https:\/\/www.iucuellar.org\/?s={search_term_string}\"},\"query-input\":\"required name=search_term_string\"}],\"inLanguage\":\"es\"},{\"@type\":\"Organization\",\"@id\":\"https:\/\/www.iucuellar.org\/#organization\",\"name\":\"IU CUELLAR\",\"url\":\"https:\/\/www.iucuellar.org\/\",\"logo\":{\"@type\":\"ImageObject\",\"inLanguage\":\"es\",\"@id\":\"https:\/\/www.iucuellar.org\/#\/schema\/logo\/image\/\",\"url\":\"https:\/\/i0.wp.com\/www.iucuellar.org\/public\/2022\/07\/cropped-avatar_redondo_Twitter.png?fit=512%2C512&ssl=1\",\"contentUrl\":\"https:\/\/i0.wp.com\/www.iucuellar.org\/public\/2022\/07\/cropped-avatar_redondo_Twitter.png?fit=512%2C512&ssl=1\",\"width\":512,\"height\":512,\"caption\":\"IU CUELLAR\"},\"image\":{\"@id\":\"https:\/\/www.iucuellar.org\/#\/schema\/logo\/image\/\"},\"sameAs\":[\"https:\/\/www.facebook.com\/iucuellar\",\"https:\/\/x.com\/IU_CUELLAR\",\"https:\/\/www.instagram.com\/iucuellar\/\",\"https:\/\/www.threads.net\/@iucuellar\"]},{\"@type\":\"Person\",\"@id\":\"https:\/\/www.iucuellar.org\/#\/schema\/person\/0ed49683a220f525fdeb90989b5c672d\",\"name\":\"Comunicaci\u00f3n\",\"image\":{\"@type\":\"ImageObject\",\"inLanguage\":\"es\",\"@id\":\"https:\/\/www.iucuellar.org\/#\/schema\/person\/image\/\",\"url\":\"https:\/\/secure.gravatar.com\/avatar\/1bb1e96b498ea4b5098098798744923e?s=96&d=mm&r=g\",\"contentUrl\":\"https:\/\/secure.gravatar.com\/avatar\/1bb1e96b498ea4b5098098798744923e?s=96&d=mm&r=g\",\"caption\":\"Comunicaci\u00f3n\"},\"url\":\"https:\/\/www.iucuellar.org\/?author=1\"}]}<\/script>\r\n<!-- \/ Yoast SEO plugin. -->","yoast_head_json":{"title":"Preguntas al Pleno de Mayo - Izquierda Unida Cu\u00e9llar","robots":{"index":"index","follow":"follow","max-snippet":"max-snippet:-1","max-image-preview":"max-image-preview:large","max-video-preview":"max-video-preview:-1"},"canonical":"https:\/\/www.iucuellar.org\/?p=2526","og_locale":"es_ES","og_type":"article","og_title":"Preguntas al Pleno de Mayo - Izquierda Unida Cu\u00e9llar","og_description":"1.- En el Pleno de 1 de abril de 2016, hab\u00eda preguntado por la rehabilitaci\u00f3n de la fuente de la","og_url":"https:\/\/www.iucuellar.org\/?p=2526","og_site_name":"Izquierda Unida Cu\u00e9llar","article_publisher":"https:\/\/www.facebook.com\/iucuellar","article_published_time":"2017-06-19T18:50:26+00:00","article_modified_time":"2017-06-19T18:52:00+00:00","og_image":[{"width":1024,"height":768,"url":"https:\/\/www.iucuellar.org\/public\/2017\/06\/IMG_0236-1024x768.jpg","type":"image\/jpeg"}],"author":"Comunicaci\u00f3n","twitter_card":"summary_large_image","twitter_creator":"@IU_CUELLAR","twitter_site":"@IU_CUELLAR","twitter_misc":{"Escrito por":"Comunicaci\u00f3n","Tiempo de lectura":"1 minuto"},"schema":{"@context":"https:\/\/schema.org","@graph":[{"@type":"Article","@id":"https:\/\/www.iucuellar.org\/?p=2526#article","isPartOf":{"@id":"https:\/\/www.iucuellar.org\/?p=2526"},"author":{"name":"Comunicaci\u00f3n","@id":"https:\/\/www.iucuellar.org\/#\/schema\/person\/0ed49683a220f525fdeb90989b5c672d"},"headline":"Preguntas al Pleno de Mayo","datePublished":"2017-06-19T18:50:26+00:00","dateModified":"2017-06-19T18:52:00+00:00","mainEntityOfPage":{"@id":"https:\/\/www.iucuellar.org\/?p=2526"},"wordCount":186,"commentCount":0,"publisher":{"@id":"https:\/\/www.iucuellar.org\/#organization"},"image":{"@id":"https:\/\/www.iucuellar.org\/?p=2526#primaryimage"},"thumbnailUrl":"https:\/\/i0.wp.com\/www.iucuellar.org\/public\/2017\/06\/IMG_0236.jpg?fit=4608%2C3456&ssl=1","articleSection":["Izquierda Unida","Plenos","Tr\u00e1fico y seguridad vial","Urbanismo"],"inLanguage":"es","potentialAction":[{"@type":"CommentAction","name":"Comment","target":["https:\/\/www.iucuellar.org\/?p=2526#respond"]}]},{"@type":"WebPage","@id":"https:\/\/www.iucuellar.org\/?p=2526","url":"https:\/\/www.iucuellar.org\/?p=2526","name":"Preguntas al Pleno de Mayo - Izquierda Unida Cu\u00e9llar","isPartOf":{"@id":"https:\/\/www.iucuellar.org\/#website"},"primaryImageOfPage":{"@id":"https:\/\/www.iucuellar.org\/?p=2526#primaryimage"},"image":{"@id":"https:\/\/www.iucuellar.org\/?p=2526#primaryimage"},"thumbnailUrl":"https:\/\/i0.wp.com\/www.iucuellar.org\/public\/2017\/06\/IMG_0236.jpg?fit=4608%2C3456&ssl=1","datePublished":"2017-06-19T18:50:26+00:00","dateModified":"2017-06-19T18:52:00+00:00","breadcrumb":{"@id":"https:\/\/www.iucuellar.org\/?p=2526#breadcrumb"},"inLanguage":"es","potentialAction":[{"@type":"ReadAction","target":["https:\/\/www.iucuellar.org\/?p=2526"]}]},{"@type":"ImageObject","inLanguage":"es","@id":"https:\/\/www.iucuellar.org\/?p=2526#primaryimage","url":"https:\/\/i0.wp.com\/www.iucuellar.org\/public\/2017\/06\/IMG_0236.jpg?fit=4608%2C3456&ssl=1","contentUrl":"https:\/\/i0.wp.com\/www.iucuellar.org\/public\/2017\/06\/IMG_0236.jpg?fit=4608%2C3456&ssl=1","width":4608,"height":3456},{"@type":"BreadcrumbList","@id":"https:\/\/www.iucuellar.org\/?p=2526#breadcrumb","itemListElement":[{"@type":"ListItem","position":1,"name":"Inicio","item":"https:\/\/www.iucuellar.org\/"},{"@type":"ListItem","position":2,"name":"Preguntas al Pleno de Mayo"}]},{"@type":"WebSite","@id":"https:\/\/www.iucuellar.org\/#website","url":"https:\/\/www.iucuellar.org\/","name":"Izquierda Unida Cu\u00e9llar y Comarca","description":"Lugar de opini\u00f3n y discusi\u00f3n de la izquierda","publisher":{"@id":"https:\/\/www.iucuellar.org\/#organization"},"potentialAction":[{"@type":"SearchAction","target":{"@type":"EntryPoint","urlTemplate":"https:\/\/www.iucuellar.org\/?s={search_term_string}"},"query-input":"required name=search_term_string"}],"inLanguage":"es"},{"@type":"Organization","@id":"https:\/\/www.iucuellar.org\/#organization","name":"IU CUELLAR","url":"https:\/\/www.iucuellar.org\/","logo":{"@type":"ImageObject","inLanguage":"es","@id":"https:\/\/www.iucuellar.org\/#\/schema\/logo\/image\/","url":"https:\/\/i0.wp.com\/www.iucuellar.org\/public\/2022\/07\/cropped-avatar_redondo_Twitter.png?fit=512%2C512&ssl=1","contentUrl":"https:\/\/i0.wp.com\/www.iucuellar.org\/public\/2022\/07\/cropped-avatar_redondo_Twitter.png?fit=512%2C512&ssl=1","width":512,"height":512,"caption":"IU CUELLAR"},"image":{"@id":"https:\/\/www.iucuellar.org\/#\/schema\/logo\/image\/"},"sameAs":["https:\/\/www.facebook.com\/iucuellar","https:\/\/x.com\/IU_CUELLAR","https:\/\/www.instagram.com\/iucuellar\/","https:\/\/www.threads.net\/@iucuellar"]},{"@type":"Person","@id":"https:\/\/www.iucuellar.org\/#\/schema\/person\/0ed49683a220f525fdeb90989b5c672d","name":"Comunicaci\u00f3n","image":{"@type":"ImageObject","inLanguage":"es","@id":"https:\/\/www.iucuellar.org\/#\/schema\/person\/image\/","url":"https:\/\/secure.gravatar.com\/avatar\/1bb1e96b498ea4b5098098798744923e?s=96&d=mm&r=g","contentUrl":"https:\/\/secure.gravatar.com\/avatar\/1bb1e96b498ea4b5098098798744923e?s=96&d=mm&r=g","caption":"Comunicaci\u00f3n"},"url":"https:\/\/www.iucuellar.org\/?author=1"}]}},"jetpack_featured_media_url":"https:\/\/i0.wp.com\/www.iucuellar.org\/public\/2017\/06\/IMG_0236.jpg?fit=4608%2C3456&ssl=1","jetpack_sharing_enabled":true,"jetpack_shortlink":"https:\/\/wp.me\/p8rn8P-EK","_links":{"self":[{"href":"https:\/\/www.iucuellar.org\/index.php?rest_route=\/wp\/v2\/posts\/2526"}],"collection":[{"href":"https:\/\/www.iucuellar.org\/index.php?rest_route=\/wp\/v2\/posts"}],"about":[{"href":"https:\/\/www.iucuellar.org\/index.php?rest_route=\/wp\/v2\/types\/post"}],"author":[{"embeddable":true,"href":"https:\/\/www.iucuellar.org\/index.php?rest_route=\/wp\/v2\/users\/1"}],"replies":[{"embeddable":true,"href":"https:\/\/www.iucuellar.org\/index.php?rest_route=%2Fwp%2Fv2%2Fcomments&post=2526"}],"version-history":[{"count":1,"href":"https:\/\/www.iucuellar.org\/index.php?rest_route=\/wp\/v2\/posts\/2526\/revisions"}],"predecessor-version":[{"id":2528,"href":"https:\/\/www.iucuellar.org\/index.php?rest_route=\/wp\/v2\/posts\/2526\/revisions\/2528"}],"wp:featuredmedia":[{"embeddable":true,"href":"https:\/\/www.iucuellar.org\/index.php?rest_route=\/wp\/v2\/media\/2527"}],"wp:attachment":[{"href":"https:\/\/www.iucuellar.org\/index.php?rest_route=%2Fwp%2Fv2%2Fmedia&parent=2526"}],"wp:term":[{"taxonomy":"category","embeddable":true,"href":"https:\/\/www.iucuellar.org\/index.php?rest_route=%2Fwp%2Fv2%2Fcategories&post=2526"},{"taxonomy":"post_tag","embeddable":true,"href":"https:\/\/www.iucuellar.org\/index.php?rest_route=%2Fwp%2Fv2%2Ftags&post=2526"}],"curies":[{"name":"wp","href":"https:\/\/api.w.org\/{rel}","templated":true}]}}