{"id":2585,"date":"2017-10-20T14:28:29","date_gmt":"2017-10-20T13:28:29","guid":{"rendered":"http:\/\/www.iucuellar.org\/?p=2585"},"modified":"2017-10-20T16:01:51","modified_gmt":"2017-10-20T15:01:51","slug":"exposicion-que-aflore-lo-enterrado","status":"publish","type":"post","link":"https:\/\/www.iucuellar.org\/?p=2585","title":{"rendered":"Exposici\u00f3n &#8220;Que aflore lo enterrado&#8221;"},"content":{"rendered":"<p>Desde la Asamblea de Izquierda Unida de la Comarca de Cu\u00e9llar hemos organizado unas jornadas sobre la represi\u00f3n franquista. Consta de una exposici\u00f3n que pertenece a la asociaci\u00f3n Txinparta-Fuerte de San Cristobal, y que comparten con nosotros del 28 de Octubre al 12 de Noviembre, en la sala de Exposiciones &#8220;Cronista Herrera&#8221; ( Biblioteca Municipal de Cu\u00e9llar). <strong>[<span style=\"text-decoration: underline;\"><a href=\"https:\/\/www.google.es\/maps\/place\/Biblioteca+Municipal+Cronista+Herrera\/@41.4004774,-4.3146623,21z\/data=!4m8!1m2!2m1!1smaps!3m4!1s0xd46da2ab298c26d:0x5486ee363cd74b8!8m2!3d41.40051!4d-4.314755?dcr=0\" target=\"_blank\" rel=\"noopener\">Ubicaci\u00f3n<\/a><\/span>]<\/strong><\/p>\n<p>Esta asociaci\u00f3n es un colectivo, implicado en recuperar la memoria de las personas encarceladas en el Fuerte de San Cristobal, en recuperar sus nombres, su historia colectiva e individual, sus enterramientos etc. y compartirlo con sus familiares y con toda la sociedad. En ese lugar fueron represaliados decenas de vecinos de Cu\u00e9llar y algunos de ellos all\u00ed murieron.<\/p>\n<p>Para la inauguraci\u00f3n que tendr\u00e1 lugar el d\u00eda 28 de Octubre a las 7 de la tarde, contaremos con la presencia de Koldo Pla, investigador del Fuerte de San Crist\u00f3bal. Adem\u00e1s, el s\u00e1bado 11\u00a0 de noviembre a las 7 de la tarde, celebraremos una mesa redonda con familiares de presos vecinos de nuestra comarca. Tambi\u00e9n se van a proyectar documentales los d\u00eda 4 y 5 de noviembre, aun por confirmar (estad atentos a nuestras redes sociales).<\/p>\n<p><img loading=\"lazy\" decoding=\"async\" class=\"alignnone size-full wp-image-2628\" src=\"https:\/\/i0.wp.com\/www.iucuellar.org\/public\/2017\/10\/cartel_Expo_Txinparta_.jpg?resize=800%2C1266&#038;ssl=1\" alt=\"cartel_Expo_Txinparta_\" width=\"800\" height=\"1266\" srcset=\"https:\/\/i0.wp.com\/www.iucuellar.org\/public\/2017\/10\/cartel_Expo_Txinparta_.jpg?w=2071&amp;ssl=1 2071w, https:\/\/i0.wp.com\/www.iucuellar.org\/public\/2017\/10\/cartel_Expo_Txinparta_.jpg?resize=190%2C300&amp;ssl=1 190w, https:\/\/i0.wp.com\/www.iucuellar.org\/public\/2017\/10\/cartel_Expo_Txinparta_.jpg?resize=768%2C1216&amp;ssl=1 768w, https:\/\/i0.wp.com\/www.iucuellar.org\/public\/2017\/10\/cartel_Expo_Txinparta_.jpg?resize=647%2C1024&amp;ssl=1 647w, https:\/\/i0.wp.com\/www.iucuellar.org\/public\/2017\/10\/cartel_Expo_Txinparta_.jpg?w=1600&amp;ssl=1 1600w\" sizes=\"(max-width: 800px) 100vw, 800px\" data-recalc-dims=\"1\" \/><\/p>\n<p>&nbsp;<\/p>\n<p>&nbsp;<\/p>\n","protected":false},"excerpt":{"rendered":"<p>Desde la Asamblea de Izquierda Unida de la Comarca de Cu\u00e9llar hemos organizado unas jornadas sobre la represi\u00f3n franquista. Consta<\/p>\n","protected":false},"author":1,"featured_media":2619,"comment_status":"open","ping_status":"open","sticky":false,"template":"","format":"standard","meta":{"sfsi_plus_gutenberg_text_before_share":"","sfsi_plus_gutenberg_show_text_before_share":"","sfsi_plus_gutenberg_icon_type":"","sfsi_plus_gutenberg_icon_alignemt":"","sfsi_plus_gutenburg_max_per_row":"","_exactmetrics_skip_tracking":false,"_exactmetrics_sitenote_active":false,"_exactmetrics_sitenote_note":"","_exactmetrics_sitenote_category":0,"ngg_post_thumbnail":0,"_jetpack_memberships_contains_paid_content":false,"footnotes":""},"categories":[21,23],"tags":[],"yoast_head":"<!-- This site is optimized with the Yoast SEO plugin v22.9 - https:\/\/yoast.com\/wordpress\/plugins\/seo\/ -->\r\n<title>Exposici\u00f3n &quot;Que aflore lo enterrado&quot; - Izquierda Unida Cu\u00e9llar<\/title>\r\n<meta name=\"robots\" content=\"index, follow, max-snippet:-1, max-image-preview:large, max-video-preview:-1\" \/>\r\n<link rel=\"canonical\" href=\"https:\/\/www.iucuellar.org\/?p=2585\" \/>\r\n<meta property=\"og:locale\" content=\"es_ES\" \/>\r\n<meta property=\"og:type\" content=\"article\" \/>\r\n<meta property=\"og:title\" content=\"Exposici\u00f3n &quot;Que aflore lo enterrado&quot; - Izquierda Unida Cu\u00e9llar\" \/>\r\n<meta property=\"og:description\" content=\"Desde la Asamblea de Izquierda Unida de la Comarca de Cu\u00e9llar hemos organizado unas jornadas sobre la represi\u00f3n franquista. Consta\" \/>\r\n<meta property=\"og:url\" content=\"https:\/\/www.iucuellar.org\/?p=2585\" \/>\r\n<meta property=\"og:site_name\" content=\"Izquierda Unida Cu\u00e9llar\" \/>\r\n<meta property=\"article:publisher\" content=\"https:\/\/www.facebook.com\/iucuellar\" \/>\r\n<meta property=\"article:published_time\" content=\"2017-10-20T13:28:29+00:00\" \/>\r\n<meta property=\"article:modified_time\" content=\"2017-10-20T15:01:51+00:00\" \/>\r\n<meta property=\"og:image\" content=\"https:\/\/www.iucuellar.org\/public\/2017\/10\/cartel_Expo_Txinparta-1-1104389654-1508434567277-1024x817.jpg\" \/>\r\n\t<meta property=\"og:image:width\" content=\"1024\" \/>\r\n\t<meta property=\"og:image:height\" content=\"817\" \/>\r\n\t<meta property=\"og:image:type\" content=\"image\/jpeg\" \/>\r\n<meta name=\"author\" content=\"Comunicaci\u00f3n\" \/>\r\n<meta name=\"twitter:card\" content=\"summary_large_image\" \/>\r\n<meta name=\"twitter:creator\" content=\"@IU_CUELLAR\" \/>\r\n<meta name=\"twitter:site\" content=\"@IU_CUELLAR\" \/>\r\n<meta name=\"twitter:label1\" content=\"Escrito por\" \/>\n\t<meta name=\"twitter:data1\" content=\"Comunicaci\u00f3n\" \/>\n\t<meta name=\"twitter:label2\" content=\"Tiempo de lectura\" \/>\n\t<meta name=\"twitter:data2\" content=\"1 minuto\" \/>\r\n<script type=\"application\/ld+json\" class=\"yoast-schema-graph\">{\"@context\":\"https:\/\/schema.org\",\"@graph\":[{\"@type\":\"Article\",\"@id\":\"https:\/\/www.iucuellar.org\/?p=2585#article\",\"isPartOf\":{\"@id\":\"https:\/\/www.iucuellar.org\/?p=2585\"},\"author\":{\"name\":\"Comunicaci\u00f3n\",\"@id\":\"https:\/\/www.iucuellar.org\/#\/schema\/person\/0ed49683a220f525fdeb90989b5c672d\"},\"headline\":\"Exposici\u00f3n &#8220;Que aflore lo enterrado&#8221;\",\"datePublished\":\"2017-10-20T13:28:29+00:00\",\"dateModified\":\"2017-10-20T15:01:51+00:00\",\"mainEntityOfPage\":{\"@id\":\"https:\/\/www.iucuellar.org\/?p=2585\"},\"wordCount\":206,\"commentCount\":0,\"publisher\":{\"@id\":\"https:\/\/www.iucuellar.org\/#organization\"},\"image\":{\"@id\":\"https:\/\/www.iucuellar.org\/?p=2585#primaryimage\"},\"thumbnailUrl\":\"https:\/\/i0.wp.com\/www.iucuellar.org\/public\/2017\/10\/cartel_Expo_Txinparta-1-1104389654-1508434567277.jpg?fit=1823%2C1455&ssl=1\",\"articleSection\":[\"Izquierda Unida\",\"Rep\u00fablica\"],\"inLanguage\":\"es\",\"potentialAction\":[{\"@type\":\"CommentAction\",\"name\":\"Comment\",\"target\":[\"https:\/\/www.iucuellar.org\/?p=2585#respond\"]}]},{\"@type\":\"WebPage\",\"@id\":\"https:\/\/www.iucuellar.org\/?p=2585\",\"url\":\"https:\/\/www.iucuellar.org\/?p=2585\",\"name\":\"Exposici\u00f3n \\\"Que aflore lo enterrado\\\" - Izquierda Unida Cu\u00e9llar\",\"isPartOf\":{\"@id\":\"https:\/\/www.iucuellar.org\/#website\"},\"primaryImageOfPage\":{\"@id\":\"https:\/\/www.iucuellar.org\/?p=2585#primaryimage\"},\"image\":{\"@id\":\"https:\/\/www.iucuellar.org\/?p=2585#primaryimage\"},\"thumbnailUrl\":\"https:\/\/i0.wp.com\/www.iucuellar.org\/public\/2017\/10\/cartel_Expo_Txinparta-1-1104389654-1508434567277.jpg?fit=1823%2C1455&ssl=1\",\"datePublished\":\"2017-10-20T13:28:29+00:00\",\"dateModified\":\"2017-10-20T15:01:51+00:00\",\"breadcrumb\":{\"@id\":\"https:\/\/www.iucuellar.org\/?p=2585#breadcrumb\"},\"inLanguage\":\"es\",\"potentialAction\":[{\"@type\":\"ReadAction\",\"target\":[\"https:\/\/www.iucuellar.org\/?p=2585\"]}]},{\"@type\":\"ImageObject\",\"inLanguage\":\"es\",\"@id\":\"https:\/\/www.iucuellar.org\/?p=2585#primaryimage\",\"url\":\"https:\/\/i0.wp.com\/www.iucuellar.org\/public\/2017\/10\/cartel_Expo_Txinparta-1-1104389654-1508434567277.jpg?fit=1823%2C1455&ssl=1\",\"contentUrl\":\"https:\/\/i0.wp.com\/www.iucuellar.org\/public\/2017\/10\/cartel_Expo_Txinparta-1-1104389654-1508434567277.jpg?fit=1823%2C1455&ssl=1\",\"width\":1823,\"height\":1455},{\"@type\":\"BreadcrumbList\",\"@id\":\"https:\/\/www.iucuellar.org\/?p=2585#breadcrumb\",\"itemListElement\":[{\"@type\":\"ListItem\",\"position\":1,\"name\":\"Inicio\",\"item\":\"https:\/\/www.iucuellar.org\/\"},{\"@type\":\"ListItem\",\"position\":2,\"name\":\"Exposici\u00f3n \u00abQue aflore lo enterrado\u00bb\"}]},{\"@type\":\"WebSite\",\"@id\":\"https:\/\/www.iucuellar.org\/#website\",\"url\":\"https:\/\/www.iucuellar.org\/\",\"name\":\"Izquierda Unida Cu\u00e9llar y Comarca\",\"description\":\"Lugar de opini\u00f3n y discusi\u00f3n de la izquierda\",\"publisher\":{\"@id\":\"https:\/\/www.iucuellar.org\/#organization\"},\"potentialAction\":[{\"@type\":\"SearchAction\",\"target\":{\"@type\":\"EntryPoint\",\"urlTemplate\":\"https:\/\/www.iucuellar.org\/?s={search_term_string}\"},\"query-input\":\"required name=search_term_string\"}],\"inLanguage\":\"es\"},{\"@type\":\"Organization\",\"@id\":\"https:\/\/www.iucuellar.org\/#organization\",\"name\":\"IU CUELLAR\",\"url\":\"https:\/\/www.iucuellar.org\/\",\"logo\":{\"@type\":\"ImageObject\",\"inLanguage\":\"es\",\"@id\":\"https:\/\/www.iucuellar.org\/#\/schema\/logo\/image\/\",\"url\":\"https:\/\/i0.wp.com\/www.iucuellar.org\/public\/2022\/07\/cropped-avatar_redondo_Twitter.png?fit=512%2C512&ssl=1\",\"contentUrl\":\"https:\/\/i0.wp.com\/www.iucuellar.org\/public\/2022\/07\/cropped-avatar_redondo_Twitter.png?fit=512%2C512&ssl=1\",\"width\":512,\"height\":512,\"caption\":\"IU CUELLAR\"},\"image\":{\"@id\":\"https:\/\/www.iucuellar.org\/#\/schema\/logo\/image\/\"},\"sameAs\":[\"https:\/\/www.facebook.com\/iucuellar\",\"https:\/\/x.com\/IU_CUELLAR\",\"https:\/\/www.instagram.com\/iucuellar\/\",\"https:\/\/www.threads.net\/@iucuellar\"]},{\"@type\":\"Person\",\"@id\":\"https:\/\/www.iucuellar.org\/#\/schema\/person\/0ed49683a220f525fdeb90989b5c672d\",\"name\":\"Comunicaci\u00f3n\",\"image\":{\"@type\":\"ImageObject\",\"inLanguage\":\"es\",\"@id\":\"https:\/\/www.iucuellar.org\/#\/schema\/person\/image\/\",\"url\":\"https:\/\/secure.gravatar.com\/avatar\/1bb1e96b498ea4b5098098798744923e?s=96&d=mm&r=g\",\"contentUrl\":\"https:\/\/secure.gravatar.com\/avatar\/1bb1e96b498ea4b5098098798744923e?s=96&d=mm&r=g\",\"caption\":\"Comunicaci\u00f3n\"},\"url\":\"https:\/\/www.iucuellar.org\/?author=1\"}]}<\/script>\r\n<!-- \/ Yoast SEO plugin. -->","yoast_head_json":{"title":"Exposici\u00f3n \"Que aflore lo enterrado\" - Izquierda Unida Cu\u00e9llar","robots":{"index":"index","follow":"follow","max-snippet":"max-snippet:-1","max-image-preview":"max-image-preview:large","max-video-preview":"max-video-preview:-1"},"canonical":"https:\/\/www.iucuellar.org\/?p=2585","og_locale":"es_ES","og_type":"article","og_title":"Exposici\u00f3n \"Que aflore lo enterrado\" - Izquierda Unida Cu\u00e9llar","og_description":"Desde la Asamblea de Izquierda Unida de la Comarca de Cu\u00e9llar hemos organizado unas jornadas sobre la represi\u00f3n franquista. Consta","og_url":"https:\/\/www.iucuellar.org\/?p=2585","og_site_name":"Izquierda Unida Cu\u00e9llar","article_publisher":"https:\/\/www.facebook.com\/iucuellar","article_published_time":"2017-10-20T13:28:29+00:00","article_modified_time":"2017-10-20T15:01:51+00:00","og_image":[{"width":1024,"height":817,"url":"https:\/\/www.iucuellar.org\/public\/2017\/10\/cartel_Expo_Txinparta-1-1104389654-1508434567277-1024x817.jpg","type":"image\/jpeg"}],"author":"Comunicaci\u00f3n","twitter_card":"summary_large_image","twitter_creator":"@IU_CUELLAR","twitter_site":"@IU_CUELLAR","twitter_misc":{"Escrito por":"Comunicaci\u00f3n","Tiempo de lectura":"1 minuto"},"schema":{"@context":"https:\/\/schema.org","@graph":[{"@type":"Article","@id":"https:\/\/www.iucuellar.org\/?p=2585#article","isPartOf":{"@id":"https:\/\/www.iucuellar.org\/?p=2585"},"author":{"name":"Comunicaci\u00f3n","@id":"https:\/\/www.iucuellar.org\/#\/schema\/person\/0ed49683a220f525fdeb90989b5c672d"},"headline":"Exposici\u00f3n &#8220;Que aflore lo enterrado&#8221;","datePublished":"2017-10-20T13:28:29+00:00","dateModified":"2017-10-20T15:01:51+00:00","mainEntityOfPage":{"@id":"https:\/\/www.iucuellar.org\/?p=2585"},"wordCount":206,"commentCount":0,"publisher":{"@id":"https:\/\/www.iucuellar.org\/#organization"},"image":{"@id":"https:\/\/www.iucuellar.org\/?p=2585#primaryimage"},"thumbnailUrl":"https:\/\/i0.wp.com\/www.iucuellar.org\/public\/2017\/10\/cartel_Expo_Txinparta-1-1104389654-1508434567277.jpg?fit=1823%2C1455&ssl=1","articleSection":["Izquierda Unida","Rep\u00fablica"],"inLanguage":"es","potentialAction":[{"@type":"CommentAction","name":"Comment","target":["https:\/\/www.iucuellar.org\/?p=2585#respond"]}]},{"@type":"WebPage","@id":"https:\/\/www.iucuellar.org\/?p=2585","url":"https:\/\/www.iucuellar.org\/?p=2585","name":"Exposici\u00f3n \"Que aflore lo enterrado\" - Izquierda Unida Cu\u00e9llar","isPartOf":{"@id":"https:\/\/www.iucuellar.org\/#website"},"primaryImageOfPage":{"@id":"https:\/\/www.iucuellar.org\/?p=2585#primaryimage"},"image":{"@id":"https:\/\/www.iucuellar.org\/?p=2585#primaryimage"},"thumbnailUrl":"https:\/\/i0.wp.com\/www.iucuellar.org\/public\/2017\/10\/cartel_Expo_Txinparta-1-1104389654-1508434567277.jpg?fit=1823%2C1455&ssl=1","datePublished":"2017-10-20T13:28:29+00:00","dateModified":"2017-10-20T15:01:51+00:00","breadcrumb":{"@id":"https:\/\/www.iucuellar.org\/?p=2585#breadcrumb"},"inLanguage":"es","potentialAction":[{"@type":"ReadAction","target":["https:\/\/www.iucuellar.org\/?p=2585"]}]},{"@type":"ImageObject","inLanguage":"es","@id":"https:\/\/www.iucuellar.org\/?p=2585#primaryimage","url":"https:\/\/i0.wp.com\/www.iucuellar.org\/public\/2017\/10\/cartel_Expo_Txinparta-1-1104389654-1508434567277.jpg?fit=1823%2C1455&ssl=1","contentUrl":"https:\/\/i0.wp.com\/www.iucuellar.org\/public\/2017\/10\/cartel_Expo_Txinparta-1-1104389654-1508434567277.jpg?fit=1823%2C1455&ssl=1","width":1823,"height":1455},{"@type":"BreadcrumbList","@id":"https:\/\/www.iucuellar.org\/?p=2585#breadcrumb","itemListElement":[{"@type":"ListItem","position":1,"name":"Inicio","item":"https:\/\/www.iucuellar.org\/"},{"@type":"ListItem","position":2,"name":"Exposici\u00f3n \u00abQue aflore lo enterrado\u00bb"}]},{"@type":"WebSite","@id":"https:\/\/www.iucuellar.org\/#website","url":"https:\/\/www.iucuellar.org\/","name":"Izquierda Unida Cu\u00e9llar y Comarca","description":"Lugar de opini\u00f3n y discusi\u00f3n de la izquierda","publisher":{"@id":"https:\/\/www.iucuellar.org\/#organization"},"potentialAction":[{"@type":"SearchAction","target":{"@type":"EntryPoint","urlTemplate":"https:\/\/www.iucuellar.org\/?s={search_term_string}"},"query-input":"required name=search_term_string"}],"inLanguage":"es"},{"@type":"Organization","@id":"https:\/\/www.iucuellar.org\/#organization","name":"IU CUELLAR","url":"https:\/\/www.iucuellar.org\/","logo":{"@type":"ImageObject","inLanguage":"es","@id":"https:\/\/www.iucuellar.org\/#\/schema\/logo\/image\/","url":"https:\/\/i0.wp.com\/www.iucuellar.org\/public\/2022\/07\/cropped-avatar_redondo_Twitter.png?fit=512%2C512&ssl=1","contentUrl":"https:\/\/i0.wp.com\/www.iucuellar.org\/public\/2022\/07\/cropped-avatar_redondo_Twitter.png?fit=512%2C512&ssl=1","width":512,"height":512,"caption":"IU CUELLAR"},"image":{"@id":"https:\/\/www.iucuellar.org\/#\/schema\/logo\/image\/"},"sameAs":["https:\/\/www.facebook.com\/iucuellar","https:\/\/x.com\/IU_CUELLAR","https:\/\/www.instagram.com\/iucuellar\/","https:\/\/www.threads.net\/@iucuellar"]},{"@type":"Person","@id":"https:\/\/www.iucuellar.org\/#\/schema\/person\/0ed49683a220f525fdeb90989b5c672d","name":"Comunicaci\u00f3n","image":{"@type":"ImageObject","inLanguage":"es","@id":"https:\/\/www.iucuellar.org\/#\/schema\/person\/image\/","url":"https:\/\/secure.gravatar.com\/avatar\/1bb1e96b498ea4b5098098798744923e?s=96&d=mm&r=g","contentUrl":"https:\/\/secure.gravatar.com\/avatar\/1bb1e96b498ea4b5098098798744923e?s=96&d=mm&r=g","caption":"Comunicaci\u00f3n"},"url":"https:\/\/www.iucuellar.org\/?author=1"}]}},"jetpack_featured_media_url":"https:\/\/i0.wp.com\/www.iucuellar.org\/public\/2017\/10\/cartel_Expo_Txinparta-1-1104389654-1508434567277.jpg?fit=1823%2C1455&ssl=1","jetpack_sharing_enabled":true,"jetpack_shortlink":"https:\/\/wp.me\/p8rn8P-FH","_links":{"self":[{"href":"https:\/\/www.iucuellar.org\/index.php?rest_route=\/wp\/v2\/posts\/2585"}],"collection":[{"href":"https:\/\/www.iucuellar.org\/index.php?rest_route=\/wp\/v2\/posts"}],"about":[{"href":"https:\/\/www.iucuellar.org\/index.php?rest_route=\/wp\/v2\/types\/post"}],"author":[{"embeddable":true,"href":"https:\/\/www.iucuellar.org\/index.php?rest_route=\/wp\/v2\/users\/1"}],"replies":[{"embeddable":true,"href":"https:\/\/www.iucuellar.org\/index.php?rest_route=%2Fwp%2Fv2%2Fcomments&post=2585"}],"version-history":[{"count":44,"href":"https:\/\/www.iucuellar.org\/index.php?rest_route=\/wp\/v2\/posts\/2585\/revisions"}],"predecessor-version":[{"id":2633,"href":"https:\/\/www.iucuellar.org\/index.php?rest_route=\/wp\/v2\/posts\/2585\/revisions\/2633"}],"wp:featuredmedia":[{"embeddable":true,"href":"https:\/\/www.iucuellar.org\/index.php?rest_route=\/wp\/v2\/media\/2619"}],"wp:attachment":[{"href":"https:\/\/www.iucuellar.org\/index.php?rest_route=%2Fwp%2Fv2%2Fmedia&parent=2585"}],"wp:term":[{"taxonomy":"category","embeddable":true,"href":"https:\/\/www.iucuellar.org\/index.php?rest_route=%2Fwp%2Fv2%2Fcategories&post=2585"},{"taxonomy":"post_tag","embeddable":true,"href":"https:\/\/www.iucuellar.org\/index.php?rest_route=%2Fwp%2Fv2%2Ftags&post=2585"}],"curies":[{"name":"wp","href":"https:\/\/api.w.org\/{rel}","templated":true}]}}