{"id":2663,"date":"2017-11-18T10:15:50","date_gmt":"2017-11-18T09:15:50","guid":{"rendered":"http:\/\/www.iucuellar.org\/?p=2663"},"modified":"2023-12-28T17:44:22","modified_gmt":"2023-12-28T16:44:22","slug":"58-cuellaranos-represaliados-por-el-franquismo-en-el-fuerte-san-cristobal","status":"publish","type":"post","link":"https:\/\/www.iucuellar.org\/?p=2663","title":{"rendered":"58 cuellaranos represaliados por el franquismo en el Fuerte san Cristobal"},"content":{"rendered":"<p align=\"LEFT\">\n<style type=\"text\/css\">\n\t<!-- @page { margin: 2cm } P { margin-bottom: 0.21cm } --><br \/>\t<\/style>\n<\/p>\n<p><span style=\"font-size: large;\">Hemos compartido, en la Biblioteca de Cu\u00e9llar, durante 16 d\u00edas la exposici\u00f3n <span style=\"color: #000000;\"><span style=\"font-family: Times New Roman, serif;\"><i>\u201c<\/i><\/span><\/span><span style=\"color: #000000;\"><span style=\"font-family: Times New Roman, serif;\"><i>Lur azpitik lur azaleratuz \/ Que aflore lo enterrado\u201d <\/i><\/span><\/span><span style=\"color: #000000;\"><span style=\"font-family: Times New Roman, serif;\">que ha acercado hasta nosotros el Colectivo Txinparta como recuerdo, homenaje y para dar voz a<\/span><\/span><span style=\"font-family: Times New Roman, serif;\"><i>\u201c<\/i><\/span> los Represaliados por el franquismo en el Fuerte de San Cristobal (monte Ezkaba, Pamplona)\u201d.<\/span><\/p>\n<p align=\"LEFT\"><span style=\"font-size: large;\">Cerca de siete mil personal encerradas en esta fortaleza-prisi\u00f3n, por aqu\u00ed pasaron 329 Segovianos que fueron encarcelados por los golpistas del 18 de julio de 1936 en el Fuerte san Cristobal, de ellos <b>58 cuellaranos, paisanos nuestros, padres, abuelos, o t\u00edos detenidos por no adherirse a los fascistas sublevados contra el Leg\u00edtimo Gobierno Espa\u00f1ol de la Segunda Rep\u00fablica Espa\u00f1ola, all\u00ed murieron diez cuellaranos, ocho fueron asesinados en la fuga del 22 de mayo de 1938 y otros dos muertos en la prisi\u00f3n. \u00danicamente se conoce el lugar del enterramiento de uno de ellos<\/b> y esto es posible saberlo gracias a los trabajos de investigaci\u00f3n de la Sociedad de Ciencias Aranzadi y a la Red de Memoria Colectiva Txinparta.<\/span><\/p>\n<p align=\"LEFT\"><span style=\"font-size: large;\">Las mentiras del franquismo, el silencio y el olvido al que se quiere enterrar la verdad de la historia tras m\u00e1s de cuarenta a\u00f1os de la muerte del dictador Franco deben cesar.<\/span><\/p>\n<p align=\"LEFT\"><span style=\"font-size: large;\">Estas asociaciones contin\u00faan con la labor de localizaci\u00f3n de fosas e identificaci\u00f3n de cad\u00e1veres tanto de los asesinados en la fuga como de los muertos en el Fuerte y enterrados en el cementerio de la botellas, cementerios de localidades pr\u00f3ximas y otros lugares a\u00fan desconocidos. Una vez localizados los enterramientos es necesario identificar a esas personas, para lo cual la colaboraci\u00f3n de los familiares es imprescindible y por tanto si alguien ha tenido familiares presos en el Fuerte san Cristobal de Pamplona puede contactar con <a href=\"https:\/\/www.iucuellar.org\/?page_id=2389\" target=\"_blank\" rel=\"noopener\">iucuellar<\/a> o con <a href=\"https:\/\/txinpartafuertesancristobal.blogspot.com.es\/\">Txinparta<\/a> para ver la forma y el momento de hacerlo.<\/span><\/p>\n<p align=\"LEFT\"><span style=\"font-size: large;\">Aqu\u00ed os dejamos algunos enlaces de los actos de la exposici\u00f3n durante estos 16 dias en Cu\u00e9llar.<\/span><\/p>\n<div class=\"jetpack-video-wrapper\"><iframe loading=\"lazy\" title=\"La Visita Koldo Pla\" width=\"800\" height=\"450\" src=\"https:\/\/www.youtube.com\/embed\/NK2xVaoHpbo?list=PLaE8GGzsRYKr_mRCjqddfRaZdCvZ5IlGY\" frameborder=\"0\" allow=\"accelerometer; autoplay; clipboard-write; encrypted-media; gyroscope; picture-in-picture; web-share\" allowfullscreen><\/iframe><\/div>\n<!--[if lt IE 9]><script>document.createElement('audio');<\/script><![endif]-->\n<audio class=\"wp-audio-shortcode\" id=\"audio-2663-1\" preload=\"none\" style=\"width: 100%;\" controls=\"controls\"><source type=\"audio\/mpeg\" src=\"https:\/\/www.iucuellar.org\/2017\/Castillo\/02KoldoPlaQueAfloreLoEnterrado.mp3?_=1\" \/><a href=\"https:\/\/www.iucuellar.org\/2017\/Castillo\/02KoldoPlaQueAfloreLoEnterrado.mp3\">https:\/\/www.iucuellar.org\/2017\/Castillo\/02KoldoPlaQueAfloreLoEnterrado.mp3<\/a><\/audio>\n<audio class=\"wp-audio-shortcode\" id=\"audio-2663-2\" preload=\"none\" style=\"width: 100%;\" controls=\"controls\"><source type=\"audio\/mpeg\" src=\"https:\/\/www.iucuellar.org\/2017\/Castillo\/03Rub%C3%A9nNava_KoldoPlaQueAfloreLoEnterrado.mp3?_=2\" \/><a href=\"https:\/\/www.iucuellar.org\/2017\/Castillo\/03Rub%C3%A9nNava_KoldoPlaQueAfloreLoEnterrado.mp3\">https:\/\/www.iucuellar.org\/2017\/Castillo\/03Rub%C3%A9nNava_KoldoPlaQueAfloreLoEnterrado.mp3<\/a><\/audio>\n<audio class=\"wp-audio-shortcode\" id=\"audio-2663-3\" preload=\"none\" style=\"width: 100%;\" controls=\"controls\"><source type=\"audio\/mpeg\" src=\"https:\/\/www.iucuellar.org\/2017\/Castillo\/20171111MesaRedondaCompleto.mp3?_=3\" \/><a href=\"https:\/\/www.iucuellar.org\/2017\/Castillo\/20171111MesaRedondaCompleto.mp3\">https:\/\/www.iucuellar.org\/2017\/Castillo\/20171111MesaRedondaCompleto.mp3<\/a><\/audio>\n<p><a href=\"https:\/\/txinpartafuertesancristobal.blogspot.com.es\/2017\/11\/cuellar-san-cristobal.html\">Entrada y fotos del blog de Txinparta de la exposici\u00f3n en Cu\u00e9llar.<\/a><\/p>\n<p>&nbsp;<\/p>\n","protected":false},"excerpt":{"rendered":"<p>Hemos compartido, en la Biblioteca de Cu\u00e9llar, durante 16 d\u00edas la exposici\u00f3n \u201cLur azpitik lur azaleratuz \/ Que aflore lo<\/p>\n","protected":false},"author":1,"featured_media":2647,"comment_status":"open","ping_status":"open","sticky":false,"template":"","format":"standard","meta":{"sfsi_plus_gutenberg_text_before_share":"","sfsi_plus_gutenberg_show_text_before_share":"","sfsi_plus_gutenberg_icon_type":"","sfsi_plus_gutenberg_icon_alignemt":"","sfsi_plus_gutenburg_max_per_row":"","_exactmetrics_skip_tracking":false,"_exactmetrics_sitenote_active":false,"_exactmetrics_sitenote_note":"","_exactmetrics_sitenote_category":0,"ngg_post_thumbnail":0,"_jetpack_memberships_contains_paid_content":false,"footnotes":""},"categories":[21,23],"tags":[],"yoast_head":"<!-- This site is optimized with the Yoast SEO plugin v22.9 - https:\/\/yoast.com\/wordpress\/plugins\/seo\/ -->\r\n<title>58 cuellaranos represaliados por el franquismo en el Fuerte san Cristobal - Izquierda Unida Cu\u00e9llar<\/title>\r\n<meta name=\"robots\" content=\"index, follow, max-snippet:-1, max-image-preview:large, max-video-preview:-1\" \/>\r\n<link rel=\"canonical\" href=\"https:\/\/www.iucuellar.org\/?p=2663\" \/>\r\n<meta property=\"og:locale\" content=\"es_ES\" \/>\r\n<meta property=\"og:type\" content=\"article\" \/>\r\n<meta property=\"og:title\" content=\"58 cuellaranos represaliados por el franquismo en el Fuerte san Cristobal - Izquierda Unida Cu\u00e9llar\" \/>\r\n<meta property=\"og:description\" content=\"Hemos compartido, en la Biblioteca de Cu\u00e9llar, durante 16 d\u00edas la exposici\u00f3n \u201cLur azpitik lur azaleratuz \/ Que aflore lo\" \/>\r\n<meta property=\"og:url\" content=\"https:\/\/www.iucuellar.org\/?p=2663\" \/>\r\n<meta property=\"og:site_name\" content=\"Izquierda Unida Cu\u00e9llar\" \/>\r\n<meta property=\"article:publisher\" content=\"https:\/\/www.facebook.com\/iucuellar\" \/>\r\n<meta property=\"article:published_time\" content=\"2017-11-18T09:15:50+00:00\" \/>\r\n<meta property=\"article:modified_time\" content=\"2023-12-28T16:44:22+00:00\" \/>\r\n<meta property=\"og:image\" content=\"https:\/\/www.iucuellar.org\/public\/2017\/11\/WhatsApp-Image-2017-11-03-at-12.48.38.jpeg\" \/>\r\n\t<meta property=\"og:image:width\" content=\"547\" \/>\r\n\t<meta property=\"og:image:height\" content=\"774\" \/>\r\n\t<meta property=\"og:image:type\" content=\"image\/jpeg\" \/>\r\n<meta name=\"author\" content=\"Comunicaci\u00f3n\" \/>\r\n<meta name=\"twitter:card\" content=\"summary_large_image\" \/>\r\n<meta name=\"twitter:creator\" content=\"@IU_CUELLAR\" \/>\r\n<meta name=\"twitter:site\" content=\"@IU_CUELLAR\" \/>\r\n<meta name=\"twitter:label1\" content=\"Escrito por\" \/>\n\t<meta name=\"twitter:data1\" content=\"Comunicaci\u00f3n\" \/>\n\t<meta name=\"twitter:label2\" content=\"Tiempo de lectura\" \/>\n\t<meta name=\"twitter:data2\" content=\"2 minutos\" \/>\r\n<script type=\"application\/ld+json\" class=\"yoast-schema-graph\">{\"@context\":\"https:\/\/schema.org\",\"@graph\":[{\"@type\":\"Article\",\"@id\":\"https:\/\/www.iucuellar.org\/?p=2663#article\",\"isPartOf\":{\"@id\":\"https:\/\/www.iucuellar.org\/?p=2663\"},\"author\":{\"name\":\"Comunicaci\u00f3n\",\"@id\":\"https:\/\/www.iucuellar.org\/#\/schema\/person\/0ed49683a220f525fdeb90989b5c672d\"},\"headline\":\"58 cuellaranos represaliados por el franquismo en el Fuerte san Cristobal\",\"datePublished\":\"2017-11-18T09:15:50+00:00\",\"dateModified\":\"2023-12-28T16:44:22+00:00\",\"mainEntityOfPage\":{\"@id\":\"https:\/\/www.iucuellar.org\/?p=2663\"},\"wordCount\":393,\"commentCount\":0,\"publisher\":{\"@id\":\"https:\/\/www.iucuellar.org\/#organization\"},\"image\":{\"@id\":\"https:\/\/www.iucuellar.org\/?p=2663#primaryimage\"},\"thumbnailUrl\":\"https:\/\/i0.wp.com\/www.iucuellar.org\/public\/2017\/11\/WhatsApp-Image-2017-11-03-at-12.48.38.jpeg?fit=547%2C774&ssl=1\",\"articleSection\":[\"Izquierda Unida\",\"Rep\u00fablica\"],\"inLanguage\":\"es\",\"potentialAction\":[{\"@type\":\"CommentAction\",\"name\":\"Comment\",\"target\":[\"https:\/\/www.iucuellar.org\/?p=2663#respond\"]}]},{\"@type\":\"WebPage\",\"@id\":\"https:\/\/www.iucuellar.org\/?p=2663\",\"url\":\"https:\/\/www.iucuellar.org\/?p=2663\",\"name\":\"58 cuellaranos represaliados por el franquismo en el Fuerte san Cristobal - Izquierda Unida Cu\u00e9llar\",\"isPartOf\":{\"@id\":\"https:\/\/www.iucuellar.org\/#website\"},\"primaryImageOfPage\":{\"@id\":\"https:\/\/www.iucuellar.org\/?p=2663#primaryimage\"},\"image\":{\"@id\":\"https:\/\/www.iucuellar.org\/?p=2663#primaryimage\"},\"thumbnailUrl\":\"https:\/\/i0.wp.com\/www.iucuellar.org\/public\/2017\/11\/WhatsApp-Image-2017-11-03-at-12.48.38.jpeg?fit=547%2C774&ssl=1\",\"datePublished\":\"2017-11-18T09:15:50+00:00\",\"dateModified\":\"2023-12-28T16:44:22+00:00\",\"breadcrumb\":{\"@id\":\"https:\/\/www.iucuellar.org\/?p=2663#breadcrumb\"},\"inLanguage\":\"es\",\"potentialAction\":[{\"@type\":\"ReadAction\",\"target\":[\"https:\/\/www.iucuellar.org\/?p=2663\"]}]},{\"@type\":\"ImageObject\",\"inLanguage\":\"es\",\"@id\":\"https:\/\/www.iucuellar.org\/?p=2663#primaryimage\",\"url\":\"https:\/\/i0.wp.com\/www.iucuellar.org\/public\/2017\/11\/WhatsApp-Image-2017-11-03-at-12.48.38.jpeg?fit=547%2C774&ssl=1\",\"contentUrl\":\"https:\/\/i0.wp.com\/www.iucuellar.org\/public\/2017\/11\/WhatsApp-Image-2017-11-03-at-12.48.38.jpeg?fit=547%2C774&ssl=1\",\"width\":547,\"height\":774},{\"@type\":\"BreadcrumbList\",\"@id\":\"https:\/\/www.iucuellar.org\/?p=2663#breadcrumb\",\"itemListElement\":[{\"@type\":\"ListItem\",\"position\":1,\"name\":\"Inicio\",\"item\":\"https:\/\/www.iucuellar.org\/\"},{\"@type\":\"ListItem\",\"position\":2,\"name\":\"58 cuellaranos represaliados por el franquismo en el Fuerte san Cristobal\"}]},{\"@type\":\"WebSite\",\"@id\":\"https:\/\/www.iucuellar.org\/#website\",\"url\":\"https:\/\/www.iucuellar.org\/\",\"name\":\"Izquierda Unida Cu\u00e9llar y Comarca\",\"description\":\"Lugar de opini\u00f3n y discusi\u00f3n de la izquierda\",\"publisher\":{\"@id\":\"https:\/\/www.iucuellar.org\/#organization\"},\"potentialAction\":[{\"@type\":\"SearchAction\",\"target\":{\"@type\":\"EntryPoint\",\"urlTemplate\":\"https:\/\/www.iucuellar.org\/?s={search_term_string}\"},\"query-input\":\"required name=search_term_string\"}],\"inLanguage\":\"es\"},{\"@type\":\"Organization\",\"@id\":\"https:\/\/www.iucuellar.org\/#organization\",\"name\":\"IU CUELLAR\",\"url\":\"https:\/\/www.iucuellar.org\/\",\"logo\":{\"@type\":\"ImageObject\",\"inLanguage\":\"es\",\"@id\":\"https:\/\/www.iucuellar.org\/#\/schema\/logo\/image\/\",\"url\":\"https:\/\/i0.wp.com\/www.iucuellar.org\/public\/2022\/07\/cropped-avatar_redondo_Twitter.png?fit=512%2C512&ssl=1\",\"contentUrl\":\"https:\/\/i0.wp.com\/www.iucuellar.org\/public\/2022\/07\/cropped-avatar_redondo_Twitter.png?fit=512%2C512&ssl=1\",\"width\":512,\"height\":512,\"caption\":\"IU CUELLAR\"},\"image\":{\"@id\":\"https:\/\/www.iucuellar.org\/#\/schema\/logo\/image\/\"},\"sameAs\":[\"https:\/\/www.facebook.com\/iucuellar\",\"https:\/\/x.com\/IU_CUELLAR\",\"https:\/\/www.instagram.com\/iucuellar\/\",\"https:\/\/www.threads.net\/@iucuellar\"]},{\"@type\":\"Person\",\"@id\":\"https:\/\/www.iucuellar.org\/#\/schema\/person\/0ed49683a220f525fdeb90989b5c672d\",\"name\":\"Comunicaci\u00f3n\",\"image\":{\"@type\":\"ImageObject\",\"inLanguage\":\"es\",\"@id\":\"https:\/\/www.iucuellar.org\/#\/schema\/person\/image\/\",\"url\":\"https:\/\/secure.gravatar.com\/avatar\/1bb1e96b498ea4b5098098798744923e?s=96&d=mm&r=g\",\"contentUrl\":\"https:\/\/secure.gravatar.com\/avatar\/1bb1e96b498ea4b5098098798744923e?s=96&d=mm&r=g\",\"caption\":\"Comunicaci\u00f3n\"},\"url\":\"https:\/\/www.iucuellar.org\/?author=1\"}]}<\/script>\r\n<!-- \/ Yoast SEO plugin. -->","yoast_head_json":{"title":"58 cuellaranos represaliados por el franquismo en el Fuerte san Cristobal - Izquierda Unida Cu\u00e9llar","robots":{"index":"index","follow":"follow","max-snippet":"max-snippet:-1","max-image-preview":"max-image-preview:large","max-video-preview":"max-video-preview:-1"},"canonical":"https:\/\/www.iucuellar.org\/?p=2663","og_locale":"es_ES","og_type":"article","og_title":"58 cuellaranos represaliados por el franquismo en el Fuerte san Cristobal - Izquierda Unida Cu\u00e9llar","og_description":"Hemos compartido, en la Biblioteca de Cu\u00e9llar, durante 16 d\u00edas la exposici\u00f3n \u201cLur azpitik lur azaleratuz \/ Que aflore lo","og_url":"https:\/\/www.iucuellar.org\/?p=2663","og_site_name":"Izquierda Unida Cu\u00e9llar","article_publisher":"https:\/\/www.facebook.com\/iucuellar","article_published_time":"2017-11-18T09:15:50+00:00","article_modified_time":"2023-12-28T16:44:22+00:00","og_image":[{"width":547,"height":774,"url":"https:\/\/www.iucuellar.org\/public\/2017\/11\/WhatsApp-Image-2017-11-03-at-12.48.38.jpeg","type":"image\/jpeg"}],"author":"Comunicaci\u00f3n","twitter_card":"summary_large_image","twitter_creator":"@IU_CUELLAR","twitter_site":"@IU_CUELLAR","twitter_misc":{"Escrito por":"Comunicaci\u00f3n","Tiempo de lectura":"2 minutos"},"schema":{"@context":"https:\/\/schema.org","@graph":[{"@type":"Article","@id":"https:\/\/www.iucuellar.org\/?p=2663#article","isPartOf":{"@id":"https:\/\/www.iucuellar.org\/?p=2663"},"author":{"name":"Comunicaci\u00f3n","@id":"https:\/\/www.iucuellar.org\/#\/schema\/person\/0ed49683a220f525fdeb90989b5c672d"},"headline":"58 cuellaranos represaliados por el franquismo en el Fuerte san Cristobal","datePublished":"2017-11-18T09:15:50+00:00","dateModified":"2023-12-28T16:44:22+00:00","mainEntityOfPage":{"@id":"https:\/\/www.iucuellar.org\/?p=2663"},"wordCount":393,"commentCount":0,"publisher":{"@id":"https:\/\/www.iucuellar.org\/#organization"},"image":{"@id":"https:\/\/www.iucuellar.org\/?p=2663#primaryimage"},"thumbnailUrl":"https:\/\/i0.wp.com\/www.iucuellar.org\/public\/2017\/11\/WhatsApp-Image-2017-11-03-at-12.48.38.jpeg?fit=547%2C774&ssl=1","articleSection":["Izquierda Unida","Rep\u00fablica"],"inLanguage":"es","potentialAction":[{"@type":"CommentAction","name":"Comment","target":["https:\/\/www.iucuellar.org\/?p=2663#respond"]}]},{"@type":"WebPage","@id":"https:\/\/www.iucuellar.org\/?p=2663","url":"https:\/\/www.iucuellar.org\/?p=2663","name":"58 cuellaranos represaliados por el franquismo en el Fuerte san Cristobal - Izquierda Unida Cu\u00e9llar","isPartOf":{"@id":"https:\/\/www.iucuellar.org\/#website"},"primaryImageOfPage":{"@id":"https:\/\/www.iucuellar.org\/?p=2663#primaryimage"},"image":{"@id":"https:\/\/www.iucuellar.org\/?p=2663#primaryimage"},"thumbnailUrl":"https:\/\/i0.wp.com\/www.iucuellar.org\/public\/2017\/11\/WhatsApp-Image-2017-11-03-at-12.48.38.jpeg?fit=547%2C774&ssl=1","datePublished":"2017-11-18T09:15:50+00:00","dateModified":"2023-12-28T16:44:22+00:00","breadcrumb":{"@id":"https:\/\/www.iucuellar.org\/?p=2663#breadcrumb"},"inLanguage":"es","potentialAction":[{"@type":"ReadAction","target":["https:\/\/www.iucuellar.org\/?p=2663"]}]},{"@type":"ImageObject","inLanguage":"es","@id":"https:\/\/www.iucuellar.org\/?p=2663#primaryimage","url":"https:\/\/i0.wp.com\/www.iucuellar.org\/public\/2017\/11\/WhatsApp-Image-2017-11-03-at-12.48.38.jpeg?fit=547%2C774&ssl=1","contentUrl":"https:\/\/i0.wp.com\/www.iucuellar.org\/public\/2017\/11\/WhatsApp-Image-2017-11-03-at-12.48.38.jpeg?fit=547%2C774&ssl=1","width":547,"height":774},{"@type":"BreadcrumbList","@id":"https:\/\/www.iucuellar.org\/?p=2663#breadcrumb","itemListElement":[{"@type":"ListItem","position":1,"name":"Inicio","item":"https:\/\/www.iucuellar.org\/"},{"@type":"ListItem","position":2,"name":"58 cuellaranos represaliados por el franquismo en el Fuerte san Cristobal"}]},{"@type":"WebSite","@id":"https:\/\/www.iucuellar.org\/#website","url":"https:\/\/www.iucuellar.org\/","name":"Izquierda Unida Cu\u00e9llar y Comarca","description":"Lugar de opini\u00f3n y discusi\u00f3n de la izquierda","publisher":{"@id":"https:\/\/www.iucuellar.org\/#organization"},"potentialAction":[{"@type":"SearchAction","target":{"@type":"EntryPoint","urlTemplate":"https:\/\/www.iucuellar.org\/?s={search_term_string}"},"query-input":"required name=search_term_string"}],"inLanguage":"es"},{"@type":"Organization","@id":"https:\/\/www.iucuellar.org\/#organization","name":"IU CUELLAR","url":"https:\/\/www.iucuellar.org\/","logo":{"@type":"ImageObject","inLanguage":"es","@id":"https:\/\/www.iucuellar.org\/#\/schema\/logo\/image\/","url":"https:\/\/i0.wp.com\/www.iucuellar.org\/public\/2022\/07\/cropped-avatar_redondo_Twitter.png?fit=512%2C512&ssl=1","contentUrl":"https:\/\/i0.wp.com\/www.iucuellar.org\/public\/2022\/07\/cropped-avatar_redondo_Twitter.png?fit=512%2C512&ssl=1","width":512,"height":512,"caption":"IU CUELLAR"},"image":{"@id":"https:\/\/www.iucuellar.org\/#\/schema\/logo\/image\/"},"sameAs":["https:\/\/www.facebook.com\/iucuellar","https:\/\/x.com\/IU_CUELLAR","https:\/\/www.instagram.com\/iucuellar\/","https:\/\/www.threads.net\/@iucuellar"]},{"@type":"Person","@id":"https:\/\/www.iucuellar.org\/#\/schema\/person\/0ed49683a220f525fdeb90989b5c672d","name":"Comunicaci\u00f3n","image":{"@type":"ImageObject","inLanguage":"es","@id":"https:\/\/www.iucuellar.org\/#\/schema\/person\/image\/","url":"https:\/\/secure.gravatar.com\/avatar\/1bb1e96b498ea4b5098098798744923e?s=96&d=mm&r=g","contentUrl":"https:\/\/secure.gravatar.com\/avatar\/1bb1e96b498ea4b5098098798744923e?s=96&d=mm&r=g","caption":"Comunicaci\u00f3n"},"url":"https:\/\/www.iucuellar.org\/?author=1"}]}},"jetpack_featured_media_url":"https:\/\/i0.wp.com\/www.iucuellar.org\/public\/2017\/11\/WhatsApp-Image-2017-11-03-at-12.48.38.jpeg?fit=547%2C774&ssl=1","jetpack_sharing_enabled":true,"jetpack_shortlink":"https:\/\/wp.me\/p8rn8P-GX","_links":{"self":[{"href":"https:\/\/www.iucuellar.org\/index.php?rest_route=\/wp\/v2\/posts\/2663"}],"collection":[{"href":"https:\/\/www.iucuellar.org\/index.php?rest_route=\/wp\/v2\/posts"}],"about":[{"href":"https:\/\/www.iucuellar.org\/index.php?rest_route=\/wp\/v2\/types\/post"}],"author":[{"embeddable":true,"href":"https:\/\/www.iucuellar.org\/index.php?rest_route=\/wp\/v2\/users\/1"}],"replies":[{"embeddable":true,"href":"https:\/\/www.iucuellar.org\/index.php?rest_route=%2Fwp%2Fv2%2Fcomments&post=2663"}],"version-history":[{"count":6,"href":"https:\/\/www.iucuellar.org\/index.php?rest_route=\/wp\/v2\/posts\/2663\/revisions"}],"predecessor-version":[{"id":4527,"href":"https:\/\/www.iucuellar.org\/index.php?rest_route=\/wp\/v2\/posts\/2663\/revisions\/4527"}],"wp:featuredmedia":[{"embeddable":true,"href":"https:\/\/www.iucuellar.org\/index.php?rest_route=\/wp\/v2\/media\/2647"}],"wp:attachment":[{"href":"https:\/\/www.iucuellar.org\/index.php?rest_route=%2Fwp%2Fv2%2Fmedia&parent=2663"}],"wp:term":[{"taxonomy":"category","embeddable":true,"href":"https:\/\/www.iucuellar.org\/index.php?rest_route=%2Fwp%2Fv2%2Fcategories&post=2663"},{"taxonomy":"post_tag","embeddable":true,"href":"https:\/\/www.iucuellar.org\/index.php?rest_route=%2Fwp%2Fv2%2Ftags&post=2663"}],"curies":[{"name":"wp","href":"https:\/\/api.w.org\/{rel}","templated":true}]}}