{"id":270,"date":"2011-04-23T12:29:04","date_gmt":"2011-04-23T10:29:04","guid":{"rendered":"http:\/\/www.iucuellar.org\/seddna\/?p=270"},"modified":"2011-04-23T12:30:03","modified_gmt":"2011-04-23T10:30:03","slug":"hoja-informativa-primavera-2011","status":"publish","type":"post","link":"https:\/\/www.iucuellar.org\/?p=270","title":{"rendered":"Hoja Informativa, primavera 2011"},"content":{"rendered":"<p>Ya estamos buzoneando la Hoja Informativa (resumen de 4 a\u00f1os), pero tambi\u00e9n puedes leerla pinchando sobre las im\u00e1genes.<\/p>\n<p>Despu\u00e9s de cuatro a\u00f1o<a title=\"Hoja Informativa (exterior)\" href=\"https:\/\/www.iucuellar.org\/Documentos\/002HojaInformativaExterior.pdf\" target=\"_blank\"><img loading=\"lazy\" decoding=\"async\" class=\"alignleft\" title=\"Hoja Informativa, primavera 2011\" src=\"https:\/\/i0.wp.com\/www.iucuellar.org\/images\/2011Elecciones\/TripticoExteriorP.jpg?resize=298%2C138&#038;ssl=1\" alt=\"Hoja Informativa, primavera 2011\" width=\"298\" height=\"138\" data-recalc-dims=\"1\" \/><\/a>s en la retaguardia del ayuntamiento de Cuellar, con un solo concejal, entendemos que el balance de nuestro trabajo es m\u00e1s que positivo. El grupo de personas que componen IU ha luchado activamente por aportar ideas, denunciar malas pr\u00e1cticas, mejorar aspectos relevantes en la gesti\u00f3n del medioambiente, los servicios p\u00fablicos, la cultura, la seguridad vial y la econom\u00eda del ayuntamiento y de los ciudadanos. Y aunque s\u00f3lo un representante en el ayuntamiento es demasiado poco para influir decisivamente, no hemos cesado en nuestro empe\u00f1o de hacer de este pueblo un buen lugar en el que vivir. Prueba de ello son multitud de ruegos, mociones, preguntas y propuestas que se han trasladado de forma constante a los plenos municipales.<\/p>\n<p>Al margen de la funci\u00f3n pol\u00edtica se han impulsado campa\u00f1as de sensibilizaci\u00f3n sobre temas como la violencia de g\u00e9nero, el medio ambiente, el desarrollo industrial o la educaci\u00f3n en un formato que nos parece muy apropiado: los foros ciudadanos. A trav\u00e9s de \u00e9stos es posible, adem\u00e1s de informar, impulsar la participaci\u00f3n y el debate para que las decisiones no se tomen de forma unilateral.<br \/>\n<a title=\"Hoja Informativa (interior)\" href=\"https:\/\/www.iucuellar.org\/Documentos\/002HojaInformativaInterior.pdf\" target=\"_blank\"><img loading=\"lazy\" decoding=\"async\" class=\"alignright\" title=\"Hoja Informativa, primavera 2011\" src=\"https:\/\/i0.wp.com\/www.iucuellar.org\/images\/2011Elecciones\/TripticoInteriorP.jpg?resize=298%2C139&#038;ssl=1\" alt=\"Hoja Informativa, primavera 2011\" width=\"298\" height=\"139\" data-recalc-dims=\"1\" \/><\/a><br \/>\nPuesto que la actividad municipal queda muchas veces relegada a sesiones plenarias y reuniones poco accesibles al ciudadano, nos proponemos a trav\u00e9s de esta Hoja Informativa hacer una muestra, seleccionada, de aquello en lo que nuestro grupo ha trabajado, unas veces con la fortuna de haberlo conseguido y otras con la ilusi\u00f3n de conseguirlo alg\u00fan d\u00eda.<\/p>\n","protected":false},"excerpt":{"rendered":"<p>Ya estamos buzoneando la Hoja Informativa (resumen de 4 a\u00f1os), pero tambi\u00e9n puedes leerla pinchando sobre las im\u00e1genes. Despu\u00e9s de<\/p>\n","protected":false},"author":1,"featured_media":0,"comment_status":"open","ping_status":"open","sticky":false,"template":"","format":"standard","meta":{"sfsi_plus_gutenberg_text_before_share":"","sfsi_plus_gutenberg_show_text_before_share":"","sfsi_plus_gutenberg_icon_type":"","sfsi_plus_gutenberg_icon_alignemt":"","sfsi_plus_gutenburg_max_per_row":"","_exactmetrics_skip_tracking":false,"_exactmetrics_sitenote_active":false,"_exactmetrics_sitenote_note":"","_exactmetrics_sitenote_category":0,"ngg_post_thumbnail":0,"_jetpack_memberships_contains_paid_content":false,"footnotes":""},"categories":[3],"tags":[],"yoast_head":"<!-- This site is optimized with the Yoast SEO plugin v22.9 - https:\/\/yoast.com\/wordpress\/plugins\/seo\/ -->\r\n<title>Hoja Informativa, primavera 2011 - Izquierda Unida Cu\u00e9llar<\/title>\r\n<meta name=\"robots\" content=\"index, follow, max-snippet:-1, max-image-preview:large, max-video-preview:-1\" \/>\r\n<link rel=\"canonical\" href=\"https:\/\/www.iucuellar.org\/?p=270\" \/>\r\n<meta property=\"og:locale\" content=\"es_ES\" \/>\r\n<meta property=\"og:type\" content=\"article\" \/>\r\n<meta property=\"og:title\" content=\"Hoja Informativa, primavera 2011 - Izquierda Unida Cu\u00e9llar\" \/>\r\n<meta property=\"og:description\" content=\"Ya estamos buzoneando la Hoja Informativa (resumen de 4 a\u00f1os), pero tambi\u00e9n puedes leerla pinchando sobre las im\u00e1genes. Despu\u00e9s de\" \/>\r\n<meta property=\"og:url\" content=\"https:\/\/www.iucuellar.org\/?p=270\" \/>\r\n<meta property=\"og:site_name\" content=\"Izquierda Unida Cu\u00e9llar\" \/>\r\n<meta property=\"article:publisher\" content=\"https:\/\/www.facebook.com\/iucuellar\" \/>\r\n<meta property=\"article:published_time\" content=\"2011-04-23T10:29:04+00:00\" \/>\r\n<meta property=\"article:modified_time\" content=\"2011-04-23T10:30:03+00:00\" \/>\r\n<meta property=\"og:image\" content=\"http:\/\/www.iucuellar.org\/images\/2011Elecciones\/TripticoExteriorP.jpg\" \/>\r\n<meta name=\"author\" content=\"Comunicaci\u00f3n\" \/>\r\n<meta name=\"twitter:card\" content=\"summary_large_image\" \/>\r\n<meta name=\"twitter:creator\" content=\"@IU_CUELLAR\" \/>\r\n<meta name=\"twitter:site\" content=\"@IU_CUELLAR\" \/>\r\n<meta name=\"twitter:label1\" content=\"Escrito por\" \/>\n\t<meta name=\"twitter:data1\" content=\"Comunicaci\u00f3n\" \/>\n\t<meta name=\"twitter:label2\" content=\"Tiempo de lectura\" \/>\n\t<meta name=\"twitter:data2\" content=\"1 minuto\" \/>\r\n<script type=\"application\/ld+json\" class=\"yoast-schema-graph\">{\"@context\":\"https:\/\/schema.org\",\"@graph\":[{\"@type\":\"Article\",\"@id\":\"https:\/\/www.iucuellar.org\/?p=270#article\",\"isPartOf\":{\"@id\":\"https:\/\/www.iucuellar.org\/?p=270\"},\"author\":{\"name\":\"Comunicaci\u00f3n\",\"@id\":\"https:\/\/www.iucuellar.org\/#\/schema\/person\/0ed49683a220f525fdeb90989b5c672d\"},\"headline\":\"Hoja Informativa, primavera 2011\",\"datePublished\":\"2011-04-23T10:29:04+00:00\",\"dateModified\":\"2011-04-23T10:30:03+00:00\",\"mainEntityOfPage\":{\"@id\":\"https:\/\/www.iucuellar.org\/?p=270\"},\"wordCount\":287,\"commentCount\":0,\"publisher\":{\"@id\":\"https:\/\/www.iucuellar.org\/#organization\"},\"image\":{\"@id\":\"https:\/\/www.iucuellar.org\/?p=270#primaryimage\"},\"thumbnailUrl\":\"http:\/\/www.iucuellar.org\/images\/2011Elecciones\/TripticoExteriorP.jpg\",\"articleSection\":[\"Hoja Informativa\"],\"inLanguage\":\"es\",\"potentialAction\":[{\"@type\":\"CommentAction\",\"name\":\"Comment\",\"target\":[\"https:\/\/www.iucuellar.org\/?p=270#respond\"]}]},{\"@type\":\"WebPage\",\"@id\":\"https:\/\/www.iucuellar.org\/?p=270\",\"url\":\"https:\/\/www.iucuellar.org\/?p=270\",\"name\":\"Hoja Informativa, primavera 2011 - Izquierda Unida Cu\u00e9llar\",\"isPartOf\":{\"@id\":\"https:\/\/www.iucuellar.org\/#website\"},\"primaryImageOfPage\":{\"@id\":\"https:\/\/www.iucuellar.org\/?p=270#primaryimage\"},\"image\":{\"@id\":\"https:\/\/www.iucuellar.org\/?p=270#primaryimage\"},\"thumbnailUrl\":\"http:\/\/www.iucuellar.org\/images\/2011Elecciones\/TripticoExteriorP.jpg\",\"datePublished\":\"2011-04-23T10:29:04+00:00\",\"dateModified\":\"2011-04-23T10:30:03+00:00\",\"breadcrumb\":{\"@id\":\"https:\/\/www.iucuellar.org\/?p=270#breadcrumb\"},\"inLanguage\":\"es\",\"potentialAction\":[{\"@type\":\"ReadAction\",\"target\":[\"https:\/\/www.iucuellar.org\/?p=270\"]}]},{\"@type\":\"ImageObject\",\"inLanguage\":\"es\",\"@id\":\"https:\/\/www.iucuellar.org\/?p=270#primaryimage\",\"url\":\"http:\/\/www.iucuellar.org\/images\/2011Elecciones\/TripticoExteriorP.jpg\",\"contentUrl\":\"http:\/\/www.iucuellar.org\/images\/2011Elecciones\/TripticoExteriorP.jpg\"},{\"@type\":\"BreadcrumbList\",\"@id\":\"https:\/\/www.iucuellar.org\/?p=270#breadcrumb\",\"itemListElement\":[{\"@type\":\"ListItem\",\"position\":1,\"name\":\"Inicio\",\"item\":\"https:\/\/www.iucuellar.org\/\"},{\"@type\":\"ListItem\",\"position\":2,\"name\":\"Hoja Informativa, primavera 2011\"}]},{\"@type\":\"WebSite\",\"@id\":\"https:\/\/www.iucuellar.org\/#website\",\"url\":\"https:\/\/www.iucuellar.org\/\",\"name\":\"Izquierda Unida Cu\u00e9llar y Comarca\",\"description\":\"Lugar de opini\u00f3n y discusi\u00f3n de la izquierda\",\"publisher\":{\"@id\":\"https:\/\/www.iucuellar.org\/#organization\"},\"potentialAction\":[{\"@type\":\"SearchAction\",\"target\":{\"@type\":\"EntryPoint\",\"urlTemplate\":\"https:\/\/www.iucuellar.org\/?s={search_term_string}\"},\"query-input\":\"required name=search_term_string\"}],\"inLanguage\":\"es\"},{\"@type\":\"Organization\",\"@id\":\"https:\/\/www.iucuellar.org\/#organization\",\"name\":\"IU CUELLAR\",\"url\":\"https:\/\/www.iucuellar.org\/\",\"logo\":{\"@type\":\"ImageObject\",\"inLanguage\":\"es\",\"@id\":\"https:\/\/www.iucuellar.org\/#\/schema\/logo\/image\/\",\"url\":\"https:\/\/i0.wp.com\/www.iucuellar.org\/public\/2022\/07\/cropped-avatar_redondo_Twitter.png?fit=512%2C512&ssl=1\",\"contentUrl\":\"https:\/\/i0.wp.com\/www.iucuellar.org\/public\/2022\/07\/cropped-avatar_redondo_Twitter.png?fit=512%2C512&ssl=1\",\"width\":512,\"height\":512,\"caption\":\"IU CUELLAR\"},\"image\":{\"@id\":\"https:\/\/www.iucuellar.org\/#\/schema\/logo\/image\/\"},\"sameAs\":[\"https:\/\/www.facebook.com\/iucuellar\",\"https:\/\/x.com\/IU_CUELLAR\",\"https:\/\/www.instagram.com\/iucuellar\/\",\"https:\/\/www.threads.net\/@iucuellar\"]},{\"@type\":\"Person\",\"@id\":\"https:\/\/www.iucuellar.org\/#\/schema\/person\/0ed49683a220f525fdeb90989b5c672d\",\"name\":\"Comunicaci\u00f3n\",\"image\":{\"@type\":\"ImageObject\",\"inLanguage\":\"es\",\"@id\":\"https:\/\/www.iucuellar.org\/#\/schema\/person\/image\/\",\"url\":\"https:\/\/secure.gravatar.com\/avatar\/1bb1e96b498ea4b5098098798744923e?s=96&d=mm&r=g\",\"contentUrl\":\"https:\/\/secure.gravatar.com\/avatar\/1bb1e96b498ea4b5098098798744923e?s=96&d=mm&r=g\",\"caption\":\"Comunicaci\u00f3n\"},\"url\":\"https:\/\/www.iucuellar.org\/?author=1\"}]}<\/script>\r\n<!-- \/ Yoast SEO plugin. -->","yoast_head_json":{"title":"Hoja Informativa, primavera 2011 - Izquierda Unida Cu\u00e9llar","robots":{"index":"index","follow":"follow","max-snippet":"max-snippet:-1","max-image-preview":"max-image-preview:large","max-video-preview":"max-video-preview:-1"},"canonical":"https:\/\/www.iucuellar.org\/?p=270","og_locale":"es_ES","og_type":"article","og_title":"Hoja Informativa, primavera 2011 - Izquierda Unida Cu\u00e9llar","og_description":"Ya estamos buzoneando la Hoja Informativa (resumen de 4 a\u00f1os), pero tambi\u00e9n puedes leerla pinchando sobre las im\u00e1genes. Despu\u00e9s de","og_url":"https:\/\/www.iucuellar.org\/?p=270","og_site_name":"Izquierda Unida Cu\u00e9llar","article_publisher":"https:\/\/www.facebook.com\/iucuellar","article_published_time":"2011-04-23T10:29:04+00:00","article_modified_time":"2011-04-23T10:30:03+00:00","og_image":[{"url":"http:\/\/www.iucuellar.org\/images\/2011Elecciones\/TripticoExteriorP.jpg"}],"author":"Comunicaci\u00f3n","twitter_card":"summary_large_image","twitter_creator":"@IU_CUELLAR","twitter_site":"@IU_CUELLAR","twitter_misc":{"Escrito por":"Comunicaci\u00f3n","Tiempo de lectura":"1 minuto"},"schema":{"@context":"https:\/\/schema.org","@graph":[{"@type":"Article","@id":"https:\/\/www.iucuellar.org\/?p=270#article","isPartOf":{"@id":"https:\/\/www.iucuellar.org\/?p=270"},"author":{"name":"Comunicaci\u00f3n","@id":"https:\/\/www.iucuellar.org\/#\/schema\/person\/0ed49683a220f525fdeb90989b5c672d"},"headline":"Hoja Informativa, primavera 2011","datePublished":"2011-04-23T10:29:04+00:00","dateModified":"2011-04-23T10:30:03+00:00","mainEntityOfPage":{"@id":"https:\/\/www.iucuellar.org\/?p=270"},"wordCount":287,"commentCount":0,"publisher":{"@id":"https:\/\/www.iucuellar.org\/#organization"},"image":{"@id":"https:\/\/www.iucuellar.org\/?p=270#primaryimage"},"thumbnailUrl":"http:\/\/www.iucuellar.org\/images\/2011Elecciones\/TripticoExteriorP.jpg","articleSection":["Hoja Informativa"],"inLanguage":"es","potentialAction":[{"@type":"CommentAction","name":"Comment","target":["https:\/\/www.iucuellar.org\/?p=270#respond"]}]},{"@type":"WebPage","@id":"https:\/\/www.iucuellar.org\/?p=270","url":"https:\/\/www.iucuellar.org\/?p=270","name":"Hoja Informativa, primavera 2011 - Izquierda Unida Cu\u00e9llar","isPartOf":{"@id":"https:\/\/www.iucuellar.org\/#website"},"primaryImageOfPage":{"@id":"https:\/\/www.iucuellar.org\/?p=270#primaryimage"},"image":{"@id":"https:\/\/www.iucuellar.org\/?p=270#primaryimage"},"thumbnailUrl":"http:\/\/www.iucuellar.org\/images\/2011Elecciones\/TripticoExteriorP.jpg","datePublished":"2011-04-23T10:29:04+00:00","dateModified":"2011-04-23T10:30:03+00:00","breadcrumb":{"@id":"https:\/\/www.iucuellar.org\/?p=270#breadcrumb"},"inLanguage":"es","potentialAction":[{"@type":"ReadAction","target":["https:\/\/www.iucuellar.org\/?p=270"]}]},{"@type":"ImageObject","inLanguage":"es","@id":"https:\/\/www.iucuellar.org\/?p=270#primaryimage","url":"http:\/\/www.iucuellar.org\/images\/2011Elecciones\/TripticoExteriorP.jpg","contentUrl":"http:\/\/www.iucuellar.org\/images\/2011Elecciones\/TripticoExteriorP.jpg"},{"@type":"BreadcrumbList","@id":"https:\/\/www.iucuellar.org\/?p=270#breadcrumb","itemListElement":[{"@type":"ListItem","position":1,"name":"Inicio","item":"https:\/\/www.iucuellar.org\/"},{"@type":"ListItem","position":2,"name":"Hoja Informativa, primavera 2011"}]},{"@type":"WebSite","@id":"https:\/\/www.iucuellar.org\/#website","url":"https:\/\/www.iucuellar.org\/","name":"Izquierda Unida Cu\u00e9llar y Comarca","description":"Lugar de opini\u00f3n y discusi\u00f3n de la izquierda","publisher":{"@id":"https:\/\/www.iucuellar.org\/#organization"},"potentialAction":[{"@type":"SearchAction","target":{"@type":"EntryPoint","urlTemplate":"https:\/\/www.iucuellar.org\/?s={search_term_string}"},"query-input":"required name=search_term_string"}],"inLanguage":"es"},{"@type":"Organization","@id":"https:\/\/www.iucuellar.org\/#organization","name":"IU CUELLAR","url":"https:\/\/www.iucuellar.org\/","logo":{"@type":"ImageObject","inLanguage":"es","@id":"https:\/\/www.iucuellar.org\/#\/schema\/logo\/image\/","url":"https:\/\/i0.wp.com\/www.iucuellar.org\/public\/2022\/07\/cropped-avatar_redondo_Twitter.png?fit=512%2C512&ssl=1","contentUrl":"https:\/\/i0.wp.com\/www.iucuellar.org\/public\/2022\/07\/cropped-avatar_redondo_Twitter.png?fit=512%2C512&ssl=1","width":512,"height":512,"caption":"IU CUELLAR"},"image":{"@id":"https:\/\/www.iucuellar.org\/#\/schema\/logo\/image\/"},"sameAs":["https:\/\/www.facebook.com\/iucuellar","https:\/\/x.com\/IU_CUELLAR","https:\/\/www.instagram.com\/iucuellar\/","https:\/\/www.threads.net\/@iucuellar"]},{"@type":"Person","@id":"https:\/\/www.iucuellar.org\/#\/schema\/person\/0ed49683a220f525fdeb90989b5c672d","name":"Comunicaci\u00f3n","image":{"@type":"ImageObject","inLanguage":"es","@id":"https:\/\/www.iucuellar.org\/#\/schema\/person\/image\/","url":"https:\/\/secure.gravatar.com\/avatar\/1bb1e96b498ea4b5098098798744923e?s=96&d=mm&r=g","contentUrl":"https:\/\/secure.gravatar.com\/avatar\/1bb1e96b498ea4b5098098798744923e?s=96&d=mm&r=g","caption":"Comunicaci\u00f3n"},"url":"https:\/\/www.iucuellar.org\/?author=1"}]}},"jetpack_featured_media_url":"","jetpack_sharing_enabled":true,"jetpack_shortlink":"https:\/\/wp.me\/p8rn8P-4m","_links":{"self":[{"href":"https:\/\/www.iucuellar.org\/index.php?rest_route=\/wp\/v2\/posts\/270"}],"collection":[{"href":"https:\/\/www.iucuellar.org\/index.php?rest_route=\/wp\/v2\/posts"}],"about":[{"href":"https:\/\/www.iucuellar.org\/index.php?rest_route=\/wp\/v2\/types\/post"}],"author":[{"embeddable":true,"href":"https:\/\/www.iucuellar.org\/index.php?rest_route=\/wp\/v2\/users\/1"}],"replies":[{"embeddable":true,"href":"https:\/\/www.iucuellar.org\/index.php?rest_route=%2Fwp%2Fv2%2Fcomments&post=270"}],"version-history":[{"count":4,"href":"https:\/\/www.iucuellar.org\/index.php?rest_route=\/wp\/v2\/posts\/270\/revisions"}],"predecessor-version":[{"id":274,"href":"https:\/\/www.iucuellar.org\/index.php?rest_route=\/wp\/v2\/posts\/270\/revisions\/274"}],"wp:attachment":[{"href":"https:\/\/www.iucuellar.org\/index.php?rest_route=%2Fwp%2Fv2%2Fmedia&parent=270"}],"wp:term":[{"taxonomy":"category","embeddable":true,"href":"https:\/\/www.iucuellar.org\/index.php?rest_route=%2Fwp%2Fv2%2Fcategories&post=270"},{"taxonomy":"post_tag","embeddable":true,"href":"https:\/\/www.iucuellar.org\/index.php?rest_route=%2Fwp%2Fv2%2Ftags&post=270"}],"curies":[{"name":"wp","href":"https:\/\/api.w.org\/{rel}","templated":true}]}}