{"id":2949,"date":"2018-11-05T21:06:03","date_gmt":"2018-11-05T20:06:03","guid":{"rendered":"http:\/\/www.iucuellar.org\/?p=2949"},"modified":"2018-11-05T21:06:03","modified_gmt":"2018-11-05T20:06:03","slug":"asamblea-anual-de-izquierda-unida-de-la-comarca-de-cuellar","status":"publish","type":"post","link":"https:\/\/www.iucuellar.org\/?p=2949","title":{"rendered":"Asamblea Anual de Izquierda Unida de la Comarca de Cu\u00e9llar"},"content":{"rendered":"<p>Este s\u00e1bado tres de noviembre ha tenido lugar la Asamblea anual de Izquierda Unida de la Comarca de Cu\u00e9llar, en el sal\u00f3n de actos de la Biblioteca Municipal de Cu\u00e9llar nos hemos reunido militantes y simpatizantes de Izquierda Unida de la comarca cuellarana para hacer balance del trabajo realizado en las diversas \u00e1reas y del trabajo municipal realizado.<\/p>\n<p><img loading=\"lazy\" decoding=\"async\" class=\"alignnone size-full wp-image-2950\" src=\"https:\/\/i0.wp.com\/www.iucuellar.org\/public\/2018\/11\/20181103_Asamblea_Foto4.jpg?resize=800%2C450&#038;ssl=1\" alt=\"20181103_Asamblea_Foto4\" width=\"800\" height=\"450\" srcset=\"https:\/\/i0.wp.com\/www.iucuellar.org\/public\/2018\/11\/20181103_Asamblea_Foto4.jpg?w=3264&amp;ssl=1 3264w, https:\/\/i0.wp.com\/www.iucuellar.org\/public\/2018\/11\/20181103_Asamblea_Foto4.jpg?resize=300%2C169&amp;ssl=1 300w, https:\/\/i0.wp.com\/www.iucuellar.org\/public\/2018\/11\/20181103_Asamblea_Foto4.jpg?resize=768%2C432&amp;ssl=1 768w, https:\/\/i0.wp.com\/www.iucuellar.org\/public\/2018\/11\/20181103_Asamblea_Foto4.jpg?resize=1024%2C576&amp;ssl=1 1024w, https:\/\/i0.wp.com\/www.iucuellar.org\/public\/2018\/11\/20181103_Asamblea_Foto4.jpg?w=1600&amp;ssl=1 1600w, https:\/\/i0.wp.com\/www.iucuellar.org\/public\/2018\/11\/20181103_Asamblea_Foto4.jpg?w=2400&amp;ssl=1 2400w\" sizes=\"(max-width: 800px) 100vw, 800px\" data-recalc-dims=\"1\" \/><\/p>\n<p><strong>Miguel \u00c1ngel G\u00f3mez, Coordinador Comarcal<\/strong>, realiz\u00f3 un resumen de las actividades realizadas por la \u00c1reas, Memoria Hist\u00f3rica (llegando hasta el Tribunal Constitucional para la instalaci\u00f3n de una escultura en Memoria a los Represaliados del franquismo en el castillo de Cu\u00e9llar, pero este tribunal no admiti\u00f3 a tr\u00e1mite nuestra solicitud de amparo). Diversas charlas y exposiciones sobre este tema as\u00ed c\u00f3mo el viaje organizado al Fuerte de San Cristobal, en Pamplona, al homenaje a los all\u00ed Represaliados que decenas de ellos eran de Cu\u00e9llar y Comarca. Tambi\u00e9n hemos organizado charlas-debate para tratar el tema de la precarizaci\u00f3n de la sanidad p\u00fablica, la nacionalizaci\u00f3n de las el\u00e9ctricas, la violencia de g\u00e9nero y se ha colaborado en la organizaci\u00f3n del Colectivo Feminista 8M de Cu\u00e9llar.<\/p>\n<p>En Medio Ambiente hemos estado apoyando a la Plataforma No M\u00e1s Mierda, de Fuentepelayo, y la defensa del r\u00edo Cega con la realizaci\u00f3n del CegaFest con charlas- debate, concurso y exposici\u00f3n de fotograf\u00edas y m\u00fasica, hemos presentado alegaciones a la modificaci\u00f3n de la concesi\u00f3n del agua del Cega a la comunidad de regantes del Carracillo y a la III fase del plan, nuestra voz en este tema a llegado al Parlamento Europeo por boca del actual Coordinador Provincial de Izquierda Unida Jos\u00e9 Luis Ord\u00f3\u00f1ez.<\/p>\n<p>Hemos sacado a la opini\u00f3n p\u00fablica temas tan controvertidos como la ocupaci\u00f3n de una vivienda de forma irregular y propiedad del Ayuntamiento por un hermano del concejal de Patrimonio, el problema de la limpieza de los colegios y sus trabajadoras, apoy\u00e1ndolas en las concentraciones, o las recientes mal ejecutadas obras en el barrio de S. Gil.<\/p>\n<p>Tambi\u00e9n se ha prestado todo nuestro apoyo a los vecinos de Dehesa Mayor, en la lucha que mantienen en demanda de m\u00e1s seguridad en la traves\u00eda de la carretera auton\u00f3mica SG-205 a su paso por el pueblo para que sean instalados pasos de peatones sobreelevados.<\/p>\n<p>Hemos exigido a trav\u00e9s de nuestro procurador en las Cortes una soluci\u00f3n para los 14 alumnos prematriculados en la FP B\u00e1sica de Cu\u00e9llar o la dotaci\u00f3n para la Comarca de una UVI M\u00f3vil.<\/p>\n<p><strong>Alberto Casta\u00f1o, portavoz en el ayuntamiento de Cu\u00e9llar<\/strong>, hizo un repaso a la labor de oposici\u00f3n realizada en el ayuntamiento al gobierno del PP, trabajo dif\u00edcil ya que la informaci\u00f3n que ofrece el equipo de gobierno en las Comisiones Informativas es escasa y la oposici\u00f3n no participa en la Junta de Gobierno Local (ni siquiera con voz pero sin voto c\u00f3mo fue solicitado).<\/p>\n<p>Cit\u00f3 las Mociones presentadas al Pleno del ayuntamiento para su aprobaci\u00f3n: Moci\u00f3n de compromiso en la lucha contra el cambio clim\u00e1tico (rechazada).<\/p>\n<ul>\n<li>Moci\u00f3n de apoyo a las demandas de la Plataforma V\u00edctimas del Alvia (rechazada en el Pleno del 1\/4\/16 y posteriormente aprobada en el del 31\/5\/16).<\/li>\n<li>Moci\u00f3n para sumarse a la Red de Ciudades Libres de Tr\u00e1fico de mujeres y ni\u00f1as y ni\u00f1os destinadas a la prostituci\u00f3n (rechazada).<\/li>\n<li>Moci\u00f3n para que la contrataci\u00f3n p\u00fablica del ayuntamiento incluya criterios sociales y medioambientales (rechazada).<\/li>\n<li>Moci\u00f3n sobre la incorporaci\u00f3n de Cu\u00e9llar a la red de Municipios por un Estado Laico (rechazada).<\/li>\n<li>Moci\u00f3n para prohibir el uso de glifosato y herbicidas similares en lugares p\u00fablicos del municipio (rechazada).<\/li>\n<li>Moci\u00f3n de apoyo a la Proposici\u00f3n de Ley para la aplicaci\u00f3n de medidas urgentes en materia de r\u00e9gimen Local (rechazada).<\/li>\n<li>Moci\u00f3n para que Cu\u00e9llar sea declarado municipio libre de circos con atracciones animales (rechazada).<\/li>\n<li>Moci\u00f3n para que se aumenten los recursos sanitarios ante la situaci\u00f3n cr\u00edtica de la sanidad p\u00fablica en Cu\u00e9llar y la provincia de Segovia (se aprueba tras introducirse un cambio en la exposici\u00f3n de motivos a propuesta del PP).<\/li>\n<li>Moci\u00f3n para la creaci\u00f3n de un pol\u00edgono industrial y facilitar la instalaci\u00f3n de nuevas empresas en Cu\u00e9llar (rechazada).<\/li>\n<li>Moci\u00f3n (conjunta de los tres grupos municipales) para que la Junta de Castilla y Le\u00f3n rectifique la infraestructura del cruce con las carreteras SG-223 con SG-203 y SG-V- 2231 (de Bahab\u00f3n y Olombrada) ante los repetidos accidentes de tr\u00e1fico (aprobada).<\/li>\n<li>Moci\u00f3n para que la Fundaci\u00f3n Caja Segovia haga p\u00fablico el acuerdo firmado con Bankia (rechazada). Moci\u00f3n para la adhesi\u00f3n de Cu\u00e9llar a la \u201cDeclaraci\u00f3n de Sevilla\u201d: el compromiso de las ciudades con la econom\u00eda circular. (aprobada).<\/li>\n<li>Moci\u00f3n para la construcci\u00f3n de un auditorio en la Villa de Cu\u00e9llar (aprobado con modificaciones aportadas por los grupos del PSOe y el PP).<\/li>\n<\/ul>\n<p>Tambi\u00e9n dio cuenta de que se han presentado Ruegos y Preguntas al Pleno en nuestro compromiso con los vecinos de Cu\u00e9llar, la defensa de lo p\u00fablico y la transparencia de la gesti\u00f3n p\u00fablica muncipal.<\/p>\n<p><img loading=\"lazy\" decoding=\"async\" class=\"alignnone size-full wp-image-2951\" src=\"https:\/\/i0.wp.com\/www.iucuellar.org\/public\/2018\/11\/20181103_Asamblea_Foto3.jpg?resize=800%2C450&#038;ssl=1\" alt=\"20181103_Asamblea_Foto3\" width=\"800\" height=\"450\" srcset=\"https:\/\/i0.wp.com\/www.iucuellar.org\/public\/2018\/11\/20181103_Asamblea_Foto3.jpg?w=3264&amp;ssl=1 3264w, https:\/\/i0.wp.com\/www.iucuellar.org\/public\/2018\/11\/20181103_Asamblea_Foto3.jpg?resize=300%2C169&amp;ssl=1 300w, https:\/\/i0.wp.com\/www.iucuellar.org\/public\/2018\/11\/20181103_Asamblea_Foto3.jpg?resize=768%2C432&amp;ssl=1 768w, https:\/\/i0.wp.com\/www.iucuellar.org\/public\/2018\/11\/20181103_Asamblea_Foto3.jpg?resize=1024%2C576&amp;ssl=1 1024w, https:\/\/i0.wp.com\/www.iucuellar.org\/public\/2018\/11\/20181103_Asamblea_Foto3.jpg?w=1600&amp;ssl=1 1600w, https:\/\/i0.wp.com\/www.iucuellar.org\/public\/2018\/11\/20181103_Asamblea_Foto3.jpg?w=2400&amp;ssl=1 2400w\" sizes=\"(max-width: 800px) 100vw, 800px\" data-recalc-dims=\"1\" \/><\/p>\n<p><strong>Ladislao Gonz\u00e1lez, alcalde de Navas de Oro<\/strong>, cit\u00f3 algunos de los muchos trabajos realizados en el ayuntamiento para el bienestar de los vecinos de Navas de Oro: En a\u00f1o y medio qued\u00f3 saldada la deuda municipal, se han modificado las normas urban\u00edsticas municipales para adaptarlas a la realidad del pueblo (por ejemplo la Ordenanza de Residuos, los martes se realiza recogida de residuos voluminosos a demanda del vecindario), se han realizado obras de mejora en el cementerio municipal, en los parques, ampliado el carril-bici, el asfaltado de varias calles y la adaptaci\u00f3n de las piscinas municipales a la normativa vigente, se ha reparado el tejado del colegio, ya se ha sustituido la mitad de la l\u00e1mparas del alumbrado p\u00fablico a tecnolog\u00eda led y se est\u00e1 tramitando la sustituci\u00f3n de la otra mitad, mediante el programa Rehabitare se han incorporado dos viviendas municipales para alquiler social, Se firm\u00f3 un convenio con la Comunidad de Villa y Tierra de Coca para la mejora de la zona recreativa del Sumidero, se han realizado mejoras en el Centro M\u00e9dico (compra de un desfibrilador y de peque\u00f1o material de uso de los m\u00e9dicos, as\u00ed c\u00f3mo sustituci\u00f3n de la caldera calefactora a pelets); Navas de Oro pertenece a la Comunidad de Villa y Tierra de Cu\u00e9llar y present\u00f3 alegaciones a la triple permuta de pinares que se pretend\u00eda entre la Comunidad, el ayuntamiento de Cu\u00e9llar y la empresa Resinas Naturales ya que entendimos que iba en perjuicio de la Comunidad y de los Montes de Utilidad P\u00fablica afectados. Respecto a la Memoria Hist\u00f3rica se ha instalado un monolito en el cementerio municipal en recuerdo y homenaje a los represaliados del franquismo en Navas de Oro.<\/p>\n<p>A continuaci\u00f3n se trat\u00f3 el punto de los <strong>cargos de la Asamblea<\/strong>, ha habido dos cambios, el primero de ellos es que el Consejo Pol\u00edtico estar\u00e1 formado por los responsables de las \u00c1reas y el segundo en el \u00c1rea de Medio Ambiente y Medio Rural cuyos responsables son desde este momento Juan Jos\u00e9 Madrigal y Antonio de Benito.<\/p>\n<p>A continuaci\u00f3n lleg\u00f3 el turno de palabra de <strong>Jos\u00e9 Luis Ord\u00f3\u00f1ez, Coordinador Provincial de Izquierda Unida,<\/strong> que inform\u00f3 a la Asamblea sobre el acuerdo estatal entre Equo, Izquierda Unida y Podemos para acudir conjuntamente a las elecciones auton\u00f3micas y municipales en el a\u00f1o 2019 y c\u00f3mo se est\u00e1n desarrollando las conversaciones a este respecto en la provincia de Segovia para conseguir un cambio pol\u00edtico en la provincia de Segovia.<\/p>\n<p>C\u00f3mo era de esperar a continuaci\u00f3n se abri\u00f3 el tiempo de debate entre los miembros de la Asamblea para opinar sobre los temas expuestos y algunos m\u00e1s del inter\u00e9s de todos.<\/p>\n","protected":false},"excerpt":{"rendered":"<p>Este s\u00e1bado tres de noviembre ha tenido lugar la Asamblea anual de Izquierda Unida de la Comarca de Cu\u00e9llar, en<\/p>\n","protected":false},"author":1,"featured_media":2951,"comment_status":"open","ping_status":"open","sticky":false,"template":"","format":"standard","meta":{"sfsi_plus_gutenberg_text_before_share":"","sfsi_plus_gutenberg_show_text_before_share":"","sfsi_plus_gutenberg_icon_type":"","sfsi_plus_gutenberg_icon_alignemt":"","sfsi_plus_gutenburg_max_per_row":"","_exactmetrics_skip_tracking":false,"_exactmetrics_sitenote_active":false,"_exactmetrics_sitenote_note":"","_exactmetrics_sitenote_category":0,"ngg_post_thumbnail":0,"_jetpack_memberships_contains_paid_content":false,"footnotes":""},"categories":[21],"tags":[],"yoast_head":"<!-- This site is optimized with the Yoast SEO plugin v22.9 - https:\/\/yoast.com\/wordpress\/plugins\/seo\/ -->\r\n<title>Asamblea Anual de Izquierda Unida de la Comarca de Cu\u00e9llar - Izquierda Unida Cu\u00e9llar<\/title>\r\n<meta name=\"robots\" content=\"index, follow, max-snippet:-1, max-image-preview:large, max-video-preview:-1\" \/>\r\n<link rel=\"canonical\" href=\"https:\/\/www.iucuellar.org\/?p=2949\" \/>\r\n<meta property=\"og:locale\" content=\"es_ES\" \/>\r\n<meta property=\"og:type\" content=\"article\" \/>\r\n<meta property=\"og:title\" content=\"Asamblea Anual de Izquierda Unida de la Comarca de Cu\u00e9llar - Izquierda Unida Cu\u00e9llar\" \/>\r\n<meta property=\"og:description\" content=\"Este s\u00e1bado tres de noviembre ha tenido lugar la Asamblea anual de Izquierda Unida de la Comarca de Cu\u00e9llar, en\" \/>\r\n<meta property=\"og:url\" content=\"https:\/\/www.iucuellar.org\/?p=2949\" \/>\r\n<meta property=\"og:site_name\" content=\"Izquierda Unida Cu\u00e9llar\" \/>\r\n<meta property=\"article:publisher\" content=\"https:\/\/www.facebook.com\/iucuellar\" \/>\r\n<meta property=\"article:published_time\" content=\"2018-11-05T20:06:03+00:00\" \/>\r\n<meta property=\"og:image\" content=\"https:\/\/i0.wp.com\/www.iucuellar.org\/public\/2018\/11\/20181103_Asamblea_Foto3.jpg?fit=3264%2C1836&ssl=1\" \/>\r\n\t<meta property=\"og:image:width\" content=\"3264\" \/>\r\n\t<meta property=\"og:image:height\" content=\"1836\" \/>\r\n\t<meta property=\"og:image:type\" content=\"image\/jpeg\" \/>\r\n<meta name=\"author\" content=\"Comunicaci\u00f3n\" \/>\r\n<meta name=\"twitter:card\" content=\"summary_large_image\" \/>\r\n<meta name=\"twitter:creator\" content=\"@IU_CUELLAR\" \/>\r\n<meta name=\"twitter:site\" content=\"@IU_CUELLAR\" \/>\r\n<meta name=\"twitter:label1\" content=\"Escrito por\" \/>\n\t<meta name=\"twitter:data1\" content=\"Comunicaci\u00f3n\" \/>\n\t<meta name=\"twitter:label2\" content=\"Tiempo de lectura\" \/>\n\t<meta name=\"twitter:data2\" content=\"7 minutos\" \/>\r\n<script type=\"application\/ld+json\" class=\"yoast-schema-graph\">{\"@context\":\"https:\/\/schema.org\",\"@graph\":[{\"@type\":\"Article\",\"@id\":\"https:\/\/www.iucuellar.org\/?p=2949#article\",\"isPartOf\":{\"@id\":\"https:\/\/www.iucuellar.org\/?p=2949\"},\"author\":{\"name\":\"Comunicaci\u00f3n\",\"@id\":\"https:\/\/www.iucuellar.org\/#\/schema\/person\/0ed49683a220f525fdeb90989b5c672d\"},\"headline\":\"Asamblea Anual de Izquierda Unida de la Comarca de Cu\u00e9llar\",\"datePublished\":\"2018-11-05T20:06:03+00:00\",\"dateModified\":\"2018-11-05T20:06:03+00:00\",\"mainEntityOfPage\":{\"@id\":\"https:\/\/www.iucuellar.org\/?p=2949\"},\"wordCount\":1378,\"commentCount\":0,\"publisher\":{\"@id\":\"https:\/\/www.iucuellar.org\/#organization\"},\"image\":{\"@id\":\"https:\/\/www.iucuellar.org\/?p=2949#primaryimage\"},\"thumbnailUrl\":\"https:\/\/i0.wp.com\/www.iucuellar.org\/public\/2018\/11\/20181103_Asamblea_Foto3.jpg?fit=3264%2C1836&ssl=1\",\"articleSection\":[\"Izquierda Unida\"],\"inLanguage\":\"es\",\"potentialAction\":[{\"@type\":\"CommentAction\",\"name\":\"Comment\",\"target\":[\"https:\/\/www.iucuellar.org\/?p=2949#respond\"]}]},{\"@type\":\"WebPage\",\"@id\":\"https:\/\/www.iucuellar.org\/?p=2949\",\"url\":\"https:\/\/www.iucuellar.org\/?p=2949\",\"name\":\"Asamblea Anual de Izquierda Unida de la Comarca de Cu\u00e9llar - Izquierda Unida Cu\u00e9llar\",\"isPartOf\":{\"@id\":\"https:\/\/www.iucuellar.org\/#website\"},\"primaryImageOfPage\":{\"@id\":\"https:\/\/www.iucuellar.org\/?p=2949#primaryimage\"},\"image\":{\"@id\":\"https:\/\/www.iucuellar.org\/?p=2949#primaryimage\"},\"thumbnailUrl\":\"https:\/\/i0.wp.com\/www.iucuellar.org\/public\/2018\/11\/20181103_Asamblea_Foto3.jpg?fit=3264%2C1836&ssl=1\",\"datePublished\":\"2018-11-05T20:06:03+00:00\",\"dateModified\":\"2018-11-05T20:06:03+00:00\",\"breadcrumb\":{\"@id\":\"https:\/\/www.iucuellar.org\/?p=2949#breadcrumb\"},\"inLanguage\":\"es\",\"potentialAction\":[{\"@type\":\"ReadAction\",\"target\":[\"https:\/\/www.iucuellar.org\/?p=2949\"]}]},{\"@type\":\"ImageObject\",\"inLanguage\":\"es\",\"@id\":\"https:\/\/www.iucuellar.org\/?p=2949#primaryimage\",\"url\":\"https:\/\/i0.wp.com\/www.iucuellar.org\/public\/2018\/11\/20181103_Asamblea_Foto3.jpg?fit=3264%2C1836&ssl=1\",\"contentUrl\":\"https:\/\/i0.wp.com\/www.iucuellar.org\/public\/2018\/11\/20181103_Asamblea_Foto3.jpg?fit=3264%2C1836&ssl=1\",\"width\":3264,\"height\":1836},{\"@type\":\"BreadcrumbList\",\"@id\":\"https:\/\/www.iucuellar.org\/?p=2949#breadcrumb\",\"itemListElement\":[{\"@type\":\"ListItem\",\"position\":1,\"name\":\"Inicio\",\"item\":\"https:\/\/www.iucuellar.org\/\"},{\"@type\":\"ListItem\",\"position\":2,\"name\":\"Asamblea Anual de Izquierda Unida de la Comarca de Cu\u00e9llar\"}]},{\"@type\":\"WebSite\",\"@id\":\"https:\/\/www.iucuellar.org\/#website\",\"url\":\"https:\/\/www.iucuellar.org\/\",\"name\":\"Izquierda Unida Cu\u00e9llar y Comarca\",\"description\":\"Lugar de opini\u00f3n y discusi\u00f3n de la izquierda\",\"publisher\":{\"@id\":\"https:\/\/www.iucuellar.org\/#organization\"},\"potentialAction\":[{\"@type\":\"SearchAction\",\"target\":{\"@type\":\"EntryPoint\",\"urlTemplate\":\"https:\/\/www.iucuellar.org\/?s={search_term_string}\"},\"query-input\":\"required name=search_term_string\"}],\"inLanguage\":\"es\"},{\"@type\":\"Organization\",\"@id\":\"https:\/\/www.iucuellar.org\/#organization\",\"name\":\"IU CUELLAR\",\"url\":\"https:\/\/www.iucuellar.org\/\",\"logo\":{\"@type\":\"ImageObject\",\"inLanguage\":\"es\",\"@id\":\"https:\/\/www.iucuellar.org\/#\/schema\/logo\/image\/\",\"url\":\"https:\/\/i0.wp.com\/www.iucuellar.org\/public\/2022\/07\/cropped-avatar_redondo_Twitter.png?fit=512%2C512&ssl=1\",\"contentUrl\":\"https:\/\/i0.wp.com\/www.iucuellar.org\/public\/2022\/07\/cropped-avatar_redondo_Twitter.png?fit=512%2C512&ssl=1\",\"width\":512,\"height\":512,\"caption\":\"IU CUELLAR\"},\"image\":{\"@id\":\"https:\/\/www.iucuellar.org\/#\/schema\/logo\/image\/\"},\"sameAs\":[\"https:\/\/www.facebook.com\/iucuellar\",\"https:\/\/x.com\/IU_CUELLAR\",\"https:\/\/www.instagram.com\/iucuellar\/\",\"https:\/\/www.threads.net\/@iucuellar\"]},{\"@type\":\"Person\",\"@id\":\"https:\/\/www.iucuellar.org\/#\/schema\/person\/0ed49683a220f525fdeb90989b5c672d\",\"name\":\"Comunicaci\u00f3n\",\"image\":{\"@type\":\"ImageObject\",\"inLanguage\":\"es\",\"@id\":\"https:\/\/www.iucuellar.org\/#\/schema\/person\/image\/\",\"url\":\"https:\/\/secure.gravatar.com\/avatar\/1bb1e96b498ea4b5098098798744923e?s=96&d=mm&r=g\",\"contentUrl\":\"https:\/\/secure.gravatar.com\/avatar\/1bb1e96b498ea4b5098098798744923e?s=96&d=mm&r=g\",\"caption\":\"Comunicaci\u00f3n\"},\"url\":\"https:\/\/www.iucuellar.org\/?author=1\"}]}<\/script>\r\n<!-- \/ Yoast SEO plugin. -->","yoast_head_json":{"title":"Asamblea Anual de Izquierda Unida de la Comarca de Cu\u00e9llar - Izquierda Unida Cu\u00e9llar","robots":{"index":"index","follow":"follow","max-snippet":"max-snippet:-1","max-image-preview":"max-image-preview:large","max-video-preview":"max-video-preview:-1"},"canonical":"https:\/\/www.iucuellar.org\/?p=2949","og_locale":"es_ES","og_type":"article","og_title":"Asamblea Anual de Izquierda Unida de la Comarca de Cu\u00e9llar - Izquierda Unida Cu\u00e9llar","og_description":"Este s\u00e1bado tres de noviembre ha tenido lugar la Asamblea anual de Izquierda Unida de la Comarca de Cu\u00e9llar, en","og_url":"https:\/\/www.iucuellar.org\/?p=2949","og_site_name":"Izquierda Unida Cu\u00e9llar","article_publisher":"https:\/\/www.facebook.com\/iucuellar","article_published_time":"2018-11-05T20:06:03+00:00","og_image":[{"width":3264,"height":1836,"url":"https:\/\/i0.wp.com\/www.iucuellar.org\/public\/2018\/11\/20181103_Asamblea_Foto3.jpg?fit=3264%2C1836&ssl=1","type":"image\/jpeg"}],"author":"Comunicaci\u00f3n","twitter_card":"summary_large_image","twitter_creator":"@IU_CUELLAR","twitter_site":"@IU_CUELLAR","twitter_misc":{"Escrito por":"Comunicaci\u00f3n","Tiempo de lectura":"7 minutos"},"schema":{"@context":"https:\/\/schema.org","@graph":[{"@type":"Article","@id":"https:\/\/www.iucuellar.org\/?p=2949#article","isPartOf":{"@id":"https:\/\/www.iucuellar.org\/?p=2949"},"author":{"name":"Comunicaci\u00f3n","@id":"https:\/\/www.iucuellar.org\/#\/schema\/person\/0ed49683a220f525fdeb90989b5c672d"},"headline":"Asamblea Anual de Izquierda Unida de la Comarca de Cu\u00e9llar","datePublished":"2018-11-05T20:06:03+00:00","dateModified":"2018-11-05T20:06:03+00:00","mainEntityOfPage":{"@id":"https:\/\/www.iucuellar.org\/?p=2949"},"wordCount":1378,"commentCount":0,"publisher":{"@id":"https:\/\/www.iucuellar.org\/#organization"},"image":{"@id":"https:\/\/www.iucuellar.org\/?p=2949#primaryimage"},"thumbnailUrl":"https:\/\/i0.wp.com\/www.iucuellar.org\/public\/2018\/11\/20181103_Asamblea_Foto3.jpg?fit=3264%2C1836&ssl=1","articleSection":["Izquierda Unida"],"inLanguage":"es","potentialAction":[{"@type":"CommentAction","name":"Comment","target":["https:\/\/www.iucuellar.org\/?p=2949#respond"]}]},{"@type":"WebPage","@id":"https:\/\/www.iucuellar.org\/?p=2949","url":"https:\/\/www.iucuellar.org\/?p=2949","name":"Asamblea Anual de Izquierda Unida de la Comarca de Cu\u00e9llar - Izquierda Unida Cu\u00e9llar","isPartOf":{"@id":"https:\/\/www.iucuellar.org\/#website"},"primaryImageOfPage":{"@id":"https:\/\/www.iucuellar.org\/?p=2949#primaryimage"},"image":{"@id":"https:\/\/www.iucuellar.org\/?p=2949#primaryimage"},"thumbnailUrl":"https:\/\/i0.wp.com\/www.iucuellar.org\/public\/2018\/11\/20181103_Asamblea_Foto3.jpg?fit=3264%2C1836&ssl=1","datePublished":"2018-11-05T20:06:03+00:00","dateModified":"2018-11-05T20:06:03+00:00","breadcrumb":{"@id":"https:\/\/www.iucuellar.org\/?p=2949#breadcrumb"},"inLanguage":"es","potentialAction":[{"@type":"ReadAction","target":["https:\/\/www.iucuellar.org\/?p=2949"]}]},{"@type":"ImageObject","inLanguage":"es","@id":"https:\/\/www.iucuellar.org\/?p=2949#primaryimage","url":"https:\/\/i0.wp.com\/www.iucuellar.org\/public\/2018\/11\/20181103_Asamblea_Foto3.jpg?fit=3264%2C1836&ssl=1","contentUrl":"https:\/\/i0.wp.com\/www.iucuellar.org\/public\/2018\/11\/20181103_Asamblea_Foto3.jpg?fit=3264%2C1836&ssl=1","width":3264,"height":1836},{"@type":"BreadcrumbList","@id":"https:\/\/www.iucuellar.org\/?p=2949#breadcrumb","itemListElement":[{"@type":"ListItem","position":1,"name":"Inicio","item":"https:\/\/www.iucuellar.org\/"},{"@type":"ListItem","position":2,"name":"Asamblea Anual de Izquierda Unida de la Comarca de Cu\u00e9llar"}]},{"@type":"WebSite","@id":"https:\/\/www.iucuellar.org\/#website","url":"https:\/\/www.iucuellar.org\/","name":"Izquierda Unida Cu\u00e9llar y Comarca","description":"Lugar de opini\u00f3n y discusi\u00f3n de la izquierda","publisher":{"@id":"https:\/\/www.iucuellar.org\/#organization"},"potentialAction":[{"@type":"SearchAction","target":{"@type":"EntryPoint","urlTemplate":"https:\/\/www.iucuellar.org\/?s={search_term_string}"},"query-input":"required name=search_term_string"}],"inLanguage":"es"},{"@type":"Organization","@id":"https:\/\/www.iucuellar.org\/#organization","name":"IU CUELLAR","url":"https:\/\/www.iucuellar.org\/","logo":{"@type":"ImageObject","inLanguage":"es","@id":"https:\/\/www.iucuellar.org\/#\/schema\/logo\/image\/","url":"https:\/\/i0.wp.com\/www.iucuellar.org\/public\/2022\/07\/cropped-avatar_redondo_Twitter.png?fit=512%2C512&ssl=1","contentUrl":"https:\/\/i0.wp.com\/www.iucuellar.org\/public\/2022\/07\/cropped-avatar_redondo_Twitter.png?fit=512%2C512&ssl=1","width":512,"height":512,"caption":"IU CUELLAR"},"image":{"@id":"https:\/\/www.iucuellar.org\/#\/schema\/logo\/image\/"},"sameAs":["https:\/\/www.facebook.com\/iucuellar","https:\/\/x.com\/IU_CUELLAR","https:\/\/www.instagram.com\/iucuellar\/","https:\/\/www.threads.net\/@iucuellar"]},{"@type":"Person","@id":"https:\/\/www.iucuellar.org\/#\/schema\/person\/0ed49683a220f525fdeb90989b5c672d","name":"Comunicaci\u00f3n","image":{"@type":"ImageObject","inLanguage":"es","@id":"https:\/\/www.iucuellar.org\/#\/schema\/person\/image\/","url":"https:\/\/secure.gravatar.com\/avatar\/1bb1e96b498ea4b5098098798744923e?s=96&d=mm&r=g","contentUrl":"https:\/\/secure.gravatar.com\/avatar\/1bb1e96b498ea4b5098098798744923e?s=96&d=mm&r=g","caption":"Comunicaci\u00f3n"},"url":"https:\/\/www.iucuellar.org\/?author=1"}]}},"jetpack_featured_media_url":"https:\/\/i0.wp.com\/www.iucuellar.org\/public\/2018\/11\/20181103_Asamblea_Foto3.jpg?fit=3264%2C1836&ssl=1","jetpack_sharing_enabled":true,"jetpack_shortlink":"https:\/\/wp.me\/p8rn8P-Lz","_links":{"self":[{"href":"https:\/\/www.iucuellar.org\/index.php?rest_route=\/wp\/v2\/posts\/2949"}],"collection":[{"href":"https:\/\/www.iucuellar.org\/index.php?rest_route=\/wp\/v2\/posts"}],"about":[{"href":"https:\/\/www.iucuellar.org\/index.php?rest_route=\/wp\/v2\/types\/post"}],"author":[{"embeddable":true,"href":"https:\/\/www.iucuellar.org\/index.php?rest_route=\/wp\/v2\/users\/1"}],"replies":[{"embeddable":true,"href":"https:\/\/www.iucuellar.org\/index.php?rest_route=%2Fwp%2Fv2%2Fcomments&post=2949"}],"version-history":[{"count":1,"href":"https:\/\/www.iucuellar.org\/index.php?rest_route=\/wp\/v2\/posts\/2949\/revisions"}],"predecessor-version":[{"id":2952,"href":"https:\/\/www.iucuellar.org\/index.php?rest_route=\/wp\/v2\/posts\/2949\/revisions\/2952"}],"wp:featuredmedia":[{"embeddable":true,"href":"https:\/\/www.iucuellar.org\/index.php?rest_route=\/wp\/v2\/media\/2951"}],"wp:attachment":[{"href":"https:\/\/www.iucuellar.org\/index.php?rest_route=%2Fwp%2Fv2%2Fmedia&parent=2949"}],"wp:term":[{"taxonomy":"category","embeddable":true,"href":"https:\/\/www.iucuellar.org\/index.php?rest_route=%2Fwp%2Fv2%2Fcategories&post=2949"},{"taxonomy":"post_tag","embeddable":true,"href":"https:\/\/www.iucuellar.org\/index.php?rest_route=%2Fwp%2Fv2%2Ftags&post=2949"}],"curies":[{"name":"wp","href":"https:\/\/api.w.org\/{rel}","templated":true}]}}