{"id":2954,"date":"2018-11-24T11:40:02","date_gmt":"2018-11-24T10:40:02","guid":{"rendered":"http:\/\/www.iucuellar.org\/?p=2954"},"modified":"2018-11-24T11:49:53","modified_gmt":"2018-11-24T10:49:53","slug":"ante-esta-lacra-que-no-cesa-un-ano-mas-desde-izquierda-unida-cuellar-nos-sumamos-al-grito-de-ni-una-menos-este-25-de-noviembre-de-2018","status":"publish","type":"post","link":"https:\/\/www.iucuellar.org\/?p=2954","title":{"rendered":"Ante esta lacra que no cesa, un a\u00f1o m\u00e1s, desde Izquierda Unida Cu\u00e9llar nos sumamos al grito de Ni Una Menos este 25 de noviembre de 2018"},"content":{"rendered":"<p><strong>Ante esta lacra que no cesa, un a\u00f1o m\u00e1s, desde Izquierda Unida Cu\u00e9llar nos sumamos al grito de Ni Una Menos este 25 de noviembre de 2018. <\/strong><\/p>\n<p><a href=\"https:\/\/www.iucuellar.org\/2018\/25N_ViolenciaGenero\/Manifiesto%20IU%2025N%202018.pdf\">Manifiesto del \u00c1rea de la Mujer de Izquierda Unida<\/a><\/p>\n<p>No queremos ni una asesinada ma\u0301s, ni una violada, acosada, discriminada, invisibilizada o marginada por etnia, procedencia, edad, diversidad funcional, sexual o identidad de ge\u0301nero. Exigimos que las instituciones asuman su responsabilidad en la lucha contra la Violencia de Ge\u0301nero. Unas instituciones que han venido actuando con una visio\u0301n parcial, con una legislacio\u0301n sin aplicacio\u0301n efectiva, con diferencias territoriales y sin los presupuestos, ni el personal necesario para cumplir sus obligaciones, faltando a su responsabilidad de proteger y combatir la normalizacio\u0301n de las violencias.<\/p>\n<figure style=\"width: 296px\" class=\"wp-caption aligncenter\"><a href=\"https:\/\/i0.wp.com\/www.iucuellar.org\/2018\/25N_ViolenciaGenero\/Imagen%20IU%2025N%202018%20-%20Cu%C3%A9llar.jpg?ssl=1\"><img loading=\"lazy\" decoding=\"async\" class=\"\" src=\"https:\/\/i0.wp.com\/www.iucuellar.org\/2018\/25N_ViolenciaGenero\/Imagen%20IU%2025N%202018%20-%20Cu%C3%A9llar.jpg?resize=296%2C355&#038;ssl=1\" width=\"296\" height=\"355\"  data-recalc-dims=\"1\"><\/a><figcaption class=\"wp-caption-text\">25N IUCu\u00e9llar Ni Una Menos<\/figcaption><\/figure>\n<p><strong>2018 vuelve a ser un an\u0303o plagado de esca\u0301ndalos machistas<\/strong>. La sentencia dictada contra Juana Rivas o la del caso de La Manada. El alarmante aumento de casos de violacio\u0301n grupal. La descarada y reiterada desidia, cuando no abierta hostilidad del poder judicial, con casos tan sangrantes como el titular del juzgado de Violencia sobre la Mujer nu\u0301mero 7 de Madrid \u2014Francisco Javier Marti\u0301nez Derqui\u2014 dirigiendo insultos directos a una vi\u0301ctima de Violencia de Ge\u0301nero. Frente a eso, un Pacto de Estado insuficiente y sin aplicacio\u0301n real, y un Informe Sombra al GREVIO que suspende rotundamente al Estado Espan\u0303ol en la lucha contra la Violencia de Ge\u0301nero.<\/p>\n<p>Afortunadamente, este 2018 tambie\u0301n estamos viviendo la respuesta social de un movimiento feminista organizado y plural, subversivo, anticapitalista, antirracista, ecologista e internacionalista, que moviliza a millones de mujeres y que esta\u0301 redefiniendo el sentido comu\u0301n de nuestra sociedad. Debemos tener presente la enorme importancia del feminismo en un momento en el que tenemos que dar una dura batalla contra el neoliberalismo, el autoritarismo, la intolerancia y el fascismo, que avanzan internacionalmente. Luchemos desde el feminismo, todas y todos juntos para una sociedad justa, libre de violencias y radicalmente democra\u0301tica.<\/p>\n<figure style=\"width: 444px\" class=\"wp-caption aligncenter\"><a href=\"https:\/\/i0.wp.com\/www.iucuellar.org\/2018\/25N_ViolenciaGenero\/20181125N_CuellarContraViolencaDeGenero.jpg?ssl=1\"><img loading=\"lazy\" decoding=\"async\" class=\"\" src=\"https:\/\/i0.wp.com\/www.iucuellar.org\/2018\/25N_ViolenciaGenero\/20181125N_CuellarContraViolencaDeGenero.jpg?resize=444%2C441&#038;ssl=1\" width=\"444\" height=\"441\"  data-recalc-dims=\"1\"><\/a><figcaption class=\"wp-caption-text\">Cu\u00e9llar en contra de la violencia de g\u00e9nero<\/figcaption><\/figure>\n<p>Por todo ello, desde Izquierda Unida entendemos que es urgente:<\/p>\n<p><strong>\u2212 Que se modifique la Ley Orga\u0301nica 1\/2004 de Medidas de Proteccio\u0301n Integral contra la Violencia de Ge\u0301nero ampliando la propia definicio\u0301n de violencia de ge\u0301nero<\/strong>, cumpliendo con lo ratificado dentro el Convenio de Estambul en 2014. Es decir, que se incluyan las violencias contra las mujeres fuera del a\u0301mbito de la pareja o expareja, que se incorpore la violencia sexual, laboral, institucional y tambie\u0301n que se incorporen los vientres de alquiler y la prostitucio\u0301n como violencia de ge\u0301nero.<\/p>\n<p><strong>\u2212 Que se ponga en marcha el Pacto de Estado contra la Violencia de Ge\u0301nero<\/strong>. Es inadmisible que despue\u0301s de un an\u0303o de trabajo en la subcomisio\u0301n del Congreso, tengamos un pacto insuficiente, sin calendario ni presupuestos decentes; que solo a trave\u0301s del decreto 9\/2018 del gobierno del PSOE se hayan puesto en marcha 7 de las 213 medidas, donde el presupuesto desbloqueado para la gestio\u0301n local no tenga un indicativo de que\u0301 objetivos tiene ni co\u0301mo debe ser su implantacio\u0301n.<\/p>\n<p style=\"text-align: center;\"><img loading=\"lazy\" decoding=\"async\" class=\"aligncenter \" src=\"https:\/\/i0.wp.com\/www.iucuellar.org\/2018\/25N_ViolenciaGenero\/2009_IuCuellarMarchaVG.jpg?resize=337%2C253&#038;ssl=1\" width=\"337\" height=\"253\"  data-recalc-dims=\"1\"><\/p>\n<p><strong>\u2212 Que se incluya en los Presupuestos Generales del Estado la lucha contra la Violencia de Ge\u0301nero con una dotacio\u0301n econo\u0301mica suficiente<\/strong> para implementar las poli\u0301ticas de prevencio\u0301n,&nbsp;asistencia, proteccio\u0301n, justicia y reparacio\u0301n adema\u0301s de un calendario y una evaluacio\u0301n de las mismas donde se incluya adema\u0301s una partida con una nueva Estrategia Nacional para la Erradicacio\u0301n de la Violencia contra la Mujer.<\/p>\n<p><strong>\u2212 Que existan Planes Estrate\u0301gicos de Igualdad con recursos humanos y materiales.<\/strong> No existen dichos planes desde 2016, y cuando existieron han sido intermitentes y sin los recursos necesarios.<\/p>\n<p><strong>\u2212 Que las campan\u0303as promovidas desde la Delegacio\u0301n de Gobierno para la Violencia de Ge\u0301nero tengan una perspectiva feminista.<\/strong> No queremos ma\u0301s campan\u0303as orientadas a que las mujeres estemos vigilantes y combatamos actitudes y acciones violentas machistas.<\/p>\n<p style=\"text-align: center;\"><img loading=\"lazy\" decoding=\"async\" class=\"aligncenter \" src=\"https:\/\/i0.wp.com\/www.iucuellar.org\/2018\/25N_ViolenciaGenero\/2011_IuCuellarMarchaVG.jpg?resize=388%2C291&#038;ssl=1\" width=\"388\" height=\"291\"  data-recalc-dims=\"1\"><\/p>\n<p><strong>\u2212 Que se ampli\u0301en los cauces de participacio\u0301n de las organizaciones feministas en el Congreso, Senado, Comunidades Auto\u0301nomas y Ayuntamientos.<\/strong><\/p>\n<p><strong>\u2212 Que se mejoren los datos para la sensibilizacio\u0301n social y la planificacio\u0301n y evaluacio\u0301n de las poli\u0301ticas de igualdad.<\/strong> Debemos explicar pu\u0301blicamente por que\u0301 ha fallado el sistema de proteccio\u0301n y co\u0301mo debemos abordarlo.<\/p>\n<p><strong>\u2212 Que se ensen\u0303e educacio\u0301n afectivo-sexual y contra la discriminacio\u0301n y violencia de ge\u0301nero <\/strong>desde la o\u0301ptica feminista y desde la diversidad sexual e identidad de ge\u0301nero en todas las fases educativas.<\/p>\n<p><strong>\u2212 Que se desarrollen planes de formacio\u0301n y sensibilizacio\u0301n contra la violencia de ge\u0301nero de obligado cumplimiento al personal sanitario, educativo, juri\u0301dico y a las fuerzas y cuerpos de seguridad del Estado, <\/strong>con cursos mantenidos en el tiempo, actualizados y evaluables.<\/p>\n<p><strong>\u2212 Que las y los trabajadores sociales, de atencio\u0301n a las vi\u0301ctimas, del tele\u0301fono 016 y todo el personal de la Red de Servicios de Violencia de G\u00e9nero dejen de ser trabajos externalizados, de gestio\u0301n indirecta y eventuales<\/strong>, para una red de servicios pu\u0301blica y con empleos dignos como primer paso para la buena atencio\u0301n, informacio\u0301n y asistencia de las vi\u0301ctimas de Violencia de G\u00e9nero.<\/p>\n<p style=\"text-align: center;\"><img loading=\"lazy\" decoding=\"async\" class=\"aligncenter \" src=\"https:\/\/i0.wp.com\/www.iucuellar.org\/2018\/25N_ViolenciaGenero\/2014_IuCuellarMarchaVG.jpg?resize=321%2C241&#038;ssl=1\" width=\"321\" height=\"241\"  data-recalc-dims=\"1\"><\/p>\n<p><strong>\u2212 Que se mejore la asistencia social, juri\u0301dica y psicolo\u0301gica establecida en el ti\u0301tulo II de la Ley 1\/2004<\/strong>, con financiacio\u0301n, cooperacio\u0301n&nbsp;interinstitucional, y sin supeditar las medidas a la denuncia judicial de la vi\u0301ctima.<\/p>\n<p><strong>\u2212 Que se desarrollen planes laborales efectivos a vi\u0301ctimas con o sin empleo<\/strong> en todo el territorio espan\u0303ol para que las mujeres podamos desarrollar una vida digna.<\/p>\n<p><strong>\u2212 Que se debata en el Congreso de los Diputados la Ley orga\u0301nica para la erradicacio\u0301n de la prostitucio\u0301n, presentada por las diputadas de IU.<\/strong><\/p>\n<p style=\"text-align: center;\"><img loading=\"lazy\" decoding=\"async\" class=\"aligncenter \" src=\"https:\/\/i0.wp.com\/www.iucuellar.org\/2018\/25N_ViolenciaGenero\/2013_IuCuellarMarchaVG.jpg?resize=247%2C185&#038;ssl=1\" width=\"247\" height=\"185\"  data-recalc-dims=\"1\"><\/p>\n<p><strong>\u2212 Que se desarrollen medidas legislativas efectivas para la eliminacio\u0301n la Brecha Salarial, incluida la de las pensiones, en el Estado Espan\u0303ol.<\/strong><\/p>\n<p><strong>\u2212 Que se desarrolle una Ley Integral para luchar contra la Trata de Seres Humanos<\/strong>, que adema\u0301s de prevenir y perseguir esta lacra y a las redes de delincuentes que se lucran con esta \u00abesclavitud moderna\u00bb, contenga un plan de integracio\u0301n para las miles de vi\u0301ctimas, la mayor parte mujeres y nin\u0303as, au\u0301n sin cuantificar en el Estado espan\u0303ol, que es uno de los principales destinos europeos de las migrantes captadas por las redes para ejercer la prostitucio\u0301n.<\/p>\n<p>Por todo lo anterior, <strong>desde Izquierda Unida&nbsp;exigimos una estrategia estructural que luche en todos los a\u0301mbitos<\/strong>, con recursos econo\u0301micos y humanos suficientes para que la poli\u0301tica no se quede en la firma de documentos institucionales mientras tenemos una realidad inadmisible de violencias y desproteccio\u0301n para las mujeres.<\/p>\n<p style=\"text-align: center;\"><img loading=\"lazy\" decoding=\"async\" class=\"aligncenter \" src=\"https:\/\/i0.wp.com\/www.iucuellar.org\/2018\/25N_ViolenciaGenero\/2016_IuCuellarMarchaVG.jpg?resize=301%2C226&#038;ssl=1\" width=\"301\" height=\"226\"  data-recalc-dims=\"1\"><\/p>\n<p>Desde nuestra organizacio\u0301n <strong>apoyamos las movilizaciones organizadas en el Estado espan\u0303ol este 25 de noviembre<\/strong> para reivindicar una sociedad libre de violencia de ge\u0301nero.<\/p>\n<p style=\"text-align: center;\">https:\/\/youtu.be\/oC5Y0luEfGA&nbsp;<\/p>\n","protected":false},"excerpt":{"rendered":"<p>Ante esta lacra que no cesa, un a\u00f1o m\u00e1s, desde Izquierda Unida Cu\u00e9llar nos sumamos al grito de Ni Una<\/p>\n","protected":false},"author":1,"featured_media":3017,"comment_status":"open","ping_status":"open","sticky":false,"template":"","format":"standard","meta":{"sfsi_plus_gutenberg_text_before_share":"","sfsi_plus_gutenberg_show_text_before_share":"","sfsi_plus_gutenberg_icon_type":"","sfsi_plus_gutenberg_icon_alignemt":"","sfsi_plus_gutenburg_max_per_row":"","_exactmetrics_skip_tracking":false,"_exactmetrics_sitenote_active":false,"_exactmetrics_sitenote_note":"","_exactmetrics_sitenote_category":0,"ngg_post_thumbnail":0,"_jetpack_memberships_contains_paid_content":false,"footnotes":""},"categories":[21,25,22,14],"tags":[],"yoast_head":"<!-- This site is optimized with the Yoast SEO plugin v22.9 - https:\/\/yoast.com\/wordpress\/plugins\/seo\/ -->\r\n<title>Ante esta lacra que no cesa, un a\u00f1o m\u00e1s, desde Izquierda Unida Cu\u00e9llar nos sumamos al grito de Ni Una Menos este 25 de noviembre de 2018 - Izquierda Unida Cu\u00e9llar<\/title>\r\n<meta name=\"robots\" content=\"index, follow, max-snippet:-1, max-image-preview:large, max-video-preview:-1\" \/>\r\n<link rel=\"canonical\" href=\"https:\/\/www.iucuellar.org\/?p=2954\" \/>\r\n<meta property=\"og:locale\" content=\"es_ES\" \/>\r\n<meta property=\"og:type\" content=\"article\" \/>\r\n<meta property=\"og:title\" content=\"Ante esta lacra que no cesa, un a\u00f1o m\u00e1s, desde Izquierda Unida Cu\u00e9llar nos sumamos al grito de Ni Una Menos este 25 de noviembre de 2018 - Izquierda Unida Cu\u00e9llar\" \/>\r\n<meta property=\"og:description\" content=\"Ante esta lacra que no cesa, un a\u00f1o m\u00e1s, desde Izquierda Unida Cu\u00e9llar nos sumamos al grito de Ni Una\" \/>\r\n<meta property=\"og:url\" content=\"https:\/\/www.iucuellar.org\/?p=2954\" \/>\r\n<meta property=\"og:site_name\" content=\"Izquierda Unida Cu\u00e9llar\" \/>\r\n<meta property=\"article:publisher\" content=\"https:\/\/www.facebook.com\/iucuellar\" \/>\r\n<meta property=\"article:published_time\" content=\"2018-11-24T10:40:02+00:00\" \/>\r\n<meta property=\"article:modified_time\" content=\"2018-11-24T10:49:53+00:00\" \/>\r\n<meta property=\"og:image\" content=\"https:\/\/i0.wp.com\/www.iucuellar.org\/public\/2018\/11\/Imagen-IU-25N-2018-Cu\u00e9llar.jpg?fit=750%2C900&ssl=1\" \/>\r\n\t<meta property=\"og:image:width\" content=\"750\" \/>\r\n\t<meta property=\"og:image:height\" content=\"900\" \/>\r\n\t<meta property=\"og:image:type\" content=\"image\/jpeg\" \/>\r\n<meta name=\"author\" content=\"Comunicaci\u00f3n\" \/>\r\n<meta name=\"twitter:card\" content=\"summary_large_image\" \/>\r\n<meta name=\"twitter:creator\" content=\"@IU_CUELLAR\" \/>\r\n<meta name=\"twitter:site\" content=\"@IU_CUELLAR\" \/>\r\n<meta name=\"twitter:label1\" content=\"Escrito por\" \/>\n\t<meta name=\"twitter:data1\" content=\"Comunicaci\u00f3n\" \/>\n\t<meta name=\"twitter:label2\" content=\"Tiempo de lectura\" \/>\n\t<meta name=\"twitter:data2\" content=\"6 minutos\" \/>\r\n<script type=\"application\/ld+json\" class=\"yoast-schema-graph\">{\"@context\":\"https:\/\/schema.org\",\"@graph\":[{\"@type\":\"Article\",\"@id\":\"https:\/\/www.iucuellar.org\/?p=2954#article\",\"isPartOf\":{\"@id\":\"https:\/\/www.iucuellar.org\/?p=2954\"},\"author\":{\"name\":\"Comunicaci\u00f3n\",\"@id\":\"https:\/\/www.iucuellar.org\/#\/schema\/person\/0ed49683a220f525fdeb90989b5c672d\"},\"headline\":\"Ante esta lacra que no cesa, un a\u00f1o m\u00e1s, desde Izquierda Unida Cu\u00e9llar nos sumamos al grito de Ni Una Menos este 25 de noviembre de 2018\",\"datePublished\":\"2018-11-24T10:40:02+00:00\",\"dateModified\":\"2018-11-24T10:49:53+00:00\",\"mainEntityOfPage\":{\"@id\":\"https:\/\/www.iucuellar.org\/?p=2954\"},\"wordCount\":1218,\"commentCount\":0,\"publisher\":{\"@id\":\"https:\/\/www.iucuellar.org\/#organization\"},\"image\":{\"@id\":\"https:\/\/www.iucuellar.org\/?p=2954#primaryimage\"},\"thumbnailUrl\":\"https:\/\/i0.wp.com\/www.iucuellar.org\/public\/2018\/11\/Imagen-IU-25N-2018-Cu\u00e9llar.jpg?fit=750%2C900&ssl=1\",\"articleSection\":[\"Izquierda Unida\",\"Juventud\",\"Mujer\",\"Sanidad y A.Sociales\"],\"inLanguage\":\"es\",\"potentialAction\":[{\"@type\":\"CommentAction\",\"name\":\"Comment\",\"target\":[\"https:\/\/www.iucuellar.org\/?p=2954#respond\"]}]},{\"@type\":\"WebPage\",\"@id\":\"https:\/\/www.iucuellar.org\/?p=2954\",\"url\":\"https:\/\/www.iucuellar.org\/?p=2954\",\"name\":\"Ante esta lacra que no cesa, un a\u00f1o m\u00e1s, desde Izquierda Unida Cu\u00e9llar nos sumamos al grito de Ni Una Menos este 25 de noviembre de 2018 - Izquierda Unida Cu\u00e9llar\",\"isPartOf\":{\"@id\":\"https:\/\/www.iucuellar.org\/#website\"},\"primaryImageOfPage\":{\"@id\":\"https:\/\/www.iucuellar.org\/?p=2954#primaryimage\"},\"image\":{\"@id\":\"https:\/\/www.iucuellar.org\/?p=2954#primaryimage\"},\"thumbnailUrl\":\"https:\/\/i0.wp.com\/www.iucuellar.org\/public\/2018\/11\/Imagen-IU-25N-2018-Cu\u00e9llar.jpg?fit=750%2C900&ssl=1\",\"datePublished\":\"2018-11-24T10:40:02+00:00\",\"dateModified\":\"2018-11-24T10:49:53+00:00\",\"breadcrumb\":{\"@id\":\"https:\/\/www.iucuellar.org\/?p=2954#breadcrumb\"},\"inLanguage\":\"es\",\"potentialAction\":[{\"@type\":\"ReadAction\",\"target\":[\"https:\/\/www.iucuellar.org\/?p=2954\"]}]},{\"@type\":\"ImageObject\",\"inLanguage\":\"es\",\"@id\":\"https:\/\/www.iucuellar.org\/?p=2954#primaryimage\",\"url\":\"https:\/\/i0.wp.com\/www.iucuellar.org\/public\/2018\/11\/Imagen-IU-25N-2018-Cu\u00e9llar.jpg?fit=750%2C900&ssl=1\",\"contentUrl\":\"https:\/\/i0.wp.com\/www.iucuellar.org\/public\/2018\/11\/Imagen-IU-25N-2018-Cu\u00e9llar.jpg?fit=750%2C900&ssl=1\",\"width\":750,\"height\":900},{\"@type\":\"BreadcrumbList\",\"@id\":\"https:\/\/www.iucuellar.org\/?p=2954#breadcrumb\",\"itemListElement\":[{\"@type\":\"ListItem\",\"position\":1,\"name\":\"Inicio\",\"item\":\"https:\/\/www.iucuellar.org\/\"},{\"@type\":\"ListItem\",\"position\":2,\"name\":\"Ante esta lacra que no cesa, un a\u00f1o m\u00e1s, desde Izquierda Unida Cu\u00e9llar nos sumamos al grito de Ni Una Menos este 25 de noviembre de 2018\"}]},{\"@type\":\"WebSite\",\"@id\":\"https:\/\/www.iucuellar.org\/#website\",\"url\":\"https:\/\/www.iucuellar.org\/\",\"name\":\"Izquierda Unida Cu\u00e9llar y Comarca\",\"description\":\"Lugar de opini\u00f3n y discusi\u00f3n de la izquierda\",\"publisher\":{\"@id\":\"https:\/\/www.iucuellar.org\/#organization\"},\"potentialAction\":[{\"@type\":\"SearchAction\",\"target\":{\"@type\":\"EntryPoint\",\"urlTemplate\":\"https:\/\/www.iucuellar.org\/?s={search_term_string}\"},\"query-input\":\"required name=search_term_string\"}],\"inLanguage\":\"es\"},{\"@type\":\"Organization\",\"@id\":\"https:\/\/www.iucuellar.org\/#organization\",\"name\":\"IU CUELLAR\",\"url\":\"https:\/\/www.iucuellar.org\/\",\"logo\":{\"@type\":\"ImageObject\",\"inLanguage\":\"es\",\"@id\":\"https:\/\/www.iucuellar.org\/#\/schema\/logo\/image\/\",\"url\":\"https:\/\/i0.wp.com\/www.iucuellar.org\/public\/2022\/07\/cropped-avatar_redondo_Twitter.png?fit=512%2C512&ssl=1\",\"contentUrl\":\"https:\/\/i0.wp.com\/www.iucuellar.org\/public\/2022\/07\/cropped-avatar_redondo_Twitter.png?fit=512%2C512&ssl=1\",\"width\":512,\"height\":512,\"caption\":\"IU CUELLAR\"},\"image\":{\"@id\":\"https:\/\/www.iucuellar.org\/#\/schema\/logo\/image\/\"},\"sameAs\":[\"https:\/\/www.facebook.com\/iucuellar\",\"https:\/\/x.com\/IU_CUELLAR\",\"https:\/\/www.instagram.com\/iucuellar\/\",\"https:\/\/www.threads.net\/@iucuellar\"]},{\"@type\":\"Person\",\"@id\":\"https:\/\/www.iucuellar.org\/#\/schema\/person\/0ed49683a220f525fdeb90989b5c672d\",\"name\":\"Comunicaci\u00f3n\",\"image\":{\"@type\":\"ImageObject\",\"inLanguage\":\"es\",\"@id\":\"https:\/\/www.iucuellar.org\/#\/schema\/person\/image\/\",\"url\":\"https:\/\/secure.gravatar.com\/avatar\/1bb1e96b498ea4b5098098798744923e?s=96&d=mm&r=g\",\"contentUrl\":\"https:\/\/secure.gravatar.com\/avatar\/1bb1e96b498ea4b5098098798744923e?s=96&d=mm&r=g\",\"caption\":\"Comunicaci\u00f3n\"},\"url\":\"https:\/\/www.iucuellar.org\/?author=1\"}]}<\/script>\r\n<!-- \/ Yoast SEO plugin. -->","yoast_head_json":{"title":"Ante esta lacra que no cesa, un a\u00f1o m\u00e1s, desde Izquierda Unida Cu\u00e9llar nos sumamos al grito de Ni Una Menos este 25 de noviembre de 2018 - Izquierda Unida Cu\u00e9llar","robots":{"index":"index","follow":"follow","max-snippet":"max-snippet:-1","max-image-preview":"max-image-preview:large","max-video-preview":"max-video-preview:-1"},"canonical":"https:\/\/www.iucuellar.org\/?p=2954","og_locale":"es_ES","og_type":"article","og_title":"Ante esta lacra que no cesa, un a\u00f1o m\u00e1s, desde Izquierda Unida Cu\u00e9llar nos sumamos al grito de Ni Una Menos este 25 de noviembre de 2018 - Izquierda Unida Cu\u00e9llar","og_description":"Ante esta lacra que no cesa, un a\u00f1o m\u00e1s, desde Izquierda Unida Cu\u00e9llar nos sumamos al grito de Ni Una","og_url":"https:\/\/www.iucuellar.org\/?p=2954","og_site_name":"Izquierda Unida Cu\u00e9llar","article_publisher":"https:\/\/www.facebook.com\/iucuellar","article_published_time":"2018-11-24T10:40:02+00:00","article_modified_time":"2018-11-24T10:49:53+00:00","og_image":[{"width":750,"height":900,"url":"https:\/\/i0.wp.com\/www.iucuellar.org\/public\/2018\/11\/Imagen-IU-25N-2018-Cu\u00e9llar.jpg?fit=750%2C900&ssl=1","type":"image\/jpeg"}],"author":"Comunicaci\u00f3n","twitter_card":"summary_large_image","twitter_creator":"@IU_CUELLAR","twitter_site":"@IU_CUELLAR","twitter_misc":{"Escrito por":"Comunicaci\u00f3n","Tiempo de lectura":"6 minutos"},"schema":{"@context":"https:\/\/schema.org","@graph":[{"@type":"Article","@id":"https:\/\/www.iucuellar.org\/?p=2954#article","isPartOf":{"@id":"https:\/\/www.iucuellar.org\/?p=2954"},"author":{"name":"Comunicaci\u00f3n","@id":"https:\/\/www.iucuellar.org\/#\/schema\/person\/0ed49683a220f525fdeb90989b5c672d"},"headline":"Ante esta lacra que no cesa, un a\u00f1o m\u00e1s, desde Izquierda Unida Cu\u00e9llar nos sumamos al grito de Ni Una Menos este 25 de noviembre de 2018","datePublished":"2018-11-24T10:40:02+00:00","dateModified":"2018-11-24T10:49:53+00:00","mainEntityOfPage":{"@id":"https:\/\/www.iucuellar.org\/?p=2954"},"wordCount":1218,"commentCount":0,"publisher":{"@id":"https:\/\/www.iucuellar.org\/#organization"},"image":{"@id":"https:\/\/www.iucuellar.org\/?p=2954#primaryimage"},"thumbnailUrl":"https:\/\/i0.wp.com\/www.iucuellar.org\/public\/2018\/11\/Imagen-IU-25N-2018-Cu\u00e9llar.jpg?fit=750%2C900&ssl=1","articleSection":["Izquierda Unida","Juventud","Mujer","Sanidad y A.Sociales"],"inLanguage":"es","potentialAction":[{"@type":"CommentAction","name":"Comment","target":["https:\/\/www.iucuellar.org\/?p=2954#respond"]}]},{"@type":"WebPage","@id":"https:\/\/www.iucuellar.org\/?p=2954","url":"https:\/\/www.iucuellar.org\/?p=2954","name":"Ante esta lacra que no cesa, un a\u00f1o m\u00e1s, desde Izquierda Unida Cu\u00e9llar nos sumamos al grito de Ni Una Menos este 25 de noviembre de 2018 - Izquierda Unida Cu\u00e9llar","isPartOf":{"@id":"https:\/\/www.iucuellar.org\/#website"},"primaryImageOfPage":{"@id":"https:\/\/www.iucuellar.org\/?p=2954#primaryimage"},"image":{"@id":"https:\/\/www.iucuellar.org\/?p=2954#primaryimage"},"thumbnailUrl":"https:\/\/i0.wp.com\/www.iucuellar.org\/public\/2018\/11\/Imagen-IU-25N-2018-Cu\u00e9llar.jpg?fit=750%2C900&ssl=1","datePublished":"2018-11-24T10:40:02+00:00","dateModified":"2018-11-24T10:49:53+00:00","breadcrumb":{"@id":"https:\/\/www.iucuellar.org\/?p=2954#breadcrumb"},"inLanguage":"es","potentialAction":[{"@type":"ReadAction","target":["https:\/\/www.iucuellar.org\/?p=2954"]}]},{"@type":"ImageObject","inLanguage":"es","@id":"https:\/\/www.iucuellar.org\/?p=2954#primaryimage","url":"https:\/\/i0.wp.com\/www.iucuellar.org\/public\/2018\/11\/Imagen-IU-25N-2018-Cu\u00e9llar.jpg?fit=750%2C900&ssl=1","contentUrl":"https:\/\/i0.wp.com\/www.iucuellar.org\/public\/2018\/11\/Imagen-IU-25N-2018-Cu\u00e9llar.jpg?fit=750%2C900&ssl=1","width":750,"height":900},{"@type":"BreadcrumbList","@id":"https:\/\/www.iucuellar.org\/?p=2954#breadcrumb","itemListElement":[{"@type":"ListItem","position":1,"name":"Inicio","item":"https:\/\/www.iucuellar.org\/"},{"@type":"ListItem","position":2,"name":"Ante esta lacra que no cesa, un a\u00f1o m\u00e1s, desde Izquierda Unida Cu\u00e9llar nos sumamos al grito de Ni Una Menos este 25 de noviembre de 2018"}]},{"@type":"WebSite","@id":"https:\/\/www.iucuellar.org\/#website","url":"https:\/\/www.iucuellar.org\/","name":"Izquierda Unida Cu\u00e9llar y Comarca","description":"Lugar de opini\u00f3n y discusi\u00f3n de la izquierda","publisher":{"@id":"https:\/\/www.iucuellar.org\/#organization"},"potentialAction":[{"@type":"SearchAction","target":{"@type":"EntryPoint","urlTemplate":"https:\/\/www.iucuellar.org\/?s={search_term_string}"},"query-input":"required name=search_term_string"}],"inLanguage":"es"},{"@type":"Organization","@id":"https:\/\/www.iucuellar.org\/#organization","name":"IU CUELLAR","url":"https:\/\/www.iucuellar.org\/","logo":{"@type":"ImageObject","inLanguage":"es","@id":"https:\/\/www.iucuellar.org\/#\/schema\/logo\/image\/","url":"https:\/\/i0.wp.com\/www.iucuellar.org\/public\/2022\/07\/cropped-avatar_redondo_Twitter.png?fit=512%2C512&ssl=1","contentUrl":"https:\/\/i0.wp.com\/www.iucuellar.org\/public\/2022\/07\/cropped-avatar_redondo_Twitter.png?fit=512%2C512&ssl=1","width":512,"height":512,"caption":"IU CUELLAR"},"image":{"@id":"https:\/\/www.iucuellar.org\/#\/schema\/logo\/image\/"},"sameAs":["https:\/\/www.facebook.com\/iucuellar","https:\/\/x.com\/IU_CUELLAR","https:\/\/www.instagram.com\/iucuellar\/","https:\/\/www.threads.net\/@iucuellar"]},{"@type":"Person","@id":"https:\/\/www.iucuellar.org\/#\/schema\/person\/0ed49683a220f525fdeb90989b5c672d","name":"Comunicaci\u00f3n","image":{"@type":"ImageObject","inLanguage":"es","@id":"https:\/\/www.iucuellar.org\/#\/schema\/person\/image\/","url":"https:\/\/secure.gravatar.com\/avatar\/1bb1e96b498ea4b5098098798744923e?s=96&d=mm&r=g","contentUrl":"https:\/\/secure.gravatar.com\/avatar\/1bb1e96b498ea4b5098098798744923e?s=96&d=mm&r=g","caption":"Comunicaci\u00f3n"},"url":"https:\/\/www.iucuellar.org\/?author=1"}]}},"jetpack_featured_media_url":"https:\/\/i0.wp.com\/www.iucuellar.org\/public\/2018\/11\/Imagen-IU-25N-2018-Cu\u00e9llar.jpg?fit=750%2C900&ssl=1","jetpack_sharing_enabled":true,"jetpack_shortlink":"https:\/\/wp.me\/p8rn8P-LE","_links":{"self":[{"href":"https:\/\/www.iucuellar.org\/index.php?rest_route=\/wp\/v2\/posts\/2954"}],"collection":[{"href":"https:\/\/www.iucuellar.org\/index.php?rest_route=\/wp\/v2\/posts"}],"about":[{"href":"https:\/\/www.iucuellar.org\/index.php?rest_route=\/wp\/v2\/types\/post"}],"author":[{"embeddable":true,"href":"https:\/\/www.iucuellar.org\/index.php?rest_route=\/wp\/v2\/users\/1"}],"replies":[{"embeddable":true,"href":"https:\/\/www.iucuellar.org\/index.php?rest_route=%2Fwp%2Fv2%2Fcomments&post=2954"}],"version-history":[{"count":7,"href":"https:\/\/www.iucuellar.org\/index.php?rest_route=\/wp\/v2\/posts\/2954\/revisions"}],"predecessor-version":[{"id":3016,"href":"https:\/\/www.iucuellar.org\/index.php?rest_route=\/wp\/v2\/posts\/2954\/revisions\/3016"}],"wp:featuredmedia":[{"embeddable":true,"href":"https:\/\/www.iucuellar.org\/index.php?rest_route=\/wp\/v2\/media\/3017"}],"wp:attachment":[{"href":"https:\/\/www.iucuellar.org\/index.php?rest_route=%2Fwp%2Fv2%2Fmedia&parent=2954"}],"wp:term":[{"taxonomy":"category","embeddable":true,"href":"https:\/\/www.iucuellar.org\/index.php?rest_route=%2Fwp%2Fv2%2Fcategories&post=2954"},{"taxonomy":"post_tag","embeddable":true,"href":"https:\/\/www.iucuellar.org\/index.php?rest_route=%2Fwp%2Fv2%2Ftags&post=2954"}],"curies":[{"name":"wp","href":"https:\/\/api.w.org\/{rel}","templated":true}]}}