{"id":3019,"date":"2019-01-19T17:27:54","date_gmt":"2019-01-19T16:27:54","guid":{"rendered":"http:\/\/www.iucuellar.org\/?p=3019"},"modified":"2019-01-19T17:27:54","modified_gmt":"2019-01-19T16:27:54","slug":"con-las-plataformas-en-defensa-de-la-sanidad-publica-26-de-enero-manifestacion-en-valladolid","status":"publish","type":"post","link":"https:\/\/www.iucuellar.org\/?p=3019","title":{"rendered":"Con las &#8220;Plataformas en Defensa de la Sanidad P\u00fablica&#8221;, 26 de enero manifestaci\u00f3n en Valladolid"},"content":{"rendered":"<p>El \u00c1rea de Salud de Izquierda Unida en Castilla y Le\u00f3n anima a la poblaci\u00f3n de la Comunidad a sumarse a la manifestaci\u00f3n por la sanidad p\u00fablica de la Comunidad que tendr\u00e1 lugar el pr\u00f3ximo s\u00e1bado 26 de enero en Valladolid, convocada por las <a href=\"https:\/\/es-la.facebook.com\/Plataforma-en-Defensa-de-la-Sanidad-P%C3%BAblica-de-Valladolid-521663694525163\/\" class=\"broken_link\">Plataformas por la Sanidad P\u00fablica de toda Castilla y Le\u00f3n<\/a>.<\/p>\n<p>Para la portavoz del \u00c1rea, <a href=\"https:\/\/twitter.com\/karmelafranga?lang=es\">Carmen Franganillo<\/a>, \u201csobran las razones para dicha manifestaci\u00f3n, ya que, todos los d\u00edas nos encontramos con los efectos perversos de una pol\u00edtica sanitaria nefasta, cortoplacista y que responde a una l\u00f3gica que no pone a la poblaci\u00f3n, y sus necesidades, en el centro de la misma. Por ello consideramos que el Consejero debe dimitir, y con \u00e9l toda la c\u00fapula de gesti\u00f3n sanitaria del SACYL y la Consejer\u00eda de Sanidad de Castilla y Le\u00f3n.\u201d<\/p>\n<p>Desde la formaci\u00f3n de izquierdas se desgranan como motivos fundamentales el caos de la Atenci\u00f3n Primaria, fundamentalmente en las zonas rurales, pero que tambi\u00e9n afecta a los Centros de Salud de los barrios de las capitales y cabezas de Comarca, los incumplimientos en materia de las promesas realizadas por el Consejero, como la UVI m\u00f3vil en Guardo,o el despilfarro de dinero p\u00fablico que se viene realizando en la Comunidad, al adquirirse material sanitario sin tener profesionales preparados y capacitados para su utilizaci\u00f3n y manipulaci\u00f3n, por la inexistente pol\u00edtica pr\u00e1ctica de contrataciones y formaci\u00f3n.<\/p>\n<p>Para Izquierda Unida es de vital importancia subsanar y reemplazar a los facultativos m\u00e9dicos y de enfermer\u00eda de Atenci\u00f3n Primaria y Pediatr\u00eda que el SACYL ha perdido, por jubilaciones, traslados y bajas laborales en el \u00faltimo a\u00f1o, y que seguir\u00e1 perdiendo a lo largo del presente y siguientes.<\/p>\n<p>\u201cDesde todo el a\u00f1o pasado, hasta aqu\u00ed, nos encontramos con recortes de la Atenci\u00f3n Primaria en todas las comarcas de Castilla y Le\u00f3n, a las vacaciones del per\u00edodo estival se suman las bajas y sobretodo las jubilaciones de los profesionales m\u00e9dicos. La respuesta del SACYL, desde El Bierzo a Mir\u00f3briga y desde Aliste a Soria ha sido la de sobrecargar a los facultativos rurales que siguen en activo con los municipios cuyo m\u00e9dico se jubilaba. Dicha situaci\u00f3n se ha tornado en end\u00e9mica en la provincia de Salamanca, donde a m\u00e9dicos que ya atend\u00edan a tres municipios se les a\u00f1ad\u00edan hasta otros dos y tres de profesionales m\u00e9dicos que se han jubilado. Es necesario que el SACYL, y la Junta de Castilla y Le\u00f3n, convoquen Plazas MIR en la Especialidad de Atenci\u00f3n Primaria suficientes desde YA y en los pr\u00f3ximos cinco a\u00f1os para poder cubrir, y no amortizar por la v\u00eda de los hechos, la Sanidad P\u00fablica y de Calidad en nuestras comarcas, basta ya de que los habitantes del campo de Castilla y Le\u00f3n sean ciudadanos de Tercera en lo sanitario\u201d, declaraba Francisco Javier Herrero Polo, integrante del citado \u00c1rea y Secretario de Organizaci\u00f3n Provincial de IU Salamanca. Un s\u00edntoma de esta situaci\u00f3n ha sido la renuncia de tres m\u00e9dicas de la provincia de Burgos a sus puestos por la acumulaci\u00f3n de tareas, pacientes y sobrecarga, que repercuten en la imposibilidad de proporcionar una atenci\u00f3n necesaria, suficiente, de calidad y en condiciones laborales aceptables.<\/p>\n<p>Izquierda Unida sigue denunciando el despilfarro tecnol\u00f3gico que la Junta de Castilla y Le\u00f3n acomete con la adquisici\u00f3n de equipos sanitarios de \u00faltima tecnolog\u00eda, que apenas si se utilizan y que solo han servido para salir en la foto. Desde la formaci\u00f3n se\u00f1alan el caso del Da Vinci, en el HUBU, el cual no se ofrece a los enfermos prost\u00e1ticos con lo que se contin\u00faa con las cirug\u00edas abiertas. Adem\u00e1s de esto, nos encontramos con las continuas faltas de contrataciones de especialistas en diversas ramas, con lo cual estas adquisiciones y avances tecnol\u00f3gicos sanitarios no tienen qui\u00e9n les de uso, y mucho peor, con la derivaci\u00f3n continua, por falta de personal, de cirug\u00edas menores hacia las empresas que hacen negocio con la Salud y el dinero del propio SACYL.<\/p>\n<p>Por todas estas razones, por la defensa de la salud de los habitantes de nuestras comarcas, por el derecho a una sanidad p\u00fablica, universal y que no discrimine a los habitantes de nuestros pueblos, convirtiendose un derecho en un privilegio seg\u00fan el lugar en el que vivan, o su capacidad econ\u00f3mica. I<a href=\"http:\/\/www.iucyl.es\/noticia\/manifestacion-en-defensa-de-la-sanidad-publica-26-de-enero-de-2019\/noticia\/1190\">zquierda Unida anima y hace un llamamiento a todas las personas de la Comunida<\/a>d para que se participen en la manifestaci\u00f3n de Valladolid el d\u00eda 26 de Enero.<\/p>\n<p style=\"text-align: center;\"><img loading=\"lazy\" decoding=\"async\" class=\"alignnone \" src=\"https:\/\/i0.wp.com\/www.iucuellar.org\/2019\/Imagenes\/CentroAtencionPrimaria_Cuellar.jpg?resize=270%2C202&#038;ssl=1\" width=\"270\" height=\"202\"  data-recalc-dims=\"1\"><img loading=\"lazy\" decoding=\"async\" class=\"alignnone \" src=\"https:\/\/i0.wp.com\/www.iucuellar.org\/2019\/imagenes\/20190126NosDueleLaSanidad_iUCyL.jpg?resize=284%2C201&#038;ssl=1\" width=\"284\" height=\"201\"  data-recalc-dims=\"1\"><\/p>\n","protected":false},"excerpt":{"rendered":"<p>El \u00c1rea de Salud de Izquierda Unida en Castilla y Le\u00f3n anima a la poblaci\u00f3n de la Comunidad a sumarse<\/p>\n","protected":false},"author":1,"featured_media":3020,"comment_status":"open","ping_status":"open","sticky":false,"template":"","format":"standard","meta":{"sfsi_plus_gutenberg_text_before_share":"","sfsi_plus_gutenberg_show_text_before_share":"","sfsi_plus_gutenberg_icon_type":"","sfsi_plus_gutenberg_icon_alignemt":"","sfsi_plus_gutenburg_max_per_row":"","_exactmetrics_skip_tracking":false,"_exactmetrics_sitenote_active":false,"_exactmetrics_sitenote_note":"","_exactmetrics_sitenote_category":0,"ngg_post_thumbnail":0,"_jetpack_memberships_contains_paid_content":false,"footnotes":""},"categories":[21,14],"tags":[],"yoast_head":"<!-- This site is optimized with the Yoast SEO plugin v22.9 - https:\/\/yoast.com\/wordpress\/plugins\/seo\/ -->\r\n<title>Con las &quot;Plataformas en Defensa de la Sanidad P\u00fablica&quot;, 26 de enero manifestaci\u00f3n en Valladolid - Izquierda Unida Cu\u00e9llar<\/title>\r\n<meta name=\"robots\" content=\"index, follow, max-snippet:-1, max-image-preview:large, max-video-preview:-1\" \/>\r\n<link rel=\"canonical\" href=\"https:\/\/www.iucuellar.org\/?p=3019\" \/>\r\n<meta property=\"og:locale\" content=\"es_ES\" \/>\r\n<meta property=\"og:type\" content=\"article\" \/>\r\n<meta property=\"og:title\" content=\"Con las &quot;Plataformas en Defensa de la Sanidad P\u00fablica&quot;, 26 de enero manifestaci\u00f3n en Valladolid - Izquierda Unida Cu\u00e9llar\" \/>\r\n<meta property=\"og:description\" content=\"El \u00c1rea de Salud de Izquierda Unida en Castilla y Le\u00f3n anima a la poblaci\u00f3n de la Comunidad a sumarse\" \/>\r\n<meta property=\"og:url\" content=\"https:\/\/www.iucuellar.org\/?p=3019\" \/>\r\n<meta property=\"og:site_name\" content=\"Izquierda Unida Cu\u00e9llar\" \/>\r\n<meta property=\"article:publisher\" content=\"https:\/\/www.facebook.com\/iucuellar\" \/>\r\n<meta property=\"article:published_time\" content=\"2019-01-19T16:27:54+00:00\" \/>\r\n<meta property=\"og:image\" content=\"https:\/\/i0.wp.com\/www.iucuellar.org\/public\/2019\/01\/20190126NosDueleLaSanidad_iUCyL.jpg?fit=1200%2C848&ssl=1\" \/>\r\n\t<meta property=\"og:image:width\" content=\"1200\" \/>\r\n\t<meta property=\"og:image:height\" content=\"848\" \/>\r\n\t<meta property=\"og:image:type\" content=\"image\/jpeg\" \/>\r\n<meta name=\"author\" content=\"Comunicaci\u00f3n\" \/>\r\n<meta name=\"twitter:card\" content=\"summary_large_image\" \/>\r\n<meta name=\"twitter:creator\" content=\"@IU_CUELLAR\" \/>\r\n<meta name=\"twitter:site\" content=\"@IU_CUELLAR\" \/>\r\n<meta name=\"twitter:label1\" content=\"Escrito por\" \/>\n\t<meta name=\"twitter:data1\" content=\"Comunicaci\u00f3n\" \/>\n\t<meta name=\"twitter:label2\" content=\"Tiempo de lectura\" \/>\n\t<meta name=\"twitter:data2\" content=\"4 minutos\" \/>\r\n<script type=\"application\/ld+json\" class=\"yoast-schema-graph\">{\"@context\":\"https:\/\/schema.org\",\"@graph\":[{\"@type\":\"Article\",\"@id\":\"https:\/\/www.iucuellar.org\/?p=3019#article\",\"isPartOf\":{\"@id\":\"https:\/\/www.iucuellar.org\/?p=3019\"},\"author\":{\"name\":\"Comunicaci\u00f3n\",\"@id\":\"https:\/\/www.iucuellar.org\/#\/schema\/person\/0ed49683a220f525fdeb90989b5c672d\"},\"headline\":\"Con las &#8220;Plataformas en Defensa de la Sanidad P\u00fablica&#8221;, 26 de enero manifestaci\u00f3n en Valladolid\",\"datePublished\":\"2019-01-19T16:27:54+00:00\",\"dateModified\":\"2019-01-19T16:27:54+00:00\",\"mainEntityOfPage\":{\"@id\":\"https:\/\/www.iucuellar.org\/?p=3019\"},\"wordCount\":819,\"commentCount\":0,\"publisher\":{\"@id\":\"https:\/\/www.iucuellar.org\/#organization\"},\"image\":{\"@id\":\"https:\/\/www.iucuellar.org\/?p=3019#primaryimage\"},\"thumbnailUrl\":\"https:\/\/i0.wp.com\/www.iucuellar.org\/public\/2019\/01\/20190126NosDueleLaSanidad_iUCyL.jpg?fit=1200%2C848&ssl=1\",\"articleSection\":[\"Izquierda Unida\",\"Sanidad y A.Sociales\"],\"inLanguage\":\"es\",\"potentialAction\":[{\"@type\":\"CommentAction\",\"name\":\"Comment\",\"target\":[\"https:\/\/www.iucuellar.org\/?p=3019#respond\"]}]},{\"@type\":\"WebPage\",\"@id\":\"https:\/\/www.iucuellar.org\/?p=3019\",\"url\":\"https:\/\/www.iucuellar.org\/?p=3019\",\"name\":\"Con las \\\"Plataformas en Defensa de la Sanidad P\u00fablica\\\", 26 de enero manifestaci\u00f3n en Valladolid - Izquierda Unida Cu\u00e9llar\",\"isPartOf\":{\"@id\":\"https:\/\/www.iucuellar.org\/#website\"},\"primaryImageOfPage\":{\"@id\":\"https:\/\/www.iucuellar.org\/?p=3019#primaryimage\"},\"image\":{\"@id\":\"https:\/\/www.iucuellar.org\/?p=3019#primaryimage\"},\"thumbnailUrl\":\"https:\/\/i0.wp.com\/www.iucuellar.org\/public\/2019\/01\/20190126NosDueleLaSanidad_iUCyL.jpg?fit=1200%2C848&ssl=1\",\"datePublished\":\"2019-01-19T16:27:54+00:00\",\"dateModified\":\"2019-01-19T16:27:54+00:00\",\"breadcrumb\":{\"@id\":\"https:\/\/www.iucuellar.org\/?p=3019#breadcrumb\"},\"inLanguage\":\"es\",\"potentialAction\":[{\"@type\":\"ReadAction\",\"target\":[\"https:\/\/www.iucuellar.org\/?p=3019\"]}]},{\"@type\":\"ImageObject\",\"inLanguage\":\"es\",\"@id\":\"https:\/\/www.iucuellar.org\/?p=3019#primaryimage\",\"url\":\"https:\/\/i0.wp.com\/www.iucuellar.org\/public\/2019\/01\/20190126NosDueleLaSanidad_iUCyL.jpg?fit=1200%2C848&ssl=1\",\"contentUrl\":\"https:\/\/i0.wp.com\/www.iucuellar.org\/public\/2019\/01\/20190126NosDueleLaSanidad_iUCyL.jpg?fit=1200%2C848&ssl=1\",\"width\":1200,\"height\":848,\"caption\":\"El \u00c1rea de Salud de Izquierda Unida en Castilla y Le\u00f3n anima a la poblaci\u00f3n de la Comunidad a sumarse a la manifestaci\u00f3n por la sanidad p\u00fablica de la Comunidad que tendr\u00e1 lugar el pr\u00f3ximo s\u00e1bado 26 de enero en Valladolid, convocada por las Plataformas por la Sanidad P\u00fablica de toda Castilla y Le\u00f3n.\"},{\"@type\":\"BreadcrumbList\",\"@id\":\"https:\/\/www.iucuellar.org\/?p=3019#breadcrumb\",\"itemListElement\":[{\"@type\":\"ListItem\",\"position\":1,\"name\":\"Inicio\",\"item\":\"https:\/\/www.iucuellar.org\/\"},{\"@type\":\"ListItem\",\"position\":2,\"name\":\"Con las \u00abPlataformas en Defensa de la Sanidad P\u00fablica\u00bb, 26 de enero manifestaci\u00f3n en Valladolid\"}]},{\"@type\":\"WebSite\",\"@id\":\"https:\/\/www.iucuellar.org\/#website\",\"url\":\"https:\/\/www.iucuellar.org\/\",\"name\":\"Izquierda Unida Cu\u00e9llar y Comarca\",\"description\":\"Lugar de opini\u00f3n y discusi\u00f3n de la izquierda\",\"publisher\":{\"@id\":\"https:\/\/www.iucuellar.org\/#organization\"},\"potentialAction\":[{\"@type\":\"SearchAction\",\"target\":{\"@type\":\"EntryPoint\",\"urlTemplate\":\"https:\/\/www.iucuellar.org\/?s={search_term_string}\"},\"query-input\":\"required name=search_term_string\"}],\"inLanguage\":\"es\"},{\"@type\":\"Organization\",\"@id\":\"https:\/\/www.iucuellar.org\/#organization\",\"name\":\"IU CUELLAR\",\"url\":\"https:\/\/www.iucuellar.org\/\",\"logo\":{\"@type\":\"ImageObject\",\"inLanguage\":\"es\",\"@id\":\"https:\/\/www.iucuellar.org\/#\/schema\/logo\/image\/\",\"url\":\"https:\/\/i0.wp.com\/www.iucuellar.org\/public\/2022\/07\/cropped-avatar_redondo_Twitter.png?fit=512%2C512&ssl=1\",\"contentUrl\":\"https:\/\/i0.wp.com\/www.iucuellar.org\/public\/2022\/07\/cropped-avatar_redondo_Twitter.png?fit=512%2C512&ssl=1\",\"width\":512,\"height\":512,\"caption\":\"IU CUELLAR\"},\"image\":{\"@id\":\"https:\/\/www.iucuellar.org\/#\/schema\/logo\/image\/\"},\"sameAs\":[\"https:\/\/www.facebook.com\/iucuellar\",\"https:\/\/x.com\/IU_CUELLAR\",\"https:\/\/www.instagram.com\/iucuellar\/\",\"https:\/\/www.threads.net\/@iucuellar\"]},{\"@type\":\"Person\",\"@id\":\"https:\/\/www.iucuellar.org\/#\/schema\/person\/0ed49683a220f525fdeb90989b5c672d\",\"name\":\"Comunicaci\u00f3n\",\"image\":{\"@type\":\"ImageObject\",\"inLanguage\":\"es\",\"@id\":\"https:\/\/www.iucuellar.org\/#\/schema\/person\/image\/\",\"url\":\"https:\/\/secure.gravatar.com\/avatar\/1bb1e96b498ea4b5098098798744923e?s=96&d=mm&r=g\",\"contentUrl\":\"https:\/\/secure.gravatar.com\/avatar\/1bb1e96b498ea4b5098098798744923e?s=96&d=mm&r=g\",\"caption\":\"Comunicaci\u00f3n\"},\"url\":\"https:\/\/www.iucuellar.org\/?author=1\"}]}<\/script>\r\n<!-- \/ Yoast SEO plugin. -->","yoast_head_json":{"title":"Con las \"Plataformas en Defensa de la Sanidad P\u00fablica\", 26 de enero manifestaci\u00f3n en Valladolid - Izquierda Unida Cu\u00e9llar","robots":{"index":"index","follow":"follow","max-snippet":"max-snippet:-1","max-image-preview":"max-image-preview:large","max-video-preview":"max-video-preview:-1"},"canonical":"https:\/\/www.iucuellar.org\/?p=3019","og_locale":"es_ES","og_type":"article","og_title":"Con las \"Plataformas en Defensa de la Sanidad P\u00fablica\", 26 de enero manifestaci\u00f3n en Valladolid - Izquierda Unida Cu\u00e9llar","og_description":"El \u00c1rea de Salud de Izquierda Unida en Castilla y Le\u00f3n anima a la poblaci\u00f3n de la Comunidad a sumarse","og_url":"https:\/\/www.iucuellar.org\/?p=3019","og_site_name":"Izquierda Unida Cu\u00e9llar","article_publisher":"https:\/\/www.facebook.com\/iucuellar","article_published_time":"2019-01-19T16:27:54+00:00","og_image":[{"width":1200,"height":848,"url":"https:\/\/i0.wp.com\/www.iucuellar.org\/public\/2019\/01\/20190126NosDueleLaSanidad_iUCyL.jpg?fit=1200%2C848&ssl=1","type":"image\/jpeg"}],"author":"Comunicaci\u00f3n","twitter_card":"summary_large_image","twitter_creator":"@IU_CUELLAR","twitter_site":"@IU_CUELLAR","twitter_misc":{"Escrito por":"Comunicaci\u00f3n","Tiempo de lectura":"4 minutos"},"schema":{"@context":"https:\/\/schema.org","@graph":[{"@type":"Article","@id":"https:\/\/www.iucuellar.org\/?p=3019#article","isPartOf":{"@id":"https:\/\/www.iucuellar.org\/?p=3019"},"author":{"name":"Comunicaci\u00f3n","@id":"https:\/\/www.iucuellar.org\/#\/schema\/person\/0ed49683a220f525fdeb90989b5c672d"},"headline":"Con las &#8220;Plataformas en Defensa de la Sanidad P\u00fablica&#8221;, 26 de enero manifestaci\u00f3n en Valladolid","datePublished":"2019-01-19T16:27:54+00:00","dateModified":"2019-01-19T16:27:54+00:00","mainEntityOfPage":{"@id":"https:\/\/www.iucuellar.org\/?p=3019"},"wordCount":819,"commentCount":0,"publisher":{"@id":"https:\/\/www.iucuellar.org\/#organization"},"image":{"@id":"https:\/\/www.iucuellar.org\/?p=3019#primaryimage"},"thumbnailUrl":"https:\/\/i0.wp.com\/www.iucuellar.org\/public\/2019\/01\/20190126NosDueleLaSanidad_iUCyL.jpg?fit=1200%2C848&ssl=1","articleSection":["Izquierda Unida","Sanidad y A.Sociales"],"inLanguage":"es","potentialAction":[{"@type":"CommentAction","name":"Comment","target":["https:\/\/www.iucuellar.org\/?p=3019#respond"]}]},{"@type":"WebPage","@id":"https:\/\/www.iucuellar.org\/?p=3019","url":"https:\/\/www.iucuellar.org\/?p=3019","name":"Con las \"Plataformas en Defensa de la Sanidad P\u00fablica\", 26 de enero manifestaci\u00f3n en Valladolid - Izquierda Unida Cu\u00e9llar","isPartOf":{"@id":"https:\/\/www.iucuellar.org\/#website"},"primaryImageOfPage":{"@id":"https:\/\/www.iucuellar.org\/?p=3019#primaryimage"},"image":{"@id":"https:\/\/www.iucuellar.org\/?p=3019#primaryimage"},"thumbnailUrl":"https:\/\/i0.wp.com\/www.iucuellar.org\/public\/2019\/01\/20190126NosDueleLaSanidad_iUCyL.jpg?fit=1200%2C848&ssl=1","datePublished":"2019-01-19T16:27:54+00:00","dateModified":"2019-01-19T16:27:54+00:00","breadcrumb":{"@id":"https:\/\/www.iucuellar.org\/?p=3019#breadcrumb"},"inLanguage":"es","potentialAction":[{"@type":"ReadAction","target":["https:\/\/www.iucuellar.org\/?p=3019"]}]},{"@type":"ImageObject","inLanguage":"es","@id":"https:\/\/www.iucuellar.org\/?p=3019#primaryimage","url":"https:\/\/i0.wp.com\/www.iucuellar.org\/public\/2019\/01\/20190126NosDueleLaSanidad_iUCyL.jpg?fit=1200%2C848&ssl=1","contentUrl":"https:\/\/i0.wp.com\/www.iucuellar.org\/public\/2019\/01\/20190126NosDueleLaSanidad_iUCyL.jpg?fit=1200%2C848&ssl=1","width":1200,"height":848,"caption":"El \u00c1rea de Salud de Izquierda Unida en Castilla y Le\u00f3n anima a la poblaci\u00f3n de la Comunidad a sumarse a la manifestaci\u00f3n por la sanidad p\u00fablica de la Comunidad que tendr\u00e1 lugar el pr\u00f3ximo s\u00e1bado 26 de enero en Valladolid, convocada por las Plataformas por la Sanidad P\u00fablica de toda Castilla y Le\u00f3n."},{"@type":"BreadcrumbList","@id":"https:\/\/www.iucuellar.org\/?p=3019#breadcrumb","itemListElement":[{"@type":"ListItem","position":1,"name":"Inicio","item":"https:\/\/www.iucuellar.org\/"},{"@type":"ListItem","position":2,"name":"Con las \u00abPlataformas en Defensa de la Sanidad P\u00fablica\u00bb, 26 de enero manifestaci\u00f3n en Valladolid"}]},{"@type":"WebSite","@id":"https:\/\/www.iucuellar.org\/#website","url":"https:\/\/www.iucuellar.org\/","name":"Izquierda Unida Cu\u00e9llar y Comarca","description":"Lugar de opini\u00f3n y discusi\u00f3n de la izquierda","publisher":{"@id":"https:\/\/www.iucuellar.org\/#organization"},"potentialAction":[{"@type":"SearchAction","target":{"@type":"EntryPoint","urlTemplate":"https:\/\/www.iucuellar.org\/?s={search_term_string}"},"query-input":"required name=search_term_string"}],"inLanguage":"es"},{"@type":"Organization","@id":"https:\/\/www.iucuellar.org\/#organization","name":"IU CUELLAR","url":"https:\/\/www.iucuellar.org\/","logo":{"@type":"ImageObject","inLanguage":"es","@id":"https:\/\/www.iucuellar.org\/#\/schema\/logo\/image\/","url":"https:\/\/i0.wp.com\/www.iucuellar.org\/public\/2022\/07\/cropped-avatar_redondo_Twitter.png?fit=512%2C512&ssl=1","contentUrl":"https:\/\/i0.wp.com\/www.iucuellar.org\/public\/2022\/07\/cropped-avatar_redondo_Twitter.png?fit=512%2C512&ssl=1","width":512,"height":512,"caption":"IU CUELLAR"},"image":{"@id":"https:\/\/www.iucuellar.org\/#\/schema\/logo\/image\/"},"sameAs":["https:\/\/www.facebook.com\/iucuellar","https:\/\/x.com\/IU_CUELLAR","https:\/\/www.instagram.com\/iucuellar\/","https:\/\/www.threads.net\/@iucuellar"]},{"@type":"Person","@id":"https:\/\/www.iucuellar.org\/#\/schema\/person\/0ed49683a220f525fdeb90989b5c672d","name":"Comunicaci\u00f3n","image":{"@type":"ImageObject","inLanguage":"es","@id":"https:\/\/www.iucuellar.org\/#\/schema\/person\/image\/","url":"https:\/\/secure.gravatar.com\/avatar\/1bb1e96b498ea4b5098098798744923e?s=96&d=mm&r=g","contentUrl":"https:\/\/secure.gravatar.com\/avatar\/1bb1e96b498ea4b5098098798744923e?s=96&d=mm&r=g","caption":"Comunicaci\u00f3n"},"url":"https:\/\/www.iucuellar.org\/?author=1"}]}},"jetpack_featured_media_url":"https:\/\/i0.wp.com\/www.iucuellar.org\/public\/2019\/01\/20190126NosDueleLaSanidad_iUCyL.jpg?fit=1200%2C848&ssl=1","jetpack_sharing_enabled":true,"jetpack_shortlink":"https:\/\/wp.me\/p8rn8P-MH","_links":{"self":[{"href":"https:\/\/www.iucuellar.org\/index.php?rest_route=\/wp\/v2\/posts\/3019"}],"collection":[{"href":"https:\/\/www.iucuellar.org\/index.php?rest_route=\/wp\/v2\/posts"}],"about":[{"href":"https:\/\/www.iucuellar.org\/index.php?rest_route=\/wp\/v2\/types\/post"}],"author":[{"embeddable":true,"href":"https:\/\/www.iucuellar.org\/index.php?rest_route=\/wp\/v2\/users\/1"}],"replies":[{"embeddable":true,"href":"https:\/\/www.iucuellar.org\/index.php?rest_route=%2Fwp%2Fv2%2Fcomments&post=3019"}],"version-history":[{"count":5,"href":"https:\/\/www.iucuellar.org\/index.php?rest_route=\/wp\/v2\/posts\/3019\/revisions"}],"predecessor-version":[{"id":3025,"href":"https:\/\/www.iucuellar.org\/index.php?rest_route=\/wp\/v2\/posts\/3019\/revisions\/3025"}],"wp:featuredmedia":[{"embeddable":true,"href":"https:\/\/www.iucuellar.org\/index.php?rest_route=\/wp\/v2\/media\/3020"}],"wp:attachment":[{"href":"https:\/\/www.iucuellar.org\/index.php?rest_route=%2Fwp%2Fv2%2Fmedia&parent=3019"}],"wp:term":[{"taxonomy":"category","embeddable":true,"href":"https:\/\/www.iucuellar.org\/index.php?rest_route=%2Fwp%2Fv2%2Fcategories&post=3019"},{"taxonomy":"post_tag","embeddable":true,"href":"https:\/\/www.iucuellar.org\/index.php?rest_route=%2Fwp%2Fv2%2Ftags&post=3019"}],"curies":[{"name":"wp","href":"https:\/\/api.w.org\/{rel}","templated":true}]}}