{"id":3026,"date":"2019-01-25T23:07:10","date_gmt":"2019-01-25T22:07:10","guid":{"rendered":"http:\/\/www.iucuellar.org\/?p=3026"},"modified":"2019-01-26T00:09:22","modified_gmt":"2019-01-25T23:09:22","slug":"ruego-en-protesta-por-las-continuas-faltas-del-respeto-desde-el-equipo-de-gobierno-hacia-la-oposicion","status":"publish","type":"post","link":"https:\/\/www.iucuellar.org\/?p=3026","title":{"rendered":"Ruego en protesta por las continuas faltas de respeto desde el equipo de gobierno hacia la oposici\u00f3n"},"content":{"rendered":"<p>Desde el grupo municipal de Izquierda Unida en el Ayto. de Cu\u00e9llar hemos presentado en el pleno ordinario del d\u00eda 25 de Enero de 2019 un ruego al equipo de gobierno del Partido Popular, para que cese con su comportamiento poco democr\u00e1tico y falto de respeto que viene realizando durante los Plenos. Consideramos que estos deben ser un lugar donde proponer, debatir y aprobar medidas que mejoren la vida de los vecinos del municipio.<\/p>\n<p>Este equipo de gobierno no solo est\u00e1 faltando al respeto a los concejales de la oposici\u00f3n, sino a todos los ciudadanos que en ellos han depositado su confianza en las \u00faltimas elecciones (mayor\u00eda en votos). La gota que colmo el vaso se produjo en el \u00faltimo pleno (extraordinario) del 4 de Enero, donde sin tener ninguna relaci\u00f3n con los temas que se trataban, se ataco personalmente a uno de los representantes de la oposici\u00f3n durante 10 minutos, con consentimiento del alcalde, que como moderador no deber\u00eda haber dejado que esto sucediera.<\/p>\n<p>Aqu\u00ed dejamos un enlace al documento con el texto completo del Ruego presentado en pleno del 25 de Enero.<\/p>\n<h2 style=\"text-align:center;\"> <span style=\"color:#ff0000;\"><strong><a href=\"https:\/\/www.iucuellar.org\/2019\/Documentos\/RuegoIUPleno_25-01-2019.pdf\" target=\"_blank\" rel=\"noopener\">&gt;&gt;RUEGO&lt;&lt;<\/a><\/strong><a href=\"https:\/\/www.iucuellar.org\/2019\/Documentos\/RuegoIUPleno_25-01-2019.pdf\" target=\"_blank\" rel=\"noopener\"> <\/a><\/span><\/h2>\n","protected":false},"excerpt":{"rendered":"<p>Desde el grupo municipal de Izquierda Unida en el Ayto. de Cu\u00e9llar hemos presentado en el pleno ordinario del d\u00eda<\/p>\n","protected":false},"author":1,"featured_media":2527,"comment_status":"open","ping_status":"open","sticky":false,"template":"","format":"standard","meta":{"sfsi_plus_gutenberg_text_before_share":"","sfsi_plus_gutenberg_show_text_before_share":"","sfsi_plus_gutenberg_icon_type":"","sfsi_plus_gutenberg_icon_alignemt":"","sfsi_plus_gutenburg_max_per_row":"","_exactmetrics_skip_tracking":false,"_exactmetrics_sitenote_active":false,"_exactmetrics_sitenote_note":"","_exactmetrics_sitenote_category":0,"ngg_post_thumbnail":0,"_jetpack_memberships_contains_paid_content":false,"footnotes":""},"categories":[21,20],"tags":[],"yoast_head":"<!-- This site is optimized with the Yoast SEO plugin v22.9 - https:\/\/yoast.com\/wordpress\/plugins\/seo\/ -->\r\n<title>Ruego en protesta por las continuas faltas de respeto desde el equipo de gobierno hacia la oposici\u00f3n - Izquierda Unida Cu\u00e9llar<\/title>\r\n<meta name=\"robots\" content=\"index, follow, max-snippet:-1, max-image-preview:large, max-video-preview:-1\" \/>\r\n<link rel=\"canonical\" href=\"https:\/\/www.iucuellar.org\/?p=3026\" \/>\r\n<meta property=\"og:locale\" content=\"es_ES\" \/>\r\n<meta property=\"og:type\" content=\"article\" \/>\r\n<meta property=\"og:title\" content=\"Ruego en protesta por las continuas faltas de respeto desde el equipo de gobierno hacia la oposici\u00f3n - Izquierda Unida Cu\u00e9llar\" \/>\r\n<meta property=\"og:description\" content=\"Desde el grupo municipal de Izquierda Unida en el Ayto. de Cu\u00e9llar hemos presentado en el pleno ordinario del d\u00eda\" \/>\r\n<meta property=\"og:url\" content=\"https:\/\/www.iucuellar.org\/?p=3026\" \/>\r\n<meta property=\"og:site_name\" content=\"Izquierda Unida Cu\u00e9llar\" \/>\r\n<meta property=\"article:publisher\" content=\"https:\/\/www.facebook.com\/iucuellar\" \/>\r\n<meta property=\"article:published_time\" content=\"2019-01-25T22:07:10+00:00\" \/>\r\n<meta property=\"article:modified_time\" content=\"2019-01-25T23:09:22+00:00\" \/>\r\n<meta property=\"og:image\" content=\"https:\/\/www.iucuellar.org\/public\/2017\/06\/IMG_0236-1024x768.jpg\" \/>\r\n\t<meta property=\"og:image:width\" content=\"1024\" \/>\r\n\t<meta property=\"og:image:height\" content=\"768\" \/>\r\n\t<meta property=\"og:image:type\" content=\"image\/jpeg\" \/>\r\n<meta name=\"author\" content=\"Comunicaci\u00f3n\" \/>\r\n<meta name=\"twitter:card\" content=\"summary_large_image\" \/>\r\n<meta name=\"twitter:creator\" content=\"@IU_CUELLAR\" \/>\r\n<meta name=\"twitter:site\" content=\"@IU_CUELLAR\" \/>\r\n<meta name=\"twitter:label1\" content=\"Escrito por\" \/>\n\t<meta name=\"twitter:data1\" content=\"Comunicaci\u00f3n\" \/>\n\t<meta name=\"twitter:label2\" content=\"Tiempo de lectura\" \/>\n\t<meta name=\"twitter:data2\" content=\"1 minuto\" \/>\r\n<script type=\"application\/ld+json\" class=\"yoast-schema-graph\">{\"@context\":\"https:\/\/schema.org\",\"@graph\":[{\"@type\":\"Article\",\"@id\":\"https:\/\/www.iucuellar.org\/?p=3026#article\",\"isPartOf\":{\"@id\":\"https:\/\/www.iucuellar.org\/?p=3026\"},\"author\":{\"name\":\"Comunicaci\u00f3n\",\"@id\":\"https:\/\/www.iucuellar.org\/#\/schema\/person\/0ed49683a220f525fdeb90989b5c672d\"},\"headline\":\"Ruego en protesta por las continuas faltas de respeto desde el equipo de gobierno hacia la oposici\u00f3n\",\"datePublished\":\"2019-01-25T22:07:10+00:00\",\"dateModified\":\"2019-01-25T23:09:22+00:00\",\"mainEntityOfPage\":{\"@id\":\"https:\/\/www.iucuellar.org\/?p=3026\"},\"wordCount\":210,\"commentCount\":0,\"publisher\":{\"@id\":\"https:\/\/www.iucuellar.org\/#organization\"},\"image\":{\"@id\":\"https:\/\/www.iucuellar.org\/?p=3026#primaryimage\"},\"thumbnailUrl\":\"https:\/\/i0.wp.com\/www.iucuellar.org\/public\/2017\/06\/IMG_0236.jpg?fit=4608%2C3456&ssl=1\",\"articleSection\":[\"Izquierda Unida\",\"Plenos\"],\"inLanguage\":\"es\",\"potentialAction\":[{\"@type\":\"CommentAction\",\"name\":\"Comment\",\"target\":[\"https:\/\/www.iucuellar.org\/?p=3026#respond\"]}]},{\"@type\":\"WebPage\",\"@id\":\"https:\/\/www.iucuellar.org\/?p=3026\",\"url\":\"https:\/\/www.iucuellar.org\/?p=3026\",\"name\":\"Ruego en protesta por las continuas faltas de respeto desde el equipo de gobierno hacia la oposici\u00f3n - Izquierda Unida Cu\u00e9llar\",\"isPartOf\":{\"@id\":\"https:\/\/www.iucuellar.org\/#website\"},\"primaryImageOfPage\":{\"@id\":\"https:\/\/www.iucuellar.org\/?p=3026#primaryimage\"},\"image\":{\"@id\":\"https:\/\/www.iucuellar.org\/?p=3026#primaryimage\"},\"thumbnailUrl\":\"https:\/\/i0.wp.com\/www.iucuellar.org\/public\/2017\/06\/IMG_0236.jpg?fit=4608%2C3456&ssl=1\",\"datePublished\":\"2019-01-25T22:07:10+00:00\",\"dateModified\":\"2019-01-25T23:09:22+00:00\",\"breadcrumb\":{\"@id\":\"https:\/\/www.iucuellar.org\/?p=3026#breadcrumb\"},\"inLanguage\":\"es\",\"potentialAction\":[{\"@type\":\"ReadAction\",\"target\":[\"https:\/\/www.iucuellar.org\/?p=3026\"]}]},{\"@type\":\"ImageObject\",\"inLanguage\":\"es\",\"@id\":\"https:\/\/www.iucuellar.org\/?p=3026#primaryimage\",\"url\":\"https:\/\/i0.wp.com\/www.iucuellar.org\/public\/2017\/06\/IMG_0236.jpg?fit=4608%2C3456&ssl=1\",\"contentUrl\":\"https:\/\/i0.wp.com\/www.iucuellar.org\/public\/2017\/06\/IMG_0236.jpg?fit=4608%2C3456&ssl=1\",\"width\":4608,\"height\":3456},{\"@type\":\"BreadcrumbList\",\"@id\":\"https:\/\/www.iucuellar.org\/?p=3026#breadcrumb\",\"itemListElement\":[{\"@type\":\"ListItem\",\"position\":1,\"name\":\"Inicio\",\"item\":\"https:\/\/www.iucuellar.org\/\"},{\"@type\":\"ListItem\",\"position\":2,\"name\":\"Ruego en protesta por las continuas faltas de respeto desde el equipo de gobierno hacia la oposici\u00f3n\"}]},{\"@type\":\"WebSite\",\"@id\":\"https:\/\/www.iucuellar.org\/#website\",\"url\":\"https:\/\/www.iucuellar.org\/\",\"name\":\"Izquierda Unida Cu\u00e9llar y Comarca\",\"description\":\"Lugar de opini\u00f3n y discusi\u00f3n de la izquierda\",\"publisher\":{\"@id\":\"https:\/\/www.iucuellar.org\/#organization\"},\"potentialAction\":[{\"@type\":\"SearchAction\",\"target\":{\"@type\":\"EntryPoint\",\"urlTemplate\":\"https:\/\/www.iucuellar.org\/?s={search_term_string}\"},\"query-input\":\"required name=search_term_string\"}],\"inLanguage\":\"es\"},{\"@type\":\"Organization\",\"@id\":\"https:\/\/www.iucuellar.org\/#organization\",\"name\":\"IU CUELLAR\",\"url\":\"https:\/\/www.iucuellar.org\/\",\"logo\":{\"@type\":\"ImageObject\",\"inLanguage\":\"es\",\"@id\":\"https:\/\/www.iucuellar.org\/#\/schema\/logo\/image\/\",\"url\":\"https:\/\/i0.wp.com\/www.iucuellar.org\/public\/2022\/07\/cropped-avatar_redondo_Twitter.png?fit=512%2C512&ssl=1\",\"contentUrl\":\"https:\/\/i0.wp.com\/www.iucuellar.org\/public\/2022\/07\/cropped-avatar_redondo_Twitter.png?fit=512%2C512&ssl=1\",\"width\":512,\"height\":512,\"caption\":\"IU CUELLAR\"},\"image\":{\"@id\":\"https:\/\/www.iucuellar.org\/#\/schema\/logo\/image\/\"},\"sameAs\":[\"https:\/\/www.facebook.com\/iucuellar\",\"https:\/\/x.com\/IU_CUELLAR\",\"https:\/\/www.instagram.com\/iucuellar\/\",\"https:\/\/www.threads.net\/@iucuellar\"]},{\"@type\":\"Person\",\"@id\":\"https:\/\/www.iucuellar.org\/#\/schema\/person\/0ed49683a220f525fdeb90989b5c672d\",\"name\":\"Comunicaci\u00f3n\",\"image\":{\"@type\":\"ImageObject\",\"inLanguage\":\"es\",\"@id\":\"https:\/\/www.iucuellar.org\/#\/schema\/person\/image\/\",\"url\":\"https:\/\/secure.gravatar.com\/avatar\/1bb1e96b498ea4b5098098798744923e?s=96&d=mm&r=g\",\"contentUrl\":\"https:\/\/secure.gravatar.com\/avatar\/1bb1e96b498ea4b5098098798744923e?s=96&d=mm&r=g\",\"caption\":\"Comunicaci\u00f3n\"},\"url\":\"https:\/\/www.iucuellar.org\/?author=1\"}]}<\/script>\r\n<!-- \/ Yoast SEO plugin. -->","yoast_head_json":{"title":"Ruego en protesta por las continuas faltas de respeto desde el equipo de gobierno hacia la oposici\u00f3n - Izquierda Unida Cu\u00e9llar","robots":{"index":"index","follow":"follow","max-snippet":"max-snippet:-1","max-image-preview":"max-image-preview:large","max-video-preview":"max-video-preview:-1"},"canonical":"https:\/\/www.iucuellar.org\/?p=3026","og_locale":"es_ES","og_type":"article","og_title":"Ruego en protesta por las continuas faltas de respeto desde el equipo de gobierno hacia la oposici\u00f3n - Izquierda Unida Cu\u00e9llar","og_description":"Desde el grupo municipal de Izquierda Unida en el Ayto. de Cu\u00e9llar hemos presentado en el pleno ordinario del d\u00eda","og_url":"https:\/\/www.iucuellar.org\/?p=3026","og_site_name":"Izquierda Unida Cu\u00e9llar","article_publisher":"https:\/\/www.facebook.com\/iucuellar","article_published_time":"2019-01-25T22:07:10+00:00","article_modified_time":"2019-01-25T23:09:22+00:00","og_image":[{"width":1024,"height":768,"url":"https:\/\/www.iucuellar.org\/public\/2017\/06\/IMG_0236-1024x768.jpg","type":"image\/jpeg"}],"author":"Comunicaci\u00f3n","twitter_card":"summary_large_image","twitter_creator":"@IU_CUELLAR","twitter_site":"@IU_CUELLAR","twitter_misc":{"Escrito por":"Comunicaci\u00f3n","Tiempo de lectura":"1 minuto"},"schema":{"@context":"https:\/\/schema.org","@graph":[{"@type":"Article","@id":"https:\/\/www.iucuellar.org\/?p=3026#article","isPartOf":{"@id":"https:\/\/www.iucuellar.org\/?p=3026"},"author":{"name":"Comunicaci\u00f3n","@id":"https:\/\/www.iucuellar.org\/#\/schema\/person\/0ed49683a220f525fdeb90989b5c672d"},"headline":"Ruego en protesta por las continuas faltas de respeto desde el equipo de gobierno hacia la oposici\u00f3n","datePublished":"2019-01-25T22:07:10+00:00","dateModified":"2019-01-25T23:09:22+00:00","mainEntityOfPage":{"@id":"https:\/\/www.iucuellar.org\/?p=3026"},"wordCount":210,"commentCount":0,"publisher":{"@id":"https:\/\/www.iucuellar.org\/#organization"},"image":{"@id":"https:\/\/www.iucuellar.org\/?p=3026#primaryimage"},"thumbnailUrl":"https:\/\/i0.wp.com\/www.iucuellar.org\/public\/2017\/06\/IMG_0236.jpg?fit=4608%2C3456&ssl=1","articleSection":["Izquierda Unida","Plenos"],"inLanguage":"es","potentialAction":[{"@type":"CommentAction","name":"Comment","target":["https:\/\/www.iucuellar.org\/?p=3026#respond"]}]},{"@type":"WebPage","@id":"https:\/\/www.iucuellar.org\/?p=3026","url":"https:\/\/www.iucuellar.org\/?p=3026","name":"Ruego en protesta por las continuas faltas de respeto desde el equipo de gobierno hacia la oposici\u00f3n - Izquierda Unida Cu\u00e9llar","isPartOf":{"@id":"https:\/\/www.iucuellar.org\/#website"},"primaryImageOfPage":{"@id":"https:\/\/www.iucuellar.org\/?p=3026#primaryimage"},"image":{"@id":"https:\/\/www.iucuellar.org\/?p=3026#primaryimage"},"thumbnailUrl":"https:\/\/i0.wp.com\/www.iucuellar.org\/public\/2017\/06\/IMG_0236.jpg?fit=4608%2C3456&ssl=1","datePublished":"2019-01-25T22:07:10+00:00","dateModified":"2019-01-25T23:09:22+00:00","breadcrumb":{"@id":"https:\/\/www.iucuellar.org\/?p=3026#breadcrumb"},"inLanguage":"es","potentialAction":[{"@type":"ReadAction","target":["https:\/\/www.iucuellar.org\/?p=3026"]}]},{"@type":"ImageObject","inLanguage":"es","@id":"https:\/\/www.iucuellar.org\/?p=3026#primaryimage","url":"https:\/\/i0.wp.com\/www.iucuellar.org\/public\/2017\/06\/IMG_0236.jpg?fit=4608%2C3456&ssl=1","contentUrl":"https:\/\/i0.wp.com\/www.iucuellar.org\/public\/2017\/06\/IMG_0236.jpg?fit=4608%2C3456&ssl=1","width":4608,"height":3456},{"@type":"BreadcrumbList","@id":"https:\/\/www.iucuellar.org\/?p=3026#breadcrumb","itemListElement":[{"@type":"ListItem","position":1,"name":"Inicio","item":"https:\/\/www.iucuellar.org\/"},{"@type":"ListItem","position":2,"name":"Ruego en protesta por las continuas faltas de respeto desde el equipo de gobierno hacia la oposici\u00f3n"}]},{"@type":"WebSite","@id":"https:\/\/www.iucuellar.org\/#website","url":"https:\/\/www.iucuellar.org\/","name":"Izquierda Unida Cu\u00e9llar y Comarca","description":"Lugar de opini\u00f3n y discusi\u00f3n de la izquierda","publisher":{"@id":"https:\/\/www.iucuellar.org\/#organization"},"potentialAction":[{"@type":"SearchAction","target":{"@type":"EntryPoint","urlTemplate":"https:\/\/www.iucuellar.org\/?s={search_term_string}"},"query-input":"required name=search_term_string"}],"inLanguage":"es"},{"@type":"Organization","@id":"https:\/\/www.iucuellar.org\/#organization","name":"IU CUELLAR","url":"https:\/\/www.iucuellar.org\/","logo":{"@type":"ImageObject","inLanguage":"es","@id":"https:\/\/www.iucuellar.org\/#\/schema\/logo\/image\/","url":"https:\/\/i0.wp.com\/www.iucuellar.org\/public\/2022\/07\/cropped-avatar_redondo_Twitter.png?fit=512%2C512&ssl=1","contentUrl":"https:\/\/i0.wp.com\/www.iucuellar.org\/public\/2022\/07\/cropped-avatar_redondo_Twitter.png?fit=512%2C512&ssl=1","width":512,"height":512,"caption":"IU CUELLAR"},"image":{"@id":"https:\/\/www.iucuellar.org\/#\/schema\/logo\/image\/"},"sameAs":["https:\/\/www.facebook.com\/iucuellar","https:\/\/x.com\/IU_CUELLAR","https:\/\/www.instagram.com\/iucuellar\/","https:\/\/www.threads.net\/@iucuellar"]},{"@type":"Person","@id":"https:\/\/www.iucuellar.org\/#\/schema\/person\/0ed49683a220f525fdeb90989b5c672d","name":"Comunicaci\u00f3n","image":{"@type":"ImageObject","inLanguage":"es","@id":"https:\/\/www.iucuellar.org\/#\/schema\/person\/image\/","url":"https:\/\/secure.gravatar.com\/avatar\/1bb1e96b498ea4b5098098798744923e?s=96&d=mm&r=g","contentUrl":"https:\/\/secure.gravatar.com\/avatar\/1bb1e96b498ea4b5098098798744923e?s=96&d=mm&r=g","caption":"Comunicaci\u00f3n"},"url":"https:\/\/www.iucuellar.org\/?author=1"}]}},"jetpack_featured_media_url":"https:\/\/i0.wp.com\/www.iucuellar.org\/public\/2017\/06\/IMG_0236.jpg?fit=4608%2C3456&ssl=1","jetpack_sharing_enabled":true,"jetpack_shortlink":"https:\/\/wp.me\/p8rn8P-MO","_links":{"self":[{"href":"https:\/\/www.iucuellar.org\/index.php?rest_route=\/wp\/v2\/posts\/3026"}],"collection":[{"href":"https:\/\/www.iucuellar.org\/index.php?rest_route=\/wp\/v2\/posts"}],"about":[{"href":"https:\/\/www.iucuellar.org\/index.php?rest_route=\/wp\/v2\/types\/post"}],"author":[{"embeddable":true,"href":"https:\/\/www.iucuellar.org\/index.php?rest_route=\/wp\/v2\/users\/1"}],"replies":[{"embeddable":true,"href":"https:\/\/www.iucuellar.org\/index.php?rest_route=%2Fwp%2Fv2%2Fcomments&post=3026"}],"version-history":[{"count":10,"href":"https:\/\/www.iucuellar.org\/index.php?rest_route=\/wp\/v2\/posts\/3026\/revisions"}],"predecessor-version":[{"id":3036,"href":"https:\/\/www.iucuellar.org\/index.php?rest_route=\/wp\/v2\/posts\/3026\/revisions\/3036"}],"wp:featuredmedia":[{"embeddable":true,"href":"https:\/\/www.iucuellar.org\/index.php?rest_route=\/wp\/v2\/media\/2527"}],"wp:attachment":[{"href":"https:\/\/www.iucuellar.org\/index.php?rest_route=%2Fwp%2Fv2%2Fmedia&parent=3026"}],"wp:term":[{"taxonomy":"category","embeddable":true,"href":"https:\/\/www.iucuellar.org\/index.php?rest_route=%2Fwp%2Fv2%2Fcategories&post=3026"},{"taxonomy":"post_tag","embeddable":true,"href":"https:\/\/www.iucuellar.org\/index.php?rest_route=%2Fwp%2Fv2%2Ftags&post=3026"}],"curies":[{"name":"wp","href":"https:\/\/api.w.org\/{rel}","templated":true}]}}