{"id":3078,"date":"2019-03-31T16:51:11","date_gmt":"2019-03-31T15:51:11","guid":{"rendered":"http:\/\/www.iucuellar.org\/?p=3078"},"modified":"2019-03-31T16:51:11","modified_gmt":"2019-03-31T15:51:11","slug":"asamblea-de-izquierda-unida-cuellar-en-la-jornada-por-la-confluencia-de-la-izquierda-en-cyl","status":"publish","type":"post","link":"https:\/\/www.iucuellar.org\/?p=3078","title":{"rendered":"Asamblea  de Izquierda Unida Cu\u00e9llar en la jornada por la confluencia de la izquierda en CyL"},"content":{"rendered":"<p>La Asamblea de Izquierda Unida de la Comarca de Cu\u00e9llar particip\u00f3 ayer 30 de Marzo, junto con otr@s representantes y candidat@s de Izquierda Unida de otras Asambleas de la provincia, en la jornada program\u00e1tica de la confluencia de la izquierda a las pr\u00f3ximas elecciones auton\u00f3micas (Izquierda Unida, Partido Castellano, Anticapitalistas y Alternativa Republicana) que tuvo lugar en Valladolid.<\/p>\n<p>L@s militantes y candidat@s de toda la provincia, participaron en la jornada de confluencia, comenzando por las diferentes mesas que se conformaron, para revisar el borrador del programa. Durante varias horas se propusieron y debatieron cambios, revisiones y creaci\u00f3n de propuestas a incorporar a dicho borrador.<\/p>\n<p>&nbsp;<\/p>\n<div id='gallery-1' class='gallery galleryid-3078 gallery-columns-1 gallery-size-full'><figure class='gallery-item'>\r\n\t\t\t<div class='gallery-icon portrait'>\r\n\t\t\t\t<a href='https:\/\/i0.wp.com\/www.iucuellar.org\/public\/2019\/03\/2019-03-30_cylenmarcha.jpg?ssl=1'><img loading=\"lazy\" decoding=\"async\" width=\"1000\" height=\"1286\" src=\"https:\/\/i0.wp.com\/www.iucuellar.org\/public\/2019\/03\/2019-03-30_cylenmarcha.jpg?fit=1000%2C1286&amp;ssl=1\" class=\"attachment-full size-full\" alt=\"\" srcset=\"https:\/\/i0.wp.com\/www.iucuellar.org\/public\/2019\/03\/2019-03-30_cylenmarcha.jpg?w=1000&amp;ssl=1 1000w, https:\/\/i0.wp.com\/www.iucuellar.org\/public\/2019\/03\/2019-03-30_cylenmarcha.jpg?resize=233%2C300&amp;ssl=1 233w, https:\/\/i0.wp.com\/www.iucuellar.org\/public\/2019\/03\/2019-03-30_cylenmarcha.jpg?resize=768%2C988&amp;ssl=1 768w, https:\/\/i0.wp.com\/www.iucuellar.org\/public\/2019\/03\/2019-03-30_cylenmarcha.jpg?resize=796%2C1024&amp;ssl=1 796w\" sizes=\"(max-width: 800px) 100vw, 800px\" \/><\/a>\r\n\t\t\t<\/div><\/figure><figure class='gallery-item'>\r\n\t\t\t<div class='gallery-icon portrait'>\r\n\t\t\t\t<a href='https:\/\/i0.wp.com\/www.iucuellar.org\/public\/2019\/03\/photo5839133967809359776.jpg?ssl=1'><img loading=\"lazy\" decoding=\"async\" width=\"960\" height=\"1280\" src=\"https:\/\/i0.wp.com\/www.iucuellar.org\/public\/2019\/03\/photo5839133967809359776.jpg?fit=960%2C1280&amp;ssl=1\" class=\"attachment-full size-full\" alt=\"\" srcset=\"https:\/\/i0.wp.com\/www.iucuellar.org\/public\/2019\/03\/photo5839133967809359776.jpg?w=960&amp;ssl=1 960w, https:\/\/i0.wp.com\/www.iucuellar.org\/public\/2019\/03\/photo5839133967809359776.jpg?resize=225%2C300&amp;ssl=1 225w, https:\/\/i0.wp.com\/www.iucuellar.org\/public\/2019\/03\/photo5839133967809359776.jpg?resize=768%2C1024&amp;ssl=1 768w\" sizes=\"(max-width: 800px) 100vw, 800px\" \/><\/a>\r\n\t\t\t<\/div><\/figure><figure class='gallery-item'>\r\n\t\t\t<div class='gallery-icon portrait'>\r\n\t\t\t\t<a href='https:\/\/i0.wp.com\/www.iucuellar.org\/public\/2019\/03\/photo5839133967809359775.jpg?ssl=1'><img loading=\"lazy\" decoding=\"async\" width=\"960\" height=\"1280\" src=\"https:\/\/i0.wp.com\/www.iucuellar.org\/public\/2019\/03\/photo5839133967809359775.jpg?fit=960%2C1280&amp;ssl=1\" class=\"attachment-full size-full\" alt=\"\" srcset=\"https:\/\/i0.wp.com\/www.iucuellar.org\/public\/2019\/03\/photo5839133967809359775.jpg?w=960&amp;ssl=1 960w, https:\/\/i0.wp.com\/www.iucuellar.org\/public\/2019\/03\/photo5839133967809359775.jpg?resize=225%2C300&amp;ssl=1 225w, https:\/\/i0.wp.com\/www.iucuellar.org\/public\/2019\/03\/photo5839133967809359775.jpg?resize=768%2C1024&amp;ssl=1 768w\" sizes=\"(max-width: 800px) 100vw, 800px\" \/><\/a>\r\n\t\t\t<\/div><\/figure><figure class='gallery-item'>\r\n\t\t\t<div class='gallery-icon landscape'>\r\n\t\t\t\t<a href='https:\/\/i0.wp.com\/www.iucuellar.org\/public\/2019\/03\/photo5839133967809359774.jpg?ssl=1'><img loading=\"lazy\" decoding=\"async\" width=\"1280\" height=\"960\" src=\"https:\/\/i0.wp.com\/www.iucuellar.org\/public\/2019\/03\/photo5839133967809359774.jpg?fit=1280%2C960&amp;ssl=1\" class=\"attachment-full size-full\" alt=\"\" srcset=\"https:\/\/i0.wp.com\/www.iucuellar.org\/public\/2019\/03\/photo5839133967809359774.jpg?w=1280&amp;ssl=1 1280w, https:\/\/i0.wp.com\/www.iucuellar.org\/public\/2019\/03\/photo5839133967809359774.jpg?resize=300%2C225&amp;ssl=1 300w, https:\/\/i0.wp.com\/www.iucuellar.org\/public\/2019\/03\/photo5839133967809359774.jpg?resize=768%2C576&amp;ssl=1 768w, https:\/\/i0.wp.com\/www.iucuellar.org\/public\/2019\/03\/photo5839133967809359774.jpg?resize=1024%2C768&amp;ssl=1 1024w\" sizes=\"(max-width: 800px) 100vw, 800px\" \/><\/a>\r\n\t\t\t<\/div><\/figure><figure class='gallery-item'>\r\n\t\t\t<div class='gallery-icon landscape'>\r\n\t\t\t\t<a href='https:\/\/i0.wp.com\/www.iucuellar.org\/public\/2019\/03\/photo5839133967809359767.jpg?ssl=1'><img loading=\"lazy\" decoding=\"async\" width=\"1280\" height=\"960\" src=\"https:\/\/i0.wp.com\/www.iucuellar.org\/public\/2019\/03\/photo5839133967809359767.jpg?fit=1280%2C960&amp;ssl=1\" class=\"attachment-full size-full\" alt=\"\" srcset=\"https:\/\/i0.wp.com\/www.iucuellar.org\/public\/2019\/03\/photo5839133967809359767.jpg?w=1280&amp;ssl=1 1280w, https:\/\/i0.wp.com\/www.iucuellar.org\/public\/2019\/03\/photo5839133967809359767.jpg?resize=300%2C225&amp;ssl=1 300w, https:\/\/i0.wp.com\/www.iucuellar.org\/public\/2019\/03\/photo5839133967809359767.jpg?resize=768%2C576&amp;ssl=1 768w, https:\/\/i0.wp.com\/www.iucuellar.org\/public\/2019\/03\/photo5839133967809359767.jpg?resize=1024%2C768&amp;ssl=1 1024w\" sizes=\"(max-width: 800px) 100vw, 800px\" \/><\/a>\r\n\t\t\t<\/div><\/figure><figure class='gallery-item'>\r\n\t\t\t<div class='gallery-icon landscape'>\r\n\t\t\t\t<a href='https:\/\/i0.wp.com\/www.iucuellar.org\/public\/2019\/03\/WhatsApp-Image-2019-03-30-at-18.11.32.jpeg?ssl=1'><img loading=\"lazy\" decoding=\"async\" width=\"1200\" height=\"646\" src=\"https:\/\/i0.wp.com\/www.iucuellar.org\/public\/2019\/03\/WhatsApp-Image-2019-03-30-at-18.11.32.jpeg?fit=1200%2C646&amp;ssl=1\" class=\"attachment-full size-full\" alt=\"\" srcset=\"https:\/\/i0.wp.com\/www.iucuellar.org\/public\/2019\/03\/WhatsApp-Image-2019-03-30-at-18.11.32.jpeg?w=1200&amp;ssl=1 1200w, https:\/\/i0.wp.com\/www.iucuellar.org\/public\/2019\/03\/WhatsApp-Image-2019-03-30-at-18.11.32.jpeg?resize=300%2C162&amp;ssl=1 300w, https:\/\/i0.wp.com\/www.iucuellar.org\/public\/2019\/03\/WhatsApp-Image-2019-03-30-at-18.11.32.jpeg?resize=768%2C413&amp;ssl=1 768w, https:\/\/i0.wp.com\/www.iucuellar.org\/public\/2019\/03\/WhatsApp-Image-2019-03-30-at-18.11.32.jpeg?resize=1024%2C551&amp;ssl=1 1024w\" sizes=\"(max-width: 800px) 100vw, 800px\" \/><\/a>\r\n\t\t\t<\/div><\/figure>\r\n\t\t<\/div>\n\n<p>Tras los debates de las distintas mesas se presentaron a tod@s l@s asistentes los cambios e incorporaciones al programa, para finalmente someter a votaci\u00f3n el documento definitivo, siendo aprobado por amplia mayor\u00eda. Tambi\u00e9n se abrieron las urnas durante la jornada, para que todas las personas asistentes eligiesen al candidat@ para la presidencia de la Junta de Castilla y Le\u00f3n. Como resultado de estas votaciones, sali\u00f3 elegido con el 90% de los votos&nbsp; Jos\u00e9 Sarri\u00f3n Andaluz (Coordinador Izquierda Unida CyL).<\/p>\n","protected":false},"excerpt":{"rendered":"<p>La Asamblea de Izquierda Unida de la Comarca de Cu\u00e9llar particip\u00f3 ayer 30 de Marzo, junto con otr@s representantes y<\/p>\n","protected":false},"author":1,"featured_media":3082,"comment_status":"open","ping_status":"open","sticky":false,"template":"","format":"standard","meta":{"sfsi_plus_gutenberg_text_before_share":"","sfsi_plus_gutenberg_show_text_before_share":"","sfsi_plus_gutenberg_icon_type":"","sfsi_plus_gutenberg_icon_alignemt":"","sfsi_plus_gutenburg_max_per_row":"","_exactmetrics_skip_tracking":false,"_exactmetrics_sitenote_active":false,"_exactmetrics_sitenote_note":"","_exactmetrics_sitenote_category":0,"ngg_post_thumbnail":0,"_jetpack_memberships_contains_paid_content":false,"footnotes":""},"categories":[24,21],"tags":[],"yoast_head":"<!-- This site is optimized with the Yoast SEO plugin v22.9 - https:\/\/yoast.com\/wordpress\/plugins\/seo\/ -->\r\n<title>Asamblea de Izquierda Unida Cu\u00e9llar en la jornada por la confluencia de la izquierda en CyL - Izquierda Unida Cu\u00e9llar<\/title>\r\n<meta name=\"robots\" content=\"index, follow, max-snippet:-1, max-image-preview:large, max-video-preview:-1\" \/>\r\n<link rel=\"canonical\" href=\"https:\/\/www.iucuellar.org\/?p=3078\" \/>\r\n<meta property=\"og:locale\" content=\"es_ES\" \/>\r\n<meta property=\"og:type\" content=\"article\" \/>\r\n<meta property=\"og:title\" content=\"Asamblea de Izquierda Unida Cu\u00e9llar en la jornada por la confluencia de la izquierda en CyL - Izquierda Unida Cu\u00e9llar\" \/>\r\n<meta property=\"og:description\" content=\"La Asamblea de Izquierda Unida de la Comarca de Cu\u00e9llar particip\u00f3 ayer 30 de Marzo, junto con otr@s representantes y\" \/>\r\n<meta property=\"og:url\" content=\"https:\/\/www.iucuellar.org\/?p=3078\" \/>\r\n<meta property=\"og:site_name\" content=\"Izquierda Unida Cu\u00e9llar\" \/>\r\n<meta property=\"article:publisher\" content=\"https:\/\/www.facebook.com\/iucuellar\" \/>\r\n<meta property=\"article:published_time\" content=\"2019-03-31T15:51:11+00:00\" \/>\r\n<meta property=\"og:image\" content=\"https:\/\/i0.wp.com\/www.iucuellar.org\/public\/2019\/03\/photo5839133967809359774.jpg?fit=1280%2C960&ssl=1\" \/>\r\n\t<meta property=\"og:image:width\" content=\"1280\" \/>\r\n\t<meta property=\"og:image:height\" content=\"960\" \/>\r\n\t<meta property=\"og:image:type\" content=\"image\/jpeg\" \/>\r\n<meta name=\"author\" content=\"Comunicaci\u00f3n\" \/>\r\n<meta name=\"twitter:card\" content=\"summary_large_image\" \/>\r\n<meta name=\"twitter:creator\" content=\"@IU_CUELLAR\" \/>\r\n<meta name=\"twitter:site\" content=\"@IU_CUELLAR\" \/>\r\n<meta name=\"twitter:label1\" content=\"Escrito por\" \/>\n\t<meta name=\"twitter:data1\" content=\"Comunicaci\u00f3n\" \/>\n\t<meta name=\"twitter:label2\" content=\"Tiempo de lectura\" \/>\n\t<meta name=\"twitter:data2\" content=\"1 minuto\" \/>\r\n<script type=\"application\/ld+json\" class=\"yoast-schema-graph\">{\"@context\":\"https:\/\/schema.org\",\"@graph\":[{\"@type\":\"Article\",\"@id\":\"https:\/\/www.iucuellar.org\/?p=3078#article\",\"isPartOf\":{\"@id\":\"https:\/\/www.iucuellar.org\/?p=3078\"},\"author\":{\"name\":\"Comunicaci\u00f3n\",\"@id\":\"https:\/\/www.iucuellar.org\/#\/schema\/person\/0ed49683a220f525fdeb90989b5c672d\"},\"headline\":\"Asamblea de Izquierda Unida Cu\u00e9llar en la jornada por la confluencia de la izquierda en CyL\",\"datePublished\":\"2019-03-31T15:51:11+00:00\",\"dateModified\":\"2019-03-31T15:51:11+00:00\",\"mainEntityOfPage\":{\"@id\":\"https:\/\/www.iucuellar.org\/?p=3078\"},\"wordCount\":225,\"commentCount\":0,\"publisher\":{\"@id\":\"https:\/\/www.iucuellar.org\/#organization\"},\"image\":{\"@id\":\"https:\/\/www.iucuellar.org\/?p=3078#primaryimage\"},\"thumbnailUrl\":\"https:\/\/i0.wp.com\/www.iucuellar.org\/public\/2019\/03\/photo5839133967809359774.jpg?fit=1280%2C960&ssl=1\",\"articleSection\":[\"Elecciones\",\"Izquierda Unida\"],\"inLanguage\":\"es\",\"potentialAction\":[{\"@type\":\"CommentAction\",\"name\":\"Comment\",\"target\":[\"https:\/\/www.iucuellar.org\/?p=3078#respond\"]}]},{\"@type\":\"WebPage\",\"@id\":\"https:\/\/www.iucuellar.org\/?p=3078\",\"url\":\"https:\/\/www.iucuellar.org\/?p=3078\",\"name\":\"Asamblea de Izquierda Unida Cu\u00e9llar en la jornada por la confluencia de la izquierda en CyL - Izquierda Unida Cu\u00e9llar\",\"isPartOf\":{\"@id\":\"https:\/\/www.iucuellar.org\/#website\"},\"primaryImageOfPage\":{\"@id\":\"https:\/\/www.iucuellar.org\/?p=3078#primaryimage\"},\"image\":{\"@id\":\"https:\/\/www.iucuellar.org\/?p=3078#primaryimage\"},\"thumbnailUrl\":\"https:\/\/i0.wp.com\/www.iucuellar.org\/public\/2019\/03\/photo5839133967809359774.jpg?fit=1280%2C960&ssl=1\",\"datePublished\":\"2019-03-31T15:51:11+00:00\",\"dateModified\":\"2019-03-31T15:51:11+00:00\",\"breadcrumb\":{\"@id\":\"https:\/\/www.iucuellar.org\/?p=3078#breadcrumb\"},\"inLanguage\":\"es\",\"potentialAction\":[{\"@type\":\"ReadAction\",\"target\":[\"https:\/\/www.iucuellar.org\/?p=3078\"]}]},{\"@type\":\"ImageObject\",\"inLanguage\":\"es\",\"@id\":\"https:\/\/www.iucuellar.org\/?p=3078#primaryimage\",\"url\":\"https:\/\/i0.wp.com\/www.iucuellar.org\/public\/2019\/03\/photo5839133967809359774.jpg?fit=1280%2C960&ssl=1\",\"contentUrl\":\"https:\/\/i0.wp.com\/www.iucuellar.org\/public\/2019\/03\/photo5839133967809359774.jpg?fit=1280%2C960&ssl=1\",\"width\":1280,\"height\":960},{\"@type\":\"BreadcrumbList\",\"@id\":\"https:\/\/www.iucuellar.org\/?p=3078#breadcrumb\",\"itemListElement\":[{\"@type\":\"ListItem\",\"position\":1,\"name\":\"Inicio\",\"item\":\"https:\/\/www.iucuellar.org\/\"},{\"@type\":\"ListItem\",\"position\":2,\"name\":\"Asamblea de Izquierda Unida Cu\u00e9llar en la jornada por la confluencia de la izquierda en CyL\"}]},{\"@type\":\"WebSite\",\"@id\":\"https:\/\/www.iucuellar.org\/#website\",\"url\":\"https:\/\/www.iucuellar.org\/\",\"name\":\"Izquierda Unida Cu\u00e9llar y Comarca\",\"description\":\"Lugar de opini\u00f3n y discusi\u00f3n de la izquierda\",\"publisher\":{\"@id\":\"https:\/\/www.iucuellar.org\/#organization\"},\"potentialAction\":[{\"@type\":\"SearchAction\",\"target\":{\"@type\":\"EntryPoint\",\"urlTemplate\":\"https:\/\/www.iucuellar.org\/?s={search_term_string}\"},\"query-input\":\"required name=search_term_string\"}],\"inLanguage\":\"es\"},{\"@type\":\"Organization\",\"@id\":\"https:\/\/www.iucuellar.org\/#organization\",\"name\":\"IU CUELLAR\",\"url\":\"https:\/\/www.iucuellar.org\/\",\"logo\":{\"@type\":\"ImageObject\",\"inLanguage\":\"es\",\"@id\":\"https:\/\/www.iucuellar.org\/#\/schema\/logo\/image\/\",\"url\":\"https:\/\/i0.wp.com\/www.iucuellar.org\/public\/2022\/07\/cropped-avatar_redondo_Twitter.png?fit=512%2C512&ssl=1\",\"contentUrl\":\"https:\/\/i0.wp.com\/www.iucuellar.org\/public\/2022\/07\/cropped-avatar_redondo_Twitter.png?fit=512%2C512&ssl=1\",\"width\":512,\"height\":512,\"caption\":\"IU CUELLAR\"},\"image\":{\"@id\":\"https:\/\/www.iucuellar.org\/#\/schema\/logo\/image\/\"},\"sameAs\":[\"https:\/\/www.facebook.com\/iucuellar\",\"https:\/\/x.com\/IU_CUELLAR\",\"https:\/\/www.instagram.com\/iucuellar\/\",\"https:\/\/www.threads.net\/@iucuellar\"]},{\"@type\":\"Person\",\"@id\":\"https:\/\/www.iucuellar.org\/#\/schema\/person\/0ed49683a220f525fdeb90989b5c672d\",\"name\":\"Comunicaci\u00f3n\",\"image\":{\"@type\":\"ImageObject\",\"inLanguage\":\"es\",\"@id\":\"https:\/\/www.iucuellar.org\/#\/schema\/person\/image\/\",\"url\":\"https:\/\/secure.gravatar.com\/avatar\/1bb1e96b498ea4b5098098798744923e?s=96&d=mm&r=g\",\"contentUrl\":\"https:\/\/secure.gravatar.com\/avatar\/1bb1e96b498ea4b5098098798744923e?s=96&d=mm&r=g\",\"caption\":\"Comunicaci\u00f3n\"},\"url\":\"https:\/\/www.iucuellar.org\/?author=1\"}]}<\/script>\r\n<!-- \/ Yoast SEO plugin. -->","yoast_head_json":{"title":"Asamblea de Izquierda Unida Cu\u00e9llar en la jornada por la confluencia de la izquierda en CyL - Izquierda Unida Cu\u00e9llar","robots":{"index":"index","follow":"follow","max-snippet":"max-snippet:-1","max-image-preview":"max-image-preview:large","max-video-preview":"max-video-preview:-1"},"canonical":"https:\/\/www.iucuellar.org\/?p=3078","og_locale":"es_ES","og_type":"article","og_title":"Asamblea de Izquierda Unida Cu\u00e9llar en la jornada por la confluencia de la izquierda en CyL - Izquierda Unida Cu\u00e9llar","og_description":"La Asamblea de Izquierda Unida de la Comarca de Cu\u00e9llar particip\u00f3 ayer 30 de Marzo, junto con otr@s representantes y","og_url":"https:\/\/www.iucuellar.org\/?p=3078","og_site_name":"Izquierda Unida Cu\u00e9llar","article_publisher":"https:\/\/www.facebook.com\/iucuellar","article_published_time":"2019-03-31T15:51:11+00:00","og_image":[{"width":1280,"height":960,"url":"https:\/\/i0.wp.com\/www.iucuellar.org\/public\/2019\/03\/photo5839133967809359774.jpg?fit=1280%2C960&ssl=1","type":"image\/jpeg"}],"author":"Comunicaci\u00f3n","twitter_card":"summary_large_image","twitter_creator":"@IU_CUELLAR","twitter_site":"@IU_CUELLAR","twitter_misc":{"Escrito por":"Comunicaci\u00f3n","Tiempo de lectura":"1 minuto"},"schema":{"@context":"https:\/\/schema.org","@graph":[{"@type":"Article","@id":"https:\/\/www.iucuellar.org\/?p=3078#article","isPartOf":{"@id":"https:\/\/www.iucuellar.org\/?p=3078"},"author":{"name":"Comunicaci\u00f3n","@id":"https:\/\/www.iucuellar.org\/#\/schema\/person\/0ed49683a220f525fdeb90989b5c672d"},"headline":"Asamblea de Izquierda Unida Cu\u00e9llar en la jornada por la confluencia de la izquierda en CyL","datePublished":"2019-03-31T15:51:11+00:00","dateModified":"2019-03-31T15:51:11+00:00","mainEntityOfPage":{"@id":"https:\/\/www.iucuellar.org\/?p=3078"},"wordCount":225,"commentCount":0,"publisher":{"@id":"https:\/\/www.iucuellar.org\/#organization"},"image":{"@id":"https:\/\/www.iucuellar.org\/?p=3078#primaryimage"},"thumbnailUrl":"https:\/\/i0.wp.com\/www.iucuellar.org\/public\/2019\/03\/photo5839133967809359774.jpg?fit=1280%2C960&ssl=1","articleSection":["Elecciones","Izquierda Unida"],"inLanguage":"es","potentialAction":[{"@type":"CommentAction","name":"Comment","target":["https:\/\/www.iucuellar.org\/?p=3078#respond"]}]},{"@type":"WebPage","@id":"https:\/\/www.iucuellar.org\/?p=3078","url":"https:\/\/www.iucuellar.org\/?p=3078","name":"Asamblea de Izquierda Unida Cu\u00e9llar en la jornada por la confluencia de la izquierda en CyL - Izquierda Unida Cu\u00e9llar","isPartOf":{"@id":"https:\/\/www.iucuellar.org\/#website"},"primaryImageOfPage":{"@id":"https:\/\/www.iucuellar.org\/?p=3078#primaryimage"},"image":{"@id":"https:\/\/www.iucuellar.org\/?p=3078#primaryimage"},"thumbnailUrl":"https:\/\/i0.wp.com\/www.iucuellar.org\/public\/2019\/03\/photo5839133967809359774.jpg?fit=1280%2C960&ssl=1","datePublished":"2019-03-31T15:51:11+00:00","dateModified":"2019-03-31T15:51:11+00:00","breadcrumb":{"@id":"https:\/\/www.iucuellar.org\/?p=3078#breadcrumb"},"inLanguage":"es","potentialAction":[{"@type":"ReadAction","target":["https:\/\/www.iucuellar.org\/?p=3078"]}]},{"@type":"ImageObject","inLanguage":"es","@id":"https:\/\/www.iucuellar.org\/?p=3078#primaryimage","url":"https:\/\/i0.wp.com\/www.iucuellar.org\/public\/2019\/03\/photo5839133967809359774.jpg?fit=1280%2C960&ssl=1","contentUrl":"https:\/\/i0.wp.com\/www.iucuellar.org\/public\/2019\/03\/photo5839133967809359774.jpg?fit=1280%2C960&ssl=1","width":1280,"height":960},{"@type":"BreadcrumbList","@id":"https:\/\/www.iucuellar.org\/?p=3078#breadcrumb","itemListElement":[{"@type":"ListItem","position":1,"name":"Inicio","item":"https:\/\/www.iucuellar.org\/"},{"@type":"ListItem","position":2,"name":"Asamblea de Izquierda Unida Cu\u00e9llar en la jornada por la confluencia de la izquierda en CyL"}]},{"@type":"WebSite","@id":"https:\/\/www.iucuellar.org\/#website","url":"https:\/\/www.iucuellar.org\/","name":"Izquierda Unida Cu\u00e9llar y Comarca","description":"Lugar de opini\u00f3n y discusi\u00f3n de la izquierda","publisher":{"@id":"https:\/\/www.iucuellar.org\/#organization"},"potentialAction":[{"@type":"SearchAction","target":{"@type":"EntryPoint","urlTemplate":"https:\/\/www.iucuellar.org\/?s={search_term_string}"},"query-input":"required name=search_term_string"}],"inLanguage":"es"},{"@type":"Organization","@id":"https:\/\/www.iucuellar.org\/#organization","name":"IU CUELLAR","url":"https:\/\/www.iucuellar.org\/","logo":{"@type":"ImageObject","inLanguage":"es","@id":"https:\/\/www.iucuellar.org\/#\/schema\/logo\/image\/","url":"https:\/\/i0.wp.com\/www.iucuellar.org\/public\/2022\/07\/cropped-avatar_redondo_Twitter.png?fit=512%2C512&ssl=1","contentUrl":"https:\/\/i0.wp.com\/www.iucuellar.org\/public\/2022\/07\/cropped-avatar_redondo_Twitter.png?fit=512%2C512&ssl=1","width":512,"height":512,"caption":"IU CUELLAR"},"image":{"@id":"https:\/\/www.iucuellar.org\/#\/schema\/logo\/image\/"},"sameAs":["https:\/\/www.facebook.com\/iucuellar","https:\/\/x.com\/IU_CUELLAR","https:\/\/www.instagram.com\/iucuellar\/","https:\/\/www.threads.net\/@iucuellar"]},{"@type":"Person","@id":"https:\/\/www.iucuellar.org\/#\/schema\/person\/0ed49683a220f525fdeb90989b5c672d","name":"Comunicaci\u00f3n","image":{"@type":"ImageObject","inLanguage":"es","@id":"https:\/\/www.iucuellar.org\/#\/schema\/person\/image\/","url":"https:\/\/secure.gravatar.com\/avatar\/1bb1e96b498ea4b5098098798744923e?s=96&d=mm&r=g","contentUrl":"https:\/\/secure.gravatar.com\/avatar\/1bb1e96b498ea4b5098098798744923e?s=96&d=mm&r=g","caption":"Comunicaci\u00f3n"},"url":"https:\/\/www.iucuellar.org\/?author=1"}]}},"jetpack_featured_media_url":"https:\/\/i0.wp.com\/www.iucuellar.org\/public\/2019\/03\/photo5839133967809359774.jpg?fit=1280%2C960&ssl=1","jetpack_sharing_enabled":true,"jetpack_shortlink":"https:\/\/wp.me\/p8rn8P-NE","_links":{"self":[{"href":"https:\/\/www.iucuellar.org\/index.php?rest_route=\/wp\/v2\/posts\/3078"}],"collection":[{"href":"https:\/\/www.iucuellar.org\/index.php?rest_route=\/wp\/v2\/posts"}],"about":[{"href":"https:\/\/www.iucuellar.org\/index.php?rest_route=\/wp\/v2\/types\/post"}],"author":[{"embeddable":true,"href":"https:\/\/www.iucuellar.org\/index.php?rest_route=\/wp\/v2\/users\/1"}],"replies":[{"embeddable":true,"href":"https:\/\/www.iucuellar.org\/index.php?rest_route=%2Fwp%2Fv2%2Fcomments&post=3078"}],"version-history":[{"count":2,"href":"https:\/\/www.iucuellar.org\/index.php?rest_route=\/wp\/v2\/posts\/3078\/revisions"}],"predecessor-version":[{"id":3086,"href":"https:\/\/www.iucuellar.org\/index.php?rest_route=\/wp\/v2\/posts\/3078\/revisions\/3086"}],"wp:featuredmedia":[{"embeddable":true,"href":"https:\/\/www.iucuellar.org\/index.php?rest_route=\/wp\/v2\/media\/3082"}],"wp:attachment":[{"href":"https:\/\/www.iucuellar.org\/index.php?rest_route=%2Fwp%2Fv2%2Fmedia&parent=3078"}],"wp:term":[{"taxonomy":"category","embeddable":true,"href":"https:\/\/www.iucuellar.org\/index.php?rest_route=%2Fwp%2Fv2%2Fcategories&post=3078"},{"taxonomy":"post_tag","embeddable":true,"href":"https:\/\/www.iucuellar.org\/index.php?rest_route=%2Fwp%2Fv2%2Ftags&post=3078"}],"curies":[{"name":"wp","href":"https:\/\/api.w.org\/{rel}","templated":true}]}}