{"id":3160,"date":"2019-05-13T19:54:23","date_gmt":"2019-05-13T18:54:23","guid":{"rendered":"http:\/\/www.iucuellar.org\/?p=3160"},"modified":"2023-02-02T22:53:32","modified_gmt":"2023-02-02T21:53:32","slug":"propuestas-izquierda-unida-unidad-popular-2","status":"publish","type":"post","link":"https:\/\/www.iucuellar.org\/?p=3160","title":{"rendered":"Propuestas Izquierda Unida-Unidad Popular"},"content":{"rendered":"<p>Os mostramos el documento con nuestras propuestas para mejorar el municipio. Es un documento que tiene en cuenta las demandas de las vecinas y vecinos, que han querido ser participes de buscar soluciones a los problemas que todos y todas sufrimos en nuestro pueblo. Tambien puedes descargarlo desde &gt;&gt;<a href=\"https:\/\/www.iucuellar.org\/2019\/EleccionesMunicipales\/Programa_IU-UP.pdf\" target=\"_blank\" rel=\"noopener\"><strong><span style=\"color: #ff0000;\">AQUI<\/span><\/strong><\/a>&lt;&lt;<\/p>\n<div style=\"text-align: center;\">\n<div style=\"margin: 8px 0px 4px;\"><a href=\"https:\/\/www.calameo.com\/books\/0059159021beee8061cee\" target=\"_blank\" rel=\"noopener\" class=\"broken_link\">Programa Izquierda Unida-Unidad Popular<\/a><\/div>\n<p><iframe loading=\"lazy\" style=\"margin: 0 auto;\" src=\"\/\/v.calameo.com\/?bkcode=0059159021beee8061cee\" width=\"900\" height=\"594\" frameborder=\"0\" scrolling=\"no\" allowfullscreen=\"allowfullscreen\"><\/iframe><\/p>\n<div style=\"margin: 4px 0px 8px;\">&nbsp;<\/div>\n<\/div>\n<p>&nbsp;<\/p>\n","protected":false},"excerpt":{"rendered":"<p>Os mostramos el documento con nuestras propuestas para mejorar el municipio. Es un documento que tiene en cuenta las demandas<\/p>\n","protected":false},"author":1,"featured_media":3166,"comment_status":"open","ping_status":"open","sticky":false,"template":"","format":"standard","meta":{"sfsi_plus_gutenberg_text_before_share":"","sfsi_plus_gutenberg_show_text_before_share":"","sfsi_plus_gutenberg_icon_type":"","sfsi_plus_gutenberg_icon_alignemt":"","sfsi_plus_gutenburg_max_per_row":"","_exactmetrics_skip_tracking":false,"_exactmetrics_sitenote_active":false,"_exactmetrics_sitenote_note":"","_exactmetrics_sitenote_category":0,"ngg_post_thumbnail":0,"_jetpack_memberships_contains_paid_content":false,"footnotes":""},"categories":[18,24,21],"tags":[36,104,35,43,40,105,91],"yoast_head":"<!-- This site is optimized with the Yoast SEO plugin v22.9 - https:\/\/yoast.com\/wordpress\/plugins\/seo\/ -->\r\n<title>Propuestas Izquierda Unida-Unidad Popular - Izquierda Unida Cu\u00e9llar<\/title>\r\n<meta name=\"description\" content=\"Documento con las propuestas de Izquierda Unida para mejorar el municipio. Es un documento que tiene en cuenta las demandas de las vecinas y vecinos, que han querido ser participes de buscar soluciones a los problemas que todos\" \/>\r\n<meta name=\"robots\" content=\"index, follow, max-snippet:-1, max-image-preview:large, max-video-preview:-1\" \/>\r\n<link rel=\"canonical\" href=\"https:\/\/www.iucuellar.org\/?p=3160\" \/>\r\n<meta property=\"og:locale\" content=\"es_ES\" \/>\r\n<meta property=\"og:type\" content=\"article\" \/>\r\n<meta property=\"og:title\" content=\"Propuestas Izquierda Unida-Unidad Popular - Izquierda Unida Cu\u00e9llar\" \/>\r\n<meta property=\"og:description\" content=\"Documento con las propuestas de Izquierda Unida para mejorar el municipio. Es un documento que tiene en cuenta las demandas de las vecinas y vecinos, que han querido ser participes de buscar soluciones a los problemas que todos\" \/>\r\n<meta property=\"og:url\" content=\"https:\/\/www.iucuellar.org\/?p=3160\" \/>\r\n<meta property=\"og:site_name\" content=\"Izquierda Unida Cu\u00e9llar\" \/>\r\n<meta property=\"article:publisher\" content=\"https:\/\/www.facebook.com\/iucuellar\" \/>\r\n<meta property=\"article:published_time\" content=\"2019-05-13T18:54:23+00:00\" \/>\r\n<meta property=\"article:modified_time\" content=\"2023-02-02T21:53:32+00:00\" \/>\r\n<meta property=\"og:image\" content=\"https:\/\/www.iucuellar.org\/public\/2019\/05\/Portada_programa-1.jpg\" \/>\r\n\t<meta property=\"og:image:width\" content=\"4606\" \/>\r\n\t<meta property=\"og:image:height\" content=\"3826\" \/>\r\n\t<meta property=\"og:image:type\" content=\"image\/jpeg\" \/>\r\n<meta name=\"author\" content=\"Comunicaci\u00f3n\" \/>\r\n<meta name=\"twitter:card\" content=\"summary_large_image\" \/>\r\n<meta name=\"twitter:creator\" content=\"@IU_CUELLAR\" \/>\r\n<meta name=\"twitter:site\" content=\"@IU_CUELLAR\" \/>\r\n<meta name=\"twitter:label1\" content=\"Escrito por\" \/>\n\t<meta name=\"twitter:data1\" content=\"Comunicaci\u00f3n\" \/>\n\t<meta name=\"twitter:label2\" content=\"Tiempo de lectura\" \/>\n\t<meta name=\"twitter:data2\" content=\"1 minuto\" \/>\r\n<script type=\"application\/ld+json\" class=\"yoast-schema-graph\">{\"@context\":\"https:\/\/schema.org\",\"@graph\":[{\"@type\":\"Article\",\"@id\":\"https:\/\/www.iucuellar.org\/?p=3160#article\",\"isPartOf\":{\"@id\":\"https:\/\/www.iucuellar.org\/?p=3160\"},\"author\":{\"name\":\"Comunicaci\u00f3n\",\"@id\":\"https:\/\/www.iucuellar.org\/#\/schema\/person\/0ed49683a220f525fdeb90989b5c672d\"},\"headline\":\"Propuestas Izquierda Unida-Unidad Popular\",\"datePublished\":\"2019-05-13T18:54:23+00:00\",\"dateModified\":\"2023-02-02T21:53:32+00:00\",\"mainEntityOfPage\":{\"@id\":\"https:\/\/www.iucuellar.org\/?p=3160\"},\"wordCount\":63,\"commentCount\":0,\"publisher\":{\"@id\":\"https:\/\/www.iucuellar.org\/#organization\"},\"image\":{\"@id\":\"https:\/\/www.iucuellar.org\/?p=3160#primaryimage\"},\"thumbnailUrl\":\"https:\/\/i0.wp.com\/www.iucuellar.org\/public\/2019\/05\/Portada_programa-1.jpg?fit=4606%2C3826&ssl=1\",\"keywords\":[\"Ayuntamiento\",\"campa\u00f1a electoral\",\"Cuellar\",\"IU\",\"Izquierda Unida\",\"programa\",\"Segovia\"],\"articleSection\":[\"Campa\u00f1a electoral\",\"Elecciones\",\"Izquierda Unida\"],\"inLanguage\":\"es\",\"potentialAction\":[{\"@type\":\"CommentAction\",\"name\":\"Comment\",\"target\":[\"https:\/\/www.iucuellar.org\/?p=3160#respond\"]}]},{\"@type\":\"WebPage\",\"@id\":\"https:\/\/www.iucuellar.org\/?p=3160\",\"url\":\"https:\/\/www.iucuellar.org\/?p=3160\",\"name\":\"Propuestas Izquierda Unida-Unidad Popular - Izquierda Unida Cu\u00e9llar\",\"isPartOf\":{\"@id\":\"https:\/\/www.iucuellar.org\/#website\"},\"primaryImageOfPage\":{\"@id\":\"https:\/\/www.iucuellar.org\/?p=3160#primaryimage\"},\"image\":{\"@id\":\"https:\/\/www.iucuellar.org\/?p=3160#primaryimage\"},\"thumbnailUrl\":\"https:\/\/i0.wp.com\/www.iucuellar.org\/public\/2019\/05\/Portada_programa-1.jpg?fit=4606%2C3826&ssl=1\",\"datePublished\":\"2019-05-13T18:54:23+00:00\",\"dateModified\":\"2023-02-02T21:53:32+00:00\",\"description\":\"Documento con las propuestas de Izquierda Unida para mejorar el municipio. Es un documento que tiene en cuenta las demandas de las vecinas y vecinos, que han querido ser participes de buscar soluciones a los problemas que todos\",\"breadcrumb\":{\"@id\":\"https:\/\/www.iucuellar.org\/?p=3160#breadcrumb\"},\"inLanguage\":\"es\",\"potentialAction\":[{\"@type\":\"ReadAction\",\"target\":[\"https:\/\/www.iucuellar.org\/?p=3160\"]}]},{\"@type\":\"ImageObject\",\"inLanguage\":\"es\",\"@id\":\"https:\/\/www.iucuellar.org\/?p=3160#primaryimage\",\"url\":\"https:\/\/i0.wp.com\/www.iucuellar.org\/public\/2019\/05\/Portada_programa-1.jpg?fit=4606%2C3826&ssl=1\",\"contentUrl\":\"https:\/\/i0.wp.com\/www.iucuellar.org\/public\/2019\/05\/Portada_programa-1.jpg?fit=4606%2C3826&ssl=1\",\"width\":4606,\"height\":3826},{\"@type\":\"BreadcrumbList\",\"@id\":\"https:\/\/www.iucuellar.org\/?p=3160#breadcrumb\",\"itemListElement\":[{\"@type\":\"ListItem\",\"position\":1,\"name\":\"Inicio\",\"item\":\"https:\/\/www.iucuellar.org\/\"},{\"@type\":\"ListItem\",\"position\":2,\"name\":\"Propuestas Izquierda Unida-Unidad Popular\"}]},{\"@type\":\"WebSite\",\"@id\":\"https:\/\/www.iucuellar.org\/#website\",\"url\":\"https:\/\/www.iucuellar.org\/\",\"name\":\"Izquierda Unida Cu\u00e9llar y Comarca\",\"description\":\"Lugar de opini\u00f3n y discusi\u00f3n de la izquierda\",\"publisher\":{\"@id\":\"https:\/\/www.iucuellar.org\/#organization\"},\"potentialAction\":[{\"@type\":\"SearchAction\",\"target\":{\"@type\":\"EntryPoint\",\"urlTemplate\":\"https:\/\/www.iucuellar.org\/?s={search_term_string}\"},\"query-input\":\"required name=search_term_string\"}],\"inLanguage\":\"es\"},{\"@type\":\"Organization\",\"@id\":\"https:\/\/www.iucuellar.org\/#organization\",\"name\":\"IU CUELLAR\",\"url\":\"https:\/\/www.iucuellar.org\/\",\"logo\":{\"@type\":\"ImageObject\",\"inLanguage\":\"es\",\"@id\":\"https:\/\/www.iucuellar.org\/#\/schema\/logo\/image\/\",\"url\":\"https:\/\/i0.wp.com\/www.iucuellar.org\/public\/2022\/07\/cropped-avatar_redondo_Twitter.png?fit=512%2C512&ssl=1\",\"contentUrl\":\"https:\/\/i0.wp.com\/www.iucuellar.org\/public\/2022\/07\/cropped-avatar_redondo_Twitter.png?fit=512%2C512&ssl=1\",\"width\":512,\"height\":512,\"caption\":\"IU CUELLAR\"},\"image\":{\"@id\":\"https:\/\/www.iucuellar.org\/#\/schema\/logo\/image\/\"},\"sameAs\":[\"https:\/\/www.facebook.com\/iucuellar\",\"https:\/\/x.com\/IU_CUELLAR\",\"https:\/\/www.instagram.com\/iucuellar\/\",\"https:\/\/www.threads.net\/@iucuellar\"]},{\"@type\":\"Person\",\"@id\":\"https:\/\/www.iucuellar.org\/#\/schema\/person\/0ed49683a220f525fdeb90989b5c672d\",\"name\":\"Comunicaci\u00f3n\",\"image\":{\"@type\":\"ImageObject\",\"inLanguage\":\"es\",\"@id\":\"https:\/\/www.iucuellar.org\/#\/schema\/person\/image\/\",\"url\":\"https:\/\/secure.gravatar.com\/avatar\/1bb1e96b498ea4b5098098798744923e?s=96&d=mm&r=g\",\"contentUrl\":\"https:\/\/secure.gravatar.com\/avatar\/1bb1e96b498ea4b5098098798744923e?s=96&d=mm&r=g\",\"caption\":\"Comunicaci\u00f3n\"},\"url\":\"https:\/\/www.iucuellar.org\/?author=1\"}]}<\/script>\r\n<!-- \/ Yoast SEO plugin. -->","yoast_head_json":{"title":"Propuestas Izquierda Unida-Unidad Popular - Izquierda Unida Cu\u00e9llar","description":"Documento con las propuestas de Izquierda Unida para mejorar el municipio. Es un documento que tiene en cuenta las demandas de las vecinas y vecinos, que han querido ser participes de buscar soluciones a los problemas que todos","robots":{"index":"index","follow":"follow","max-snippet":"max-snippet:-1","max-image-preview":"max-image-preview:large","max-video-preview":"max-video-preview:-1"},"canonical":"https:\/\/www.iucuellar.org\/?p=3160","og_locale":"es_ES","og_type":"article","og_title":"Propuestas Izquierda Unida-Unidad Popular - Izquierda Unida Cu\u00e9llar","og_description":"Documento con las propuestas de Izquierda Unida para mejorar el municipio. Es un documento que tiene en cuenta las demandas de las vecinas y vecinos, que han querido ser participes de buscar soluciones a los problemas que todos","og_url":"https:\/\/www.iucuellar.org\/?p=3160","og_site_name":"Izquierda Unida Cu\u00e9llar","article_publisher":"https:\/\/www.facebook.com\/iucuellar","article_published_time":"2019-05-13T18:54:23+00:00","article_modified_time":"2023-02-02T21:53:32+00:00","og_image":[{"width":4606,"height":3826,"url":"https:\/\/www.iucuellar.org\/public\/2019\/05\/Portada_programa-1.jpg","type":"image\/jpeg"}],"author":"Comunicaci\u00f3n","twitter_card":"summary_large_image","twitter_creator":"@IU_CUELLAR","twitter_site":"@IU_CUELLAR","twitter_misc":{"Escrito por":"Comunicaci\u00f3n","Tiempo de lectura":"1 minuto"},"schema":{"@context":"https:\/\/schema.org","@graph":[{"@type":"Article","@id":"https:\/\/www.iucuellar.org\/?p=3160#article","isPartOf":{"@id":"https:\/\/www.iucuellar.org\/?p=3160"},"author":{"name":"Comunicaci\u00f3n","@id":"https:\/\/www.iucuellar.org\/#\/schema\/person\/0ed49683a220f525fdeb90989b5c672d"},"headline":"Propuestas Izquierda Unida-Unidad Popular","datePublished":"2019-05-13T18:54:23+00:00","dateModified":"2023-02-02T21:53:32+00:00","mainEntityOfPage":{"@id":"https:\/\/www.iucuellar.org\/?p=3160"},"wordCount":63,"commentCount":0,"publisher":{"@id":"https:\/\/www.iucuellar.org\/#organization"},"image":{"@id":"https:\/\/www.iucuellar.org\/?p=3160#primaryimage"},"thumbnailUrl":"https:\/\/i0.wp.com\/www.iucuellar.org\/public\/2019\/05\/Portada_programa-1.jpg?fit=4606%2C3826&ssl=1","keywords":["Ayuntamiento","campa\u00f1a electoral","Cuellar","IU","Izquierda Unida","programa","Segovia"],"articleSection":["Campa\u00f1a electoral","Elecciones","Izquierda Unida"],"inLanguage":"es","potentialAction":[{"@type":"CommentAction","name":"Comment","target":["https:\/\/www.iucuellar.org\/?p=3160#respond"]}]},{"@type":"WebPage","@id":"https:\/\/www.iucuellar.org\/?p=3160","url":"https:\/\/www.iucuellar.org\/?p=3160","name":"Propuestas Izquierda Unida-Unidad Popular - Izquierda Unida Cu\u00e9llar","isPartOf":{"@id":"https:\/\/www.iucuellar.org\/#website"},"primaryImageOfPage":{"@id":"https:\/\/www.iucuellar.org\/?p=3160#primaryimage"},"image":{"@id":"https:\/\/www.iucuellar.org\/?p=3160#primaryimage"},"thumbnailUrl":"https:\/\/i0.wp.com\/www.iucuellar.org\/public\/2019\/05\/Portada_programa-1.jpg?fit=4606%2C3826&ssl=1","datePublished":"2019-05-13T18:54:23+00:00","dateModified":"2023-02-02T21:53:32+00:00","description":"Documento con las propuestas de Izquierda Unida para mejorar el municipio. Es un documento que tiene en cuenta las demandas de las vecinas y vecinos, que han querido ser participes de buscar soluciones a los problemas que todos","breadcrumb":{"@id":"https:\/\/www.iucuellar.org\/?p=3160#breadcrumb"},"inLanguage":"es","potentialAction":[{"@type":"ReadAction","target":["https:\/\/www.iucuellar.org\/?p=3160"]}]},{"@type":"ImageObject","inLanguage":"es","@id":"https:\/\/www.iucuellar.org\/?p=3160#primaryimage","url":"https:\/\/i0.wp.com\/www.iucuellar.org\/public\/2019\/05\/Portada_programa-1.jpg?fit=4606%2C3826&ssl=1","contentUrl":"https:\/\/i0.wp.com\/www.iucuellar.org\/public\/2019\/05\/Portada_programa-1.jpg?fit=4606%2C3826&ssl=1","width":4606,"height":3826},{"@type":"BreadcrumbList","@id":"https:\/\/www.iucuellar.org\/?p=3160#breadcrumb","itemListElement":[{"@type":"ListItem","position":1,"name":"Inicio","item":"https:\/\/www.iucuellar.org\/"},{"@type":"ListItem","position":2,"name":"Propuestas Izquierda Unida-Unidad Popular"}]},{"@type":"WebSite","@id":"https:\/\/www.iucuellar.org\/#website","url":"https:\/\/www.iucuellar.org\/","name":"Izquierda Unida Cu\u00e9llar y Comarca","description":"Lugar de opini\u00f3n y discusi\u00f3n de la izquierda","publisher":{"@id":"https:\/\/www.iucuellar.org\/#organization"},"potentialAction":[{"@type":"SearchAction","target":{"@type":"EntryPoint","urlTemplate":"https:\/\/www.iucuellar.org\/?s={search_term_string}"},"query-input":"required name=search_term_string"}],"inLanguage":"es"},{"@type":"Organization","@id":"https:\/\/www.iucuellar.org\/#organization","name":"IU CUELLAR","url":"https:\/\/www.iucuellar.org\/","logo":{"@type":"ImageObject","inLanguage":"es","@id":"https:\/\/www.iucuellar.org\/#\/schema\/logo\/image\/","url":"https:\/\/i0.wp.com\/www.iucuellar.org\/public\/2022\/07\/cropped-avatar_redondo_Twitter.png?fit=512%2C512&ssl=1","contentUrl":"https:\/\/i0.wp.com\/www.iucuellar.org\/public\/2022\/07\/cropped-avatar_redondo_Twitter.png?fit=512%2C512&ssl=1","width":512,"height":512,"caption":"IU CUELLAR"},"image":{"@id":"https:\/\/www.iucuellar.org\/#\/schema\/logo\/image\/"},"sameAs":["https:\/\/www.facebook.com\/iucuellar","https:\/\/x.com\/IU_CUELLAR","https:\/\/www.instagram.com\/iucuellar\/","https:\/\/www.threads.net\/@iucuellar"]},{"@type":"Person","@id":"https:\/\/www.iucuellar.org\/#\/schema\/person\/0ed49683a220f525fdeb90989b5c672d","name":"Comunicaci\u00f3n","image":{"@type":"ImageObject","inLanguage":"es","@id":"https:\/\/www.iucuellar.org\/#\/schema\/person\/image\/","url":"https:\/\/secure.gravatar.com\/avatar\/1bb1e96b498ea4b5098098798744923e?s=96&d=mm&r=g","contentUrl":"https:\/\/secure.gravatar.com\/avatar\/1bb1e96b498ea4b5098098798744923e?s=96&d=mm&r=g","caption":"Comunicaci\u00f3n"},"url":"https:\/\/www.iucuellar.org\/?author=1"}]}},"jetpack_featured_media_url":"https:\/\/i0.wp.com\/www.iucuellar.org\/public\/2019\/05\/Portada_programa-1.jpg?fit=4606%2C3826&ssl=1","jetpack_sharing_enabled":true,"jetpack_shortlink":"https:\/\/wp.me\/p8rn8P-OY","_links":{"self":[{"href":"https:\/\/www.iucuellar.org\/index.php?rest_route=\/wp\/v2\/posts\/3160"}],"collection":[{"href":"https:\/\/www.iucuellar.org\/index.php?rest_route=\/wp\/v2\/posts"}],"about":[{"href":"https:\/\/www.iucuellar.org\/index.php?rest_route=\/wp\/v2\/types\/post"}],"author":[{"embeddable":true,"href":"https:\/\/www.iucuellar.org\/index.php?rest_route=\/wp\/v2\/users\/1"}],"replies":[{"embeddable":true,"href":"https:\/\/www.iucuellar.org\/index.php?rest_route=%2Fwp%2Fv2%2Fcomments&post=3160"}],"version-history":[{"count":8,"href":"https:\/\/www.iucuellar.org\/index.php?rest_route=\/wp\/v2\/posts\/3160\/revisions"}],"predecessor-version":[{"id":4143,"href":"https:\/\/www.iucuellar.org\/index.php?rest_route=\/wp\/v2\/posts\/3160\/revisions\/4143"}],"wp:featuredmedia":[{"embeddable":true,"href":"https:\/\/www.iucuellar.org\/index.php?rest_route=\/wp\/v2\/media\/3166"}],"wp:attachment":[{"href":"https:\/\/www.iucuellar.org\/index.php?rest_route=%2Fwp%2Fv2%2Fmedia&parent=3160"}],"wp:term":[{"taxonomy":"category","embeddable":true,"href":"https:\/\/www.iucuellar.org\/index.php?rest_route=%2Fwp%2Fv2%2Fcategories&post=3160"},{"taxonomy":"post_tag","embeddable":true,"href":"https:\/\/www.iucuellar.org\/index.php?rest_route=%2Fwp%2Fv2%2Ftags&post=3160"}],"curies":[{"name":"wp","href":"https:\/\/api.w.org\/{rel}","templated":true}]}}