{"id":317,"date":"2011-06-11T21:22:48","date_gmt":"2011-06-11T19:22:48","guid":{"rendered":"http:\/\/www.iucuellar.org\/seddna\/?p=317"},"modified":"2022-10-24T19:54:34","modified_gmt":"2022-10-24T17:54:34","slug":"nueva-legislatura","status":"publish","type":"post","link":"https:\/\/www.iucuellar.org\/?p=317","title":{"rendered":"Nueva legislatura"},"content":{"rendered":"<p style=\"text-align: center;\"><object width=\"425\" height=\"350\" classid=\"clsid:d27cdb6e-ae6d-11cf-96b8-444553540000\" codebase=\"http:\/\/download.macromedia.com\/pub\/shockwave\/cabs\/flash\/swflash.cab#version=6,0,40,0\"><param name=\"src\" value=\"http:\/\/www.youtube.com\/v\/mreS8M67jk8\"><\/object><\/p>\n<p style=\"text-align: left;\">Con la promesa del cargo de los concejales ha comenzado la nueva legislatura en el Ayuntamiento de Cu\u00e9llar. Los dos concejales de Izquierda Unida trabajaremos desde la oposici\u00f3n con el entusiasmo y respeto que nos merece el saber que nuestra labor de estos \u00faltimos cuatro a\u00f1os ha sido reconocida por un mayor n\u00famero de personas en las pasadas elecciones.<\/p>\n<p style=\"text-align: center;\"><img loading=\"lazy\" decoding=\"async\" class=\"aligncenter\" src=\"https:\/\/i0.wp.com\/www.iucuellar.org\/images\/2011Elecciones\/InicioLegislatura.jpg?resize=499%2C139&#038;ssl=1\" alt=\"\" width=\"499\" height=\"139\"  data-recalc-dims=\"1\"><\/p>\n","protected":false},"excerpt":{"rendered":"<p>Con la promesa del cargo de los concejales ha comenzado la nueva legislatura en el Ayuntamiento de Cu\u00e9llar. Los dos<\/p>\n","protected":false},"author":1,"featured_media":0,"comment_status":"closed","ping_status":"closed","sticky":false,"template":"","format":"standard","meta":{"sfsi_plus_gutenberg_text_before_share":"","sfsi_plus_gutenberg_show_text_before_share":"","sfsi_plus_gutenberg_icon_type":"","sfsi_plus_gutenberg_icon_alignemt":"","sfsi_plus_gutenburg_max_per_row":"","_exactmetrics_skip_tracking":false,"_exactmetrics_sitenote_active":false,"_exactmetrics_sitenote_note":"","_exactmetrics_sitenote_category":0,"ngg_post_thumbnail":0,"_jetpack_memberships_contains_paid_content":false,"footnotes":""},"categories":[21],"tags":[],"yoast_head":"<!-- This site is optimized with the Yoast SEO plugin v22.9 - https:\/\/yoast.com\/wordpress\/plugins\/seo\/ -->\r\n<title>Nueva legislatura - Izquierda Unida Cu\u00e9llar<\/title>\r\n<meta name=\"description\" content=\"Con la promesa del cargo de los concejales ha comenzado la nueva legislatura en el Ayuntamiento de Cu\u00e9llar.\" \/>\r\n<meta name=\"robots\" content=\"index, follow, max-snippet:-1, max-image-preview:large, max-video-preview:-1\" \/>\r\n<link rel=\"canonical\" href=\"https:\/\/www.iucuellar.org\/?p=317\" \/>\r\n<meta property=\"og:locale\" content=\"es_ES\" \/>\r\n<meta property=\"og:type\" content=\"article\" \/>\r\n<meta property=\"og:title\" content=\"Nueva legislatura - Izquierda Unida Cu\u00e9llar\" \/>\r\n<meta property=\"og:description\" content=\"Con la promesa del cargo de los concejales ha comenzado la nueva legislatura en el Ayuntamiento de Cu\u00e9llar.\" \/>\r\n<meta property=\"og:url\" content=\"https:\/\/www.iucuellar.org\/?p=317\" \/>\r\n<meta property=\"og:site_name\" content=\"Izquierda Unida Cu\u00e9llar\" \/>\r\n<meta property=\"article:publisher\" content=\"https:\/\/www.facebook.com\/iucuellar\" \/>\r\n<meta property=\"article:published_time\" content=\"2011-06-11T19:22:48+00:00\" \/>\r\n<meta property=\"article:modified_time\" content=\"2022-10-24T17:54:34+00:00\" \/>\r\n<meta property=\"og:image\" content=\"http:\/\/www.iucuellar.org\/images\/2011Elecciones\/InicioLegislatura.jpg\" \/>\r\n<meta name=\"author\" content=\"Comunicaci\u00f3n\" \/>\r\n<meta name=\"twitter:card\" content=\"summary_large_image\" \/>\r\n<meta name=\"twitter:creator\" content=\"@IU_CUELLAR\" \/>\r\n<meta name=\"twitter:site\" content=\"@IU_CUELLAR\" \/>\r\n<meta name=\"twitter:label1\" content=\"Escrito por\" \/>\n\t<meta name=\"twitter:data1\" content=\"Comunicaci\u00f3n\" \/>\n\t<meta name=\"twitter:label2\" content=\"Tiempo de lectura\" \/>\n\t<meta name=\"twitter:data2\" content=\"1 minuto\" \/>\r\n<script type=\"application\/ld+json\" class=\"yoast-schema-graph\">{\"@context\":\"https:\/\/schema.org\",\"@graph\":[{\"@type\":\"Article\",\"@id\":\"https:\/\/www.iucuellar.org\/?p=317#article\",\"isPartOf\":{\"@id\":\"https:\/\/www.iucuellar.org\/?p=317\"},\"author\":{\"name\":\"Comunicaci\u00f3n\",\"@id\":\"https:\/\/www.iucuellar.org\/#\/schema\/person\/0ed49683a220f525fdeb90989b5c672d\"},\"headline\":\"Nueva legislatura\",\"datePublished\":\"2011-06-11T19:22:48+00:00\",\"dateModified\":\"2022-10-24T17:54:34+00:00\",\"mainEntityOfPage\":{\"@id\":\"https:\/\/www.iucuellar.org\/?p=317\"},\"wordCount\":65,\"publisher\":{\"@id\":\"https:\/\/www.iucuellar.org\/#organization\"},\"image\":{\"@id\":\"https:\/\/www.iucuellar.org\/?p=317#primaryimage\"},\"thumbnailUrl\":\"http:\/\/www.iucuellar.org\/images\/2011Elecciones\/InicioLegislatura.jpg\",\"articleSection\":[\"Izquierda Unida\"],\"inLanguage\":\"es\"},{\"@type\":\"WebPage\",\"@id\":\"https:\/\/www.iucuellar.org\/?p=317\",\"url\":\"https:\/\/www.iucuellar.org\/?p=317\",\"name\":\"Nueva legislatura - Izquierda Unida Cu\u00e9llar\",\"isPartOf\":{\"@id\":\"https:\/\/www.iucuellar.org\/#website\"},\"primaryImageOfPage\":{\"@id\":\"https:\/\/www.iucuellar.org\/?p=317#primaryimage\"},\"image\":{\"@id\":\"https:\/\/www.iucuellar.org\/?p=317#primaryimage\"},\"thumbnailUrl\":\"http:\/\/www.iucuellar.org\/images\/2011Elecciones\/InicioLegislatura.jpg\",\"datePublished\":\"2011-06-11T19:22:48+00:00\",\"dateModified\":\"2022-10-24T17:54:34+00:00\",\"description\":\"Con la promesa del cargo de los concejales ha comenzado la nueva legislatura en el Ayuntamiento de Cu\u00e9llar.\",\"breadcrumb\":{\"@id\":\"https:\/\/www.iucuellar.org\/?p=317#breadcrumb\"},\"inLanguage\":\"es\",\"potentialAction\":[{\"@type\":\"ReadAction\",\"target\":[\"https:\/\/www.iucuellar.org\/?p=317\"]}]},{\"@type\":\"ImageObject\",\"inLanguage\":\"es\",\"@id\":\"https:\/\/www.iucuellar.org\/?p=317#primaryimage\",\"url\":\"http:\/\/www.iucuellar.org\/images\/2011Elecciones\/InicioLegislatura.jpg\",\"contentUrl\":\"http:\/\/www.iucuellar.org\/images\/2011Elecciones\/InicioLegislatura.jpg\"},{\"@type\":\"BreadcrumbList\",\"@id\":\"https:\/\/www.iucuellar.org\/?p=317#breadcrumb\",\"itemListElement\":[{\"@type\":\"ListItem\",\"position\":1,\"name\":\"Inicio\",\"item\":\"https:\/\/www.iucuellar.org\/\"},{\"@type\":\"ListItem\",\"position\":2,\"name\":\"Nueva legislatura\"}]},{\"@type\":\"WebSite\",\"@id\":\"https:\/\/www.iucuellar.org\/#website\",\"url\":\"https:\/\/www.iucuellar.org\/\",\"name\":\"Izquierda Unida Cu\u00e9llar y Comarca\",\"description\":\"Lugar de opini\u00f3n y discusi\u00f3n de la izquierda\",\"publisher\":{\"@id\":\"https:\/\/www.iucuellar.org\/#organization\"},\"potentialAction\":[{\"@type\":\"SearchAction\",\"target\":{\"@type\":\"EntryPoint\",\"urlTemplate\":\"https:\/\/www.iucuellar.org\/?s={search_term_string}\"},\"query-input\":\"required name=search_term_string\"}],\"inLanguage\":\"es\"},{\"@type\":\"Organization\",\"@id\":\"https:\/\/www.iucuellar.org\/#organization\",\"name\":\"IU CUELLAR\",\"url\":\"https:\/\/www.iucuellar.org\/\",\"logo\":{\"@type\":\"ImageObject\",\"inLanguage\":\"es\",\"@id\":\"https:\/\/www.iucuellar.org\/#\/schema\/logo\/image\/\",\"url\":\"https:\/\/i0.wp.com\/www.iucuellar.org\/public\/2022\/07\/cropped-avatar_redondo_Twitter.png?fit=512%2C512&ssl=1\",\"contentUrl\":\"https:\/\/i0.wp.com\/www.iucuellar.org\/public\/2022\/07\/cropped-avatar_redondo_Twitter.png?fit=512%2C512&ssl=1\",\"width\":512,\"height\":512,\"caption\":\"IU CUELLAR\"},\"image\":{\"@id\":\"https:\/\/www.iucuellar.org\/#\/schema\/logo\/image\/\"},\"sameAs\":[\"https:\/\/www.facebook.com\/iucuellar\",\"https:\/\/x.com\/IU_CUELLAR\",\"https:\/\/www.instagram.com\/iucuellar\/\",\"https:\/\/www.threads.net\/@iucuellar\"]},{\"@type\":\"Person\",\"@id\":\"https:\/\/www.iucuellar.org\/#\/schema\/person\/0ed49683a220f525fdeb90989b5c672d\",\"name\":\"Comunicaci\u00f3n\",\"image\":{\"@type\":\"ImageObject\",\"inLanguage\":\"es\",\"@id\":\"https:\/\/www.iucuellar.org\/#\/schema\/person\/image\/\",\"url\":\"https:\/\/secure.gravatar.com\/avatar\/1bb1e96b498ea4b5098098798744923e?s=96&d=mm&r=g\",\"contentUrl\":\"https:\/\/secure.gravatar.com\/avatar\/1bb1e96b498ea4b5098098798744923e?s=96&d=mm&r=g\",\"caption\":\"Comunicaci\u00f3n\"},\"url\":\"https:\/\/www.iucuellar.org\/?author=1\"}]}<\/script>\r\n<!-- \/ Yoast SEO plugin. -->","yoast_head_json":{"title":"Nueva legislatura - Izquierda Unida Cu\u00e9llar","description":"Con la promesa del cargo de los concejales ha comenzado la nueva legislatura en el Ayuntamiento de Cu\u00e9llar.","robots":{"index":"index","follow":"follow","max-snippet":"max-snippet:-1","max-image-preview":"max-image-preview:large","max-video-preview":"max-video-preview:-1"},"canonical":"https:\/\/www.iucuellar.org\/?p=317","og_locale":"es_ES","og_type":"article","og_title":"Nueva legislatura - Izquierda Unida Cu\u00e9llar","og_description":"Con la promesa del cargo de los concejales ha comenzado la nueva legislatura en el Ayuntamiento de Cu\u00e9llar.","og_url":"https:\/\/www.iucuellar.org\/?p=317","og_site_name":"Izquierda Unida Cu\u00e9llar","article_publisher":"https:\/\/www.facebook.com\/iucuellar","article_published_time":"2011-06-11T19:22:48+00:00","article_modified_time":"2022-10-24T17:54:34+00:00","og_image":[{"url":"http:\/\/www.iucuellar.org\/images\/2011Elecciones\/InicioLegislatura.jpg"}],"author":"Comunicaci\u00f3n","twitter_card":"summary_large_image","twitter_creator":"@IU_CUELLAR","twitter_site":"@IU_CUELLAR","twitter_misc":{"Escrito por":"Comunicaci\u00f3n","Tiempo de lectura":"1 minuto"},"schema":{"@context":"https:\/\/schema.org","@graph":[{"@type":"Article","@id":"https:\/\/www.iucuellar.org\/?p=317#article","isPartOf":{"@id":"https:\/\/www.iucuellar.org\/?p=317"},"author":{"name":"Comunicaci\u00f3n","@id":"https:\/\/www.iucuellar.org\/#\/schema\/person\/0ed49683a220f525fdeb90989b5c672d"},"headline":"Nueva legislatura","datePublished":"2011-06-11T19:22:48+00:00","dateModified":"2022-10-24T17:54:34+00:00","mainEntityOfPage":{"@id":"https:\/\/www.iucuellar.org\/?p=317"},"wordCount":65,"publisher":{"@id":"https:\/\/www.iucuellar.org\/#organization"},"image":{"@id":"https:\/\/www.iucuellar.org\/?p=317#primaryimage"},"thumbnailUrl":"http:\/\/www.iucuellar.org\/images\/2011Elecciones\/InicioLegislatura.jpg","articleSection":["Izquierda Unida"],"inLanguage":"es"},{"@type":"WebPage","@id":"https:\/\/www.iucuellar.org\/?p=317","url":"https:\/\/www.iucuellar.org\/?p=317","name":"Nueva legislatura - Izquierda Unida Cu\u00e9llar","isPartOf":{"@id":"https:\/\/www.iucuellar.org\/#website"},"primaryImageOfPage":{"@id":"https:\/\/www.iucuellar.org\/?p=317#primaryimage"},"image":{"@id":"https:\/\/www.iucuellar.org\/?p=317#primaryimage"},"thumbnailUrl":"http:\/\/www.iucuellar.org\/images\/2011Elecciones\/InicioLegislatura.jpg","datePublished":"2011-06-11T19:22:48+00:00","dateModified":"2022-10-24T17:54:34+00:00","description":"Con la promesa del cargo de los concejales ha comenzado la nueva legislatura en el Ayuntamiento de Cu\u00e9llar.","breadcrumb":{"@id":"https:\/\/www.iucuellar.org\/?p=317#breadcrumb"},"inLanguage":"es","potentialAction":[{"@type":"ReadAction","target":["https:\/\/www.iucuellar.org\/?p=317"]}]},{"@type":"ImageObject","inLanguage":"es","@id":"https:\/\/www.iucuellar.org\/?p=317#primaryimage","url":"http:\/\/www.iucuellar.org\/images\/2011Elecciones\/InicioLegislatura.jpg","contentUrl":"http:\/\/www.iucuellar.org\/images\/2011Elecciones\/InicioLegislatura.jpg"},{"@type":"BreadcrumbList","@id":"https:\/\/www.iucuellar.org\/?p=317#breadcrumb","itemListElement":[{"@type":"ListItem","position":1,"name":"Inicio","item":"https:\/\/www.iucuellar.org\/"},{"@type":"ListItem","position":2,"name":"Nueva legislatura"}]},{"@type":"WebSite","@id":"https:\/\/www.iucuellar.org\/#website","url":"https:\/\/www.iucuellar.org\/","name":"Izquierda Unida Cu\u00e9llar y Comarca","description":"Lugar de opini\u00f3n y discusi\u00f3n de la izquierda","publisher":{"@id":"https:\/\/www.iucuellar.org\/#organization"},"potentialAction":[{"@type":"SearchAction","target":{"@type":"EntryPoint","urlTemplate":"https:\/\/www.iucuellar.org\/?s={search_term_string}"},"query-input":"required name=search_term_string"}],"inLanguage":"es"},{"@type":"Organization","@id":"https:\/\/www.iucuellar.org\/#organization","name":"IU CUELLAR","url":"https:\/\/www.iucuellar.org\/","logo":{"@type":"ImageObject","inLanguage":"es","@id":"https:\/\/www.iucuellar.org\/#\/schema\/logo\/image\/","url":"https:\/\/i0.wp.com\/www.iucuellar.org\/public\/2022\/07\/cropped-avatar_redondo_Twitter.png?fit=512%2C512&ssl=1","contentUrl":"https:\/\/i0.wp.com\/www.iucuellar.org\/public\/2022\/07\/cropped-avatar_redondo_Twitter.png?fit=512%2C512&ssl=1","width":512,"height":512,"caption":"IU CUELLAR"},"image":{"@id":"https:\/\/www.iucuellar.org\/#\/schema\/logo\/image\/"},"sameAs":["https:\/\/www.facebook.com\/iucuellar","https:\/\/x.com\/IU_CUELLAR","https:\/\/www.instagram.com\/iucuellar\/","https:\/\/www.threads.net\/@iucuellar"]},{"@type":"Person","@id":"https:\/\/www.iucuellar.org\/#\/schema\/person\/0ed49683a220f525fdeb90989b5c672d","name":"Comunicaci\u00f3n","image":{"@type":"ImageObject","inLanguage":"es","@id":"https:\/\/www.iucuellar.org\/#\/schema\/person\/image\/","url":"https:\/\/secure.gravatar.com\/avatar\/1bb1e96b498ea4b5098098798744923e?s=96&d=mm&r=g","contentUrl":"https:\/\/secure.gravatar.com\/avatar\/1bb1e96b498ea4b5098098798744923e?s=96&d=mm&r=g","caption":"Comunicaci\u00f3n"},"url":"https:\/\/www.iucuellar.org\/?author=1"}]}},"jetpack_featured_media_url":"","jetpack_sharing_enabled":true,"jetpack_shortlink":"https:\/\/wp.me\/p8rn8P-57","_links":{"self":[{"href":"https:\/\/www.iucuellar.org\/index.php?rest_route=\/wp\/v2\/posts\/317"}],"collection":[{"href":"https:\/\/www.iucuellar.org\/index.php?rest_route=\/wp\/v2\/posts"}],"about":[{"href":"https:\/\/www.iucuellar.org\/index.php?rest_route=\/wp\/v2\/types\/post"}],"author":[{"embeddable":true,"href":"https:\/\/www.iucuellar.org\/index.php?rest_route=\/wp\/v2\/users\/1"}],"replies":[{"embeddable":true,"href":"https:\/\/www.iucuellar.org\/index.php?rest_route=%2Fwp%2Fv2%2Fcomments&post=317"}],"version-history":[{"count":5,"href":"https:\/\/www.iucuellar.org\/index.php?rest_route=\/wp\/v2\/posts\/317\/revisions"}],"predecessor-version":[{"id":3945,"href":"https:\/\/www.iucuellar.org\/index.php?rest_route=\/wp\/v2\/posts\/317\/revisions\/3945"}],"wp:attachment":[{"href":"https:\/\/www.iucuellar.org\/index.php?rest_route=%2Fwp%2Fv2%2Fmedia&parent=317"}],"wp:term":[{"taxonomy":"category","embeddable":true,"href":"https:\/\/www.iucuellar.org\/index.php?rest_route=%2Fwp%2Fv2%2Fcategories&post=317"},{"taxonomy":"post_tag","embeddable":true,"href":"https:\/\/www.iucuellar.org\/index.php?rest_route=%2Fwp%2Fv2%2Ftags&post=317"}],"curies":[{"name":"wp","href":"https:\/\/api.w.org\/{rel}","templated":true}]}}