{"id":3187,"date":"2019-07-09T12:32:33","date_gmt":"2019-07-09T11:32:33","guid":{"rendered":"http:\/\/www.iucuellar.org\/?p=3187"},"modified":"2023-01-27T17:21:38","modified_gmt":"2023-01-27T16:21:38","slug":"izquierda-unida-por-la-transparencia","status":"publish","type":"post","link":"https:\/\/www.iucuellar.org\/?p=3187","title":{"rendered":"Izquierda Unida por la transparencia"},"content":{"rendered":"<p>Desde la Asamblea Comarcal de Izquierda Unida, en favor de la transparencia y compromiso adquirido con la ciudadan\u00eda, queremos dar explicaciones sobre el trabajo que van a realizar nuestras concejalas en el Ayuntamiento as\u00ed como la remuneraci\u00f3n econ\u00f3mica que van a percibir.<\/p>\n<p>Luc\u00eda Arranz esta liberada al cien por cien para el Ayuntamiento de Cu\u00e9llar no pudiendo realizar trabajos remunerados en otras empresas, en legislaturas anteriores la liberaci\u00f3n al ser parcial los realizaban en otras empresas o en la suya propia; su sueldo ser\u00e1 de 30.000\u20ac brutos anuales en 14 pagas y el salario neto despu\u00e9s de los descuentos de IRPF y SS ser\u00e1 de 1631,40\u20ac mensuales. Seg\u00fan la carta financiera aprobada en la Asamblea de Izquierda Unida CyL, deber\u00e1 aportar a la organizaci\u00f3n 130,50\u20ac por lo que finalmente percibir\u00e1 por una dedicaci\u00f3n a tiempo completo 1500\u20ac mensuales y de esto otra parte aportar\u00e1 a la Asamblea Comarcal.<\/p>\n<p><img loading=\"lazy\" decoding=\"async\" class=\"aligncenter wp-image-3181\" src=\"https:\/\/i0.wp.com\/www.iucuellar.org\/public\/2019\/07\/fotoiu.jpg?resize=800%2C533&#038;ssl=1\" alt=\"\" width=\"800\" height=\"533\" srcset=\"https:\/\/i0.wp.com\/www.iucuellar.org\/public\/2019\/07\/fotoiu.jpg?w=6000&amp;ssl=1 6000w, https:\/\/i0.wp.com\/www.iucuellar.org\/public\/2019\/07\/fotoiu.jpg?resize=300%2C200&amp;ssl=1 300w, https:\/\/i0.wp.com\/www.iucuellar.org\/public\/2019\/07\/fotoiu.jpg?resize=768%2C512&amp;ssl=1 768w, https:\/\/i0.wp.com\/www.iucuellar.org\/public\/2019\/07\/fotoiu.jpg?resize=1024%2C683&amp;ssl=1 1024w, https:\/\/i0.wp.com\/www.iucuellar.org\/public\/2019\/07\/fotoiu.jpg?w=1600&amp;ssl=1 1600w, https:\/\/i0.wp.com\/www.iucuellar.org\/public\/2019\/07\/fotoiu.jpg?w=2400&amp;ssl=1 2400w\" sizes=\"(max-width: 800px) 100vw, 800px\" data-recalc-dims=\"1\" \/><\/p>\n<p>El sueldo que recibir\u00e1 pensamos que es justo por la responsabilidad que adquiere y el trabajo que va a desarrollar durante los pr\u00f3ximos cuatro a\u00f1os debido a la carga de trabajo que tiene la concejal\u00eda de la que es responsable (Personal, Gesti\u00f3n de Servicios P\u00fablicos, Juventud y Voluntariado). Se gestionar\u00e1 y se pondr\u00e1 orden en cada uno de los contratos existentes y futuros, se crear\u00e1n nuevas bolsas de trabajo, se eliminar\u00e1n las contrataciones \u201ca dedo\u201d y se ir\u00e1n cubriendo progresivamente las plazas vacantes de personal seg\u00fan permita la ley. Con esto se pretende tener una plantilla lo m\u00e1s estable posible y dignificar los puestos de trabajo del personal. Se trabajar\u00e1 en la creaci\u00f3n de una empresa municipal para la gesti\u00f3n directa de servicios como la limpieza<br \/>\nde colegios y locales municipales, piscinas, albergue o gesti\u00f3n del agua entre otros y as\u00ed conseguir un ahorro importante para el Ayuntamiento y una mejora importante de estos. Esta posible gesti\u00f3n directa siempre ir\u00e1 acompa\u00f1ada de los correspondientes informes. Se dar\u00e1 un vuelco a la Casa Joven y se contar\u00e1 con la juventud en los temas que le afecten.<\/p>\n<p>Montserrat Sanz gestionar\u00e1 la concejal\u00eda de Mujer e Igualdad, Asuntos Sociales y Participaci\u00f3n Ciudadana. Formar\u00e1 parte de distintas Comisiones, la Junta de Portavoces y Junta de Gobierno, tambi\u00e9n ser\u00e1 la representante del Ayuntamiento en Honorse Tierra de Pinares, Cruz Roja y el Consejo de Salud. Se ir\u00e1 dando progresivamente participaci\u00f3n en los asuntos municipales a la ciudadan\u00eda, en el tema social tendr\u00e1 prioridad lo colectivo frente a lo individual y poco que decir sobre mujer e igualdad de una mujer que lleva a\u00f1os involucrada en la lucha por la igualdad.<\/p>\n<p>La remuneraci\u00f3n que recibir\u00e1 ser\u00e1 la misma que la del resto de concejales por asistencia a Comisiones y \u00d3rganos Colegiados. La aportaci\u00f3n econ\u00f3mica que realice la determinar\u00e1 la Asamblea Comarcal, hasta ahora ha oscilado desde el 100 y el 50%, dependiendo de la situaci\u00f3n econ\u00f3mica de la asamblea y de la persona. El dinero aportado por los distintos concejales de IU es empleado en sufragar los gastos que conlleva la organizaci\u00f3n de los eventos que venimos realizando a lo largo de los a\u00f1os.<\/p>\n<p>El trabajo realizado por ambas concejalas contar\u00e1 con el apoyo del resto del equipo de gobierno y tambi\u00e9n ellas colaborar\u00e1n en el resto de \u00e1reas, puesto que se ha creado un solo equipo con un proyecto de cambio a cuatro a\u00f1os. Desde Izquierda Unida estamos abiertos a la colaboraci\u00f3n y cr\u00edticas por parte de la ciudadan\u00eda siempre que estas sean desde el respeto y sean constructivas como creemos que desde esta organizaci\u00f3n lo hemos hecho hasta ahora.<\/p>\n","protected":false},"excerpt":{"rendered":"<p>Desde la Asamblea Comarcal de Izquierda Unida, en favor de la transparencia y compromiso adquirido con la ciudadan\u00eda, queremos dar<\/p>\n","protected":false},"author":1,"featured_media":3191,"comment_status":"open","ping_status":"open","sticky":false,"template":"","format":"standard","meta":{"sfsi_plus_gutenberg_text_before_share":"","sfsi_plus_gutenberg_show_text_before_share":"","sfsi_plus_gutenberg_icon_type":"","sfsi_plus_gutenberg_icon_alignemt":"","sfsi_plus_gutenburg_max_per_row":"","_exactmetrics_skip_tracking":false,"_exactmetrics_sitenote_active":false,"_exactmetrics_sitenote_note":"","_exactmetrics_sitenote_category":0,"ngg_post_thumbnail":0,"_jetpack_memberships_contains_paid_content":false,"footnotes":""},"categories":[21],"tags":[36,73,35,43,40,69,74],"yoast_head":"<!-- This site is optimized with the Yoast SEO plugin v22.9 - https:\/\/yoast.com\/wordpress\/plugins\/seo\/ -->\r\n<title>Izquierda Unida por la transparencia - Izquierda Unida Cu\u00e9llar<\/title>\r\n<meta name=\"description\" content=\"Desde la Asamblea Comarcal de Izquierda Unida, en favor de la transparencia y compromiso adquirido con la ciudadan\u00eda, queremos dar explicaciones sobre el trabajo que van a realizar nuestras concejalas en el Ayuntamiento as\u00ed como la remuneraci\u00f3n econ\u00f3mica que van a percibir.\" \/>\r\n<meta name=\"robots\" content=\"index, follow, max-snippet:-1, max-image-preview:large, max-video-preview:-1\" \/>\r\n<link rel=\"canonical\" href=\"https:\/\/www.iucuellar.org\/?p=3187\" \/>\r\n<meta property=\"og:locale\" content=\"es_ES\" \/>\r\n<meta property=\"og:type\" content=\"article\" \/>\r\n<meta property=\"og:title\" content=\"Izquierda Unida por la transparencia - Izquierda Unida Cu\u00e9llar\" \/>\r\n<meta property=\"og:description\" content=\"Desde la Asamblea Comarcal de Izquierda Unida, en favor de la transparencia y compromiso adquirido con la ciudadan\u00eda, queremos dar explicaciones sobre el trabajo que van a realizar nuestras concejalas en el Ayuntamiento as\u00ed como la remuneraci\u00f3n econ\u00f3mica que van a percibir.\" \/>\r\n<meta property=\"og:url\" content=\"https:\/\/www.iucuellar.org\/?p=3187\" \/>\r\n<meta property=\"og:site_name\" content=\"Izquierda Unida Cu\u00e9llar\" \/>\r\n<meta property=\"article:publisher\" content=\"https:\/\/www.facebook.com\/iucuellar\" \/>\r\n<meta property=\"article:published_time\" content=\"2019-07-09T11:32:33+00:00\" \/>\r\n<meta property=\"article:modified_time\" content=\"2023-01-27T16:21:38+00:00\" \/>\r\n<meta property=\"og:image\" content=\"https:\/\/www.iucuellar.org\/public\/2019\/07\/IMG-20190617-WA0006.jpg\" \/>\r\n\t<meta property=\"og:image:width\" content=\"1600\" \/>\r\n\t<meta property=\"og:image:height\" content=\"1066\" \/>\r\n\t<meta property=\"og:image:type\" content=\"image\/jpeg\" \/>\r\n<meta name=\"author\" content=\"Comunicaci\u00f3n\" \/>\r\n<meta name=\"twitter:card\" content=\"summary_large_image\" \/>\r\n<meta name=\"twitter:creator\" content=\"@IU_CUELLAR\" \/>\r\n<meta name=\"twitter:site\" content=\"@IU_CUELLAR\" \/>\r\n<meta name=\"twitter:label1\" content=\"Escrito por\" \/>\n\t<meta name=\"twitter:data1\" content=\"Comunicaci\u00f3n\" \/>\n\t<meta name=\"twitter:label2\" content=\"Tiempo de lectura\" \/>\n\t<meta name=\"twitter:data2\" content=\"3 minutos\" \/>\r\n<script type=\"application\/ld+json\" class=\"yoast-schema-graph\">{\"@context\":\"https:\/\/schema.org\",\"@graph\":[{\"@type\":\"Article\",\"@id\":\"https:\/\/www.iucuellar.org\/?p=3187#article\",\"isPartOf\":{\"@id\":\"https:\/\/www.iucuellar.org\/?p=3187\"},\"author\":{\"name\":\"Comunicaci\u00f3n\",\"@id\":\"https:\/\/www.iucuellar.org\/#\/schema\/person\/0ed49683a220f525fdeb90989b5c672d\"},\"headline\":\"Izquierda Unida por la transparencia\",\"datePublished\":\"2019-07-09T11:32:33+00:00\",\"dateModified\":\"2023-01-27T16:21:38+00:00\",\"mainEntityOfPage\":{\"@id\":\"https:\/\/www.iucuellar.org\/?p=3187\"},\"wordCount\":626,\"commentCount\":0,\"publisher\":{\"@id\":\"https:\/\/www.iucuellar.org\/#organization\"},\"image\":{\"@id\":\"https:\/\/www.iucuellar.org\/?p=3187#primaryimage\"},\"thumbnailUrl\":\"https:\/\/i0.wp.com\/www.iucuellar.org\/public\/2019\/07\/IMG-20190617-WA0006.jpg?fit=1600%2C1066&ssl=1\",\"keywords\":[\"Ayuntamiento\",\"Concejalia\",\"Cuellar\",\"IU\",\"Izquierda Unida\",\"Plenos\",\"transparencia\"],\"articleSection\":[\"Izquierda Unida\"],\"inLanguage\":\"es\",\"potentialAction\":[{\"@type\":\"CommentAction\",\"name\":\"Comment\",\"target\":[\"https:\/\/www.iucuellar.org\/?p=3187#respond\"]}]},{\"@type\":\"WebPage\",\"@id\":\"https:\/\/www.iucuellar.org\/?p=3187\",\"url\":\"https:\/\/www.iucuellar.org\/?p=3187\",\"name\":\"Izquierda Unida por la transparencia - Izquierda Unida Cu\u00e9llar\",\"isPartOf\":{\"@id\":\"https:\/\/www.iucuellar.org\/#website\"},\"primaryImageOfPage\":{\"@id\":\"https:\/\/www.iucuellar.org\/?p=3187#primaryimage\"},\"image\":{\"@id\":\"https:\/\/www.iucuellar.org\/?p=3187#primaryimage\"},\"thumbnailUrl\":\"https:\/\/i0.wp.com\/www.iucuellar.org\/public\/2019\/07\/IMG-20190617-WA0006.jpg?fit=1600%2C1066&ssl=1\",\"datePublished\":\"2019-07-09T11:32:33+00:00\",\"dateModified\":\"2023-01-27T16:21:38+00:00\",\"description\":\"Desde la Asamblea Comarcal de Izquierda Unida, en favor de la transparencia y compromiso adquirido con la ciudadan\u00eda, queremos dar explicaciones sobre el trabajo que van a realizar nuestras concejalas en el Ayuntamiento as\u00ed como la remuneraci\u00f3n econ\u00f3mica que van a percibir.\",\"breadcrumb\":{\"@id\":\"https:\/\/www.iucuellar.org\/?p=3187#breadcrumb\"},\"inLanguage\":\"es\",\"potentialAction\":[{\"@type\":\"ReadAction\",\"target\":[\"https:\/\/www.iucuellar.org\/?p=3187\"]}]},{\"@type\":\"ImageObject\",\"inLanguage\":\"es\",\"@id\":\"https:\/\/www.iucuellar.org\/?p=3187#primaryimage\",\"url\":\"https:\/\/i0.wp.com\/www.iucuellar.org\/public\/2019\/07\/IMG-20190617-WA0006.jpg?fit=1600%2C1066&ssl=1\",\"contentUrl\":\"https:\/\/i0.wp.com\/www.iucuellar.org\/public\/2019\/07\/IMG-20190617-WA0006.jpg?fit=1600%2C1066&ssl=1\",\"width\":1600,\"height\":1066},{\"@type\":\"BreadcrumbList\",\"@id\":\"https:\/\/www.iucuellar.org\/?p=3187#breadcrumb\",\"itemListElement\":[{\"@type\":\"ListItem\",\"position\":1,\"name\":\"Inicio\",\"item\":\"https:\/\/www.iucuellar.org\/\"},{\"@type\":\"ListItem\",\"position\":2,\"name\":\"Izquierda Unida por la transparencia\"}]},{\"@type\":\"WebSite\",\"@id\":\"https:\/\/www.iucuellar.org\/#website\",\"url\":\"https:\/\/www.iucuellar.org\/\",\"name\":\"Izquierda Unida Cu\u00e9llar y Comarca\",\"description\":\"Lugar de opini\u00f3n y discusi\u00f3n de la izquierda\",\"publisher\":{\"@id\":\"https:\/\/www.iucuellar.org\/#organization\"},\"potentialAction\":[{\"@type\":\"SearchAction\",\"target\":{\"@type\":\"EntryPoint\",\"urlTemplate\":\"https:\/\/www.iucuellar.org\/?s={search_term_string}\"},\"query-input\":\"required name=search_term_string\"}],\"inLanguage\":\"es\"},{\"@type\":\"Organization\",\"@id\":\"https:\/\/www.iucuellar.org\/#organization\",\"name\":\"IU CUELLAR\",\"url\":\"https:\/\/www.iucuellar.org\/\",\"logo\":{\"@type\":\"ImageObject\",\"inLanguage\":\"es\",\"@id\":\"https:\/\/www.iucuellar.org\/#\/schema\/logo\/image\/\",\"url\":\"https:\/\/i0.wp.com\/www.iucuellar.org\/public\/2022\/07\/cropped-avatar_redondo_Twitter.png?fit=512%2C512&ssl=1\",\"contentUrl\":\"https:\/\/i0.wp.com\/www.iucuellar.org\/public\/2022\/07\/cropped-avatar_redondo_Twitter.png?fit=512%2C512&ssl=1\",\"width\":512,\"height\":512,\"caption\":\"IU CUELLAR\"},\"image\":{\"@id\":\"https:\/\/www.iucuellar.org\/#\/schema\/logo\/image\/\"},\"sameAs\":[\"https:\/\/www.facebook.com\/iucuellar\",\"https:\/\/x.com\/IU_CUELLAR\",\"https:\/\/www.instagram.com\/iucuellar\/\",\"https:\/\/www.threads.net\/@iucuellar\"]},{\"@type\":\"Person\",\"@id\":\"https:\/\/www.iucuellar.org\/#\/schema\/person\/0ed49683a220f525fdeb90989b5c672d\",\"name\":\"Comunicaci\u00f3n\",\"image\":{\"@type\":\"ImageObject\",\"inLanguage\":\"es\",\"@id\":\"https:\/\/www.iucuellar.org\/#\/schema\/person\/image\/\",\"url\":\"https:\/\/secure.gravatar.com\/avatar\/1bb1e96b498ea4b5098098798744923e?s=96&d=mm&r=g\",\"contentUrl\":\"https:\/\/secure.gravatar.com\/avatar\/1bb1e96b498ea4b5098098798744923e?s=96&d=mm&r=g\",\"caption\":\"Comunicaci\u00f3n\"},\"url\":\"https:\/\/www.iucuellar.org\/?author=1\"}]}<\/script>\r\n<!-- \/ Yoast SEO plugin. -->","yoast_head_json":{"title":"Izquierda Unida por la transparencia - Izquierda Unida Cu\u00e9llar","description":"Desde la Asamblea Comarcal de Izquierda Unida, en favor de la transparencia y compromiso adquirido con la ciudadan\u00eda, queremos dar explicaciones sobre el trabajo que van a realizar nuestras concejalas en el Ayuntamiento as\u00ed como la remuneraci\u00f3n econ\u00f3mica que van a percibir.","robots":{"index":"index","follow":"follow","max-snippet":"max-snippet:-1","max-image-preview":"max-image-preview:large","max-video-preview":"max-video-preview:-1"},"canonical":"https:\/\/www.iucuellar.org\/?p=3187","og_locale":"es_ES","og_type":"article","og_title":"Izquierda Unida por la transparencia - Izquierda Unida Cu\u00e9llar","og_description":"Desde la Asamblea Comarcal de Izquierda Unida, en favor de la transparencia y compromiso adquirido con la ciudadan\u00eda, queremos dar explicaciones sobre el trabajo que van a realizar nuestras concejalas en el Ayuntamiento as\u00ed como la remuneraci\u00f3n econ\u00f3mica que van a percibir.","og_url":"https:\/\/www.iucuellar.org\/?p=3187","og_site_name":"Izquierda Unida Cu\u00e9llar","article_publisher":"https:\/\/www.facebook.com\/iucuellar","article_published_time":"2019-07-09T11:32:33+00:00","article_modified_time":"2023-01-27T16:21:38+00:00","og_image":[{"width":1600,"height":1066,"url":"https:\/\/www.iucuellar.org\/public\/2019\/07\/IMG-20190617-WA0006.jpg","type":"image\/jpeg"}],"author":"Comunicaci\u00f3n","twitter_card":"summary_large_image","twitter_creator":"@IU_CUELLAR","twitter_site":"@IU_CUELLAR","twitter_misc":{"Escrito por":"Comunicaci\u00f3n","Tiempo de lectura":"3 minutos"},"schema":{"@context":"https:\/\/schema.org","@graph":[{"@type":"Article","@id":"https:\/\/www.iucuellar.org\/?p=3187#article","isPartOf":{"@id":"https:\/\/www.iucuellar.org\/?p=3187"},"author":{"name":"Comunicaci\u00f3n","@id":"https:\/\/www.iucuellar.org\/#\/schema\/person\/0ed49683a220f525fdeb90989b5c672d"},"headline":"Izquierda Unida por la transparencia","datePublished":"2019-07-09T11:32:33+00:00","dateModified":"2023-01-27T16:21:38+00:00","mainEntityOfPage":{"@id":"https:\/\/www.iucuellar.org\/?p=3187"},"wordCount":626,"commentCount":0,"publisher":{"@id":"https:\/\/www.iucuellar.org\/#organization"},"image":{"@id":"https:\/\/www.iucuellar.org\/?p=3187#primaryimage"},"thumbnailUrl":"https:\/\/i0.wp.com\/www.iucuellar.org\/public\/2019\/07\/IMG-20190617-WA0006.jpg?fit=1600%2C1066&ssl=1","keywords":["Ayuntamiento","Concejalia","Cuellar","IU","Izquierda Unida","Plenos","transparencia"],"articleSection":["Izquierda Unida"],"inLanguage":"es","potentialAction":[{"@type":"CommentAction","name":"Comment","target":["https:\/\/www.iucuellar.org\/?p=3187#respond"]}]},{"@type":"WebPage","@id":"https:\/\/www.iucuellar.org\/?p=3187","url":"https:\/\/www.iucuellar.org\/?p=3187","name":"Izquierda Unida por la transparencia - Izquierda Unida Cu\u00e9llar","isPartOf":{"@id":"https:\/\/www.iucuellar.org\/#website"},"primaryImageOfPage":{"@id":"https:\/\/www.iucuellar.org\/?p=3187#primaryimage"},"image":{"@id":"https:\/\/www.iucuellar.org\/?p=3187#primaryimage"},"thumbnailUrl":"https:\/\/i0.wp.com\/www.iucuellar.org\/public\/2019\/07\/IMG-20190617-WA0006.jpg?fit=1600%2C1066&ssl=1","datePublished":"2019-07-09T11:32:33+00:00","dateModified":"2023-01-27T16:21:38+00:00","description":"Desde la Asamblea Comarcal de Izquierda Unida, en favor de la transparencia y compromiso adquirido con la ciudadan\u00eda, queremos dar explicaciones sobre el trabajo que van a realizar nuestras concejalas en el Ayuntamiento as\u00ed como la remuneraci\u00f3n econ\u00f3mica que van a percibir.","breadcrumb":{"@id":"https:\/\/www.iucuellar.org\/?p=3187#breadcrumb"},"inLanguage":"es","potentialAction":[{"@type":"ReadAction","target":["https:\/\/www.iucuellar.org\/?p=3187"]}]},{"@type":"ImageObject","inLanguage":"es","@id":"https:\/\/www.iucuellar.org\/?p=3187#primaryimage","url":"https:\/\/i0.wp.com\/www.iucuellar.org\/public\/2019\/07\/IMG-20190617-WA0006.jpg?fit=1600%2C1066&ssl=1","contentUrl":"https:\/\/i0.wp.com\/www.iucuellar.org\/public\/2019\/07\/IMG-20190617-WA0006.jpg?fit=1600%2C1066&ssl=1","width":1600,"height":1066},{"@type":"BreadcrumbList","@id":"https:\/\/www.iucuellar.org\/?p=3187#breadcrumb","itemListElement":[{"@type":"ListItem","position":1,"name":"Inicio","item":"https:\/\/www.iucuellar.org\/"},{"@type":"ListItem","position":2,"name":"Izquierda Unida por la transparencia"}]},{"@type":"WebSite","@id":"https:\/\/www.iucuellar.org\/#website","url":"https:\/\/www.iucuellar.org\/","name":"Izquierda Unida Cu\u00e9llar y Comarca","description":"Lugar de opini\u00f3n y discusi\u00f3n de la izquierda","publisher":{"@id":"https:\/\/www.iucuellar.org\/#organization"},"potentialAction":[{"@type":"SearchAction","target":{"@type":"EntryPoint","urlTemplate":"https:\/\/www.iucuellar.org\/?s={search_term_string}"},"query-input":"required name=search_term_string"}],"inLanguage":"es"},{"@type":"Organization","@id":"https:\/\/www.iucuellar.org\/#organization","name":"IU CUELLAR","url":"https:\/\/www.iucuellar.org\/","logo":{"@type":"ImageObject","inLanguage":"es","@id":"https:\/\/www.iucuellar.org\/#\/schema\/logo\/image\/","url":"https:\/\/i0.wp.com\/www.iucuellar.org\/public\/2022\/07\/cropped-avatar_redondo_Twitter.png?fit=512%2C512&ssl=1","contentUrl":"https:\/\/i0.wp.com\/www.iucuellar.org\/public\/2022\/07\/cropped-avatar_redondo_Twitter.png?fit=512%2C512&ssl=1","width":512,"height":512,"caption":"IU CUELLAR"},"image":{"@id":"https:\/\/www.iucuellar.org\/#\/schema\/logo\/image\/"},"sameAs":["https:\/\/www.facebook.com\/iucuellar","https:\/\/x.com\/IU_CUELLAR","https:\/\/www.instagram.com\/iucuellar\/","https:\/\/www.threads.net\/@iucuellar"]},{"@type":"Person","@id":"https:\/\/www.iucuellar.org\/#\/schema\/person\/0ed49683a220f525fdeb90989b5c672d","name":"Comunicaci\u00f3n","image":{"@type":"ImageObject","inLanguage":"es","@id":"https:\/\/www.iucuellar.org\/#\/schema\/person\/image\/","url":"https:\/\/secure.gravatar.com\/avatar\/1bb1e96b498ea4b5098098798744923e?s=96&d=mm&r=g","contentUrl":"https:\/\/secure.gravatar.com\/avatar\/1bb1e96b498ea4b5098098798744923e?s=96&d=mm&r=g","caption":"Comunicaci\u00f3n"},"url":"https:\/\/www.iucuellar.org\/?author=1"}]}},"jetpack_featured_media_url":"https:\/\/i0.wp.com\/www.iucuellar.org\/public\/2019\/07\/IMG-20190617-WA0006.jpg?fit=1600%2C1066&ssl=1","jetpack_sharing_enabled":true,"jetpack_shortlink":"https:\/\/wp.me\/p8rn8P-Pp","_links":{"self":[{"href":"https:\/\/www.iucuellar.org\/index.php?rest_route=\/wp\/v2\/posts\/3187"}],"collection":[{"href":"https:\/\/www.iucuellar.org\/index.php?rest_route=\/wp\/v2\/posts"}],"about":[{"href":"https:\/\/www.iucuellar.org\/index.php?rest_route=\/wp\/v2\/types\/post"}],"author":[{"embeddable":true,"href":"https:\/\/www.iucuellar.org\/index.php?rest_route=\/wp\/v2\/users\/1"}],"replies":[{"embeddable":true,"href":"https:\/\/www.iucuellar.org\/index.php?rest_route=%2Fwp%2Fv2%2Fcomments&post=3187"}],"version-history":[{"count":3,"href":"https:\/\/www.iucuellar.org\/index.php?rest_route=\/wp\/v2\/posts\/3187\/revisions"}],"predecessor-version":[{"id":3190,"href":"https:\/\/www.iucuellar.org\/index.php?rest_route=\/wp\/v2\/posts\/3187\/revisions\/3190"}],"wp:featuredmedia":[{"embeddable":true,"href":"https:\/\/www.iucuellar.org\/index.php?rest_route=\/wp\/v2\/media\/3191"}],"wp:attachment":[{"href":"https:\/\/www.iucuellar.org\/index.php?rest_route=%2Fwp%2Fv2%2Fmedia&parent=3187"}],"wp:term":[{"taxonomy":"category","embeddable":true,"href":"https:\/\/www.iucuellar.org\/index.php?rest_route=%2Fwp%2Fv2%2Fcategories&post=3187"},{"taxonomy":"post_tag","embeddable":true,"href":"https:\/\/www.iucuellar.org\/index.php?rest_route=%2Fwp%2Fv2%2Ftags&post=3187"}],"curies":[{"name":"wp","href":"https:\/\/api.w.org\/{rel}","templated":true}]}}