{"id":3193,"date":"2019-07-26T11:36:30","date_gmt":"2019-07-26T10:36:30","guid":{"rendered":"http:\/\/www.iucuellar.org\/?p=3193"},"modified":"2019-07-25T22:50:04","modified_gmt":"2019-07-25T21:50:04","slug":"exposicion-atravesados-por-la-guerra","status":"publish","type":"post","link":"https:\/\/www.iucuellar.org\/?p=3193","title":{"rendered":"Exposici\u00f3n &#8220;Atravesados por la guerra&#8221;"},"content":{"rendered":"<p>El 30 de julio de 1966 el ministro Oriol firm\u00f3 la disposici\u00f3n de cierre del Penal y sanatorio antituberculoso del Castillo de Cu\u00e9llar, que fue cedido en 1938 por el Duque de Alburquerque (Miguel Osorio y Martos, XVIII duque) a los sublevados franquistas contra la Rep\u00fablica Espa\u00f1ola para que sirviera de prisi\u00f3n.<\/p>\n<p>Y durante todos estos a\u00f1os cumpli\u00f3 su misi\u00f3n de prisi\u00f3n de guerra-prisi\u00f3n pol\u00edtica, pues en ella fueron encarcelados por sus ideales democr\u00e1ticos y fidelidad a la Rep\u00fablica Espa\u00f1ola miles de espa\u00f1oles, muchos de ellos perdieron aqu\u00ed su vida.<\/p>\n<p>A las malas condiciones que reun\u00eda el castillo como c\u00e1rcel hay que sumar las escasas y muy deficientes condiciones higi\u00e9nicas y sanitarias que ten\u00edan que soportar, el hacinamiento en que viv\u00edan y las vejaciones a que fueron sometidos.<\/p>\n<p>En el 53 aniversario del cierre del Penal del Castillo de Cu\u00e9llar rendimos homenaje a todas la personas que injustamente estuvieron reclu\u00eddas en \u00e9l y seguimos creyendo que un lugar tan emblem\u00e1tico de nuestro municipio no puede seguir ocultando a sus visitantes que tambi\u00e9n fue un lugar de represi\u00f3n fascista para miles de personas defensoras de la legalidad democr\u00e1tica republicana, para lo cual seguiremos reivindicando la instalaci\u00f3n de la escultura en homenaje \u201cA LOS REPRESALIADOS DEL FRANQUISMO QUE CUMPLIERON PENA EN ESTE CASTILLO\u201d.<\/p>\n<p>La historia olvidada de Espa\u00f1a es la historia de los represaliados del franquismo, primero durante la dictatura y a la muerte del dictador, durante la transici\u00f3n, con un pacto de silencio impuesto con la excusa de poder seguir adelante.<\/p>\n<p>Para luchar contra este olvido hoy ponemos un granito de arena y gracias a la colaboraci\u00f3n de la Asociaci\u00f3n para la recuperaci\u00f3n de la Memoria Hist\u00f3rica podremos ver en Cu\u00e9llar la exposici\u00f3n \u201cAtravesados por la guerra\u201d de Silvina Caudo<\/p>\n<p>Desde el 30 de julio al 6 de agosto, en la Biblioteca Municipal<br \/>\nC\/Escuelas Viejas no 9<br \/>\nCu\u00e9llar (Segovia)<br \/>\nLunes a viernes de 19 a 21:30 horas<br \/>\nS\u00e1bado y domingo de 12 a 14 y de 19 a 21:30<br \/>\nEl d\u00eda 30 de julio contaremos para la inauguraci\u00f3n de la exposici\u00f3n con Emilio Silva, presidente y fundador de la Asociaci\u00f3n para la Recuperaci\u00f3n de la Memoria Hist\u00f3rica.<\/p>\n<p><a href=\"https:\/\/i0.wp.com\/www.iucuellar.org\/public\/2019\/07\/Cartel-2.jpg?ssl=1\" target=\"_blank\" rel=\"noopener\"><img loading=\"lazy\" decoding=\"async\" class=\"aligncenter wp-image-3194 size-large\" src=\"https:\/\/i0.wp.com\/www.iucuellar.org\/public\/2019\/07\/Cartel-2.jpg?resize=724%2C1024&#038;ssl=1\" alt=\"\" width=\"724\" height=\"1024\" srcset=\"https:\/\/i0.wp.com\/www.iucuellar.org\/public\/2019\/07\/Cartel-2.jpg?resize=724%2C1024&amp;ssl=1 724w, https:\/\/i0.wp.com\/www.iucuellar.org\/public\/2019\/07\/Cartel-2.jpg?resize=212%2C300&amp;ssl=1 212w, https:\/\/i0.wp.com\/www.iucuellar.org\/public\/2019\/07\/Cartel-2.jpg?resize=768%2C1086&amp;ssl=1 768w, https:\/\/i0.wp.com\/www.iucuellar.org\/public\/2019\/07\/Cartel-2.jpg?w=1600&amp;ssl=1 1600w, https:\/\/i0.wp.com\/www.iucuellar.org\/public\/2019\/07\/Cartel-2.jpg?w=2400&amp;ssl=1 2400w\" sizes=\"(max-width: 724px) 100vw, 724px\" data-recalc-dims=\"1\" \/><\/a><\/p>\n<p>\u201cATRAVESADOS POR LA GUERRA\u201d de Silvina Caudo<br \/>\nRESE\u00d1A CONCEPTUAL SOBRE LA OBRA<\/p>\n<p><em>La Guerra Civil Espa\u00f1ola tuvo lugar entre los a\u00f1os 1936 y 1939, y marc\u00f3 la vida de miles <\/em><em>de personas, no solo de los habitantes de Espa\u00f1a sino la de tantos otros que viajaron <\/em><em>desde lugares lejanos para luchar por sus ideas, y a\u00fan m\u00e1s la de aquellos que tuvieron <\/em><em>que alejarse de su tierra en un exilio que en algunos casos fue o es definitivo.<\/em><\/p>\n<p><em>Algunos de ellos eran ni\u00f1os, y tuvieron que vivir su infancia lejos de su patria, alejados de <\/em><em>sus padres y familiares. Algunos volvieron a reencontrarse con ellos despu\u00e9s de un tiempo <\/em><em>y retornaron a Espa\u00f1a. Otros nunca m\u00e1s lo hicieron.<\/em><\/p>\n<p><em>Hay quienes quedaron en Espa\u00f1a y vivieron la pesadilla franquista durante muchos a\u00f1os, <\/em><em>hasta que pudieron irse a otras tierras. Tambi\u00e9n hay quienes estaban en Espa\u00f1a \u201cpor<\/em> <em>casualidad\u201d y la guerra no tuvo contemplaciones ni miramientos especiales para sus <\/em><em>vidas.<\/em><\/p>\n<p><em>Durante esos a\u00f1os&#8230;las personas fotografiadas estaban all\u00ed&#8230;en medio de una guerra <\/em><em>civil. Eran muy j\u00f3venes, algunos ni\u00f1os. La guerra atraves\u00f3 sus historias sin preguntar. <\/em><em>Hubo pobrezas y privaciones. Dolor: Exilio. Reencuentros. P\u00e9rdidas. Solidaridad.<\/em> <em>Preguntas. Nostalgias. Traiciones&#8230;<\/em><\/p>\n<p><em>Lo cierto es que esta Guerra Civil cambi\u00f3 sus vidas para siempre. Estas personas <\/em><em>nacieron y crecieron en pleno conflicto, entre ruinas, hambre, miseria y miedo de <\/em><em>posguerra. Hoy son hombres y mujeres sensibles y fuertes que llevan consigo un pasado <\/em><em>dif\u00edcil.<\/em><\/p>\n<p><em>Este trabajo es un homenaje a ellos y a sus padres, que han transmitido valores de defensa <\/em><em>de libertad y justicia.<\/em><\/p>\n","protected":false},"excerpt":{"rendered":"<p>El 30 de julio de 1966 el ministro Oriol firm\u00f3 la disposici\u00f3n de cierre del Penal y sanatorio antituberculoso del<\/p>\n","protected":false},"author":1,"featured_media":3198,"comment_status":"open","ping_status":"open","sticky":false,"template":"","format":"standard","meta":{"sfsi_plus_gutenberg_text_before_share":"","sfsi_plus_gutenberg_show_text_before_share":"","sfsi_plus_gutenberg_icon_type":"","sfsi_plus_gutenberg_icon_alignemt":"","sfsi_plus_gutenburg_max_per_row":"","_exactmetrics_skip_tracking":false,"_exactmetrics_sitenote_active":false,"_exactmetrics_sitenote_note":"","_exactmetrics_sitenote_category":0,"ngg_post_thumbnail":0,"_jetpack_memberships_contains_paid_content":false,"footnotes":""},"categories":[7,21,23],"tags":[],"yoast_head":"<!-- This site is optimized with the Yoast SEO plugin v22.9 - https:\/\/yoast.com\/wordpress\/plugins\/seo\/ -->\r\n<title>Exposici\u00f3n &quot;Atravesados por la guerra&quot; - Izquierda Unida Cu\u00e9llar<\/title>\r\n<meta name=\"robots\" content=\"index, follow, max-snippet:-1, max-image-preview:large, max-video-preview:-1\" \/>\r\n<link rel=\"canonical\" href=\"https:\/\/www.iucuellar.org\/?p=3193\" \/>\r\n<meta property=\"og:locale\" content=\"es_ES\" \/>\r\n<meta property=\"og:type\" content=\"article\" \/>\r\n<meta property=\"og:title\" content=\"Exposici\u00f3n &quot;Atravesados por la guerra&quot; - Izquierda Unida Cu\u00e9llar\" \/>\r\n<meta property=\"og:description\" content=\"El 30 de julio de 1966 el ministro Oriol firm\u00f3 la disposici\u00f3n de cierre del Penal y sanatorio antituberculoso del\" \/>\r\n<meta property=\"og:url\" content=\"https:\/\/www.iucuellar.org\/?p=3193\" \/>\r\n<meta property=\"og:site_name\" content=\"Izquierda Unida Cu\u00e9llar\" \/>\r\n<meta property=\"article:publisher\" content=\"https:\/\/www.facebook.com\/iucuellar\" \/>\r\n<meta property=\"article:published_time\" content=\"2019-07-26T10:36:30+00:00\" \/>\r\n<meta property=\"article:modified_time\" content=\"2019-07-25T21:50:04+00:00\" \/>\r\n<meta property=\"og:image\" content=\"https:\/\/i0.wp.com\/www.iucuellar.org\/public\/2019\/07\/MUESTRA-SILVINA-rec.jpg?fit=1738%2C1275&ssl=1\" \/>\r\n\t<meta property=\"og:image:width\" content=\"1738\" \/>\r\n\t<meta property=\"og:image:height\" content=\"1275\" \/>\r\n\t<meta property=\"og:image:type\" content=\"image\/jpeg\" \/>\r\n<meta name=\"author\" content=\"Comunicaci\u00f3n\" \/>\r\n<meta name=\"twitter:card\" content=\"summary_large_image\" \/>\r\n<meta name=\"twitter:creator\" content=\"@IU_CUELLAR\" \/>\r\n<meta name=\"twitter:site\" content=\"@IU_CUELLAR\" \/>\r\n<meta name=\"twitter:label1\" content=\"Escrito por\" \/>\n\t<meta name=\"twitter:data1\" content=\"Comunicaci\u00f3n\" \/>\n\t<meta name=\"twitter:label2\" content=\"Tiempo de lectura\" \/>\n\t<meta name=\"twitter:data2\" content=\"3 minutos\" \/>\r\n<script type=\"application\/ld+json\" class=\"yoast-schema-graph\">{\"@context\":\"https:\/\/schema.org\",\"@graph\":[{\"@type\":\"Article\",\"@id\":\"https:\/\/www.iucuellar.org\/?p=3193#article\",\"isPartOf\":{\"@id\":\"https:\/\/www.iucuellar.org\/?p=3193\"},\"author\":{\"name\":\"Comunicaci\u00f3n\",\"@id\":\"https:\/\/www.iucuellar.org\/#\/schema\/person\/0ed49683a220f525fdeb90989b5c672d\"},\"headline\":\"Exposici\u00f3n &#8220;Atravesados por la guerra&#8221;\",\"datePublished\":\"2019-07-26T10:36:30+00:00\",\"dateModified\":\"2019-07-25T21:50:04+00:00\",\"mainEntityOfPage\":{\"@id\":\"https:\/\/www.iucuellar.org\/?p=3193\"},\"wordCount\":667,\"commentCount\":0,\"publisher\":{\"@id\":\"https:\/\/www.iucuellar.org\/#organization\"},\"image\":{\"@id\":\"https:\/\/www.iucuellar.org\/?p=3193#primaryimage\"},\"thumbnailUrl\":\"https:\/\/i0.wp.com\/www.iucuellar.org\/public\/2019\/07\/MUESTRA-SILVINA-rec.jpg?fit=1738%2C1275&ssl=1\",\"articleSection\":[\"Cultura\",\"Izquierda Unida\",\"Rep\u00fablica\"],\"inLanguage\":\"es\",\"potentialAction\":[{\"@type\":\"CommentAction\",\"name\":\"Comment\",\"target\":[\"https:\/\/www.iucuellar.org\/?p=3193#respond\"]}]},{\"@type\":\"WebPage\",\"@id\":\"https:\/\/www.iucuellar.org\/?p=3193\",\"url\":\"https:\/\/www.iucuellar.org\/?p=3193\",\"name\":\"Exposici\u00f3n \\\"Atravesados por la guerra\\\" - Izquierda Unida Cu\u00e9llar\",\"isPartOf\":{\"@id\":\"https:\/\/www.iucuellar.org\/#website\"},\"primaryImageOfPage\":{\"@id\":\"https:\/\/www.iucuellar.org\/?p=3193#primaryimage\"},\"image\":{\"@id\":\"https:\/\/www.iucuellar.org\/?p=3193#primaryimage\"},\"thumbnailUrl\":\"https:\/\/i0.wp.com\/www.iucuellar.org\/public\/2019\/07\/MUESTRA-SILVINA-rec.jpg?fit=1738%2C1275&ssl=1\",\"datePublished\":\"2019-07-26T10:36:30+00:00\",\"dateModified\":\"2019-07-25T21:50:04+00:00\",\"breadcrumb\":{\"@id\":\"https:\/\/www.iucuellar.org\/?p=3193#breadcrumb\"},\"inLanguage\":\"es\",\"potentialAction\":[{\"@type\":\"ReadAction\",\"target\":[\"https:\/\/www.iucuellar.org\/?p=3193\"]}]},{\"@type\":\"ImageObject\",\"inLanguage\":\"es\",\"@id\":\"https:\/\/www.iucuellar.org\/?p=3193#primaryimage\",\"url\":\"https:\/\/i0.wp.com\/www.iucuellar.org\/public\/2019\/07\/MUESTRA-SILVINA-rec.jpg?fit=1738%2C1275&ssl=1\",\"contentUrl\":\"https:\/\/i0.wp.com\/www.iucuellar.org\/public\/2019\/07\/MUESTRA-SILVINA-rec.jpg?fit=1738%2C1275&ssl=1\",\"width\":1738,\"height\":1275},{\"@type\":\"BreadcrumbList\",\"@id\":\"https:\/\/www.iucuellar.org\/?p=3193#breadcrumb\",\"itemListElement\":[{\"@type\":\"ListItem\",\"position\":1,\"name\":\"Inicio\",\"item\":\"https:\/\/www.iucuellar.org\/\"},{\"@type\":\"ListItem\",\"position\":2,\"name\":\"Exposici\u00f3n \u00abAtravesados por la guerra\u00bb\"}]},{\"@type\":\"WebSite\",\"@id\":\"https:\/\/www.iucuellar.org\/#website\",\"url\":\"https:\/\/www.iucuellar.org\/\",\"name\":\"Izquierda Unida Cu\u00e9llar y Comarca\",\"description\":\"Lugar de opini\u00f3n y discusi\u00f3n de la izquierda\",\"publisher\":{\"@id\":\"https:\/\/www.iucuellar.org\/#organization\"},\"potentialAction\":[{\"@type\":\"SearchAction\",\"target\":{\"@type\":\"EntryPoint\",\"urlTemplate\":\"https:\/\/www.iucuellar.org\/?s={search_term_string}\"},\"query-input\":\"required name=search_term_string\"}],\"inLanguage\":\"es\"},{\"@type\":\"Organization\",\"@id\":\"https:\/\/www.iucuellar.org\/#organization\",\"name\":\"IU CUELLAR\",\"url\":\"https:\/\/www.iucuellar.org\/\",\"logo\":{\"@type\":\"ImageObject\",\"inLanguage\":\"es\",\"@id\":\"https:\/\/www.iucuellar.org\/#\/schema\/logo\/image\/\",\"url\":\"https:\/\/i0.wp.com\/www.iucuellar.org\/public\/2022\/07\/cropped-avatar_redondo_Twitter.png?fit=512%2C512&ssl=1\",\"contentUrl\":\"https:\/\/i0.wp.com\/www.iucuellar.org\/public\/2022\/07\/cropped-avatar_redondo_Twitter.png?fit=512%2C512&ssl=1\",\"width\":512,\"height\":512,\"caption\":\"IU CUELLAR\"},\"image\":{\"@id\":\"https:\/\/www.iucuellar.org\/#\/schema\/logo\/image\/\"},\"sameAs\":[\"https:\/\/www.facebook.com\/iucuellar\",\"https:\/\/x.com\/IU_CUELLAR\",\"https:\/\/www.instagram.com\/iucuellar\/\",\"https:\/\/www.threads.net\/@iucuellar\"]},{\"@type\":\"Person\",\"@id\":\"https:\/\/www.iucuellar.org\/#\/schema\/person\/0ed49683a220f525fdeb90989b5c672d\",\"name\":\"Comunicaci\u00f3n\",\"image\":{\"@type\":\"ImageObject\",\"inLanguage\":\"es\",\"@id\":\"https:\/\/www.iucuellar.org\/#\/schema\/person\/image\/\",\"url\":\"https:\/\/secure.gravatar.com\/avatar\/1bb1e96b498ea4b5098098798744923e?s=96&d=mm&r=g\",\"contentUrl\":\"https:\/\/secure.gravatar.com\/avatar\/1bb1e96b498ea4b5098098798744923e?s=96&d=mm&r=g\",\"caption\":\"Comunicaci\u00f3n\"},\"url\":\"https:\/\/www.iucuellar.org\/?author=1\"}]}<\/script>\r\n<!-- \/ Yoast SEO plugin. -->","yoast_head_json":{"title":"Exposici\u00f3n \"Atravesados por la guerra\" - Izquierda Unida Cu\u00e9llar","robots":{"index":"index","follow":"follow","max-snippet":"max-snippet:-1","max-image-preview":"max-image-preview:large","max-video-preview":"max-video-preview:-1"},"canonical":"https:\/\/www.iucuellar.org\/?p=3193","og_locale":"es_ES","og_type":"article","og_title":"Exposici\u00f3n \"Atravesados por la guerra\" - Izquierda Unida Cu\u00e9llar","og_description":"El 30 de julio de 1966 el ministro Oriol firm\u00f3 la disposici\u00f3n de cierre del Penal y sanatorio antituberculoso del","og_url":"https:\/\/www.iucuellar.org\/?p=3193","og_site_name":"Izquierda Unida Cu\u00e9llar","article_publisher":"https:\/\/www.facebook.com\/iucuellar","article_published_time":"2019-07-26T10:36:30+00:00","article_modified_time":"2019-07-25T21:50:04+00:00","og_image":[{"width":1738,"height":1275,"url":"https:\/\/i0.wp.com\/www.iucuellar.org\/public\/2019\/07\/MUESTRA-SILVINA-rec.jpg?fit=1738%2C1275&ssl=1","type":"image\/jpeg"}],"author":"Comunicaci\u00f3n","twitter_card":"summary_large_image","twitter_creator":"@IU_CUELLAR","twitter_site":"@IU_CUELLAR","twitter_misc":{"Escrito por":"Comunicaci\u00f3n","Tiempo de lectura":"3 minutos"},"schema":{"@context":"https:\/\/schema.org","@graph":[{"@type":"Article","@id":"https:\/\/www.iucuellar.org\/?p=3193#article","isPartOf":{"@id":"https:\/\/www.iucuellar.org\/?p=3193"},"author":{"name":"Comunicaci\u00f3n","@id":"https:\/\/www.iucuellar.org\/#\/schema\/person\/0ed49683a220f525fdeb90989b5c672d"},"headline":"Exposici\u00f3n &#8220;Atravesados por la guerra&#8221;","datePublished":"2019-07-26T10:36:30+00:00","dateModified":"2019-07-25T21:50:04+00:00","mainEntityOfPage":{"@id":"https:\/\/www.iucuellar.org\/?p=3193"},"wordCount":667,"commentCount":0,"publisher":{"@id":"https:\/\/www.iucuellar.org\/#organization"},"image":{"@id":"https:\/\/www.iucuellar.org\/?p=3193#primaryimage"},"thumbnailUrl":"https:\/\/i0.wp.com\/www.iucuellar.org\/public\/2019\/07\/MUESTRA-SILVINA-rec.jpg?fit=1738%2C1275&ssl=1","articleSection":["Cultura","Izquierda Unida","Rep\u00fablica"],"inLanguage":"es","potentialAction":[{"@type":"CommentAction","name":"Comment","target":["https:\/\/www.iucuellar.org\/?p=3193#respond"]}]},{"@type":"WebPage","@id":"https:\/\/www.iucuellar.org\/?p=3193","url":"https:\/\/www.iucuellar.org\/?p=3193","name":"Exposici\u00f3n \"Atravesados por la guerra\" - Izquierda Unida Cu\u00e9llar","isPartOf":{"@id":"https:\/\/www.iucuellar.org\/#website"},"primaryImageOfPage":{"@id":"https:\/\/www.iucuellar.org\/?p=3193#primaryimage"},"image":{"@id":"https:\/\/www.iucuellar.org\/?p=3193#primaryimage"},"thumbnailUrl":"https:\/\/i0.wp.com\/www.iucuellar.org\/public\/2019\/07\/MUESTRA-SILVINA-rec.jpg?fit=1738%2C1275&ssl=1","datePublished":"2019-07-26T10:36:30+00:00","dateModified":"2019-07-25T21:50:04+00:00","breadcrumb":{"@id":"https:\/\/www.iucuellar.org\/?p=3193#breadcrumb"},"inLanguage":"es","potentialAction":[{"@type":"ReadAction","target":["https:\/\/www.iucuellar.org\/?p=3193"]}]},{"@type":"ImageObject","inLanguage":"es","@id":"https:\/\/www.iucuellar.org\/?p=3193#primaryimage","url":"https:\/\/i0.wp.com\/www.iucuellar.org\/public\/2019\/07\/MUESTRA-SILVINA-rec.jpg?fit=1738%2C1275&ssl=1","contentUrl":"https:\/\/i0.wp.com\/www.iucuellar.org\/public\/2019\/07\/MUESTRA-SILVINA-rec.jpg?fit=1738%2C1275&ssl=1","width":1738,"height":1275},{"@type":"BreadcrumbList","@id":"https:\/\/www.iucuellar.org\/?p=3193#breadcrumb","itemListElement":[{"@type":"ListItem","position":1,"name":"Inicio","item":"https:\/\/www.iucuellar.org\/"},{"@type":"ListItem","position":2,"name":"Exposici\u00f3n \u00abAtravesados por la guerra\u00bb"}]},{"@type":"WebSite","@id":"https:\/\/www.iucuellar.org\/#website","url":"https:\/\/www.iucuellar.org\/","name":"Izquierda Unida Cu\u00e9llar y Comarca","description":"Lugar de opini\u00f3n y discusi\u00f3n de la izquierda","publisher":{"@id":"https:\/\/www.iucuellar.org\/#organization"},"potentialAction":[{"@type":"SearchAction","target":{"@type":"EntryPoint","urlTemplate":"https:\/\/www.iucuellar.org\/?s={search_term_string}"},"query-input":"required name=search_term_string"}],"inLanguage":"es"},{"@type":"Organization","@id":"https:\/\/www.iucuellar.org\/#organization","name":"IU CUELLAR","url":"https:\/\/www.iucuellar.org\/","logo":{"@type":"ImageObject","inLanguage":"es","@id":"https:\/\/www.iucuellar.org\/#\/schema\/logo\/image\/","url":"https:\/\/i0.wp.com\/www.iucuellar.org\/public\/2022\/07\/cropped-avatar_redondo_Twitter.png?fit=512%2C512&ssl=1","contentUrl":"https:\/\/i0.wp.com\/www.iucuellar.org\/public\/2022\/07\/cropped-avatar_redondo_Twitter.png?fit=512%2C512&ssl=1","width":512,"height":512,"caption":"IU CUELLAR"},"image":{"@id":"https:\/\/www.iucuellar.org\/#\/schema\/logo\/image\/"},"sameAs":["https:\/\/www.facebook.com\/iucuellar","https:\/\/x.com\/IU_CUELLAR","https:\/\/www.instagram.com\/iucuellar\/","https:\/\/www.threads.net\/@iucuellar"]},{"@type":"Person","@id":"https:\/\/www.iucuellar.org\/#\/schema\/person\/0ed49683a220f525fdeb90989b5c672d","name":"Comunicaci\u00f3n","image":{"@type":"ImageObject","inLanguage":"es","@id":"https:\/\/www.iucuellar.org\/#\/schema\/person\/image\/","url":"https:\/\/secure.gravatar.com\/avatar\/1bb1e96b498ea4b5098098798744923e?s=96&d=mm&r=g","contentUrl":"https:\/\/secure.gravatar.com\/avatar\/1bb1e96b498ea4b5098098798744923e?s=96&d=mm&r=g","caption":"Comunicaci\u00f3n"},"url":"https:\/\/www.iucuellar.org\/?author=1"}]}},"jetpack_featured_media_url":"https:\/\/i0.wp.com\/www.iucuellar.org\/public\/2019\/07\/MUESTRA-SILVINA-rec.jpg?fit=1738%2C1275&ssl=1","jetpack_sharing_enabled":true,"jetpack_shortlink":"https:\/\/wp.me\/p8rn8P-Pv","_links":{"self":[{"href":"https:\/\/www.iucuellar.org\/index.php?rest_route=\/wp\/v2\/posts\/3193"}],"collection":[{"href":"https:\/\/www.iucuellar.org\/index.php?rest_route=\/wp\/v2\/posts"}],"about":[{"href":"https:\/\/www.iucuellar.org\/index.php?rest_route=\/wp\/v2\/types\/post"}],"author":[{"embeddable":true,"href":"https:\/\/www.iucuellar.org\/index.php?rest_route=\/wp\/v2\/users\/1"}],"replies":[{"embeddable":true,"href":"https:\/\/www.iucuellar.org\/index.php?rest_route=%2Fwp%2Fv2%2Fcomments&post=3193"}],"version-history":[{"count":5,"href":"https:\/\/www.iucuellar.org\/index.php?rest_route=\/wp\/v2\/posts\/3193\/revisions"}],"predecessor-version":[{"id":3200,"href":"https:\/\/www.iucuellar.org\/index.php?rest_route=\/wp\/v2\/posts\/3193\/revisions\/3200"}],"wp:featuredmedia":[{"embeddable":true,"href":"https:\/\/www.iucuellar.org\/index.php?rest_route=\/wp\/v2\/media\/3198"}],"wp:attachment":[{"href":"https:\/\/www.iucuellar.org\/index.php?rest_route=%2Fwp%2Fv2%2Fmedia&parent=3193"}],"wp:term":[{"taxonomy":"category","embeddable":true,"href":"https:\/\/www.iucuellar.org\/index.php?rest_route=%2Fwp%2Fv2%2Fcategories&post=3193"},{"taxonomy":"post_tag","embeddable":true,"href":"https:\/\/www.iucuellar.org\/index.php?rest_route=%2Fwp%2Fv2%2Ftags&post=3193"}],"curies":[{"name":"wp","href":"https:\/\/api.w.org\/{rel}","templated":true}]}}