{"id":3211,"date":"2019-09-26T15:10:07","date_gmt":"2019-09-26T14:10:07","guid":{"rendered":"http:\/\/www.iucuellar.org\/?p=3211"},"modified":"2019-09-26T15:14:42","modified_gmt":"2019-09-26T14:14:42","slug":"seguridad-vial-en-dehesa-mayor-ii","status":"publish","type":"post","link":"https:\/\/www.iucuellar.org\/?p=3211","title":{"rendered":"Seguridad Vial en Dehesa Mayor (II)"},"content":{"rendered":"<p>Desde Izquierda Unida, conjuntamente con el PSOE presentamos una moci\u00f3n en el pleno del d\u00eda 26 de Septiembre, para instar de nuevo a la Junta de CyL para que tome medidas efectivas para la reducci\u00f3n el riesgo de atropello en la traves\u00eda de Dehesa Mayor, ya sea mediante los pasos de peatones sobreelevados solicitados por los propios vecinos con anterioridad o con un radar de tramo.<\/p>\n<p>La administraci\u00f3n regional ya di\u00f3 contestaci\u00f3n a la anterior corporaci\u00f3n del Ayto. de Cu\u00e9llar, alegando que una orden (<a href=\"https:\/\/www.google.es\/url?sa=t&amp;rct=j&amp;q=&amp;esrc=s&amp;source=web&amp;cd=1&amp;ved=2ahUKEwiw18_91O7kAhWHgVwKHeN5AKwQFjAAegQIARAC&amp;url=https%3A%2F%2Fwww.fomento.gob.es%2Frecursos_mfom%2F1160101.pdf&amp;usg=AOvVaw1VjG-yJVBAlPvDiG3061Ni\" target=\"_blank\" rel=\"noopener\">FOM\/3053\/2008<\/a>) regula estos dispositivos (pasos de peatones sobreelevados), y que al tener un elevado IMD (intensidad media diaria) en dicho tramo no se permite su instalaci\u00f3n. Pero como ya comentamos cuando se recibi\u00f3 dicha contestaci\u00f3n, la orden tiene competencias en la red de carreteras del estado, y esta carretera (SG-205) no pertenece a dicha red (ya que depende de la comunidad aut\u00f3noma y no del gobierno central) por lo que no aplica para este caso.<\/p>\n<p>Enlace con m\u00e1s datos sobre la contestaci\u00f3n recibida por el Ayto. en 2016 &gt;&gt;<a href=\"https:\/\/www.iucuellar.org\/?p=2443\" target=\"_blank\" rel=\"noopener\">Seguridad Vial en Dehesa Mayor<\/a>&lt;&lt;<\/p>\n","protected":false},"excerpt":{"rendered":"<p>Desde Izquierda Unida, conjuntamente con el PSOE presentamos una moci\u00f3n en el pleno del d\u00eda 26 de Septiembre, para instar<\/p>\n","protected":false},"author":1,"featured_media":2447,"comment_status":"open","ping_status":"open","sticky":false,"template":"","format":"standard","meta":{"sfsi_plus_gutenberg_text_before_share":"","sfsi_plus_gutenberg_show_text_before_share":"","sfsi_plus_gutenberg_icon_type":"","sfsi_plus_gutenberg_icon_alignemt":"","sfsi_plus_gutenburg_max_per_row":"","_exactmetrics_skip_tracking":false,"_exactmetrics_sitenote_active":false,"_exactmetrics_sitenote_note":"","_exactmetrics_sitenote_category":0,"ngg_post_thumbnail":0,"_jetpack_memberships_contains_paid_content":false,"footnotes":""},"categories":[21,15],"tags":[],"yoast_head":"<!-- This site is optimized with the Yoast SEO plugin v22.9 - https:\/\/yoast.com\/wordpress\/plugins\/seo\/ -->\r\n<title>Seguridad Vial en Dehesa Mayor (II) - Izquierda Unida Cu\u00e9llar<\/title>\r\n<meta name=\"robots\" content=\"index, follow, max-snippet:-1, max-image-preview:large, max-video-preview:-1\" \/>\r\n<link rel=\"canonical\" href=\"https:\/\/www.iucuellar.org\/?p=3211\" \/>\r\n<meta property=\"og:locale\" content=\"es_ES\" \/>\r\n<meta property=\"og:type\" content=\"article\" \/>\r\n<meta property=\"og:title\" content=\"Seguridad Vial en Dehesa Mayor (II) - Izquierda Unida Cu\u00e9llar\" \/>\r\n<meta property=\"og:description\" content=\"Desde Izquierda Unida, conjuntamente con el PSOE presentamos una moci\u00f3n en el pleno del d\u00eda 26 de Septiembre, para instar\" \/>\r\n<meta property=\"og:url\" content=\"https:\/\/www.iucuellar.org\/?p=3211\" \/>\r\n<meta property=\"og:site_name\" content=\"Izquierda Unida Cu\u00e9llar\" \/>\r\n<meta property=\"article:publisher\" content=\"https:\/\/www.facebook.com\/iucuellar\" \/>\r\n<meta property=\"article:published_time\" content=\"2019-09-26T14:10:07+00:00\" \/>\r\n<meta property=\"article:modified_time\" content=\"2019-09-26T14:14:42+00:00\" \/>\r\n<meta property=\"og:image\" content=\"https:\/\/www.iucuellar.org\/public\/2017\/03\/DehesaMayorTravesia03.jpg\" \/>\r\n\t<meta property=\"og:image:width\" content=\"1508\" \/>\r\n\t<meta property=\"og:image:height\" content=\"824\" \/>\r\n\t<meta property=\"og:image:type\" content=\"image\/jpeg\" \/>\r\n<meta name=\"author\" content=\"Comunicaci\u00f3n\" \/>\r\n<meta name=\"twitter:card\" content=\"summary_large_image\" \/>\r\n<meta name=\"twitter:creator\" content=\"@IU_CUELLAR\" \/>\r\n<meta name=\"twitter:site\" content=\"@IU_CUELLAR\" \/>\r\n<meta name=\"twitter:label1\" content=\"Escrito por\" \/>\n\t<meta name=\"twitter:data1\" content=\"Comunicaci\u00f3n\" \/>\n\t<meta name=\"twitter:label2\" content=\"Tiempo de lectura\" \/>\n\t<meta name=\"twitter:data2\" content=\"1 minuto\" \/>\r\n<script type=\"application\/ld+json\" class=\"yoast-schema-graph\">{\"@context\":\"https:\/\/schema.org\",\"@graph\":[{\"@type\":\"Article\",\"@id\":\"https:\/\/www.iucuellar.org\/?p=3211#article\",\"isPartOf\":{\"@id\":\"https:\/\/www.iucuellar.org\/?p=3211\"},\"author\":{\"name\":\"Comunicaci\u00f3n\",\"@id\":\"https:\/\/www.iucuellar.org\/#\/schema\/person\/0ed49683a220f525fdeb90989b5c672d\"},\"headline\":\"Seguridad Vial en Dehesa Mayor (II)\",\"datePublished\":\"2019-09-26T14:10:07+00:00\",\"dateModified\":\"2019-09-26T14:14:42+00:00\",\"mainEntityOfPage\":{\"@id\":\"https:\/\/www.iucuellar.org\/?p=3211\"},\"wordCount\":198,\"commentCount\":0,\"publisher\":{\"@id\":\"https:\/\/www.iucuellar.org\/#organization\"},\"image\":{\"@id\":\"https:\/\/www.iucuellar.org\/?p=3211#primaryimage\"},\"thumbnailUrl\":\"https:\/\/i0.wp.com\/www.iucuellar.org\/public\/2017\/03\/DehesaMayorTravesia03.jpg?fit=1508%2C824&ssl=1\",\"articleSection\":[\"Izquierda Unida\",\"Tr\u00e1fico y seguridad vial\"],\"inLanguage\":\"es\",\"potentialAction\":[{\"@type\":\"CommentAction\",\"name\":\"Comment\",\"target\":[\"https:\/\/www.iucuellar.org\/?p=3211#respond\"]}]},{\"@type\":\"WebPage\",\"@id\":\"https:\/\/www.iucuellar.org\/?p=3211\",\"url\":\"https:\/\/www.iucuellar.org\/?p=3211\",\"name\":\"Seguridad Vial en Dehesa Mayor (II) - Izquierda Unida Cu\u00e9llar\",\"isPartOf\":{\"@id\":\"https:\/\/www.iucuellar.org\/#website\"},\"primaryImageOfPage\":{\"@id\":\"https:\/\/www.iucuellar.org\/?p=3211#primaryimage\"},\"image\":{\"@id\":\"https:\/\/www.iucuellar.org\/?p=3211#primaryimage\"},\"thumbnailUrl\":\"https:\/\/i0.wp.com\/www.iucuellar.org\/public\/2017\/03\/DehesaMayorTravesia03.jpg?fit=1508%2C824&ssl=1\",\"datePublished\":\"2019-09-26T14:10:07+00:00\",\"dateModified\":\"2019-09-26T14:14:42+00:00\",\"breadcrumb\":{\"@id\":\"https:\/\/www.iucuellar.org\/?p=3211#breadcrumb\"},\"inLanguage\":\"es\",\"potentialAction\":[{\"@type\":\"ReadAction\",\"target\":[\"https:\/\/www.iucuellar.org\/?p=3211\"]}]},{\"@type\":\"ImageObject\",\"inLanguage\":\"es\",\"@id\":\"https:\/\/www.iucuellar.org\/?p=3211#primaryimage\",\"url\":\"https:\/\/i0.wp.com\/www.iucuellar.org\/public\/2017\/03\/DehesaMayorTravesia03.jpg?fit=1508%2C824&ssl=1\",\"contentUrl\":\"https:\/\/i0.wp.com\/www.iucuellar.org\/public\/2017\/03\/DehesaMayorTravesia03.jpg?fit=1508%2C824&ssl=1\",\"width\":1508,\"height\":824},{\"@type\":\"BreadcrumbList\",\"@id\":\"https:\/\/www.iucuellar.org\/?p=3211#breadcrumb\",\"itemListElement\":[{\"@type\":\"ListItem\",\"position\":1,\"name\":\"Inicio\",\"item\":\"https:\/\/www.iucuellar.org\/\"},{\"@type\":\"ListItem\",\"position\":2,\"name\":\"Seguridad Vial en Dehesa Mayor (II)\"}]},{\"@type\":\"WebSite\",\"@id\":\"https:\/\/www.iucuellar.org\/#website\",\"url\":\"https:\/\/www.iucuellar.org\/\",\"name\":\"Izquierda Unida Cu\u00e9llar y Comarca\",\"description\":\"Lugar de opini\u00f3n y discusi\u00f3n de la izquierda\",\"publisher\":{\"@id\":\"https:\/\/www.iucuellar.org\/#organization\"},\"potentialAction\":[{\"@type\":\"SearchAction\",\"target\":{\"@type\":\"EntryPoint\",\"urlTemplate\":\"https:\/\/www.iucuellar.org\/?s={search_term_string}\"},\"query-input\":\"required name=search_term_string\"}],\"inLanguage\":\"es\"},{\"@type\":\"Organization\",\"@id\":\"https:\/\/www.iucuellar.org\/#organization\",\"name\":\"IU CUELLAR\",\"url\":\"https:\/\/www.iucuellar.org\/\",\"logo\":{\"@type\":\"ImageObject\",\"inLanguage\":\"es\",\"@id\":\"https:\/\/www.iucuellar.org\/#\/schema\/logo\/image\/\",\"url\":\"https:\/\/i0.wp.com\/www.iucuellar.org\/public\/2022\/07\/cropped-avatar_redondo_Twitter.png?fit=512%2C512&ssl=1\",\"contentUrl\":\"https:\/\/i0.wp.com\/www.iucuellar.org\/public\/2022\/07\/cropped-avatar_redondo_Twitter.png?fit=512%2C512&ssl=1\",\"width\":512,\"height\":512,\"caption\":\"IU CUELLAR\"},\"image\":{\"@id\":\"https:\/\/www.iucuellar.org\/#\/schema\/logo\/image\/\"},\"sameAs\":[\"https:\/\/www.facebook.com\/iucuellar\",\"https:\/\/x.com\/IU_CUELLAR\",\"https:\/\/www.instagram.com\/iucuellar\/\",\"https:\/\/www.threads.net\/@iucuellar\"]},{\"@type\":\"Person\",\"@id\":\"https:\/\/www.iucuellar.org\/#\/schema\/person\/0ed49683a220f525fdeb90989b5c672d\",\"name\":\"Comunicaci\u00f3n\",\"image\":{\"@type\":\"ImageObject\",\"inLanguage\":\"es\",\"@id\":\"https:\/\/www.iucuellar.org\/#\/schema\/person\/image\/\",\"url\":\"https:\/\/secure.gravatar.com\/avatar\/1bb1e96b498ea4b5098098798744923e?s=96&d=mm&r=g\",\"contentUrl\":\"https:\/\/secure.gravatar.com\/avatar\/1bb1e96b498ea4b5098098798744923e?s=96&d=mm&r=g\",\"caption\":\"Comunicaci\u00f3n\"},\"url\":\"https:\/\/www.iucuellar.org\/?author=1\"}]}<\/script>\r\n<!-- \/ Yoast SEO plugin. -->","yoast_head_json":{"title":"Seguridad Vial en Dehesa Mayor (II) - Izquierda Unida Cu\u00e9llar","robots":{"index":"index","follow":"follow","max-snippet":"max-snippet:-1","max-image-preview":"max-image-preview:large","max-video-preview":"max-video-preview:-1"},"canonical":"https:\/\/www.iucuellar.org\/?p=3211","og_locale":"es_ES","og_type":"article","og_title":"Seguridad Vial en Dehesa Mayor (II) - Izquierda Unida Cu\u00e9llar","og_description":"Desde Izquierda Unida, conjuntamente con el PSOE presentamos una moci\u00f3n en el pleno del d\u00eda 26 de Septiembre, para instar","og_url":"https:\/\/www.iucuellar.org\/?p=3211","og_site_name":"Izquierda Unida Cu\u00e9llar","article_publisher":"https:\/\/www.facebook.com\/iucuellar","article_published_time":"2019-09-26T14:10:07+00:00","article_modified_time":"2019-09-26T14:14:42+00:00","og_image":[{"width":1508,"height":824,"url":"https:\/\/www.iucuellar.org\/public\/2017\/03\/DehesaMayorTravesia03.jpg","type":"image\/jpeg"}],"author":"Comunicaci\u00f3n","twitter_card":"summary_large_image","twitter_creator":"@IU_CUELLAR","twitter_site":"@IU_CUELLAR","twitter_misc":{"Escrito por":"Comunicaci\u00f3n","Tiempo de lectura":"1 minuto"},"schema":{"@context":"https:\/\/schema.org","@graph":[{"@type":"Article","@id":"https:\/\/www.iucuellar.org\/?p=3211#article","isPartOf":{"@id":"https:\/\/www.iucuellar.org\/?p=3211"},"author":{"name":"Comunicaci\u00f3n","@id":"https:\/\/www.iucuellar.org\/#\/schema\/person\/0ed49683a220f525fdeb90989b5c672d"},"headline":"Seguridad Vial en Dehesa Mayor (II)","datePublished":"2019-09-26T14:10:07+00:00","dateModified":"2019-09-26T14:14:42+00:00","mainEntityOfPage":{"@id":"https:\/\/www.iucuellar.org\/?p=3211"},"wordCount":198,"commentCount":0,"publisher":{"@id":"https:\/\/www.iucuellar.org\/#organization"},"image":{"@id":"https:\/\/www.iucuellar.org\/?p=3211#primaryimage"},"thumbnailUrl":"https:\/\/i0.wp.com\/www.iucuellar.org\/public\/2017\/03\/DehesaMayorTravesia03.jpg?fit=1508%2C824&ssl=1","articleSection":["Izquierda Unida","Tr\u00e1fico y seguridad vial"],"inLanguage":"es","potentialAction":[{"@type":"CommentAction","name":"Comment","target":["https:\/\/www.iucuellar.org\/?p=3211#respond"]}]},{"@type":"WebPage","@id":"https:\/\/www.iucuellar.org\/?p=3211","url":"https:\/\/www.iucuellar.org\/?p=3211","name":"Seguridad Vial en Dehesa Mayor (II) - Izquierda Unida Cu\u00e9llar","isPartOf":{"@id":"https:\/\/www.iucuellar.org\/#website"},"primaryImageOfPage":{"@id":"https:\/\/www.iucuellar.org\/?p=3211#primaryimage"},"image":{"@id":"https:\/\/www.iucuellar.org\/?p=3211#primaryimage"},"thumbnailUrl":"https:\/\/i0.wp.com\/www.iucuellar.org\/public\/2017\/03\/DehesaMayorTravesia03.jpg?fit=1508%2C824&ssl=1","datePublished":"2019-09-26T14:10:07+00:00","dateModified":"2019-09-26T14:14:42+00:00","breadcrumb":{"@id":"https:\/\/www.iucuellar.org\/?p=3211#breadcrumb"},"inLanguage":"es","potentialAction":[{"@type":"ReadAction","target":["https:\/\/www.iucuellar.org\/?p=3211"]}]},{"@type":"ImageObject","inLanguage":"es","@id":"https:\/\/www.iucuellar.org\/?p=3211#primaryimage","url":"https:\/\/i0.wp.com\/www.iucuellar.org\/public\/2017\/03\/DehesaMayorTravesia03.jpg?fit=1508%2C824&ssl=1","contentUrl":"https:\/\/i0.wp.com\/www.iucuellar.org\/public\/2017\/03\/DehesaMayorTravesia03.jpg?fit=1508%2C824&ssl=1","width":1508,"height":824},{"@type":"BreadcrumbList","@id":"https:\/\/www.iucuellar.org\/?p=3211#breadcrumb","itemListElement":[{"@type":"ListItem","position":1,"name":"Inicio","item":"https:\/\/www.iucuellar.org\/"},{"@type":"ListItem","position":2,"name":"Seguridad Vial en Dehesa Mayor (II)"}]},{"@type":"WebSite","@id":"https:\/\/www.iucuellar.org\/#website","url":"https:\/\/www.iucuellar.org\/","name":"Izquierda Unida Cu\u00e9llar y Comarca","description":"Lugar de opini\u00f3n y discusi\u00f3n de la izquierda","publisher":{"@id":"https:\/\/www.iucuellar.org\/#organization"},"potentialAction":[{"@type":"SearchAction","target":{"@type":"EntryPoint","urlTemplate":"https:\/\/www.iucuellar.org\/?s={search_term_string}"},"query-input":"required name=search_term_string"}],"inLanguage":"es"},{"@type":"Organization","@id":"https:\/\/www.iucuellar.org\/#organization","name":"IU CUELLAR","url":"https:\/\/www.iucuellar.org\/","logo":{"@type":"ImageObject","inLanguage":"es","@id":"https:\/\/www.iucuellar.org\/#\/schema\/logo\/image\/","url":"https:\/\/i0.wp.com\/www.iucuellar.org\/public\/2022\/07\/cropped-avatar_redondo_Twitter.png?fit=512%2C512&ssl=1","contentUrl":"https:\/\/i0.wp.com\/www.iucuellar.org\/public\/2022\/07\/cropped-avatar_redondo_Twitter.png?fit=512%2C512&ssl=1","width":512,"height":512,"caption":"IU CUELLAR"},"image":{"@id":"https:\/\/www.iucuellar.org\/#\/schema\/logo\/image\/"},"sameAs":["https:\/\/www.facebook.com\/iucuellar","https:\/\/x.com\/IU_CUELLAR","https:\/\/www.instagram.com\/iucuellar\/","https:\/\/www.threads.net\/@iucuellar"]},{"@type":"Person","@id":"https:\/\/www.iucuellar.org\/#\/schema\/person\/0ed49683a220f525fdeb90989b5c672d","name":"Comunicaci\u00f3n","image":{"@type":"ImageObject","inLanguage":"es","@id":"https:\/\/www.iucuellar.org\/#\/schema\/person\/image\/","url":"https:\/\/secure.gravatar.com\/avatar\/1bb1e96b498ea4b5098098798744923e?s=96&d=mm&r=g","contentUrl":"https:\/\/secure.gravatar.com\/avatar\/1bb1e96b498ea4b5098098798744923e?s=96&d=mm&r=g","caption":"Comunicaci\u00f3n"},"url":"https:\/\/www.iucuellar.org\/?author=1"}]}},"jetpack_featured_media_url":"https:\/\/i0.wp.com\/www.iucuellar.org\/public\/2017\/03\/DehesaMayorTravesia03.jpg?fit=1508%2C824&ssl=1","jetpack_sharing_enabled":true,"jetpack_shortlink":"https:\/\/wp.me\/p8rn8P-PN","_links":{"self":[{"href":"https:\/\/www.iucuellar.org\/index.php?rest_route=\/wp\/v2\/posts\/3211"}],"collection":[{"href":"https:\/\/www.iucuellar.org\/index.php?rest_route=\/wp\/v2\/posts"}],"about":[{"href":"https:\/\/www.iucuellar.org\/index.php?rest_route=\/wp\/v2\/types\/post"}],"author":[{"embeddable":true,"href":"https:\/\/www.iucuellar.org\/index.php?rest_route=\/wp\/v2\/users\/1"}],"replies":[{"embeddable":true,"href":"https:\/\/www.iucuellar.org\/index.php?rest_route=%2Fwp%2Fv2%2Fcomments&post=3211"}],"version-history":[{"count":4,"href":"https:\/\/www.iucuellar.org\/index.php?rest_route=\/wp\/v2\/posts\/3211\/revisions"}],"predecessor-version":[{"id":3215,"href":"https:\/\/www.iucuellar.org\/index.php?rest_route=\/wp\/v2\/posts\/3211\/revisions\/3215"}],"wp:featuredmedia":[{"embeddable":true,"href":"https:\/\/www.iucuellar.org\/index.php?rest_route=\/wp\/v2\/media\/2447"}],"wp:attachment":[{"href":"https:\/\/www.iucuellar.org\/index.php?rest_route=%2Fwp%2Fv2%2Fmedia&parent=3211"}],"wp:term":[{"taxonomy":"category","embeddable":true,"href":"https:\/\/www.iucuellar.org\/index.php?rest_route=%2Fwp%2Fv2%2Fcategories&post=3211"},{"taxonomy":"post_tag","embeddable":true,"href":"https:\/\/www.iucuellar.org\/index.php?rest_route=%2Fwp%2Fv2%2Ftags&post=3211"}],"curies":[{"name":"wp","href":"https:\/\/api.w.org\/{rel}","templated":true}]}}