{"id":325,"date":"2011-07-31T09:06:17","date_gmt":"2011-07-31T07:06:17","guid":{"rendered":"http:\/\/www.iucuellar.org\/?p=325"},"modified":"2011-07-31T21:34:23","modified_gmt":"2011-07-31T19:34:23","slug":"de-la-participacion-ciudadana-y-otros-ruegos","status":"publish","type":"post","link":"https:\/\/www.iucuellar.org\/?p=325","title":{"rendered":"De la participaci\u00f3n ciudadana y otros ruegos."},"content":{"rendered":"<p style=\"text-align: left;\">Ruegos llevados al Pleno del 29 de agosto.<\/p>\n<p><span style=\"font-size: medium;\">1.- PARTICIPACI\u00d3N CIUDADANA<\/span><\/p>\n<p><span style=\"font-size: medium;\">Todos somos conscientes de las movilizaciones que durante los \u00faltimos meses se suceden por Espa\u00f1a (y por varias ciudades del mundo tambi\u00e9n) reclamando la atenci\u00f3n de toda la sociedad (y de los pol\u00edticos en particular) sobre diversos asuntos sociales. Uno de los temas m\u00e1s debatidos es la p\u00e9rdida de calidad democr\u00e1tica, el alejamiento de la clase pol\u00edtica de la ciudadan\u00eda y la b\u00fasqueda de formas de participaci\u00f3n ciudadana en los debates y decisiones pol\u00edticas, no dejando la participaci\u00f3n de los ciudadanos a dar su voto cada cuatro a\u00f1os.<\/span><\/p>\n<p><span style=\"font-size: medium;\">Est\u00e1 prevista la participaci\u00f3n de los ciudadanos en los plenos municipales:<\/span><\/p>\n<p><span style=\"font-size: medium;\">el Real Decreto 2568\/1986, de28 de noviembre, por el que se aprueba el REGLAMENTO DE ORGANIZACI\u00d3N, FUNCIONAMIENTO Y R\u00c9GIMEN JUR\u00cdDICO DE LAS ENTIDADES LOCALES (ROFRJEL) lo recoge <\/span><\/p>\n<p><span style=\"font-size: medium;\">en su <strong>art\u00edculo 88 punto 3<\/strong>, \u201c el p\u00fablico asistente a las sesiones no podr\u00e1 intervenir en estas, ni tampoco podr\u00e1n permitirse manifestaciones de agrado o desagrado, pudiendo el Presidente proceder, en casos extremos, a la expulsi\u00f3n del asistente que por cualquier causa impida el normal desarrollo de la sesi\u00f3n. Sin perjuicio de ello, una vez levantada la sesi\u00f3n, la Corporaci\u00f3n puede establecer un turno de preguntas por el p\u00fablico asistente sobre temas concretos de inter\u00e9s municipal\u201d.<\/span><\/p>\n<p><span style=\"font-size: medium;\">Y en el <strong>art\u00edculo 228 punto 2<\/strong>, \u201cterminada la sesi\u00f3n del Pleno, el alcalde puede establecer un turno de ruegos y preguntas por el p\u00fablico asistente sobre temas concretos de inter\u00e9s municipal. Corresponde al Alcalde ordenar y cerrar este turno\u201d.<\/span><\/p>\n<p><span style=\"font-size: medium;\"><span style=\"text-decoration: underline;\">Es nuestro ruego que el alcalde haga valer la potestad que le da el ROFRJEL, en sus art\u00edculos 88.3 y 228.2, e incluya en las sesiones de Pleno esta forma de participaci\u00f3n ciudadana.<\/span><\/span><\/p>\n<p><span style=\"font-size: medium;\">2.- COMISIONES INFORMATIVAS<\/span><\/p>\n<p><span style=\"font-size: medium;\">Ya mostramos nuestro desacuerdo (los dos grupos de la oposici\u00f3n) con el escaso n\u00famero de comisiones informativas creadas en esta legislatura y la falta de concrecci\u00f3n para tratar algunos temas municipales en Comisi\u00f3n. Estos d\u00edas ha quedado de manifiesto al asumir el Ayuntamiento de Cu\u00e9llar la gesti\u00f3n directa de la organizaci\u00f3n de los festejos y carecer en esta corporaci\u00f3n de una Comisi\u00f3n de Festejos, como s\u00ed exist\u00eda en a\u00f1os anteriores. El se\u00f1or alcalde y otros miembros de su equipo de gobierno se est\u00e1n reuniendo con diversas asociaciones del  municipio para organizar los encierros de Cu\u00e9llar,<em> pero mantiene escasos y breves contactos con los portavoces de la oposici\u00f3n para darles alguna informaci\u00f3n. Se\u00f1or alcalde, la oposici\u00f3n tambi\u00e9n tendr\u00eda cosas que aportar en algo tan importante para los vecinos de Cu\u00e9llar como son los encierros y la forma de hacerlo ser\u00eda a trav\u00e9s de la Comisi\u00f3n de Festejos.<\/em><\/span><\/p>\n<p><span style=\"font-size: medium;\">Ha creado usted doce (12) concejal\u00edas y tan solo 3 Comisiones Informativas Ordinarias.<\/span><\/p>\n<p><span style=\"font-size: medium;\"><span style=\"text-decoration: underline;\">Rogamos al se\u00f1or alcalde traiga una nueva propuesta, a este Pleno, que contenga un n\u00famero de comisiones informativas que, como dice el ROFRJEL en su art\u00edculo 124: \u201cprocurando, en lo posible, su correspondencia con el n\u00famero y denominaci\u00f3n de las grandes \u00e1reas en que se estructuren los servicios corporativos\u201d.<\/span><\/span><\/p>\n<p><span style=\"font-size: medium;\">3.- URBANISMO<\/span><\/p>\n<p><span style=\"font-size: medium;\">Con frecuencia se colocan carteles en las farolas a una altura inadecuada, de tal forma que, en algunos casos, los peatones podemos chocar con ellos y en otros dificulatan la visibilidad en los pasos de cebra y cruces de algunas v\u00edas, por lo cual se producen situaciones de riesgo que podr\u00edan evitarse colocando esos carteles de forma correcta.<\/span><\/p>\n<p><span style=\"font-size: medium;\">Tambi\u00e9n se da el caso de que algunos afean la est\u00e9tica del municipio y me refiero a algunos de los que est\u00e1n colocados actualmente, se encuentran rotos o deformados y dan una imagen negativa de nuestro municipio.<\/span><\/p>\n<p style=\"text-align: center;\"><span style=\"font-size: medium;\"><a href=\"https:\/\/i0.wp.com\/www.iucuellar.org\/images\/2011Elecciones\/CartelMalUbicadoAntiestetico.jpg?ssl=1\"><img loading=\"lazy\" decoding=\"async\" class=\"aligncenter\" src=\"https:\/\/i0.wp.com\/www.iucuellar.org\/images\/2011Elecciones\/CartelMalUbicadoAntiestetico.jpg?resize=404%2C302&#038;ssl=1\" alt=\"\" width=\"404\" height=\"302\" data-recalc-dims=\"1\" \/><\/a><br \/>\n<\/span><\/p>\n<p><span style=\"font-size: medium;\">Las Normas Urban\u00edsticas Municipales regulan el uso de la publicidad en la v\u00eda p\u00fablica y<span style=\"text-decoration: underline;\"> rogamos al se\u00f1or alcalde que se haga cumplir la normativa vigente y no se autorice la colocaci\u00f3n de publicidad que contravenga la normativa, as\u00ed como que se haga retirar la que la incumpla<\/span>. (NUM 1996 Texto Normativa, art\u00edculo 7,59 y anteriores, toldos 2&#8217;20 m.)<\/span><\/p>\n","protected":false},"excerpt":{"rendered":"<p>Ruegos llevados al Pleno del 29 de agosto. 1.- PARTICIPACI\u00d3N CIUDADANA Todos somos conscientes de las movilizaciones que durante los<\/p>\n","protected":false},"author":1,"featured_media":0,"comment_status":"open","ping_status":"open","sticky":false,"template":"","format":"standard","meta":{"sfsi_plus_gutenberg_text_before_share":"","sfsi_plus_gutenberg_show_text_before_share":"","sfsi_plus_gutenberg_icon_type":"","sfsi_plus_gutenberg_icon_alignemt":"","sfsi_plus_gutenburg_max_per_row":"","_exactmetrics_skip_tracking":false,"_exactmetrics_sitenote_active":false,"_exactmetrics_sitenote_note":"","_exactmetrics_sitenote_category":0,"ngg_post_thumbnail":0,"_jetpack_memberships_contains_paid_content":false,"footnotes":""},"categories":[5,20,15,12],"tags":[],"yoast_head":"<!-- This site is optimized with the Yoast SEO plugin v22.9 - https:\/\/yoast.com\/wordpress\/plugins\/seo\/ -->\r\n<title>De la participaci\u00f3n ciudadana y otros ruegos. - Izquierda Unida Cu\u00e9llar<\/title>\r\n<meta name=\"robots\" content=\"index, follow, max-snippet:-1, max-image-preview:large, max-video-preview:-1\" \/>\r\n<link rel=\"canonical\" href=\"https:\/\/www.iucuellar.org\/?p=325\" \/>\r\n<meta property=\"og:locale\" content=\"es_ES\" \/>\r\n<meta property=\"og:type\" content=\"article\" \/>\r\n<meta property=\"og:title\" content=\"De la participaci\u00f3n ciudadana y otros ruegos. - Izquierda Unida Cu\u00e9llar\" \/>\r\n<meta property=\"og:description\" content=\"Ruegos llevados al Pleno del 29 de agosto. 1.- PARTICIPACI\u00d3N CIUDADANA Todos somos conscientes de las movilizaciones que durante los\" \/>\r\n<meta property=\"og:url\" content=\"https:\/\/www.iucuellar.org\/?p=325\" \/>\r\n<meta property=\"og:site_name\" content=\"Izquierda Unida Cu\u00e9llar\" \/>\r\n<meta property=\"article:publisher\" content=\"https:\/\/www.facebook.com\/iucuellar\" \/>\r\n<meta property=\"article:published_time\" content=\"2011-07-31T07:06:17+00:00\" \/>\r\n<meta property=\"article:modified_time\" content=\"2011-07-31T19:34:23+00:00\" \/>\r\n<meta property=\"og:image\" content=\"http:\/\/www.iucuellar.org\/images\/2011Elecciones\/CartelMalUbicadoAntiestetico.jpg\" \/>\r\n<meta name=\"author\" content=\"Comunicaci\u00f3n\" \/>\r\n<meta name=\"twitter:card\" content=\"summary_large_image\" \/>\r\n<meta name=\"twitter:creator\" content=\"@IU_CUELLAR\" \/>\r\n<meta name=\"twitter:site\" content=\"@IU_CUELLAR\" \/>\r\n<meta name=\"twitter:label1\" content=\"Escrito por\" \/>\n\t<meta name=\"twitter:data1\" content=\"Comunicaci\u00f3n\" \/>\n\t<meta name=\"twitter:label2\" content=\"Tiempo de lectura\" \/>\n\t<meta name=\"twitter:data2\" content=\"4 minutos\" \/>\r\n<script type=\"application\/ld+json\" class=\"yoast-schema-graph\">{\"@context\":\"https:\/\/schema.org\",\"@graph\":[{\"@type\":\"Article\",\"@id\":\"https:\/\/www.iucuellar.org\/?p=325#article\",\"isPartOf\":{\"@id\":\"https:\/\/www.iucuellar.org\/?p=325\"},\"author\":{\"name\":\"Comunicaci\u00f3n\",\"@id\":\"https:\/\/www.iucuellar.org\/#\/schema\/person\/0ed49683a220f525fdeb90989b5c672d\"},\"headline\":\"De la participaci\u00f3n ciudadana y otros ruegos.\",\"datePublished\":\"2011-07-31T07:06:17+00:00\",\"dateModified\":\"2011-07-31T19:34:23+00:00\",\"mainEntityOfPage\":{\"@id\":\"https:\/\/www.iucuellar.org\/?p=325\"},\"wordCount\":723,\"commentCount\":2,\"publisher\":{\"@id\":\"https:\/\/www.iucuellar.org\/#organization\"},\"image\":{\"@id\":\"https:\/\/www.iucuellar.org\/?p=325#primaryimage\"},\"thumbnailUrl\":\"http:\/\/www.iucuellar.org\/images\/2011Elecciones\/CartelMalUbicadoAntiestetico.jpg\",\"articleSection\":[\"Festejos\",\"Plenos\",\"Tr\u00e1fico y seguridad vial\",\"Urbanismo\"],\"inLanguage\":\"es\",\"potentialAction\":[{\"@type\":\"CommentAction\",\"name\":\"Comment\",\"target\":[\"https:\/\/www.iucuellar.org\/?p=325#respond\"]}]},{\"@type\":\"WebPage\",\"@id\":\"https:\/\/www.iucuellar.org\/?p=325\",\"url\":\"https:\/\/www.iucuellar.org\/?p=325\",\"name\":\"De la participaci\u00f3n ciudadana y otros ruegos. - Izquierda Unida Cu\u00e9llar\",\"isPartOf\":{\"@id\":\"https:\/\/www.iucuellar.org\/#website\"},\"primaryImageOfPage\":{\"@id\":\"https:\/\/www.iucuellar.org\/?p=325#primaryimage\"},\"image\":{\"@id\":\"https:\/\/www.iucuellar.org\/?p=325#primaryimage\"},\"thumbnailUrl\":\"http:\/\/www.iucuellar.org\/images\/2011Elecciones\/CartelMalUbicadoAntiestetico.jpg\",\"datePublished\":\"2011-07-31T07:06:17+00:00\",\"dateModified\":\"2011-07-31T19:34:23+00:00\",\"breadcrumb\":{\"@id\":\"https:\/\/www.iucuellar.org\/?p=325#breadcrumb\"},\"inLanguage\":\"es\",\"potentialAction\":[{\"@type\":\"ReadAction\",\"target\":[\"https:\/\/www.iucuellar.org\/?p=325\"]}]},{\"@type\":\"ImageObject\",\"inLanguage\":\"es\",\"@id\":\"https:\/\/www.iucuellar.org\/?p=325#primaryimage\",\"url\":\"http:\/\/www.iucuellar.org\/images\/2011Elecciones\/CartelMalUbicadoAntiestetico.jpg\",\"contentUrl\":\"http:\/\/www.iucuellar.org\/images\/2011Elecciones\/CartelMalUbicadoAntiestetico.jpg\"},{\"@type\":\"BreadcrumbList\",\"@id\":\"https:\/\/www.iucuellar.org\/?p=325#breadcrumb\",\"itemListElement\":[{\"@type\":\"ListItem\",\"position\":1,\"name\":\"Inicio\",\"item\":\"https:\/\/www.iucuellar.org\/\"},{\"@type\":\"ListItem\",\"position\":2,\"name\":\"De la participaci\u00f3n ciudadana y otros ruegos.\"}]},{\"@type\":\"WebSite\",\"@id\":\"https:\/\/www.iucuellar.org\/#website\",\"url\":\"https:\/\/www.iucuellar.org\/\",\"name\":\"Izquierda Unida Cu\u00e9llar y Comarca\",\"description\":\"Lugar de opini\u00f3n y discusi\u00f3n de la izquierda\",\"publisher\":{\"@id\":\"https:\/\/www.iucuellar.org\/#organization\"},\"potentialAction\":[{\"@type\":\"SearchAction\",\"target\":{\"@type\":\"EntryPoint\",\"urlTemplate\":\"https:\/\/www.iucuellar.org\/?s={search_term_string}\"},\"query-input\":\"required name=search_term_string\"}],\"inLanguage\":\"es\"},{\"@type\":\"Organization\",\"@id\":\"https:\/\/www.iucuellar.org\/#organization\",\"name\":\"IU CUELLAR\",\"url\":\"https:\/\/www.iucuellar.org\/\",\"logo\":{\"@type\":\"ImageObject\",\"inLanguage\":\"es\",\"@id\":\"https:\/\/www.iucuellar.org\/#\/schema\/logo\/image\/\",\"url\":\"https:\/\/i0.wp.com\/www.iucuellar.org\/public\/2022\/07\/cropped-avatar_redondo_Twitter.png?fit=512%2C512&ssl=1\",\"contentUrl\":\"https:\/\/i0.wp.com\/www.iucuellar.org\/public\/2022\/07\/cropped-avatar_redondo_Twitter.png?fit=512%2C512&ssl=1\",\"width\":512,\"height\":512,\"caption\":\"IU CUELLAR\"},\"image\":{\"@id\":\"https:\/\/www.iucuellar.org\/#\/schema\/logo\/image\/\"},\"sameAs\":[\"https:\/\/www.facebook.com\/iucuellar\",\"https:\/\/x.com\/IU_CUELLAR\",\"https:\/\/www.instagram.com\/iucuellar\/\",\"https:\/\/www.threads.net\/@iucuellar\"]},{\"@type\":\"Person\",\"@id\":\"https:\/\/www.iucuellar.org\/#\/schema\/person\/0ed49683a220f525fdeb90989b5c672d\",\"name\":\"Comunicaci\u00f3n\",\"image\":{\"@type\":\"ImageObject\",\"inLanguage\":\"es\",\"@id\":\"https:\/\/www.iucuellar.org\/#\/schema\/person\/image\/\",\"url\":\"https:\/\/secure.gravatar.com\/avatar\/1bb1e96b498ea4b5098098798744923e?s=96&d=mm&r=g\",\"contentUrl\":\"https:\/\/secure.gravatar.com\/avatar\/1bb1e96b498ea4b5098098798744923e?s=96&d=mm&r=g\",\"caption\":\"Comunicaci\u00f3n\"},\"url\":\"https:\/\/www.iucuellar.org\/?author=1\"}]}<\/script>\r\n<!-- \/ Yoast SEO plugin. -->","yoast_head_json":{"title":"De la participaci\u00f3n ciudadana y otros ruegos. - Izquierda Unida Cu\u00e9llar","robots":{"index":"index","follow":"follow","max-snippet":"max-snippet:-1","max-image-preview":"max-image-preview:large","max-video-preview":"max-video-preview:-1"},"canonical":"https:\/\/www.iucuellar.org\/?p=325","og_locale":"es_ES","og_type":"article","og_title":"De la participaci\u00f3n ciudadana y otros ruegos. - Izquierda Unida Cu\u00e9llar","og_description":"Ruegos llevados al Pleno del 29 de agosto. 1.- PARTICIPACI\u00d3N CIUDADANA Todos somos conscientes de las movilizaciones que durante los","og_url":"https:\/\/www.iucuellar.org\/?p=325","og_site_name":"Izquierda Unida Cu\u00e9llar","article_publisher":"https:\/\/www.facebook.com\/iucuellar","article_published_time":"2011-07-31T07:06:17+00:00","article_modified_time":"2011-07-31T19:34:23+00:00","og_image":[{"url":"http:\/\/www.iucuellar.org\/images\/2011Elecciones\/CartelMalUbicadoAntiestetico.jpg"}],"author":"Comunicaci\u00f3n","twitter_card":"summary_large_image","twitter_creator":"@IU_CUELLAR","twitter_site":"@IU_CUELLAR","twitter_misc":{"Escrito por":"Comunicaci\u00f3n","Tiempo de lectura":"4 minutos"},"schema":{"@context":"https:\/\/schema.org","@graph":[{"@type":"Article","@id":"https:\/\/www.iucuellar.org\/?p=325#article","isPartOf":{"@id":"https:\/\/www.iucuellar.org\/?p=325"},"author":{"name":"Comunicaci\u00f3n","@id":"https:\/\/www.iucuellar.org\/#\/schema\/person\/0ed49683a220f525fdeb90989b5c672d"},"headline":"De la participaci\u00f3n ciudadana y otros ruegos.","datePublished":"2011-07-31T07:06:17+00:00","dateModified":"2011-07-31T19:34:23+00:00","mainEntityOfPage":{"@id":"https:\/\/www.iucuellar.org\/?p=325"},"wordCount":723,"commentCount":2,"publisher":{"@id":"https:\/\/www.iucuellar.org\/#organization"},"image":{"@id":"https:\/\/www.iucuellar.org\/?p=325#primaryimage"},"thumbnailUrl":"http:\/\/www.iucuellar.org\/images\/2011Elecciones\/CartelMalUbicadoAntiestetico.jpg","articleSection":["Festejos","Plenos","Tr\u00e1fico y seguridad vial","Urbanismo"],"inLanguage":"es","potentialAction":[{"@type":"CommentAction","name":"Comment","target":["https:\/\/www.iucuellar.org\/?p=325#respond"]}]},{"@type":"WebPage","@id":"https:\/\/www.iucuellar.org\/?p=325","url":"https:\/\/www.iucuellar.org\/?p=325","name":"De la participaci\u00f3n ciudadana y otros ruegos. - Izquierda Unida Cu\u00e9llar","isPartOf":{"@id":"https:\/\/www.iucuellar.org\/#website"},"primaryImageOfPage":{"@id":"https:\/\/www.iucuellar.org\/?p=325#primaryimage"},"image":{"@id":"https:\/\/www.iucuellar.org\/?p=325#primaryimage"},"thumbnailUrl":"http:\/\/www.iucuellar.org\/images\/2011Elecciones\/CartelMalUbicadoAntiestetico.jpg","datePublished":"2011-07-31T07:06:17+00:00","dateModified":"2011-07-31T19:34:23+00:00","breadcrumb":{"@id":"https:\/\/www.iucuellar.org\/?p=325#breadcrumb"},"inLanguage":"es","potentialAction":[{"@type":"ReadAction","target":["https:\/\/www.iucuellar.org\/?p=325"]}]},{"@type":"ImageObject","inLanguage":"es","@id":"https:\/\/www.iucuellar.org\/?p=325#primaryimage","url":"http:\/\/www.iucuellar.org\/images\/2011Elecciones\/CartelMalUbicadoAntiestetico.jpg","contentUrl":"http:\/\/www.iucuellar.org\/images\/2011Elecciones\/CartelMalUbicadoAntiestetico.jpg"},{"@type":"BreadcrumbList","@id":"https:\/\/www.iucuellar.org\/?p=325#breadcrumb","itemListElement":[{"@type":"ListItem","position":1,"name":"Inicio","item":"https:\/\/www.iucuellar.org\/"},{"@type":"ListItem","position":2,"name":"De la participaci\u00f3n ciudadana y otros ruegos."}]},{"@type":"WebSite","@id":"https:\/\/www.iucuellar.org\/#website","url":"https:\/\/www.iucuellar.org\/","name":"Izquierda Unida Cu\u00e9llar y Comarca","description":"Lugar de opini\u00f3n y discusi\u00f3n de la izquierda","publisher":{"@id":"https:\/\/www.iucuellar.org\/#organization"},"potentialAction":[{"@type":"SearchAction","target":{"@type":"EntryPoint","urlTemplate":"https:\/\/www.iucuellar.org\/?s={search_term_string}"},"query-input":"required name=search_term_string"}],"inLanguage":"es"},{"@type":"Organization","@id":"https:\/\/www.iucuellar.org\/#organization","name":"IU CUELLAR","url":"https:\/\/www.iucuellar.org\/","logo":{"@type":"ImageObject","inLanguage":"es","@id":"https:\/\/www.iucuellar.org\/#\/schema\/logo\/image\/","url":"https:\/\/i0.wp.com\/www.iucuellar.org\/public\/2022\/07\/cropped-avatar_redondo_Twitter.png?fit=512%2C512&ssl=1","contentUrl":"https:\/\/i0.wp.com\/www.iucuellar.org\/public\/2022\/07\/cropped-avatar_redondo_Twitter.png?fit=512%2C512&ssl=1","width":512,"height":512,"caption":"IU CUELLAR"},"image":{"@id":"https:\/\/www.iucuellar.org\/#\/schema\/logo\/image\/"},"sameAs":["https:\/\/www.facebook.com\/iucuellar","https:\/\/x.com\/IU_CUELLAR","https:\/\/www.instagram.com\/iucuellar\/","https:\/\/www.threads.net\/@iucuellar"]},{"@type":"Person","@id":"https:\/\/www.iucuellar.org\/#\/schema\/person\/0ed49683a220f525fdeb90989b5c672d","name":"Comunicaci\u00f3n","image":{"@type":"ImageObject","inLanguage":"es","@id":"https:\/\/www.iucuellar.org\/#\/schema\/person\/image\/","url":"https:\/\/secure.gravatar.com\/avatar\/1bb1e96b498ea4b5098098798744923e?s=96&d=mm&r=g","contentUrl":"https:\/\/secure.gravatar.com\/avatar\/1bb1e96b498ea4b5098098798744923e?s=96&d=mm&r=g","caption":"Comunicaci\u00f3n"},"url":"https:\/\/www.iucuellar.org\/?author=1"}]}},"jetpack_featured_media_url":"","jetpack_sharing_enabled":true,"jetpack_shortlink":"https:\/\/wp.me\/p8rn8P-5f","_links":{"self":[{"href":"https:\/\/www.iucuellar.org\/index.php?rest_route=\/wp\/v2\/posts\/325"}],"collection":[{"href":"https:\/\/www.iucuellar.org\/index.php?rest_route=\/wp\/v2\/posts"}],"about":[{"href":"https:\/\/www.iucuellar.org\/index.php?rest_route=\/wp\/v2\/types\/post"}],"author":[{"embeddable":true,"href":"https:\/\/www.iucuellar.org\/index.php?rest_route=\/wp\/v2\/users\/1"}],"replies":[{"embeddable":true,"href":"https:\/\/www.iucuellar.org\/index.php?rest_route=%2Fwp%2Fv2%2Fcomments&post=325"}],"version-history":[{"count":10,"href":"https:\/\/www.iucuellar.org\/index.php?rest_route=\/wp\/v2\/posts\/325\/revisions"}],"predecessor-version":[{"id":333,"href":"https:\/\/www.iucuellar.org\/index.php?rest_route=\/wp\/v2\/posts\/325\/revisions\/333"}],"wp:attachment":[{"href":"https:\/\/www.iucuellar.org\/index.php?rest_route=%2Fwp%2Fv2%2Fmedia&parent=325"}],"wp:term":[{"taxonomy":"category","embeddable":true,"href":"https:\/\/www.iucuellar.org\/index.php?rest_route=%2Fwp%2Fv2%2Fcategories&post=325"},{"taxonomy":"post_tag","embeddable":true,"href":"https:\/\/www.iucuellar.org\/index.php?rest_route=%2Fwp%2Fv2%2Ftags&post=325"}],"curies":[{"name":"wp","href":"https:\/\/api.w.org\/{rel}","templated":true}]}}