{"id":3253,"date":"2020-01-27T19:30:39","date_gmt":"2020-01-27T18:30:39","guid":{"rendered":"http:\/\/www.iucuellar.org\/?p=3253"},"modified":"2023-03-08T12:08:43","modified_gmt":"2023-03-08T11:08:43","slug":"ni-ordenadores-ni-etc","status":"publish","type":"post","link":"https:\/\/www.iucuellar.org\/?p=3253","title":{"rendered":"Ni ordenadores, ni etc"},"content":{"rendered":"\n<p>Ante las declaraciones del Partido Popular respecto a la ocupaci\u00f3n de un local municipal por su parte y otro por el <a href=\"https:\/\/www.iucuellar.org\/\" target=\"_blank\" rel=\"noreferrer noopener\">Grupo Municipal de Izquierda Unida<\/a>, nos vemos obligados a aclarar algunas cosas. Pues los concejales del Partido Popular. Por un lado mienten m\u00e1s que hablan y por otro parecen nuevos en el ayuntamiento. Y act\u00faan como si no hubieran tenido responsabilidad de gobierno durante doce a\u00f1os.<\/p>\n\n\n\n<p>Tienen raz\u00f3n cuando aluden al Reglamento de Organizaci\u00f3n Funcionamiento y R\u00e9gimen\u00a0 Jur\u00eddico de las Corporaciones Locales. Que da derecho a los grupos pol\u00edticos a disponer de un local para el desempe\u00f1o de sus funciones, (a todos, incluyendo a Centrados), pues tambi\u00e9n es grupo pol\u00edtico en la corporaci\u00f3n.<\/p>\n\n\n\n<p>\u00a0As\u00ed se lo hizo saber el grupo municipal de IU en 2007 al anterior equipo de gobierno del PP. Recibiendo por respuesta que se solicitara por escrito y que cuando se dispusiera de uno en el Centro Cultural Santa Clara les ser\u00eda\u00a0entregado. La solicitud fue registrada con fecha 25\/09\/2007 y fueron entregadas las llaves en 2008 cuando finalizaron las obras del\u00a0 centro.<\/p>\n\n\n\n<p>El local de 12 m<sup>2<\/sup> estaba completamente vac\u00edo. Y la \u00fanica equipaci\u00f3n entregada fueron las dos \u00faltimas mesas despu\u00e9s del reparto a las asociaciones all\u00ed ubicadas. Casi un a\u00f1o nos cost\u00f3 hasta que la entonces concejala de cultura nos facilit\u00f3 la clave del wifi.<\/p>\n\n\n\n<p>No sabemos de d\u00f3nde saca el se\u00f1or Hernanz que a IU se le dot\u00f3 de todo tipo de servicios y medios materiales (ordenadores,etc) pues es totalmente falso. En los 12 a\u00f1os de gobierno del PP, el grupo municipal de IU no ha recibido ni siquiera un folio o bol\u00edgrafo. Otra de la cosas que entonces se solicit\u00f3 fue un tlf m\u00f3vil como cada concejal del PP (nueve). Y una asignaci\u00f3n econ\u00f3mica para los grupos municipales para mejorar su funcionamiento recibiendo la callada por respuesta.<\/p>\n\n\n\n<figure class=\"wp-block-image aligncenter wp-image-3254 size-full\"><img loading=\"lazy\" decoding=\"async\" width=\"800\" height=\"466\" src=\"https:\/\/i0.wp.com\/www.iucuellar.org\/public\/2020\/01\/men-working-at-night-256219.jpg?resize=800%2C466&#038;ssl=1\" alt=\"posible recreaci\u00f3n de la sede de IU segun el PP. Ni ordenadores, ni etc\" class=\"wp-image-3254\" srcset=\"https:\/\/i0.wp.com\/www.iucuellar.org\/public\/2020\/01\/men-working-at-night-256219.jpg?w=3260&amp;ssl=1 3260w, https:\/\/i0.wp.com\/www.iucuellar.org\/public\/2020\/01\/men-working-at-night-256219.jpg?resize=300%2C175&amp;ssl=1 300w, https:\/\/i0.wp.com\/www.iucuellar.org\/public\/2020\/01\/men-working-at-night-256219.jpg?resize=768%2C447&amp;ssl=1 768w, https:\/\/i0.wp.com\/www.iucuellar.org\/public\/2020\/01\/men-working-at-night-256219.jpg?resize=1024%2C596&amp;ssl=1 1024w, https:\/\/i0.wp.com\/www.iucuellar.org\/public\/2020\/01\/men-working-at-night-256219.jpg?w=1600&amp;ssl=1 1600w, https:\/\/i0.wp.com\/www.iucuellar.org\/public\/2020\/01\/men-working-at-night-256219.jpg?w=2400&amp;ssl=1 2400w\" sizes=\"(max-width: 800px) 100vw, 800px\" data-recalc-dims=\"1\" \/><figcaption class=\"wp-element-caption\">posible recreaci\u00f3n de la sede de IU segun el PP<\/figcaption><\/figure>\n\n\n\n<p>Tambi\u00e9n piden el expediente donde se\u00a0 concede el local al grupo municipal, pues bien se\u00f1or Hernanz, usted era el primer teniente de alcalde y sabr\u00e1 d\u00f3nde est\u00e1. Si no existe demuestra lo mal que hac\u00edan ustedes las cosas. El entonces concejal de <a href=\"https:\/\/izquierdaunida.org\/\" target=\"_blank\" rel=\"noreferrer noopener\">IU<\/a> las hizo legalmente solicit\u00e1ndolo por escrito y recibiendo las llaves. Tambi\u00e9n aprovech\u00f3 esa entrega para, a trav\u00e9s de los medios de informaci\u00f3n, ponerlo en conocimiento a la ciudadan\u00eda. Y agradecer al equipo de gobierno\u00a0 la entrega de dicho local.<\/p>\n\n\n\n<p>&nbsp;Instamos al se\u00f1or Hernanz y al PP a no incluirnos en su fango y a hacer lo que en su d\u00eda hizo Izquierda Unida, solicitarlo. Pero tambi\u00e9n le decimos que, o tiene muy corta la memoria, se enteraba de muy poco siendo primer teniente de alcalde o miente descaradamente.<\/p>\n","protected":false},"excerpt":{"rendered":"<p>Ante las declaraciones del Partido Popular respecto a la ocupaci\u00f3n de un local municipal por su parte y otro por<\/p>\n","protected":false},"author":1,"featured_media":3254,"comment_status":"open","ping_status":"open","sticky":false,"template":"","format":"standard","meta":{"sfsi_plus_gutenberg_text_before_share":"","sfsi_plus_gutenberg_show_text_before_share":"","sfsi_plus_gutenberg_icon_type":"","sfsi_plus_gutenberg_icon_alignemt":"","sfsi_plus_gutenburg_max_per_row":"","_exactmetrics_skip_tracking":false,"_exactmetrics_sitenote_active":false,"_exactmetrics_sitenote_note":"","_exactmetrics_sitenote_category":0,"ngg_post_thumbnail":0,"_jetpack_memberships_contains_paid_content":false,"footnotes":""},"categories":[21],"tags":[36,35,43,40],"yoast_head":"<!-- This site is optimized with the Yoast SEO plugin v22.9 - https:\/\/yoast.com\/wordpress\/plugins\/seo\/ -->\r\n<title>Ni ordenadores, ni etc - Izquierda Unida Cu\u00e9llar<\/title>\r\n<meta name=\"description\" content=\"Ante las declaraciones del PP respecto a la ocupaci\u00f3n de un local municipal por su parte y otro por el Grupo Municipal de Izquierda Unida, nos vemos obligados a aclarar algunas cosas\" \/>\r\n<meta name=\"robots\" content=\"index, follow, max-snippet:-1, max-image-preview:large, max-video-preview:-1\" \/>\r\n<link rel=\"canonical\" href=\"https:\/\/www.iucuellar.org\/?p=3253\" \/>\r\n<meta property=\"og:locale\" content=\"es_ES\" \/>\r\n<meta property=\"og:type\" content=\"article\" \/>\r\n<meta property=\"og:title\" content=\"Ni ordenadores, ni etc - Izquierda Unida Cu\u00e9llar\" \/>\r\n<meta property=\"og:description\" content=\"Ante las declaraciones del PP respecto a la ocupaci\u00f3n de un local municipal por su parte y otro por el Grupo Municipal de Izquierda Unida, nos vemos obligados a aclarar algunas cosas\" \/>\r\n<meta property=\"og:url\" content=\"https:\/\/www.iucuellar.org\/?p=3253\" \/>\r\n<meta property=\"og:site_name\" content=\"Izquierda Unida Cu\u00e9llar\" \/>\r\n<meta property=\"article:publisher\" content=\"https:\/\/www.facebook.com\/iucuellar\" \/>\r\n<meta property=\"article:published_time\" content=\"2020-01-27T18:30:39+00:00\" \/>\r\n<meta property=\"article:modified_time\" content=\"2023-03-08T11:08:43+00:00\" \/>\r\n<meta property=\"og:image\" content=\"https:\/\/www.iucuellar.org\/public\/2020\/01\/men-working-at-night-256219.jpg\" \/>\r\n\t<meta property=\"og:image:width\" content=\"3260\" \/>\r\n\t<meta property=\"og:image:height\" content=\"1899\" \/>\r\n\t<meta property=\"og:image:type\" content=\"image\/jpeg\" \/>\r\n<meta name=\"author\" content=\"Comunicaci\u00f3n\" \/>\r\n<meta name=\"twitter:card\" content=\"summary_large_image\" \/>\r\n<meta name=\"twitter:creator\" content=\"@IU_CUELLAR\" \/>\r\n<meta name=\"twitter:site\" content=\"@IU_CUELLAR\" \/>\r\n<meta name=\"twitter:label1\" content=\"Escrito por\" \/>\n\t<meta name=\"twitter:data1\" content=\"Comunicaci\u00f3n\" \/>\n\t<meta name=\"twitter:label2\" content=\"Tiempo de lectura\" \/>\n\t<meta name=\"twitter:data2\" content=\"3 minutos\" \/>\r\n<script type=\"application\/ld+json\" class=\"yoast-schema-graph\">{\"@context\":\"https:\/\/schema.org\",\"@graph\":[{\"@type\":\"Article\",\"@id\":\"https:\/\/www.iucuellar.org\/?p=3253#article\",\"isPartOf\":{\"@id\":\"https:\/\/www.iucuellar.org\/?p=3253\"},\"author\":{\"name\":\"Comunicaci\u00f3n\",\"@id\":\"https:\/\/www.iucuellar.org\/#\/schema\/person\/0ed49683a220f525fdeb90989b5c672d\"},\"headline\":\"Ni ordenadores, ni etc\",\"datePublished\":\"2020-01-27T18:30:39+00:00\",\"dateModified\":\"2023-03-08T11:08:43+00:00\",\"mainEntityOfPage\":{\"@id\":\"https:\/\/www.iucuellar.org\/?p=3253\"},\"wordCount\":485,\"commentCount\":0,\"publisher\":{\"@id\":\"https:\/\/www.iucuellar.org\/#organization\"},\"image\":{\"@id\":\"https:\/\/www.iucuellar.org\/?p=3253#primaryimage\"},\"thumbnailUrl\":\"https:\/\/i0.wp.com\/www.iucuellar.org\/public\/2020\/01\/men-working-at-night-256219.jpg?fit=3260%2C1899&ssl=1\",\"keywords\":[\"Ayuntamiento\",\"Cuellar\",\"IU\",\"Izquierda Unida\"],\"articleSection\":[\"Izquierda Unida\"],\"inLanguage\":\"es\",\"potentialAction\":[{\"@type\":\"CommentAction\",\"name\":\"Comment\",\"target\":[\"https:\/\/www.iucuellar.org\/?p=3253#respond\"]}]},{\"@type\":\"WebPage\",\"@id\":\"https:\/\/www.iucuellar.org\/?p=3253\",\"url\":\"https:\/\/www.iucuellar.org\/?p=3253\",\"name\":\"Ni ordenadores, ni etc - Izquierda Unida Cu\u00e9llar\",\"isPartOf\":{\"@id\":\"https:\/\/www.iucuellar.org\/#website\"},\"primaryImageOfPage\":{\"@id\":\"https:\/\/www.iucuellar.org\/?p=3253#primaryimage\"},\"image\":{\"@id\":\"https:\/\/www.iucuellar.org\/?p=3253#primaryimage\"},\"thumbnailUrl\":\"https:\/\/i0.wp.com\/www.iucuellar.org\/public\/2020\/01\/men-working-at-night-256219.jpg?fit=3260%2C1899&ssl=1\",\"datePublished\":\"2020-01-27T18:30:39+00:00\",\"dateModified\":\"2023-03-08T11:08:43+00:00\",\"description\":\"Ante las declaraciones del PP respecto a la ocupaci\u00f3n de un local municipal por su parte y otro por el Grupo Municipal de Izquierda Unida, nos vemos obligados a aclarar algunas cosas\",\"breadcrumb\":{\"@id\":\"https:\/\/www.iucuellar.org\/?p=3253#breadcrumb\"},\"inLanguage\":\"es\",\"potentialAction\":[{\"@type\":\"ReadAction\",\"target\":[\"https:\/\/www.iucuellar.org\/?p=3253\"]}]},{\"@type\":\"ImageObject\",\"inLanguage\":\"es\",\"@id\":\"https:\/\/www.iucuellar.org\/?p=3253#primaryimage\",\"url\":\"https:\/\/i0.wp.com\/www.iucuellar.org\/public\/2020\/01\/men-working-at-night-256219.jpg?fit=3260%2C1899&ssl=1\",\"contentUrl\":\"https:\/\/i0.wp.com\/www.iucuellar.org\/public\/2020\/01\/men-working-at-night-256219.jpg?fit=3260%2C1899&ssl=1\",\"width\":3260,\"height\":1899},{\"@type\":\"BreadcrumbList\",\"@id\":\"https:\/\/www.iucuellar.org\/?p=3253#breadcrumb\",\"itemListElement\":[{\"@type\":\"ListItem\",\"position\":1,\"name\":\"Inicio\",\"item\":\"https:\/\/www.iucuellar.org\/\"},{\"@type\":\"ListItem\",\"position\":2,\"name\":\"Ni ordenadores, ni etc\"}]},{\"@type\":\"WebSite\",\"@id\":\"https:\/\/www.iucuellar.org\/#website\",\"url\":\"https:\/\/www.iucuellar.org\/\",\"name\":\"Izquierda Unida Cu\u00e9llar y Comarca\",\"description\":\"Lugar de opini\u00f3n y discusi\u00f3n de la izquierda\",\"publisher\":{\"@id\":\"https:\/\/www.iucuellar.org\/#organization\"},\"potentialAction\":[{\"@type\":\"SearchAction\",\"target\":{\"@type\":\"EntryPoint\",\"urlTemplate\":\"https:\/\/www.iucuellar.org\/?s={search_term_string}\"},\"query-input\":\"required name=search_term_string\"}],\"inLanguage\":\"es\"},{\"@type\":\"Organization\",\"@id\":\"https:\/\/www.iucuellar.org\/#organization\",\"name\":\"IU CUELLAR\",\"url\":\"https:\/\/www.iucuellar.org\/\",\"logo\":{\"@type\":\"ImageObject\",\"inLanguage\":\"es\",\"@id\":\"https:\/\/www.iucuellar.org\/#\/schema\/logo\/image\/\",\"url\":\"https:\/\/i0.wp.com\/www.iucuellar.org\/public\/2022\/07\/cropped-avatar_redondo_Twitter.png?fit=512%2C512&ssl=1\",\"contentUrl\":\"https:\/\/i0.wp.com\/www.iucuellar.org\/public\/2022\/07\/cropped-avatar_redondo_Twitter.png?fit=512%2C512&ssl=1\",\"width\":512,\"height\":512,\"caption\":\"IU CUELLAR\"},\"image\":{\"@id\":\"https:\/\/www.iucuellar.org\/#\/schema\/logo\/image\/\"},\"sameAs\":[\"https:\/\/www.facebook.com\/iucuellar\",\"https:\/\/x.com\/IU_CUELLAR\",\"https:\/\/www.instagram.com\/iucuellar\/\",\"https:\/\/www.threads.net\/@iucuellar\"]},{\"@type\":\"Person\",\"@id\":\"https:\/\/www.iucuellar.org\/#\/schema\/person\/0ed49683a220f525fdeb90989b5c672d\",\"name\":\"Comunicaci\u00f3n\",\"image\":{\"@type\":\"ImageObject\",\"inLanguage\":\"es\",\"@id\":\"https:\/\/www.iucuellar.org\/#\/schema\/person\/image\/\",\"url\":\"https:\/\/secure.gravatar.com\/avatar\/1bb1e96b498ea4b5098098798744923e?s=96&d=mm&r=g\",\"contentUrl\":\"https:\/\/secure.gravatar.com\/avatar\/1bb1e96b498ea4b5098098798744923e?s=96&d=mm&r=g\",\"caption\":\"Comunicaci\u00f3n\"},\"url\":\"https:\/\/www.iucuellar.org\/?author=1\"}]}<\/script>\r\n<!-- \/ Yoast SEO plugin. -->","yoast_head_json":{"title":"Ni ordenadores, ni etc - Izquierda Unida Cu\u00e9llar","description":"Ante las declaraciones del PP respecto a la ocupaci\u00f3n de un local municipal por su parte y otro por el Grupo Municipal de Izquierda Unida, nos vemos obligados a aclarar algunas cosas","robots":{"index":"index","follow":"follow","max-snippet":"max-snippet:-1","max-image-preview":"max-image-preview:large","max-video-preview":"max-video-preview:-1"},"canonical":"https:\/\/www.iucuellar.org\/?p=3253","og_locale":"es_ES","og_type":"article","og_title":"Ni ordenadores, ni etc - Izquierda Unida Cu\u00e9llar","og_description":"Ante las declaraciones del PP respecto a la ocupaci\u00f3n de un local municipal por su parte y otro por el Grupo Municipal de Izquierda Unida, nos vemos obligados a aclarar algunas cosas","og_url":"https:\/\/www.iucuellar.org\/?p=3253","og_site_name":"Izquierda Unida Cu\u00e9llar","article_publisher":"https:\/\/www.facebook.com\/iucuellar","article_published_time":"2020-01-27T18:30:39+00:00","article_modified_time":"2023-03-08T11:08:43+00:00","og_image":[{"width":3260,"height":1899,"url":"https:\/\/www.iucuellar.org\/public\/2020\/01\/men-working-at-night-256219.jpg","type":"image\/jpeg"}],"author":"Comunicaci\u00f3n","twitter_card":"summary_large_image","twitter_creator":"@IU_CUELLAR","twitter_site":"@IU_CUELLAR","twitter_misc":{"Escrito por":"Comunicaci\u00f3n","Tiempo de lectura":"3 minutos"},"schema":{"@context":"https:\/\/schema.org","@graph":[{"@type":"Article","@id":"https:\/\/www.iucuellar.org\/?p=3253#article","isPartOf":{"@id":"https:\/\/www.iucuellar.org\/?p=3253"},"author":{"name":"Comunicaci\u00f3n","@id":"https:\/\/www.iucuellar.org\/#\/schema\/person\/0ed49683a220f525fdeb90989b5c672d"},"headline":"Ni ordenadores, ni etc","datePublished":"2020-01-27T18:30:39+00:00","dateModified":"2023-03-08T11:08:43+00:00","mainEntityOfPage":{"@id":"https:\/\/www.iucuellar.org\/?p=3253"},"wordCount":485,"commentCount":0,"publisher":{"@id":"https:\/\/www.iucuellar.org\/#organization"},"image":{"@id":"https:\/\/www.iucuellar.org\/?p=3253#primaryimage"},"thumbnailUrl":"https:\/\/i0.wp.com\/www.iucuellar.org\/public\/2020\/01\/men-working-at-night-256219.jpg?fit=3260%2C1899&ssl=1","keywords":["Ayuntamiento","Cuellar","IU","Izquierda Unida"],"articleSection":["Izquierda Unida"],"inLanguage":"es","potentialAction":[{"@type":"CommentAction","name":"Comment","target":["https:\/\/www.iucuellar.org\/?p=3253#respond"]}]},{"@type":"WebPage","@id":"https:\/\/www.iucuellar.org\/?p=3253","url":"https:\/\/www.iucuellar.org\/?p=3253","name":"Ni ordenadores, ni etc - Izquierda Unida Cu\u00e9llar","isPartOf":{"@id":"https:\/\/www.iucuellar.org\/#website"},"primaryImageOfPage":{"@id":"https:\/\/www.iucuellar.org\/?p=3253#primaryimage"},"image":{"@id":"https:\/\/www.iucuellar.org\/?p=3253#primaryimage"},"thumbnailUrl":"https:\/\/i0.wp.com\/www.iucuellar.org\/public\/2020\/01\/men-working-at-night-256219.jpg?fit=3260%2C1899&ssl=1","datePublished":"2020-01-27T18:30:39+00:00","dateModified":"2023-03-08T11:08:43+00:00","description":"Ante las declaraciones del PP respecto a la ocupaci\u00f3n de un local municipal por su parte y otro por el Grupo Municipal de Izquierda Unida, nos vemos obligados a aclarar algunas cosas","breadcrumb":{"@id":"https:\/\/www.iucuellar.org\/?p=3253#breadcrumb"},"inLanguage":"es","potentialAction":[{"@type":"ReadAction","target":["https:\/\/www.iucuellar.org\/?p=3253"]}]},{"@type":"ImageObject","inLanguage":"es","@id":"https:\/\/www.iucuellar.org\/?p=3253#primaryimage","url":"https:\/\/i0.wp.com\/www.iucuellar.org\/public\/2020\/01\/men-working-at-night-256219.jpg?fit=3260%2C1899&ssl=1","contentUrl":"https:\/\/i0.wp.com\/www.iucuellar.org\/public\/2020\/01\/men-working-at-night-256219.jpg?fit=3260%2C1899&ssl=1","width":3260,"height":1899},{"@type":"BreadcrumbList","@id":"https:\/\/www.iucuellar.org\/?p=3253#breadcrumb","itemListElement":[{"@type":"ListItem","position":1,"name":"Inicio","item":"https:\/\/www.iucuellar.org\/"},{"@type":"ListItem","position":2,"name":"Ni ordenadores, ni etc"}]},{"@type":"WebSite","@id":"https:\/\/www.iucuellar.org\/#website","url":"https:\/\/www.iucuellar.org\/","name":"Izquierda Unida Cu\u00e9llar y Comarca","description":"Lugar de opini\u00f3n y discusi\u00f3n de la izquierda","publisher":{"@id":"https:\/\/www.iucuellar.org\/#organization"},"potentialAction":[{"@type":"SearchAction","target":{"@type":"EntryPoint","urlTemplate":"https:\/\/www.iucuellar.org\/?s={search_term_string}"},"query-input":"required name=search_term_string"}],"inLanguage":"es"},{"@type":"Organization","@id":"https:\/\/www.iucuellar.org\/#organization","name":"IU CUELLAR","url":"https:\/\/www.iucuellar.org\/","logo":{"@type":"ImageObject","inLanguage":"es","@id":"https:\/\/www.iucuellar.org\/#\/schema\/logo\/image\/","url":"https:\/\/i0.wp.com\/www.iucuellar.org\/public\/2022\/07\/cropped-avatar_redondo_Twitter.png?fit=512%2C512&ssl=1","contentUrl":"https:\/\/i0.wp.com\/www.iucuellar.org\/public\/2022\/07\/cropped-avatar_redondo_Twitter.png?fit=512%2C512&ssl=1","width":512,"height":512,"caption":"IU CUELLAR"},"image":{"@id":"https:\/\/www.iucuellar.org\/#\/schema\/logo\/image\/"},"sameAs":["https:\/\/www.facebook.com\/iucuellar","https:\/\/x.com\/IU_CUELLAR","https:\/\/www.instagram.com\/iucuellar\/","https:\/\/www.threads.net\/@iucuellar"]},{"@type":"Person","@id":"https:\/\/www.iucuellar.org\/#\/schema\/person\/0ed49683a220f525fdeb90989b5c672d","name":"Comunicaci\u00f3n","image":{"@type":"ImageObject","inLanguage":"es","@id":"https:\/\/www.iucuellar.org\/#\/schema\/person\/image\/","url":"https:\/\/secure.gravatar.com\/avatar\/1bb1e96b498ea4b5098098798744923e?s=96&d=mm&r=g","contentUrl":"https:\/\/secure.gravatar.com\/avatar\/1bb1e96b498ea4b5098098798744923e?s=96&d=mm&r=g","caption":"Comunicaci\u00f3n"},"url":"https:\/\/www.iucuellar.org\/?author=1"}]}},"jetpack_featured_media_url":"https:\/\/i0.wp.com\/www.iucuellar.org\/public\/2020\/01\/men-working-at-night-256219.jpg?fit=3260%2C1899&ssl=1","jetpack_sharing_enabled":true,"jetpack_shortlink":"https:\/\/wp.me\/p8rn8P-Qt","_links":{"self":[{"href":"https:\/\/www.iucuellar.org\/index.php?rest_route=\/wp\/v2\/posts\/3253"}],"collection":[{"href":"https:\/\/www.iucuellar.org\/index.php?rest_route=\/wp\/v2\/posts"}],"about":[{"href":"https:\/\/www.iucuellar.org\/index.php?rest_route=\/wp\/v2\/types\/post"}],"author":[{"embeddable":true,"href":"https:\/\/www.iucuellar.org\/index.php?rest_route=\/wp\/v2\/users\/1"}],"replies":[{"embeddable":true,"href":"https:\/\/www.iucuellar.org\/index.php?rest_route=%2Fwp%2Fv2%2Fcomments&post=3253"}],"version-history":[{"count":6,"href":"https:\/\/www.iucuellar.org\/index.php?rest_route=\/wp\/v2\/posts\/3253\/revisions"}],"predecessor-version":[{"id":4291,"href":"https:\/\/www.iucuellar.org\/index.php?rest_route=\/wp\/v2\/posts\/3253\/revisions\/4291"}],"wp:featuredmedia":[{"embeddable":true,"href":"https:\/\/www.iucuellar.org\/index.php?rest_route=\/wp\/v2\/media\/3254"}],"wp:attachment":[{"href":"https:\/\/www.iucuellar.org\/index.php?rest_route=%2Fwp%2Fv2%2Fmedia&parent=3253"}],"wp:term":[{"taxonomy":"category","embeddable":true,"href":"https:\/\/www.iucuellar.org\/index.php?rest_route=%2Fwp%2Fv2%2Fcategories&post=3253"},{"taxonomy":"post_tag","embeddable":true,"href":"https:\/\/www.iucuellar.org\/index.php?rest_route=%2Fwp%2Fv2%2Ftags&post=3253"}],"curies":[{"name":"wp","href":"https:\/\/api.w.org\/{rel}","templated":true}]}}