{"id":3516,"date":"2021-04-03T09:06:19","date_gmt":"2021-04-03T07:06:19","guid":{"rendered":"http:\/\/www.iucuellar.org\/?p=3516"},"modified":"2022-10-24T20:18:57","modified_gmt":"2022-10-24T18:18:57","slug":"delegada-de-iu-cuellar-en-la-xii-asamblea-federal-de-izquierda-unida","status":"publish","type":"post","link":"https:\/\/www.iucuellar.org\/?p=3516","title":{"rendered":"Delegada de IU Cu\u00e9llar en la XII Asamblea Federal de Izquierda Unida"},"content":{"rendered":"\n<p>En la Asamblea Federal celebrada el pasado fin de semana particip\u00f3 Lucia Arranz compa\u00f1era de nuestra asamblea local y concejala de Servicios Municipales, Personal y Juventud. Esta asamblea Federal que ha estado marcada por las medidas debidas a la pandemia, ha hecho que nuestra compa\u00f1era, como la mayor parte de los delegados, participase de manera telem\u00e1tica.<\/p>\n\n\n\n<figure class=\"wp-block-image\"><img decoding=\"async\" src=\"https:\/\/lh6.googleusercontent.com\/B59A0tcLJRtHToNGVTEdsXzOlWBea8GI5m09Dkcst0IwjD6Xb16rd30mypXHfqf9as8TfbMozf02aU7QvYJElGw4UQmw-ftk5Kwm4SKFt_JWMDSS18n2C4raDDkiQ-aEWIeZPVcG\" alt=\"\"\/><\/figure>\n\n\n\n<p>Adem\u00e1s de los debates de las enmiendas a los diferentes documentos y sus correspondientes votaciones, se realizaron aprobaciones de resoluciones llevadas por las diferentes federaciones regionales. En el caso de la <a href=\"https:\/\/www.iucyl.es\/\" target=\"_blank\" rel=\"noreferrer noopener\">federaci\u00f3n de Castilla y Le\u00f3n<\/a> se present\u00f3 y ratific\u00f3 una resoluci\u00f3n en apoyo a la reapertura de la l\u00ednea de Tren Madrid-Aranda-Burgos, que pasa por el este de nuestra provincia.<\/p>\n\n\n\n<p>Durante la asamblea se realizaron intervenciones de los diferentes coordinadores regionales; recordando nuestro coordinador regional Juan Gasc\u00f3n el 500 aniversario de la revuelta comunera, y a quienes lucharon contra el rey defendiendo la libertad.<\/p>\n\n\n\n<p>A trav\u00e9s del llamamiento \u201cHorizonte Rep\u00fablica\u201d esta XII asamblea Federal propone una rep\u00fablica para construir un pa\u00eds ecologista, feminista&nbsp; y fraterno. Reafirmando una unidad amplia para frenar la amenaza de la extrema derecha y sus pol\u00edticas de recorte de derechos y de discriminaci\u00f3n y racismo.<\/p>\n","protected":false},"excerpt":{"rendered":"<p>En la Asamblea Federal celebrada el pasado fin de semana particip\u00f3 Lucia Arranz compa\u00f1era de nuestra asamblea local y concejala<\/p>\n","protected":false},"author":1,"featured_media":3517,"comment_status":"open","ping_status":"open","sticky":false,"template":"","format":"standard","meta":{"sfsi_plus_gutenberg_text_before_share":"","sfsi_plus_gutenberg_show_text_before_share":"","sfsi_plus_gutenberg_icon_type":"","sfsi_plus_gutenberg_icon_alignemt":"","sfsi_plus_gutenburg_max_per_row":"","_exactmetrics_skip_tracking":false,"_exactmetrics_sitenote_active":false,"_exactmetrics_sitenote_note":"","_exactmetrics_sitenote_category":0,"ngg_post_thumbnail":0,"_jetpack_memberships_contains_paid_content":false,"footnotes":""},"categories":[21],"tags":[94,95,43,40],"yoast_head":"<!-- This site is optimized with the Yoast SEO plugin v22.9 - https:\/\/yoast.com\/wordpress\/plugins\/seo\/ -->\r\n<title>Delegada de IU Cu\u00e9llar en la XII Asamblea Federal de Izquierda Unida - Izquierda Unida Cu\u00e9llar<\/title>\r\n<meta name=\"description\" content=\"En la Asamblea Federal celebrada el pasado fin de semana particip\u00f3 Lucia Arranz compa\u00f1era de nuestra asamblea local y concejala de Servicios Municipales, Personal y Juventud\" \/>\r\n<meta name=\"robots\" content=\"index, follow, max-snippet:-1, max-image-preview:large, max-video-preview:-1\" \/>\r\n<link rel=\"canonical\" href=\"https:\/\/www.iucuellar.org\/?p=3516\" \/>\r\n<meta property=\"og:locale\" content=\"es_ES\" \/>\r\n<meta property=\"og:type\" content=\"article\" \/>\r\n<meta property=\"og:title\" content=\"Delegada de IU Cu\u00e9llar en la XII Asamblea Federal de Izquierda Unida - Izquierda Unida Cu\u00e9llar\" \/>\r\n<meta property=\"og:description\" content=\"En la Asamblea Federal celebrada el pasado fin de semana particip\u00f3 Lucia Arranz compa\u00f1era de nuestra asamblea local y concejala de Servicios Municipales, Personal y Juventud\" \/>\r\n<meta property=\"og:url\" content=\"https:\/\/www.iucuellar.org\/?p=3516\" \/>\r\n<meta property=\"og:site_name\" content=\"Izquierda Unida Cu\u00e9llar\" \/>\r\n<meta property=\"article:publisher\" content=\"https:\/\/www.facebook.com\/iucuellar\" \/>\r\n<meta property=\"article:published_time\" content=\"2021-04-03T07:06:19+00:00\" \/>\r\n<meta property=\"article:modified_time\" content=\"2022-10-24T18:18:57+00:00\" \/>\r\n<meta property=\"og:image\" content=\"https:\/\/www.iucuellar.org\/public\/2021\/04\/Captura-de-pantalla-2021-03-27-a-las-0.18.07-1024x530.png\" \/>\r\n\t<meta property=\"og:image:width\" content=\"1024\" \/>\r\n\t<meta property=\"og:image:height\" content=\"530\" \/>\r\n\t<meta property=\"og:image:type\" content=\"image\/png\" \/>\r\n<meta name=\"author\" content=\"Comunicaci\u00f3n\" \/>\r\n<meta name=\"twitter:card\" content=\"summary_large_image\" \/>\r\n<meta name=\"twitter:creator\" content=\"@IU_CUELLAR\" \/>\r\n<meta name=\"twitter:site\" content=\"@IU_CUELLAR\" \/>\r\n<meta name=\"twitter:label1\" content=\"Escrito por\" \/>\n\t<meta name=\"twitter:data1\" content=\"Comunicaci\u00f3n\" \/>\n\t<meta name=\"twitter:label2\" content=\"Tiempo de lectura\" \/>\n\t<meta name=\"twitter:data2\" content=\"2 minutos\" \/>\r\n<script type=\"application\/ld+json\" class=\"yoast-schema-graph\">{\"@context\":\"https:\/\/schema.org\",\"@graph\":[{\"@type\":\"Article\",\"@id\":\"https:\/\/www.iucuellar.org\/?p=3516#article\",\"isPartOf\":{\"@id\":\"https:\/\/www.iucuellar.org\/?p=3516\"},\"author\":{\"name\":\"Comunicaci\u00f3n\",\"@id\":\"https:\/\/www.iucuellar.org\/#\/schema\/person\/0ed49683a220f525fdeb90989b5c672d\"},\"headline\":\"Delegada de IU Cu\u00e9llar en la XII Asamblea Federal de Izquierda Unida\",\"datePublished\":\"2021-04-03T07:06:19+00:00\",\"dateModified\":\"2022-10-24T18:18:57+00:00\",\"mainEntityOfPage\":{\"@id\":\"https:\/\/www.iucuellar.org\/?p=3516\"},\"wordCount\":224,\"commentCount\":0,\"publisher\":{\"@id\":\"https:\/\/www.iucuellar.org\/#organization\"},\"image\":{\"@id\":\"https:\/\/www.iucuellar.org\/?p=3516#primaryimage\"},\"thumbnailUrl\":\"https:\/\/i0.wp.com\/www.iucuellar.org\/public\/2021\/04\/Captura-de-pantalla-2021-03-27-a-las-0.18.07.png?fit=1829%2C947&ssl=1\",\"keywords\":[\"Asamblea\",\"Federal\",\"IU\",\"Izquierda Unida\"],\"articleSection\":[\"Izquierda Unida\"],\"inLanguage\":\"es\",\"potentialAction\":[{\"@type\":\"CommentAction\",\"name\":\"Comment\",\"target\":[\"https:\/\/www.iucuellar.org\/?p=3516#respond\"]}]},{\"@type\":\"WebPage\",\"@id\":\"https:\/\/www.iucuellar.org\/?p=3516\",\"url\":\"https:\/\/www.iucuellar.org\/?p=3516\",\"name\":\"Delegada de IU Cu\u00e9llar en la XII Asamblea Federal de Izquierda Unida - Izquierda Unida Cu\u00e9llar\",\"isPartOf\":{\"@id\":\"https:\/\/www.iucuellar.org\/#website\"},\"primaryImageOfPage\":{\"@id\":\"https:\/\/www.iucuellar.org\/?p=3516#primaryimage\"},\"image\":{\"@id\":\"https:\/\/www.iucuellar.org\/?p=3516#primaryimage\"},\"thumbnailUrl\":\"https:\/\/i0.wp.com\/www.iucuellar.org\/public\/2021\/04\/Captura-de-pantalla-2021-03-27-a-las-0.18.07.png?fit=1829%2C947&ssl=1\",\"datePublished\":\"2021-04-03T07:06:19+00:00\",\"dateModified\":\"2022-10-24T18:18:57+00:00\",\"description\":\"En la Asamblea Federal celebrada el pasado fin de semana particip\u00f3 Lucia Arranz compa\u00f1era de nuestra asamblea local y concejala de Servicios Municipales, Personal y Juventud\",\"breadcrumb\":{\"@id\":\"https:\/\/www.iucuellar.org\/?p=3516#breadcrumb\"},\"inLanguage\":\"es\",\"potentialAction\":[{\"@type\":\"ReadAction\",\"target\":[\"https:\/\/www.iucuellar.org\/?p=3516\"]}]},{\"@type\":\"ImageObject\",\"inLanguage\":\"es\",\"@id\":\"https:\/\/www.iucuellar.org\/?p=3516#primaryimage\",\"url\":\"https:\/\/i0.wp.com\/www.iucuellar.org\/public\/2021\/04\/Captura-de-pantalla-2021-03-27-a-las-0.18.07.png?fit=1829%2C947&ssl=1\",\"contentUrl\":\"https:\/\/i0.wp.com\/www.iucuellar.org\/public\/2021\/04\/Captura-de-pantalla-2021-03-27-a-las-0.18.07.png?fit=1829%2C947&ssl=1\",\"width\":1829,\"height\":947},{\"@type\":\"BreadcrumbList\",\"@id\":\"https:\/\/www.iucuellar.org\/?p=3516#breadcrumb\",\"itemListElement\":[{\"@type\":\"ListItem\",\"position\":1,\"name\":\"Inicio\",\"item\":\"https:\/\/www.iucuellar.org\/\"},{\"@type\":\"ListItem\",\"position\":2,\"name\":\"Delegada de IU Cu\u00e9llar en la XII Asamblea Federal de Izquierda Unida\"}]},{\"@type\":\"WebSite\",\"@id\":\"https:\/\/www.iucuellar.org\/#website\",\"url\":\"https:\/\/www.iucuellar.org\/\",\"name\":\"Izquierda Unida Cu\u00e9llar y Comarca\",\"description\":\"Lugar de opini\u00f3n y discusi\u00f3n de la izquierda\",\"publisher\":{\"@id\":\"https:\/\/www.iucuellar.org\/#organization\"},\"potentialAction\":[{\"@type\":\"SearchAction\",\"target\":{\"@type\":\"EntryPoint\",\"urlTemplate\":\"https:\/\/www.iucuellar.org\/?s={search_term_string}\"},\"query-input\":\"required name=search_term_string\"}],\"inLanguage\":\"es\"},{\"@type\":\"Organization\",\"@id\":\"https:\/\/www.iucuellar.org\/#organization\",\"name\":\"IU CUELLAR\",\"url\":\"https:\/\/www.iucuellar.org\/\",\"logo\":{\"@type\":\"ImageObject\",\"inLanguage\":\"es\",\"@id\":\"https:\/\/www.iucuellar.org\/#\/schema\/logo\/image\/\",\"url\":\"https:\/\/i0.wp.com\/www.iucuellar.org\/public\/2022\/07\/cropped-avatar_redondo_Twitter.png?fit=512%2C512&ssl=1\",\"contentUrl\":\"https:\/\/i0.wp.com\/www.iucuellar.org\/public\/2022\/07\/cropped-avatar_redondo_Twitter.png?fit=512%2C512&ssl=1\",\"width\":512,\"height\":512,\"caption\":\"IU CUELLAR\"},\"image\":{\"@id\":\"https:\/\/www.iucuellar.org\/#\/schema\/logo\/image\/\"},\"sameAs\":[\"https:\/\/www.facebook.com\/iucuellar\",\"https:\/\/x.com\/IU_CUELLAR\",\"https:\/\/www.instagram.com\/iucuellar\/\",\"https:\/\/www.threads.net\/@iucuellar\"]},{\"@type\":\"Person\",\"@id\":\"https:\/\/www.iucuellar.org\/#\/schema\/person\/0ed49683a220f525fdeb90989b5c672d\",\"name\":\"Comunicaci\u00f3n\",\"image\":{\"@type\":\"ImageObject\",\"inLanguage\":\"es\",\"@id\":\"https:\/\/www.iucuellar.org\/#\/schema\/person\/image\/\",\"url\":\"https:\/\/secure.gravatar.com\/avatar\/1bb1e96b498ea4b5098098798744923e?s=96&d=mm&r=g\",\"contentUrl\":\"https:\/\/secure.gravatar.com\/avatar\/1bb1e96b498ea4b5098098798744923e?s=96&d=mm&r=g\",\"caption\":\"Comunicaci\u00f3n\"},\"url\":\"https:\/\/www.iucuellar.org\/?author=1\"}]}<\/script>\r\n<!-- \/ Yoast SEO plugin. -->","yoast_head_json":{"title":"Delegada de IU Cu\u00e9llar en la XII Asamblea Federal de Izquierda Unida - Izquierda Unida Cu\u00e9llar","description":"En la Asamblea Federal celebrada el pasado fin de semana particip\u00f3 Lucia Arranz compa\u00f1era de nuestra asamblea local y concejala de Servicios Municipales, Personal y Juventud","robots":{"index":"index","follow":"follow","max-snippet":"max-snippet:-1","max-image-preview":"max-image-preview:large","max-video-preview":"max-video-preview:-1"},"canonical":"https:\/\/www.iucuellar.org\/?p=3516","og_locale":"es_ES","og_type":"article","og_title":"Delegada de IU Cu\u00e9llar en la XII Asamblea Federal de Izquierda Unida - Izquierda Unida Cu\u00e9llar","og_description":"En la Asamblea Federal celebrada el pasado fin de semana particip\u00f3 Lucia Arranz compa\u00f1era de nuestra asamblea local y concejala de Servicios Municipales, Personal y Juventud","og_url":"https:\/\/www.iucuellar.org\/?p=3516","og_site_name":"Izquierda Unida Cu\u00e9llar","article_publisher":"https:\/\/www.facebook.com\/iucuellar","article_published_time":"2021-04-03T07:06:19+00:00","article_modified_time":"2022-10-24T18:18:57+00:00","og_image":[{"width":1024,"height":530,"url":"https:\/\/www.iucuellar.org\/public\/2021\/04\/Captura-de-pantalla-2021-03-27-a-las-0.18.07-1024x530.png","type":"image\/png"}],"author":"Comunicaci\u00f3n","twitter_card":"summary_large_image","twitter_creator":"@IU_CUELLAR","twitter_site":"@IU_CUELLAR","twitter_misc":{"Escrito por":"Comunicaci\u00f3n","Tiempo de lectura":"2 minutos"},"schema":{"@context":"https:\/\/schema.org","@graph":[{"@type":"Article","@id":"https:\/\/www.iucuellar.org\/?p=3516#article","isPartOf":{"@id":"https:\/\/www.iucuellar.org\/?p=3516"},"author":{"name":"Comunicaci\u00f3n","@id":"https:\/\/www.iucuellar.org\/#\/schema\/person\/0ed49683a220f525fdeb90989b5c672d"},"headline":"Delegada de IU Cu\u00e9llar en la XII Asamblea Federal de Izquierda Unida","datePublished":"2021-04-03T07:06:19+00:00","dateModified":"2022-10-24T18:18:57+00:00","mainEntityOfPage":{"@id":"https:\/\/www.iucuellar.org\/?p=3516"},"wordCount":224,"commentCount":0,"publisher":{"@id":"https:\/\/www.iucuellar.org\/#organization"},"image":{"@id":"https:\/\/www.iucuellar.org\/?p=3516#primaryimage"},"thumbnailUrl":"https:\/\/i0.wp.com\/www.iucuellar.org\/public\/2021\/04\/Captura-de-pantalla-2021-03-27-a-las-0.18.07.png?fit=1829%2C947&ssl=1","keywords":["Asamblea","Federal","IU","Izquierda Unida"],"articleSection":["Izquierda Unida"],"inLanguage":"es","potentialAction":[{"@type":"CommentAction","name":"Comment","target":["https:\/\/www.iucuellar.org\/?p=3516#respond"]}]},{"@type":"WebPage","@id":"https:\/\/www.iucuellar.org\/?p=3516","url":"https:\/\/www.iucuellar.org\/?p=3516","name":"Delegada de IU Cu\u00e9llar en la XII Asamblea Federal de Izquierda Unida - Izquierda Unida Cu\u00e9llar","isPartOf":{"@id":"https:\/\/www.iucuellar.org\/#website"},"primaryImageOfPage":{"@id":"https:\/\/www.iucuellar.org\/?p=3516#primaryimage"},"image":{"@id":"https:\/\/www.iucuellar.org\/?p=3516#primaryimage"},"thumbnailUrl":"https:\/\/i0.wp.com\/www.iucuellar.org\/public\/2021\/04\/Captura-de-pantalla-2021-03-27-a-las-0.18.07.png?fit=1829%2C947&ssl=1","datePublished":"2021-04-03T07:06:19+00:00","dateModified":"2022-10-24T18:18:57+00:00","description":"En la Asamblea Federal celebrada el pasado fin de semana particip\u00f3 Lucia Arranz compa\u00f1era de nuestra asamblea local y concejala de Servicios Municipales, Personal y Juventud","breadcrumb":{"@id":"https:\/\/www.iucuellar.org\/?p=3516#breadcrumb"},"inLanguage":"es","potentialAction":[{"@type":"ReadAction","target":["https:\/\/www.iucuellar.org\/?p=3516"]}]},{"@type":"ImageObject","inLanguage":"es","@id":"https:\/\/www.iucuellar.org\/?p=3516#primaryimage","url":"https:\/\/i0.wp.com\/www.iucuellar.org\/public\/2021\/04\/Captura-de-pantalla-2021-03-27-a-las-0.18.07.png?fit=1829%2C947&ssl=1","contentUrl":"https:\/\/i0.wp.com\/www.iucuellar.org\/public\/2021\/04\/Captura-de-pantalla-2021-03-27-a-las-0.18.07.png?fit=1829%2C947&ssl=1","width":1829,"height":947},{"@type":"BreadcrumbList","@id":"https:\/\/www.iucuellar.org\/?p=3516#breadcrumb","itemListElement":[{"@type":"ListItem","position":1,"name":"Inicio","item":"https:\/\/www.iucuellar.org\/"},{"@type":"ListItem","position":2,"name":"Delegada de IU Cu\u00e9llar en la XII Asamblea Federal de Izquierda Unida"}]},{"@type":"WebSite","@id":"https:\/\/www.iucuellar.org\/#website","url":"https:\/\/www.iucuellar.org\/","name":"Izquierda Unida Cu\u00e9llar y Comarca","description":"Lugar de opini\u00f3n y discusi\u00f3n de la izquierda","publisher":{"@id":"https:\/\/www.iucuellar.org\/#organization"},"potentialAction":[{"@type":"SearchAction","target":{"@type":"EntryPoint","urlTemplate":"https:\/\/www.iucuellar.org\/?s={search_term_string}"},"query-input":"required name=search_term_string"}],"inLanguage":"es"},{"@type":"Organization","@id":"https:\/\/www.iucuellar.org\/#organization","name":"IU CUELLAR","url":"https:\/\/www.iucuellar.org\/","logo":{"@type":"ImageObject","inLanguage":"es","@id":"https:\/\/www.iucuellar.org\/#\/schema\/logo\/image\/","url":"https:\/\/i0.wp.com\/www.iucuellar.org\/public\/2022\/07\/cropped-avatar_redondo_Twitter.png?fit=512%2C512&ssl=1","contentUrl":"https:\/\/i0.wp.com\/www.iucuellar.org\/public\/2022\/07\/cropped-avatar_redondo_Twitter.png?fit=512%2C512&ssl=1","width":512,"height":512,"caption":"IU CUELLAR"},"image":{"@id":"https:\/\/www.iucuellar.org\/#\/schema\/logo\/image\/"},"sameAs":["https:\/\/www.facebook.com\/iucuellar","https:\/\/x.com\/IU_CUELLAR","https:\/\/www.instagram.com\/iucuellar\/","https:\/\/www.threads.net\/@iucuellar"]},{"@type":"Person","@id":"https:\/\/www.iucuellar.org\/#\/schema\/person\/0ed49683a220f525fdeb90989b5c672d","name":"Comunicaci\u00f3n","image":{"@type":"ImageObject","inLanguage":"es","@id":"https:\/\/www.iucuellar.org\/#\/schema\/person\/image\/","url":"https:\/\/secure.gravatar.com\/avatar\/1bb1e96b498ea4b5098098798744923e?s=96&d=mm&r=g","contentUrl":"https:\/\/secure.gravatar.com\/avatar\/1bb1e96b498ea4b5098098798744923e?s=96&d=mm&r=g","caption":"Comunicaci\u00f3n"},"url":"https:\/\/www.iucuellar.org\/?author=1"}]}},"jetpack_featured_media_url":"https:\/\/i0.wp.com\/www.iucuellar.org\/public\/2021\/04\/Captura-de-pantalla-2021-03-27-a-las-0.18.07.png?fit=1829%2C947&ssl=1","jetpack_sharing_enabled":true,"jetpack_shortlink":"https:\/\/wp.me\/p8rn8P-UI","_links":{"self":[{"href":"https:\/\/www.iucuellar.org\/index.php?rest_route=\/wp\/v2\/posts\/3516"}],"collection":[{"href":"https:\/\/www.iucuellar.org\/index.php?rest_route=\/wp\/v2\/posts"}],"about":[{"href":"https:\/\/www.iucuellar.org\/index.php?rest_route=\/wp\/v2\/types\/post"}],"author":[{"embeddable":true,"href":"https:\/\/www.iucuellar.org\/index.php?rest_route=\/wp\/v2\/users\/1"}],"replies":[{"embeddable":true,"href":"https:\/\/www.iucuellar.org\/index.php?rest_route=%2Fwp%2Fv2%2Fcomments&post=3516"}],"version-history":[{"count":2,"href":"https:\/\/www.iucuellar.org\/index.php?rest_route=\/wp\/v2\/posts\/3516\/revisions"}],"predecessor-version":[{"id":3948,"href":"https:\/\/www.iucuellar.org\/index.php?rest_route=\/wp\/v2\/posts\/3516\/revisions\/3948"}],"wp:featuredmedia":[{"embeddable":true,"href":"https:\/\/www.iucuellar.org\/index.php?rest_route=\/wp\/v2\/media\/3517"}],"wp:attachment":[{"href":"https:\/\/www.iucuellar.org\/index.php?rest_route=%2Fwp%2Fv2%2Fmedia&parent=3516"}],"wp:term":[{"taxonomy":"category","embeddable":true,"href":"https:\/\/www.iucuellar.org\/index.php?rest_route=%2Fwp%2Fv2%2Fcategories&post=3516"},{"taxonomy":"post_tag","embeddable":true,"href":"https:\/\/www.iucuellar.org\/index.php?rest_route=%2Fwp%2Fv2%2Ftags&post=3516"}],"curies":[{"name":"wp","href":"https:\/\/api.w.org\/{rel}","templated":true}]}}