{"id":3699,"date":"2021-10-16T19:30:38","date_gmt":"2021-10-16T17:30:38","guid":{"rendered":"https:\/\/www.iucuellar.org\/?p=3699"},"modified":"2023-03-08T11:35:02","modified_gmt":"2023-03-08T10:35:02","slug":"dia-de-las-mujeres-escritoras","status":"publish","type":"post","link":"https:\/\/www.iucuellar.org\/?p=3699","title":{"rendered":"D\u00eda de las Mujeres Escritoras"},"content":{"rendered":"\n<p>El pr\u00f3ximo 18 de octubre se conmemora el D\u00eda Internacional de las Mujeres Escritoras. Esta celebraci\u00f3n surge en Espa\u00f1a por iniciativa de la Biblioteca Nacional para visibilizar el trabajo de las mujeres en la literatura y combatir la discriminaci\u00f3n sufrida a lo largo de la historia. En la mayor\u00eda de los manuales de estudios rara vez aparecen estas escritoras. En multitud de ocasiones tuvieron que firmar sus obras con un pseudonimo de hombre para poder conseguir que fuesen publicadas.<\/p>\n\n\n\n<p>El colectivo 8M Cu\u00e9llar y la concejal\u00eda de Mujer e Igualdad se hacen eco de este acontecimiento. Con el objetivo de concienciar a la sociedad de la existencia de tantas mujeres escritoras olvidadas. Para ello han organizado un acto el d\u00eda 18 de octubre a las 20:00 horas en la Biblioteca Municipal de Cu\u00e9llar. A trav\u00e9s de una conferencia a cargo de la fil\u00f3sofa, ensayista, investigadora y poeta Mercedes G\u00f3mez Blesa; cuyo t\u00edtulo es \u201cVoces silenciadas: La otra historia de la literatura\u201d. A continuaci\u00f3n se leer\u00e1n textos de escritoras, invitando ha hacerlo a todos lo que quieran participar. Simult\u00e1neamente se proyectar\u00e1n im\u00e1genes de escritoras de diferentes estilos literarios y \u00e9pocas.<\/p>\n\n\n\n<figure class=\"wp-block-image aligncenter size-large is-style-default\"><img loading=\"lazy\" decoding=\"async\" width=\"594\" height=\"1024\" src=\"https:\/\/i0.wp.com\/www.iucuellar.org\/public\/2021\/10\/Cartel-Di\u0301a-de-la-Mujer-Escritora-594x1024.jpeg?resize=594%2C1024&#038;ssl=1\" alt=\"\" class=\"wp-image-3700\" srcset=\"https:\/\/i0.wp.com\/www.iucuellar.org\/public\/2021\/10\/Cartel-Di\u0301a-de-la-Mujer-Escritora.jpeg?resize=594%2C1024&amp;ssl=1 594w, https:\/\/i0.wp.com\/www.iucuellar.org\/public\/2021\/10\/Cartel-Di\u0301a-de-la-Mujer-Escritora.jpeg?resize=174%2C300&amp;ssl=1 174w, https:\/\/i0.wp.com\/www.iucuellar.org\/public\/2021\/10\/Cartel-Di\u0301a-de-la-Mujer-Escritora.jpeg?w=748&amp;ssl=1 748w\" sizes=\"(max-width: 594px) 100vw, 594px\" data-recalc-dims=\"1\" \/><\/figure>\n","protected":false},"excerpt":{"rendered":"<p>El pr\u00f3ximo 18 de octubre se conmemora el D\u00eda Internacional de las Mujeres Escritoras. Esta celebraci\u00f3n surge en Espa\u00f1a por<\/p>\n","protected":false},"author":1,"featured_media":3700,"comment_status":"open","ping_status":"open","sticky":false,"template":"","format":"standard","meta":{"sfsi_plus_gutenberg_text_before_share":"","sfsi_plus_gutenberg_show_text_before_share":"","sfsi_plus_gutenberg_icon_type":"","sfsi_plus_gutenberg_icon_alignemt":"","sfsi_plus_gutenburg_max_per_row":"","_exactmetrics_skip_tracking":false,"_exactmetrics_sitenote_active":false,"_exactmetrics_sitenote_note":"","_exactmetrics_sitenote_category":0,"ngg_post_thumbnail":0,"_jetpack_memberships_contains_paid_content":false,"footnotes":""},"categories":[7,21,22],"tags":[56,41,35,72,43,40,55,61],"yoast_head":"<!-- This site is optimized with the Yoast SEO plugin v22.9 - https:\/\/yoast.com\/wordpress\/plugins\/seo\/ -->\r\n<title>D\u00eda de las Mujeres Escritoras - Izquierda Unida Cu\u00e9llar<\/title>\r\n<meta name=\"description\" content=\"El pr\u00f3ximo 18 de octubre se conmemora el D\u00eda Internacional de las Mujeres Escritoras. Para ello se va a realizar una ponencia.\" \/>\r\n<meta name=\"robots\" content=\"index, follow, max-snippet:-1, max-image-preview:large, max-video-preview:-1\" \/>\r\n<link rel=\"canonical\" href=\"https:\/\/www.iucuellar.org\/?p=3699\" \/>\r\n<meta property=\"og:locale\" content=\"es_ES\" \/>\r\n<meta property=\"og:type\" content=\"article\" \/>\r\n<meta property=\"og:title\" content=\"D\u00eda de las Mujeres Escritoras - Izquierda Unida Cu\u00e9llar\" \/>\r\n<meta property=\"og:description\" content=\"El pr\u00f3ximo 18 de octubre se conmemora el D\u00eda Internacional de las Mujeres Escritoras. Para ello se va a realizar una ponencia.\" \/>\r\n<meta property=\"og:url\" content=\"https:\/\/www.iucuellar.org\/?p=3699\" \/>\r\n<meta property=\"og:site_name\" content=\"Izquierda Unida Cu\u00e9llar\" \/>\r\n<meta property=\"article:publisher\" content=\"https:\/\/www.facebook.com\/iucuellar\" \/>\r\n<meta property=\"article:published_time\" content=\"2021-10-16T17:30:38+00:00\" \/>\r\n<meta property=\"article:modified_time\" content=\"2023-03-08T10:35:02+00:00\" \/>\r\n<meta property=\"og:image\" content=\"https:\/\/www.iucuellar.org\/public\/2021\/10\/Cartel-Di\u0301a-de-la-Mujer-Escritora.jpeg\" \/>\r\n\t<meta property=\"og:image:width\" content=\"748\" \/>\r\n\t<meta property=\"og:image:height\" content=\"1289\" \/>\r\n\t<meta property=\"og:image:type\" content=\"image\/jpeg\" \/>\r\n<meta name=\"author\" content=\"Comunicaci\u00f3n\" \/>\r\n<meta name=\"twitter:card\" content=\"summary_large_image\" \/>\r\n<meta name=\"twitter:creator\" content=\"@IU_CUELLAR\" \/>\r\n<meta name=\"twitter:site\" content=\"@IU_CUELLAR\" \/>\r\n<meta name=\"twitter:label1\" content=\"Escrito por\" \/>\n\t<meta name=\"twitter:data1\" content=\"Comunicaci\u00f3n\" \/>\n\t<meta name=\"twitter:label2\" content=\"Tiempo de lectura\" \/>\n\t<meta name=\"twitter:data2\" content=\"2 minutos\" \/>\r\n<script type=\"application\/ld+json\" class=\"yoast-schema-graph\">{\"@context\":\"https:\/\/schema.org\",\"@graph\":[{\"@type\":\"Article\",\"@id\":\"https:\/\/www.iucuellar.org\/?p=3699#article\",\"isPartOf\":{\"@id\":\"https:\/\/www.iucuellar.org\/?p=3699\"},\"author\":{\"name\":\"Comunicaci\u00f3n\",\"@id\":\"https:\/\/www.iucuellar.org\/#\/schema\/person\/0ed49683a220f525fdeb90989b5c672d\"},\"headline\":\"D\u00eda de las Mujeres Escritoras\",\"datePublished\":\"2021-10-16T17:30:38+00:00\",\"dateModified\":\"2023-03-08T10:35:02+00:00\",\"mainEntityOfPage\":{\"@id\":\"https:\/\/www.iucuellar.org\/?p=3699\"},\"wordCount\":211,\"commentCount\":0,\"publisher\":{\"@id\":\"https:\/\/www.iucuellar.org\/#organization\"},\"image\":{\"@id\":\"https:\/\/www.iucuellar.org\/?p=3699#primaryimage\"},\"thumbnailUrl\":\"https:\/\/i0.wp.com\/www.iucuellar.org\/public\/2021\/10\/Cartel-Di\u0301a-de-la-Mujer-Escritora.jpeg?fit=748%2C1289&ssl=1\",\"keywords\":[\"#mujer\",\"Asuntos sociales\",\"Cuellar\",\"escritoras\",\"IU\",\"Izquierda Unida\",\"libros\",\"Mujer\"],\"articleSection\":[\"Cultura\",\"Izquierda Unida\",\"Mujer\"],\"inLanguage\":\"es\",\"potentialAction\":[{\"@type\":\"CommentAction\",\"name\":\"Comment\",\"target\":[\"https:\/\/www.iucuellar.org\/?p=3699#respond\"]}]},{\"@type\":\"WebPage\",\"@id\":\"https:\/\/www.iucuellar.org\/?p=3699\",\"url\":\"https:\/\/www.iucuellar.org\/?p=3699\",\"name\":\"D\u00eda de las Mujeres Escritoras - Izquierda Unida Cu\u00e9llar\",\"isPartOf\":{\"@id\":\"https:\/\/www.iucuellar.org\/#website\"},\"primaryImageOfPage\":{\"@id\":\"https:\/\/www.iucuellar.org\/?p=3699#primaryimage\"},\"image\":{\"@id\":\"https:\/\/www.iucuellar.org\/?p=3699#primaryimage\"},\"thumbnailUrl\":\"https:\/\/i0.wp.com\/www.iucuellar.org\/public\/2021\/10\/Cartel-Di\u0301a-de-la-Mujer-Escritora.jpeg?fit=748%2C1289&ssl=1\",\"datePublished\":\"2021-10-16T17:30:38+00:00\",\"dateModified\":\"2023-03-08T10:35:02+00:00\",\"description\":\"El pr\u00f3ximo 18 de octubre se conmemora el D\u00eda Internacional de las Mujeres Escritoras. Para ello se va a realizar una ponencia.\",\"breadcrumb\":{\"@id\":\"https:\/\/www.iucuellar.org\/?p=3699#breadcrumb\"},\"inLanguage\":\"es\",\"potentialAction\":[{\"@type\":\"ReadAction\",\"target\":[\"https:\/\/www.iucuellar.org\/?p=3699\"]}]},{\"@type\":\"ImageObject\",\"inLanguage\":\"es\",\"@id\":\"https:\/\/www.iucuellar.org\/?p=3699#primaryimage\",\"url\":\"https:\/\/i0.wp.com\/www.iucuellar.org\/public\/2021\/10\/Cartel-Di\u0301a-de-la-Mujer-Escritora.jpeg?fit=748%2C1289&ssl=1\",\"contentUrl\":\"https:\/\/i0.wp.com\/www.iucuellar.org\/public\/2021\/10\/Cartel-Di\u0301a-de-la-Mujer-Escritora.jpeg?fit=748%2C1289&ssl=1\",\"width\":748,\"height\":1289},{\"@type\":\"BreadcrumbList\",\"@id\":\"https:\/\/www.iucuellar.org\/?p=3699#breadcrumb\",\"itemListElement\":[{\"@type\":\"ListItem\",\"position\":1,\"name\":\"Inicio\",\"item\":\"https:\/\/www.iucuellar.org\/\"},{\"@type\":\"ListItem\",\"position\":2,\"name\":\"D\u00eda de las Mujeres Escritoras\"}]},{\"@type\":\"WebSite\",\"@id\":\"https:\/\/www.iucuellar.org\/#website\",\"url\":\"https:\/\/www.iucuellar.org\/\",\"name\":\"Izquierda Unida Cu\u00e9llar y Comarca\",\"description\":\"Lugar de opini\u00f3n y discusi\u00f3n de la izquierda\",\"publisher\":{\"@id\":\"https:\/\/www.iucuellar.org\/#organization\"},\"potentialAction\":[{\"@type\":\"SearchAction\",\"target\":{\"@type\":\"EntryPoint\",\"urlTemplate\":\"https:\/\/www.iucuellar.org\/?s={search_term_string}\"},\"query-input\":\"required name=search_term_string\"}],\"inLanguage\":\"es\"},{\"@type\":\"Organization\",\"@id\":\"https:\/\/www.iucuellar.org\/#organization\",\"name\":\"IU CUELLAR\",\"url\":\"https:\/\/www.iucuellar.org\/\",\"logo\":{\"@type\":\"ImageObject\",\"inLanguage\":\"es\",\"@id\":\"https:\/\/www.iucuellar.org\/#\/schema\/logo\/image\/\",\"url\":\"https:\/\/i0.wp.com\/www.iucuellar.org\/public\/2022\/07\/cropped-avatar_redondo_Twitter.png?fit=512%2C512&ssl=1\",\"contentUrl\":\"https:\/\/i0.wp.com\/www.iucuellar.org\/public\/2022\/07\/cropped-avatar_redondo_Twitter.png?fit=512%2C512&ssl=1\",\"width\":512,\"height\":512,\"caption\":\"IU CUELLAR\"},\"image\":{\"@id\":\"https:\/\/www.iucuellar.org\/#\/schema\/logo\/image\/\"},\"sameAs\":[\"https:\/\/www.facebook.com\/iucuellar\",\"https:\/\/x.com\/IU_CUELLAR\",\"https:\/\/www.instagram.com\/iucuellar\/\",\"https:\/\/www.threads.net\/@iucuellar\"]},{\"@type\":\"Person\",\"@id\":\"https:\/\/www.iucuellar.org\/#\/schema\/person\/0ed49683a220f525fdeb90989b5c672d\",\"name\":\"Comunicaci\u00f3n\",\"image\":{\"@type\":\"ImageObject\",\"inLanguage\":\"es\",\"@id\":\"https:\/\/www.iucuellar.org\/#\/schema\/person\/image\/\",\"url\":\"https:\/\/secure.gravatar.com\/avatar\/1bb1e96b498ea4b5098098798744923e?s=96&d=mm&r=g\",\"contentUrl\":\"https:\/\/secure.gravatar.com\/avatar\/1bb1e96b498ea4b5098098798744923e?s=96&d=mm&r=g\",\"caption\":\"Comunicaci\u00f3n\"},\"url\":\"https:\/\/www.iucuellar.org\/?author=1\"}]}<\/script>\r\n<!-- \/ Yoast SEO plugin. -->","yoast_head_json":{"title":"D\u00eda de las Mujeres Escritoras - Izquierda Unida Cu\u00e9llar","description":"El pr\u00f3ximo 18 de octubre se conmemora el D\u00eda Internacional de las Mujeres Escritoras. Para ello se va a realizar una ponencia.","robots":{"index":"index","follow":"follow","max-snippet":"max-snippet:-1","max-image-preview":"max-image-preview:large","max-video-preview":"max-video-preview:-1"},"canonical":"https:\/\/www.iucuellar.org\/?p=3699","og_locale":"es_ES","og_type":"article","og_title":"D\u00eda de las Mujeres Escritoras - Izquierda Unida Cu\u00e9llar","og_description":"El pr\u00f3ximo 18 de octubre se conmemora el D\u00eda Internacional de las Mujeres Escritoras. Para ello se va a realizar una ponencia.","og_url":"https:\/\/www.iucuellar.org\/?p=3699","og_site_name":"Izquierda Unida Cu\u00e9llar","article_publisher":"https:\/\/www.facebook.com\/iucuellar","article_published_time":"2021-10-16T17:30:38+00:00","article_modified_time":"2023-03-08T10:35:02+00:00","og_image":[{"width":748,"height":1289,"url":"https:\/\/www.iucuellar.org\/public\/2021\/10\/Cartel-Di\u0301a-de-la-Mujer-Escritora.jpeg","type":"image\/jpeg"}],"author":"Comunicaci\u00f3n","twitter_card":"summary_large_image","twitter_creator":"@IU_CUELLAR","twitter_site":"@IU_CUELLAR","twitter_misc":{"Escrito por":"Comunicaci\u00f3n","Tiempo de lectura":"2 minutos"},"schema":{"@context":"https:\/\/schema.org","@graph":[{"@type":"Article","@id":"https:\/\/www.iucuellar.org\/?p=3699#article","isPartOf":{"@id":"https:\/\/www.iucuellar.org\/?p=3699"},"author":{"name":"Comunicaci\u00f3n","@id":"https:\/\/www.iucuellar.org\/#\/schema\/person\/0ed49683a220f525fdeb90989b5c672d"},"headline":"D\u00eda de las Mujeres Escritoras","datePublished":"2021-10-16T17:30:38+00:00","dateModified":"2023-03-08T10:35:02+00:00","mainEntityOfPage":{"@id":"https:\/\/www.iucuellar.org\/?p=3699"},"wordCount":211,"commentCount":0,"publisher":{"@id":"https:\/\/www.iucuellar.org\/#organization"},"image":{"@id":"https:\/\/www.iucuellar.org\/?p=3699#primaryimage"},"thumbnailUrl":"https:\/\/i0.wp.com\/www.iucuellar.org\/public\/2021\/10\/Cartel-Di\u0301a-de-la-Mujer-Escritora.jpeg?fit=748%2C1289&ssl=1","keywords":["#mujer","Asuntos sociales","Cuellar","escritoras","IU","Izquierda Unida","libros","Mujer"],"articleSection":["Cultura","Izquierda Unida","Mujer"],"inLanguage":"es","potentialAction":[{"@type":"CommentAction","name":"Comment","target":["https:\/\/www.iucuellar.org\/?p=3699#respond"]}]},{"@type":"WebPage","@id":"https:\/\/www.iucuellar.org\/?p=3699","url":"https:\/\/www.iucuellar.org\/?p=3699","name":"D\u00eda de las Mujeres Escritoras - Izquierda Unida Cu\u00e9llar","isPartOf":{"@id":"https:\/\/www.iucuellar.org\/#website"},"primaryImageOfPage":{"@id":"https:\/\/www.iucuellar.org\/?p=3699#primaryimage"},"image":{"@id":"https:\/\/www.iucuellar.org\/?p=3699#primaryimage"},"thumbnailUrl":"https:\/\/i0.wp.com\/www.iucuellar.org\/public\/2021\/10\/Cartel-Di\u0301a-de-la-Mujer-Escritora.jpeg?fit=748%2C1289&ssl=1","datePublished":"2021-10-16T17:30:38+00:00","dateModified":"2023-03-08T10:35:02+00:00","description":"El pr\u00f3ximo 18 de octubre se conmemora el D\u00eda Internacional de las Mujeres Escritoras. Para ello se va a realizar una ponencia.","breadcrumb":{"@id":"https:\/\/www.iucuellar.org\/?p=3699#breadcrumb"},"inLanguage":"es","potentialAction":[{"@type":"ReadAction","target":["https:\/\/www.iucuellar.org\/?p=3699"]}]},{"@type":"ImageObject","inLanguage":"es","@id":"https:\/\/www.iucuellar.org\/?p=3699#primaryimage","url":"https:\/\/i0.wp.com\/www.iucuellar.org\/public\/2021\/10\/Cartel-Di\u0301a-de-la-Mujer-Escritora.jpeg?fit=748%2C1289&ssl=1","contentUrl":"https:\/\/i0.wp.com\/www.iucuellar.org\/public\/2021\/10\/Cartel-Di\u0301a-de-la-Mujer-Escritora.jpeg?fit=748%2C1289&ssl=1","width":748,"height":1289},{"@type":"BreadcrumbList","@id":"https:\/\/www.iucuellar.org\/?p=3699#breadcrumb","itemListElement":[{"@type":"ListItem","position":1,"name":"Inicio","item":"https:\/\/www.iucuellar.org\/"},{"@type":"ListItem","position":2,"name":"D\u00eda de las Mujeres Escritoras"}]},{"@type":"WebSite","@id":"https:\/\/www.iucuellar.org\/#website","url":"https:\/\/www.iucuellar.org\/","name":"Izquierda Unida Cu\u00e9llar y Comarca","description":"Lugar de opini\u00f3n y discusi\u00f3n de la izquierda","publisher":{"@id":"https:\/\/www.iucuellar.org\/#organization"},"potentialAction":[{"@type":"SearchAction","target":{"@type":"EntryPoint","urlTemplate":"https:\/\/www.iucuellar.org\/?s={search_term_string}"},"query-input":"required name=search_term_string"}],"inLanguage":"es"},{"@type":"Organization","@id":"https:\/\/www.iucuellar.org\/#organization","name":"IU CUELLAR","url":"https:\/\/www.iucuellar.org\/","logo":{"@type":"ImageObject","inLanguage":"es","@id":"https:\/\/www.iucuellar.org\/#\/schema\/logo\/image\/","url":"https:\/\/i0.wp.com\/www.iucuellar.org\/public\/2022\/07\/cropped-avatar_redondo_Twitter.png?fit=512%2C512&ssl=1","contentUrl":"https:\/\/i0.wp.com\/www.iucuellar.org\/public\/2022\/07\/cropped-avatar_redondo_Twitter.png?fit=512%2C512&ssl=1","width":512,"height":512,"caption":"IU CUELLAR"},"image":{"@id":"https:\/\/www.iucuellar.org\/#\/schema\/logo\/image\/"},"sameAs":["https:\/\/www.facebook.com\/iucuellar","https:\/\/x.com\/IU_CUELLAR","https:\/\/www.instagram.com\/iucuellar\/","https:\/\/www.threads.net\/@iucuellar"]},{"@type":"Person","@id":"https:\/\/www.iucuellar.org\/#\/schema\/person\/0ed49683a220f525fdeb90989b5c672d","name":"Comunicaci\u00f3n","image":{"@type":"ImageObject","inLanguage":"es","@id":"https:\/\/www.iucuellar.org\/#\/schema\/person\/image\/","url":"https:\/\/secure.gravatar.com\/avatar\/1bb1e96b498ea4b5098098798744923e?s=96&d=mm&r=g","contentUrl":"https:\/\/secure.gravatar.com\/avatar\/1bb1e96b498ea4b5098098798744923e?s=96&d=mm&r=g","caption":"Comunicaci\u00f3n"},"url":"https:\/\/www.iucuellar.org\/?author=1"}]}},"jetpack_featured_media_url":"https:\/\/i0.wp.com\/www.iucuellar.org\/public\/2021\/10\/Cartel-Di\u0301a-de-la-Mujer-Escritora.jpeg?fit=748%2C1289&ssl=1","jetpack_sharing_enabled":true,"jetpack_shortlink":"https:\/\/wp.me\/p8rn8P-XF","_links":{"self":[{"href":"https:\/\/www.iucuellar.org\/index.php?rest_route=\/wp\/v2\/posts\/3699"}],"collection":[{"href":"https:\/\/www.iucuellar.org\/index.php?rest_route=\/wp\/v2\/posts"}],"about":[{"href":"https:\/\/www.iucuellar.org\/index.php?rest_route=\/wp\/v2\/types\/post"}],"author":[{"embeddable":true,"href":"https:\/\/www.iucuellar.org\/index.php?rest_route=\/wp\/v2\/users\/1"}],"replies":[{"embeddable":true,"href":"https:\/\/www.iucuellar.org\/index.php?rest_route=%2Fwp%2Fv2%2Fcomments&post=3699"}],"version-history":[{"count":7,"href":"https:\/\/www.iucuellar.org\/index.php?rest_route=\/wp\/v2\/posts\/3699\/revisions"}],"predecessor-version":[{"id":4270,"href":"https:\/\/www.iucuellar.org\/index.php?rest_route=\/wp\/v2\/posts\/3699\/revisions\/4270"}],"wp:featuredmedia":[{"embeddable":true,"href":"https:\/\/www.iucuellar.org\/index.php?rest_route=\/wp\/v2\/media\/3700"}],"wp:attachment":[{"href":"https:\/\/www.iucuellar.org\/index.php?rest_route=%2Fwp%2Fv2%2Fmedia&parent=3699"}],"wp:term":[{"taxonomy":"category","embeddable":true,"href":"https:\/\/www.iucuellar.org\/index.php?rest_route=%2Fwp%2Fv2%2Fcategories&post=3699"},{"taxonomy":"post_tag","embeddable":true,"href":"https:\/\/www.iucuellar.org\/index.php?rest_route=%2Fwp%2Fv2%2Ftags&post=3699"}],"curies":[{"name":"wp","href":"https:\/\/api.w.org\/{rel}","templated":true}]}}