{"id":3711,"date":"2021-11-02T20:09:03","date_gmt":"2021-11-02T19:09:03","guid":{"rendered":"https:\/\/www.iucuellar.org\/?p=3711"},"modified":"2022-07-04T20:46:56","modified_gmt":"2022-07-04T18:46:56","slug":"taller-sobre-resiliencia","status":"publish","type":"post","link":"https:\/\/www.iucuellar.org\/?p=3711","title":{"rendered":"Taller sobre Resiliencia"},"content":{"rendered":"\n<p>Organizado por la Concejal\u00eda de Asuntos Sociales del Ayuntamiento de Cu\u00e9llar que gestiona nuestra compa\u00f1era Montse Sanz e impartido por ASISOCU, asociaci\u00f3n sin \u00e1nimo de lucro que se crea con el objetivo de ofrecer, desde la investigaci\u00f3n psicosocial, intervenciones efectivas para mejorar la calidad de vida en el \u00e1mbito de la Comunidad de Castilla y Le\u00f3n.<\/p>\n\n\n\n<figure class=\"wp-block-image size-large is-style-default\"><img loading=\"lazy\" decoding=\"async\" width=\"800\" height=\"484\" src=\"https:\/\/i0.wp.com\/www.iucuellar.org\/public\/2021\/11\/RESILIENCIA.jpeg?resize=800%2C484&#038;ssl=1\" alt=\"\" class=\"wp-image-3712\" srcset=\"https:\/\/i0.wp.com\/www.iucuellar.org\/public\/2021\/11\/RESILIENCIA.jpeg?resize=1024%2C620&amp;ssl=1 1024w, https:\/\/i0.wp.com\/www.iucuellar.org\/public\/2021\/11\/RESILIENCIA.jpeg?resize=300%2C182&amp;ssl=1 300w, https:\/\/i0.wp.com\/www.iucuellar.org\/public\/2021\/11\/RESILIENCIA.jpeg?resize=768%2C465&amp;ssl=1 768w, https:\/\/i0.wp.com\/www.iucuellar.org\/public\/2021\/11\/RESILIENCIA.jpeg?resize=1536%2C929&amp;ssl=1 1536w, https:\/\/i0.wp.com\/www.iucuellar.org\/public\/2021\/11\/RESILIENCIA.jpeg?w=1985&amp;ssl=1 1985w, https:\/\/i0.wp.com\/www.iucuellar.org\/public\/2021\/11\/RESILIENCIA.jpeg?w=1600&amp;ssl=1 1600w\" sizes=\"(max-width: 800px) 100vw, 800px\" data-recalc-dims=\"1\" \/><\/figure>\n\n\n\n<p>El taller se realizar\u00e1 los Martes 16, 23 y 30 de noviembre de 18:00 a 19:30 horas. Taller gratuito con 15 plazas. Lugar: Palacio de Pedro I, Cu\u00e9llar. Inscripciones en el 670 207 631 en horario de ma\u00f1ana de lunes a viernes. Abierto a j\u00f3venes y adultos. Mas info <strong><span class=\"has-inline-color has-vivid-red-color\"><a href=\"https:\/\/www.aytocuellar.es\/taller-entrenamiento-en-resiliencia\/\" target=\"_blank\" rel=\"noreferrer noopener\">&gt;&gt;AQU\u00cd&lt;&lt;<\/a><\/span><\/strong><\/p>\n","protected":false},"excerpt":{"rendered":"<p>Organizado por la Concejal\u00eda de Asuntos Sociales del Ayuntamiento de Cu\u00e9llar que gestiona nuestra compa\u00f1era Montse Sanz e impartido por<\/p>\n","protected":false},"author":1,"featured_media":3712,"comment_status":"open","ping_status":"open","sticky":false,"template":"","format":"standard","meta":{"sfsi_plus_gutenberg_text_before_share":"","sfsi_plus_gutenberg_show_text_before_share":"","sfsi_plus_gutenberg_icon_type":"","sfsi_plus_gutenberg_icon_alignemt":"","sfsi_plus_gutenburg_max_per_row":"","_exactmetrics_skip_tracking":false,"_exactmetrics_sitenote_active":false,"_exactmetrics_sitenote_note":"","_exactmetrics_sitenote_category":0,"ngg_post_thumbnail":0,"_jetpack_memberships_contains_paid_content":false,"footnotes":""},"categories":[21,14],"tags":[41,36,35,40,42],"yoast_head":"<!-- This site is optimized with the Yoast SEO plugin v22.9 - https:\/\/yoast.com\/wordpress\/plugins\/seo\/ -->\r\n<title>Taller sobre Resiliencia - Izquierda Unida Cu\u00e9llar<\/title>\r\n<meta name=\"description\" content=\"Organizado por la Concejal\u00eda de Asuntos Sociales del Ayuntamiento de Cu\u00e9llar que gestiona nuestra compa\u00f1era Montse Sanz e impartido por ASISOCU, asociaci\u00f3n sin \u00e1nimo de lucro que se crea con el objetivo de ofrecer, desde la investigaci\u00f3n psicosocial, intervenciones efectivas para mejorar la calidad de vida en el \u00e1mbito de la Comunidad de Castilla y Le\u00f3n.\" \/>\r\n<meta name=\"robots\" content=\"index, follow, max-snippet:-1, max-image-preview:large, max-video-preview:-1\" \/>\r\n<link rel=\"canonical\" href=\"https:\/\/www.iucuellar.org\/?p=3711\" \/>\r\n<meta property=\"og:locale\" content=\"es_ES\" \/>\r\n<meta property=\"og:type\" content=\"article\" \/>\r\n<meta property=\"og:title\" content=\"Taller sobre Resiliencia - Izquierda Unida Cu\u00e9llar\" \/>\r\n<meta property=\"og:description\" content=\"Organizado por la Concejal\u00eda de Asuntos Sociales del Ayuntamiento de Cu\u00e9llar que gestiona nuestra compa\u00f1era Montse Sanz e impartido por ASISOCU, asociaci\u00f3n sin \u00e1nimo de lucro que se crea con el objetivo de ofrecer, desde la investigaci\u00f3n psicosocial, intervenciones efectivas para mejorar la calidad de vida en el \u00e1mbito de la Comunidad de Castilla y Le\u00f3n.\" \/>\r\n<meta property=\"og:url\" content=\"https:\/\/www.iucuellar.org\/?p=3711\" \/>\r\n<meta property=\"og:site_name\" content=\"Izquierda Unida Cu\u00e9llar\" \/>\r\n<meta property=\"article:publisher\" content=\"https:\/\/www.facebook.com\/iucuellar\" \/>\r\n<meta property=\"article:published_time\" content=\"2021-11-02T19:09:03+00:00\" \/>\r\n<meta property=\"article:modified_time\" content=\"2022-07-04T18:46:56+00:00\" \/>\r\n<meta property=\"og:image\" content=\"https:\/\/i0.wp.com\/www.iucuellar.org\/public\/2021\/11\/RESILIENCIA.jpeg?fit=1985%2C1201&ssl=1\" \/>\r\n\t<meta property=\"og:image:width\" content=\"1985\" \/>\r\n\t<meta property=\"og:image:height\" content=\"1201\" \/>\r\n\t<meta property=\"og:image:type\" content=\"image\/jpeg\" \/>\r\n<meta name=\"author\" content=\"Comunicaci\u00f3n\" \/>\r\n<meta name=\"twitter:card\" content=\"summary_large_image\" \/>\r\n<meta name=\"twitter:creator\" content=\"@IU_CUELLAR\" \/>\r\n<meta name=\"twitter:site\" content=\"@IU_CUELLAR\" \/>\r\n<meta name=\"twitter:label1\" content=\"Escrito por\" \/>\n\t<meta name=\"twitter:data1\" content=\"Comunicaci\u00f3n\" \/>\n\t<meta name=\"twitter:label2\" content=\"Tiempo de lectura\" \/>\n\t<meta name=\"twitter:data2\" content=\"1 minuto\" \/>\r\n<script type=\"application\/ld+json\" class=\"yoast-schema-graph\">{\"@context\":\"https:\/\/schema.org\",\"@graph\":[{\"@type\":\"Article\",\"@id\":\"https:\/\/www.iucuellar.org\/?p=3711#article\",\"isPartOf\":{\"@id\":\"https:\/\/www.iucuellar.org\/?p=3711\"},\"author\":{\"name\":\"Comunicaci\u00f3n\",\"@id\":\"https:\/\/www.iucuellar.org\/#\/schema\/person\/0ed49683a220f525fdeb90989b5c672d\"},\"headline\":\"Taller sobre Resiliencia\",\"datePublished\":\"2021-11-02T19:09:03+00:00\",\"dateModified\":\"2022-07-04T18:46:56+00:00\",\"mainEntityOfPage\":{\"@id\":\"https:\/\/www.iucuellar.org\/?p=3711\"},\"wordCount\":113,\"commentCount\":0,\"publisher\":{\"@id\":\"https:\/\/www.iucuellar.org\/#organization\"},\"image\":{\"@id\":\"https:\/\/www.iucuellar.org\/?p=3711#primaryimage\"},\"thumbnailUrl\":\"https:\/\/i0.wp.com\/www.iucuellar.org\/public\/2021\/11\/RESILIENCIA.jpeg?fit=1985%2C1201&ssl=1\",\"keywords\":[\"Asuntos sociales\",\"Ayuntamiento\",\"Cuellar\",\"Izquierda Unida\",\"Taller\"],\"articleSection\":[\"Izquierda Unida\",\"Sanidad y A.Sociales\"],\"inLanguage\":\"es\",\"potentialAction\":[{\"@type\":\"CommentAction\",\"name\":\"Comment\",\"target\":[\"https:\/\/www.iucuellar.org\/?p=3711#respond\"]}]},{\"@type\":\"WebPage\",\"@id\":\"https:\/\/www.iucuellar.org\/?p=3711\",\"url\":\"https:\/\/www.iucuellar.org\/?p=3711\",\"name\":\"Taller sobre Resiliencia - Izquierda Unida Cu\u00e9llar\",\"isPartOf\":{\"@id\":\"https:\/\/www.iucuellar.org\/#website\"},\"primaryImageOfPage\":{\"@id\":\"https:\/\/www.iucuellar.org\/?p=3711#primaryimage\"},\"image\":{\"@id\":\"https:\/\/www.iucuellar.org\/?p=3711#primaryimage\"},\"thumbnailUrl\":\"https:\/\/i0.wp.com\/www.iucuellar.org\/public\/2021\/11\/RESILIENCIA.jpeg?fit=1985%2C1201&ssl=1\",\"datePublished\":\"2021-11-02T19:09:03+00:00\",\"dateModified\":\"2022-07-04T18:46:56+00:00\",\"description\":\"Organizado por la Concejal\u00eda de Asuntos Sociales del Ayuntamiento de Cu\u00e9llar que gestiona nuestra compa\u00f1era Montse Sanz e impartido por ASISOCU, asociaci\u00f3n sin \u00e1nimo de lucro que se crea con el objetivo de ofrecer, desde la investigaci\u00f3n psicosocial, intervenciones efectivas para mejorar la calidad de vida en el \u00e1mbito de la Comunidad de Castilla y Le\u00f3n.\",\"breadcrumb\":{\"@id\":\"https:\/\/www.iucuellar.org\/?p=3711#breadcrumb\"},\"inLanguage\":\"es\",\"potentialAction\":[{\"@type\":\"ReadAction\",\"target\":[\"https:\/\/www.iucuellar.org\/?p=3711\"]}]},{\"@type\":\"ImageObject\",\"inLanguage\":\"es\",\"@id\":\"https:\/\/www.iucuellar.org\/?p=3711#primaryimage\",\"url\":\"https:\/\/i0.wp.com\/www.iucuellar.org\/public\/2021\/11\/RESILIENCIA.jpeg?fit=1985%2C1201&ssl=1\",\"contentUrl\":\"https:\/\/i0.wp.com\/www.iucuellar.org\/public\/2021\/11\/RESILIENCIA.jpeg?fit=1985%2C1201&ssl=1\",\"width\":1985,\"height\":1201},{\"@type\":\"BreadcrumbList\",\"@id\":\"https:\/\/www.iucuellar.org\/?p=3711#breadcrumb\",\"itemListElement\":[{\"@type\":\"ListItem\",\"position\":1,\"name\":\"Inicio\",\"item\":\"https:\/\/www.iucuellar.org\/\"},{\"@type\":\"ListItem\",\"position\":2,\"name\":\"Taller sobre Resiliencia\"}]},{\"@type\":\"WebSite\",\"@id\":\"https:\/\/www.iucuellar.org\/#website\",\"url\":\"https:\/\/www.iucuellar.org\/\",\"name\":\"Izquierda Unida Cu\u00e9llar y Comarca\",\"description\":\"Lugar de opini\u00f3n y discusi\u00f3n de la izquierda\",\"publisher\":{\"@id\":\"https:\/\/www.iucuellar.org\/#organization\"},\"potentialAction\":[{\"@type\":\"SearchAction\",\"target\":{\"@type\":\"EntryPoint\",\"urlTemplate\":\"https:\/\/www.iucuellar.org\/?s={search_term_string}\"},\"query-input\":\"required name=search_term_string\"}],\"inLanguage\":\"es\"},{\"@type\":\"Organization\",\"@id\":\"https:\/\/www.iucuellar.org\/#organization\",\"name\":\"IU CUELLAR\",\"url\":\"https:\/\/www.iucuellar.org\/\",\"logo\":{\"@type\":\"ImageObject\",\"inLanguage\":\"es\",\"@id\":\"https:\/\/www.iucuellar.org\/#\/schema\/logo\/image\/\",\"url\":\"https:\/\/i0.wp.com\/www.iucuellar.org\/public\/2022\/07\/cropped-avatar_redondo_Twitter.png?fit=512%2C512&ssl=1\",\"contentUrl\":\"https:\/\/i0.wp.com\/www.iucuellar.org\/public\/2022\/07\/cropped-avatar_redondo_Twitter.png?fit=512%2C512&ssl=1\",\"width\":512,\"height\":512,\"caption\":\"IU CUELLAR\"},\"image\":{\"@id\":\"https:\/\/www.iucuellar.org\/#\/schema\/logo\/image\/\"},\"sameAs\":[\"https:\/\/www.facebook.com\/iucuellar\",\"https:\/\/x.com\/IU_CUELLAR\",\"https:\/\/www.instagram.com\/iucuellar\/\",\"https:\/\/www.threads.net\/@iucuellar\"]},{\"@type\":\"Person\",\"@id\":\"https:\/\/www.iucuellar.org\/#\/schema\/person\/0ed49683a220f525fdeb90989b5c672d\",\"name\":\"Comunicaci\u00f3n\",\"image\":{\"@type\":\"ImageObject\",\"inLanguage\":\"es\",\"@id\":\"https:\/\/www.iucuellar.org\/#\/schema\/person\/image\/\",\"url\":\"https:\/\/secure.gravatar.com\/avatar\/1bb1e96b498ea4b5098098798744923e?s=96&d=mm&r=g\",\"contentUrl\":\"https:\/\/secure.gravatar.com\/avatar\/1bb1e96b498ea4b5098098798744923e?s=96&d=mm&r=g\",\"caption\":\"Comunicaci\u00f3n\"},\"url\":\"https:\/\/www.iucuellar.org\/?author=1\"}]}<\/script>\r\n<!-- \/ Yoast SEO plugin. -->","yoast_head_json":{"title":"Taller sobre Resiliencia - Izquierda Unida Cu\u00e9llar","description":"Organizado por la Concejal\u00eda de Asuntos Sociales del Ayuntamiento de Cu\u00e9llar que gestiona nuestra compa\u00f1era Montse Sanz e impartido por ASISOCU, asociaci\u00f3n sin \u00e1nimo de lucro que se crea con el objetivo de ofrecer, desde la investigaci\u00f3n psicosocial, intervenciones efectivas para mejorar la calidad de vida en el \u00e1mbito de la Comunidad de Castilla y Le\u00f3n.","robots":{"index":"index","follow":"follow","max-snippet":"max-snippet:-1","max-image-preview":"max-image-preview:large","max-video-preview":"max-video-preview:-1"},"canonical":"https:\/\/www.iucuellar.org\/?p=3711","og_locale":"es_ES","og_type":"article","og_title":"Taller sobre Resiliencia - Izquierda Unida Cu\u00e9llar","og_description":"Organizado por la Concejal\u00eda de Asuntos Sociales del Ayuntamiento de Cu\u00e9llar que gestiona nuestra compa\u00f1era Montse Sanz e impartido por ASISOCU, asociaci\u00f3n sin \u00e1nimo de lucro que se crea con el objetivo de ofrecer, desde la investigaci\u00f3n psicosocial, intervenciones efectivas para mejorar la calidad de vida en el \u00e1mbito de la Comunidad de Castilla y Le\u00f3n.","og_url":"https:\/\/www.iucuellar.org\/?p=3711","og_site_name":"Izquierda Unida Cu\u00e9llar","article_publisher":"https:\/\/www.facebook.com\/iucuellar","article_published_time":"2021-11-02T19:09:03+00:00","article_modified_time":"2022-07-04T18:46:56+00:00","og_image":[{"width":1985,"height":1201,"url":"https:\/\/i0.wp.com\/www.iucuellar.org\/public\/2021\/11\/RESILIENCIA.jpeg?fit=1985%2C1201&ssl=1","type":"image\/jpeg"}],"author":"Comunicaci\u00f3n","twitter_card":"summary_large_image","twitter_creator":"@IU_CUELLAR","twitter_site":"@IU_CUELLAR","twitter_misc":{"Escrito por":"Comunicaci\u00f3n","Tiempo de lectura":"1 minuto"},"schema":{"@context":"https:\/\/schema.org","@graph":[{"@type":"Article","@id":"https:\/\/www.iucuellar.org\/?p=3711#article","isPartOf":{"@id":"https:\/\/www.iucuellar.org\/?p=3711"},"author":{"name":"Comunicaci\u00f3n","@id":"https:\/\/www.iucuellar.org\/#\/schema\/person\/0ed49683a220f525fdeb90989b5c672d"},"headline":"Taller sobre Resiliencia","datePublished":"2021-11-02T19:09:03+00:00","dateModified":"2022-07-04T18:46:56+00:00","mainEntityOfPage":{"@id":"https:\/\/www.iucuellar.org\/?p=3711"},"wordCount":113,"commentCount":0,"publisher":{"@id":"https:\/\/www.iucuellar.org\/#organization"},"image":{"@id":"https:\/\/www.iucuellar.org\/?p=3711#primaryimage"},"thumbnailUrl":"https:\/\/i0.wp.com\/www.iucuellar.org\/public\/2021\/11\/RESILIENCIA.jpeg?fit=1985%2C1201&ssl=1","keywords":["Asuntos sociales","Ayuntamiento","Cuellar","Izquierda Unida","Taller"],"articleSection":["Izquierda Unida","Sanidad y A.Sociales"],"inLanguage":"es","potentialAction":[{"@type":"CommentAction","name":"Comment","target":["https:\/\/www.iucuellar.org\/?p=3711#respond"]}]},{"@type":"WebPage","@id":"https:\/\/www.iucuellar.org\/?p=3711","url":"https:\/\/www.iucuellar.org\/?p=3711","name":"Taller sobre Resiliencia - Izquierda Unida Cu\u00e9llar","isPartOf":{"@id":"https:\/\/www.iucuellar.org\/#website"},"primaryImageOfPage":{"@id":"https:\/\/www.iucuellar.org\/?p=3711#primaryimage"},"image":{"@id":"https:\/\/www.iucuellar.org\/?p=3711#primaryimage"},"thumbnailUrl":"https:\/\/i0.wp.com\/www.iucuellar.org\/public\/2021\/11\/RESILIENCIA.jpeg?fit=1985%2C1201&ssl=1","datePublished":"2021-11-02T19:09:03+00:00","dateModified":"2022-07-04T18:46:56+00:00","description":"Organizado por la Concejal\u00eda de Asuntos Sociales del Ayuntamiento de Cu\u00e9llar que gestiona nuestra compa\u00f1era Montse Sanz e impartido por ASISOCU, asociaci\u00f3n sin \u00e1nimo de lucro que se crea con el objetivo de ofrecer, desde la investigaci\u00f3n psicosocial, intervenciones efectivas para mejorar la calidad de vida en el \u00e1mbito de la Comunidad de Castilla y Le\u00f3n.","breadcrumb":{"@id":"https:\/\/www.iucuellar.org\/?p=3711#breadcrumb"},"inLanguage":"es","potentialAction":[{"@type":"ReadAction","target":["https:\/\/www.iucuellar.org\/?p=3711"]}]},{"@type":"ImageObject","inLanguage":"es","@id":"https:\/\/www.iucuellar.org\/?p=3711#primaryimage","url":"https:\/\/i0.wp.com\/www.iucuellar.org\/public\/2021\/11\/RESILIENCIA.jpeg?fit=1985%2C1201&ssl=1","contentUrl":"https:\/\/i0.wp.com\/www.iucuellar.org\/public\/2021\/11\/RESILIENCIA.jpeg?fit=1985%2C1201&ssl=1","width":1985,"height":1201},{"@type":"BreadcrumbList","@id":"https:\/\/www.iucuellar.org\/?p=3711#breadcrumb","itemListElement":[{"@type":"ListItem","position":1,"name":"Inicio","item":"https:\/\/www.iucuellar.org\/"},{"@type":"ListItem","position":2,"name":"Taller sobre Resiliencia"}]},{"@type":"WebSite","@id":"https:\/\/www.iucuellar.org\/#website","url":"https:\/\/www.iucuellar.org\/","name":"Izquierda Unida Cu\u00e9llar y Comarca","description":"Lugar de opini\u00f3n y discusi\u00f3n de la izquierda","publisher":{"@id":"https:\/\/www.iucuellar.org\/#organization"},"potentialAction":[{"@type":"SearchAction","target":{"@type":"EntryPoint","urlTemplate":"https:\/\/www.iucuellar.org\/?s={search_term_string}"},"query-input":"required name=search_term_string"}],"inLanguage":"es"},{"@type":"Organization","@id":"https:\/\/www.iucuellar.org\/#organization","name":"IU CUELLAR","url":"https:\/\/www.iucuellar.org\/","logo":{"@type":"ImageObject","inLanguage":"es","@id":"https:\/\/www.iucuellar.org\/#\/schema\/logo\/image\/","url":"https:\/\/i0.wp.com\/www.iucuellar.org\/public\/2022\/07\/cropped-avatar_redondo_Twitter.png?fit=512%2C512&ssl=1","contentUrl":"https:\/\/i0.wp.com\/www.iucuellar.org\/public\/2022\/07\/cropped-avatar_redondo_Twitter.png?fit=512%2C512&ssl=1","width":512,"height":512,"caption":"IU CUELLAR"},"image":{"@id":"https:\/\/www.iucuellar.org\/#\/schema\/logo\/image\/"},"sameAs":["https:\/\/www.facebook.com\/iucuellar","https:\/\/x.com\/IU_CUELLAR","https:\/\/www.instagram.com\/iucuellar\/","https:\/\/www.threads.net\/@iucuellar"]},{"@type":"Person","@id":"https:\/\/www.iucuellar.org\/#\/schema\/person\/0ed49683a220f525fdeb90989b5c672d","name":"Comunicaci\u00f3n","image":{"@type":"ImageObject","inLanguage":"es","@id":"https:\/\/www.iucuellar.org\/#\/schema\/person\/image\/","url":"https:\/\/secure.gravatar.com\/avatar\/1bb1e96b498ea4b5098098798744923e?s=96&d=mm&r=g","contentUrl":"https:\/\/secure.gravatar.com\/avatar\/1bb1e96b498ea4b5098098798744923e?s=96&d=mm&r=g","caption":"Comunicaci\u00f3n"},"url":"https:\/\/www.iucuellar.org\/?author=1"}]}},"jetpack_featured_media_url":"https:\/\/i0.wp.com\/www.iucuellar.org\/public\/2021\/11\/RESILIENCIA.jpeg?fit=1985%2C1201&ssl=1","jetpack_sharing_enabled":true,"jetpack_shortlink":"https:\/\/wp.me\/p8rn8P-XR","_links":{"self":[{"href":"https:\/\/www.iucuellar.org\/index.php?rest_route=\/wp\/v2\/posts\/3711"}],"collection":[{"href":"https:\/\/www.iucuellar.org\/index.php?rest_route=\/wp\/v2\/posts"}],"about":[{"href":"https:\/\/www.iucuellar.org\/index.php?rest_route=\/wp\/v2\/types\/post"}],"author":[{"embeddable":true,"href":"https:\/\/www.iucuellar.org\/index.php?rest_route=\/wp\/v2\/users\/1"}],"replies":[{"embeddable":true,"href":"https:\/\/www.iucuellar.org\/index.php?rest_route=%2Fwp%2Fv2%2Fcomments&post=3711"}],"version-history":[{"count":2,"href":"https:\/\/www.iucuellar.org\/index.php?rest_route=\/wp\/v2\/posts\/3711\/revisions"}],"predecessor-version":[{"id":3829,"href":"https:\/\/www.iucuellar.org\/index.php?rest_route=\/wp\/v2\/posts\/3711\/revisions\/3829"}],"wp:featuredmedia":[{"embeddable":true,"href":"https:\/\/www.iucuellar.org\/index.php?rest_route=\/wp\/v2\/media\/3712"}],"wp:attachment":[{"href":"https:\/\/www.iucuellar.org\/index.php?rest_route=%2Fwp%2Fv2%2Fmedia&parent=3711"}],"wp:term":[{"taxonomy":"category","embeddable":true,"href":"https:\/\/www.iucuellar.org\/index.php?rest_route=%2Fwp%2Fv2%2Fcategories&post=3711"},{"taxonomy":"post_tag","embeddable":true,"href":"https:\/\/www.iucuellar.org\/index.php?rest_route=%2Fwp%2Fv2%2Ftags&post=3711"}],"curies":[{"name":"wp","href":"https:\/\/api.w.org\/{rel}","templated":true}]}}