{"id":3724,"date":"2021-12-23T09:23:38","date_gmt":"2021-12-23T08:23:38","guid":{"rendered":"https:\/\/www.iucuellar.org\/?p=3724"},"modified":"2022-10-24T20:34:45","modified_gmt":"2022-10-24T18:34:45","slug":"libros-de-emilia-pardo-bazan-en-los-centros-de-cuellar","status":"publish","type":"post","link":"https:\/\/www.iucuellar.org\/?p=3724","title":{"rendered":"Libros de Emilia Pardo Baz\u00e1n en los centros de Cu\u00e9llar"},"content":{"rendered":"\n<hr class=\"wp-block-separator has-css-opacity\"\/>\n\n\n\n<p>Desde la concejal\u00eda de Mujer e Igualdad del ayuntamiento de Cu\u00e9llar, gestionada por nuestra compa\u00f1era Montse Sanz, se ha hecho entrega de unos libros de la autora <a href=\"https:\/\/www.cervantesvirtual.com\/portales\/pardo_bazan\/autora_biografia\/\" target=\"_blank\" rel=\"noreferrer noopener\">Emilia Pardo Baz\u00e1n<\/a> a las residencias de mayores, al centro de D\u00eda y a Fundaci\u00f3n Personas Apadefim. El motivo es por el centenario de la muerte de la escritora.<\/p>\n\n\n\n<p> Algunos de los ejemplares entregados son: Los Pazos de Ulloa, La Tribuna, Cuentos Feministas, El Encaje Roto e Insolaci\u00f3n. Los tres \u00faltimos t\u00edtulos son de tematica <a href=\"https:\/\/www.iucuellar.org\/?p=3202\" target=\"_blank\" rel=\"noreferrer noopener\">feminista<\/a>, que se han incorporado tambi\u00e9n al Punto Violeta de la Biblioteca Municipal Cronista Herrera. Junto con los libros se han entregado una lamina con fotograf\u00eda y resumen de la vida de la escritora.<\/p>\n\n\n\n<hr class=\"wp-block-separator has-css-opacity\"\/>\n\n\n\n<hr class=\"wp-block-separator has-css-opacity\"\/>\n","protected":false},"excerpt":{"rendered":"<p>Desde la concejal\u00eda de Mujer e Igualdad del ayuntamiento de Cu\u00e9llar, gestionada por nuestra compa\u00f1era Montse Sanz, se ha hecho<\/p>\n","protected":false},"author":1,"featured_media":3725,"comment_status":"open","ping_status":"open","sticky":false,"template":"","format":"standard","meta":{"sfsi_plus_gutenberg_text_before_share":"","sfsi_plus_gutenberg_show_text_before_share":"","sfsi_plus_gutenberg_icon_type":"","sfsi_plus_gutenberg_icon_alignemt":"","sfsi_plus_gutenburg_max_per_row":"","_exactmetrics_skip_tracking":false,"_exactmetrics_sitenote_active":false,"_exactmetrics_sitenote_note":"","_exactmetrics_sitenote_category":0,"ngg_post_thumbnail":0,"_jetpack_memberships_contains_paid_content":false,"footnotes":""},"categories":[7,22,14],"tags":[41,36,35,57,43,40,55,61],"yoast_head":"<!-- This site is optimized with the Yoast SEO plugin v22.9 - https:\/\/yoast.com\/wordpress\/plugins\/seo\/ -->\r\n<title>Libros de Emilia Pardo Baz\u00e1n en los centros de Cu\u00e9llar - Izquierda Unida Cu\u00e9llar<\/title>\r\n<meta name=\"description\" content=\"Desde la concejal\u00eda de Mujer e Igualdad del ayto de Cu\u00e9llar, de nuestra compa\u00f1era Montse Sanz, se ha hecho entrega de unos libros de la autora Emilia Pardo Baz\u00e1n en varios centros de Cu\u00e9llar\" \/>\r\n<meta name=\"robots\" content=\"index, follow, max-snippet:-1, max-image-preview:large, max-video-preview:-1\" \/>\r\n<link rel=\"canonical\" href=\"https:\/\/www.iucuellar.org\/?p=3724\" \/>\r\n<meta property=\"og:locale\" content=\"es_ES\" \/>\r\n<meta property=\"og:type\" content=\"article\" \/>\r\n<meta property=\"og:title\" content=\"Libros de Emilia Pardo Baz\u00e1n en los centros de Cu\u00e9llar - Izquierda Unida Cu\u00e9llar\" \/>\r\n<meta property=\"og:description\" content=\"Desde la concejal\u00eda de Mujer e Igualdad del ayto de Cu\u00e9llar, de nuestra compa\u00f1era Montse Sanz, se ha hecho entrega de unos libros de la autora Emilia Pardo Baz\u00e1n en varios centros de Cu\u00e9llar\" \/>\r\n<meta property=\"og:url\" content=\"https:\/\/www.iucuellar.org\/?p=3724\" \/>\r\n<meta property=\"og:site_name\" content=\"Izquierda Unida Cu\u00e9llar\" \/>\r\n<meta property=\"article:publisher\" content=\"https:\/\/www.facebook.com\/iucuellar\" \/>\r\n<meta property=\"article:published_time\" content=\"2021-12-23T08:23:38+00:00\" \/>\r\n<meta property=\"article:modified_time\" content=\"2022-10-24T18:34:45+00:00\" \/>\r\n<meta property=\"og:image\" content=\"https:\/\/i0.wp.com\/www.iucuellar.org\/public\/2021\/12\/WhatsApp-Image-2021-12-22-at-17.29.40.jpeg?fit=2048%2C1536&ssl=1\" \/>\r\n\t<meta property=\"og:image:width\" content=\"2048\" \/>\r\n\t<meta property=\"og:image:height\" content=\"1536\" \/>\r\n\t<meta property=\"og:image:type\" content=\"image\/jpeg\" \/>\r\n<meta name=\"author\" content=\"Comunicaci\u00f3n\" \/>\r\n<meta name=\"twitter:card\" content=\"summary_large_image\" \/>\r\n<meta name=\"twitter:creator\" content=\"@IU_CUELLAR\" \/>\r\n<meta name=\"twitter:site\" content=\"@IU_CUELLAR\" \/>\r\n<meta name=\"twitter:label1\" content=\"Escrito por\" \/>\n\t<meta name=\"twitter:data1\" content=\"Comunicaci\u00f3n\" \/>\n\t<meta name=\"twitter:label2\" content=\"Tiempo de lectura\" \/>\n\t<meta name=\"twitter:data2\" content=\"1 minuto\" \/>\r\n<script type=\"application\/ld+json\" class=\"yoast-schema-graph\">{\"@context\":\"https:\/\/schema.org\",\"@graph\":[{\"@type\":\"Article\",\"@id\":\"https:\/\/www.iucuellar.org\/?p=3724#article\",\"isPartOf\":{\"@id\":\"https:\/\/www.iucuellar.org\/?p=3724\"},\"author\":{\"name\":\"Comunicaci\u00f3n\",\"@id\":\"https:\/\/www.iucuellar.org\/#\/schema\/person\/0ed49683a220f525fdeb90989b5c672d\"},\"headline\":\"Libros de Emilia Pardo Baz\u00e1n en los centros de Cu\u00e9llar\",\"datePublished\":\"2021-12-23T08:23:38+00:00\",\"dateModified\":\"2022-10-24T18:34:45+00:00\",\"mainEntityOfPage\":{\"@id\":\"https:\/\/www.iucuellar.org\/?p=3724\"},\"wordCount\":138,\"commentCount\":0,\"publisher\":{\"@id\":\"https:\/\/www.iucuellar.org\/#organization\"},\"image\":{\"@id\":\"https:\/\/www.iucuellar.org\/?p=3724#primaryimage\"},\"thumbnailUrl\":\"https:\/\/i0.wp.com\/www.iucuellar.org\/public\/2021\/12\/WhatsApp-Image-2021-12-22-at-17.29.40.jpeg?fit=2048%2C1536&ssl=1\",\"keywords\":[\"Asuntos sociales\",\"Ayuntamiento\",\"Cuellar\",\"Cultura\",\"IU\",\"Izquierda Unida\",\"libros\",\"Mujer\"],\"articleSection\":[\"Cultura\",\"Mujer\",\"Sanidad y A.Sociales\"],\"inLanguage\":\"es\",\"potentialAction\":[{\"@type\":\"CommentAction\",\"name\":\"Comment\",\"target\":[\"https:\/\/www.iucuellar.org\/?p=3724#respond\"]}]},{\"@type\":\"WebPage\",\"@id\":\"https:\/\/www.iucuellar.org\/?p=3724\",\"url\":\"https:\/\/www.iucuellar.org\/?p=3724\",\"name\":\"Libros de Emilia Pardo Baz\u00e1n en los centros de Cu\u00e9llar - Izquierda Unida Cu\u00e9llar\",\"isPartOf\":{\"@id\":\"https:\/\/www.iucuellar.org\/#website\"},\"primaryImageOfPage\":{\"@id\":\"https:\/\/www.iucuellar.org\/?p=3724#primaryimage\"},\"image\":{\"@id\":\"https:\/\/www.iucuellar.org\/?p=3724#primaryimage\"},\"thumbnailUrl\":\"https:\/\/i0.wp.com\/www.iucuellar.org\/public\/2021\/12\/WhatsApp-Image-2021-12-22-at-17.29.40.jpeg?fit=2048%2C1536&ssl=1\",\"datePublished\":\"2021-12-23T08:23:38+00:00\",\"dateModified\":\"2022-10-24T18:34:45+00:00\",\"description\":\"Desde la concejal\u00eda de Mujer e Igualdad del ayto de Cu\u00e9llar, de nuestra compa\u00f1era Montse Sanz, se ha hecho entrega de unos libros de la autora Emilia Pardo Baz\u00e1n en varios centros de Cu\u00e9llar\",\"breadcrumb\":{\"@id\":\"https:\/\/www.iucuellar.org\/?p=3724#breadcrumb\"},\"inLanguage\":\"es\",\"potentialAction\":[{\"@type\":\"ReadAction\",\"target\":[\"https:\/\/www.iucuellar.org\/?p=3724\"]}]},{\"@type\":\"ImageObject\",\"inLanguage\":\"es\",\"@id\":\"https:\/\/www.iucuellar.org\/?p=3724#primaryimage\",\"url\":\"https:\/\/i0.wp.com\/www.iucuellar.org\/public\/2021\/12\/WhatsApp-Image-2021-12-22-at-17.29.40.jpeg?fit=2048%2C1536&ssl=1\",\"contentUrl\":\"https:\/\/i0.wp.com\/www.iucuellar.org\/public\/2021\/12\/WhatsApp-Image-2021-12-22-at-17.29.40.jpeg?fit=2048%2C1536&ssl=1\",\"width\":2048,\"height\":1536},{\"@type\":\"BreadcrumbList\",\"@id\":\"https:\/\/www.iucuellar.org\/?p=3724#breadcrumb\",\"itemListElement\":[{\"@type\":\"ListItem\",\"position\":1,\"name\":\"Inicio\",\"item\":\"https:\/\/www.iucuellar.org\/\"},{\"@type\":\"ListItem\",\"position\":2,\"name\":\"Libros de Emilia Pardo Baz\u00e1n en los centros de Cu\u00e9llar\"}]},{\"@type\":\"WebSite\",\"@id\":\"https:\/\/www.iucuellar.org\/#website\",\"url\":\"https:\/\/www.iucuellar.org\/\",\"name\":\"Izquierda Unida Cu\u00e9llar y Comarca\",\"description\":\"Lugar de opini\u00f3n y discusi\u00f3n de la izquierda\",\"publisher\":{\"@id\":\"https:\/\/www.iucuellar.org\/#organization\"},\"potentialAction\":[{\"@type\":\"SearchAction\",\"target\":{\"@type\":\"EntryPoint\",\"urlTemplate\":\"https:\/\/www.iucuellar.org\/?s={search_term_string}\"},\"query-input\":\"required name=search_term_string\"}],\"inLanguage\":\"es\"},{\"@type\":\"Organization\",\"@id\":\"https:\/\/www.iucuellar.org\/#organization\",\"name\":\"IU CUELLAR\",\"url\":\"https:\/\/www.iucuellar.org\/\",\"logo\":{\"@type\":\"ImageObject\",\"inLanguage\":\"es\",\"@id\":\"https:\/\/www.iucuellar.org\/#\/schema\/logo\/image\/\",\"url\":\"https:\/\/i0.wp.com\/www.iucuellar.org\/public\/2022\/07\/cropped-avatar_redondo_Twitter.png?fit=512%2C512&ssl=1\",\"contentUrl\":\"https:\/\/i0.wp.com\/www.iucuellar.org\/public\/2022\/07\/cropped-avatar_redondo_Twitter.png?fit=512%2C512&ssl=1\",\"width\":512,\"height\":512,\"caption\":\"IU CUELLAR\"},\"image\":{\"@id\":\"https:\/\/www.iucuellar.org\/#\/schema\/logo\/image\/\"},\"sameAs\":[\"https:\/\/www.facebook.com\/iucuellar\",\"https:\/\/x.com\/IU_CUELLAR\",\"https:\/\/www.instagram.com\/iucuellar\/\",\"https:\/\/www.threads.net\/@iucuellar\"]},{\"@type\":\"Person\",\"@id\":\"https:\/\/www.iucuellar.org\/#\/schema\/person\/0ed49683a220f525fdeb90989b5c672d\",\"name\":\"Comunicaci\u00f3n\",\"image\":{\"@type\":\"ImageObject\",\"inLanguage\":\"es\",\"@id\":\"https:\/\/www.iucuellar.org\/#\/schema\/person\/image\/\",\"url\":\"https:\/\/secure.gravatar.com\/avatar\/1bb1e96b498ea4b5098098798744923e?s=96&d=mm&r=g\",\"contentUrl\":\"https:\/\/secure.gravatar.com\/avatar\/1bb1e96b498ea4b5098098798744923e?s=96&d=mm&r=g\",\"caption\":\"Comunicaci\u00f3n\"},\"url\":\"https:\/\/www.iucuellar.org\/?author=1\"}]}<\/script>\r\n<!-- \/ Yoast SEO plugin. -->","yoast_head_json":{"title":"Libros de Emilia Pardo Baz\u00e1n en los centros de Cu\u00e9llar - Izquierda Unida Cu\u00e9llar","description":"Desde la concejal\u00eda de Mujer e Igualdad del ayto de Cu\u00e9llar, de nuestra compa\u00f1era Montse Sanz, se ha hecho entrega de unos libros de la autora Emilia Pardo Baz\u00e1n en varios centros de Cu\u00e9llar","robots":{"index":"index","follow":"follow","max-snippet":"max-snippet:-1","max-image-preview":"max-image-preview:large","max-video-preview":"max-video-preview:-1"},"canonical":"https:\/\/www.iucuellar.org\/?p=3724","og_locale":"es_ES","og_type":"article","og_title":"Libros de Emilia Pardo Baz\u00e1n en los centros de Cu\u00e9llar - Izquierda Unida Cu\u00e9llar","og_description":"Desde la concejal\u00eda de Mujer e Igualdad del ayto de Cu\u00e9llar, de nuestra compa\u00f1era Montse Sanz, se ha hecho entrega de unos libros de la autora Emilia Pardo Baz\u00e1n en varios centros de Cu\u00e9llar","og_url":"https:\/\/www.iucuellar.org\/?p=3724","og_site_name":"Izquierda Unida Cu\u00e9llar","article_publisher":"https:\/\/www.facebook.com\/iucuellar","article_published_time":"2021-12-23T08:23:38+00:00","article_modified_time":"2022-10-24T18:34:45+00:00","og_image":[{"width":2048,"height":1536,"url":"https:\/\/i0.wp.com\/www.iucuellar.org\/public\/2021\/12\/WhatsApp-Image-2021-12-22-at-17.29.40.jpeg?fit=2048%2C1536&ssl=1","type":"image\/jpeg"}],"author":"Comunicaci\u00f3n","twitter_card":"summary_large_image","twitter_creator":"@IU_CUELLAR","twitter_site":"@IU_CUELLAR","twitter_misc":{"Escrito por":"Comunicaci\u00f3n","Tiempo de lectura":"1 minuto"},"schema":{"@context":"https:\/\/schema.org","@graph":[{"@type":"Article","@id":"https:\/\/www.iucuellar.org\/?p=3724#article","isPartOf":{"@id":"https:\/\/www.iucuellar.org\/?p=3724"},"author":{"name":"Comunicaci\u00f3n","@id":"https:\/\/www.iucuellar.org\/#\/schema\/person\/0ed49683a220f525fdeb90989b5c672d"},"headline":"Libros de Emilia Pardo Baz\u00e1n en los centros de Cu\u00e9llar","datePublished":"2021-12-23T08:23:38+00:00","dateModified":"2022-10-24T18:34:45+00:00","mainEntityOfPage":{"@id":"https:\/\/www.iucuellar.org\/?p=3724"},"wordCount":138,"commentCount":0,"publisher":{"@id":"https:\/\/www.iucuellar.org\/#organization"},"image":{"@id":"https:\/\/www.iucuellar.org\/?p=3724#primaryimage"},"thumbnailUrl":"https:\/\/i0.wp.com\/www.iucuellar.org\/public\/2021\/12\/WhatsApp-Image-2021-12-22-at-17.29.40.jpeg?fit=2048%2C1536&ssl=1","keywords":["Asuntos sociales","Ayuntamiento","Cuellar","Cultura","IU","Izquierda Unida","libros","Mujer"],"articleSection":["Cultura","Mujer","Sanidad y A.Sociales"],"inLanguage":"es","potentialAction":[{"@type":"CommentAction","name":"Comment","target":["https:\/\/www.iucuellar.org\/?p=3724#respond"]}]},{"@type":"WebPage","@id":"https:\/\/www.iucuellar.org\/?p=3724","url":"https:\/\/www.iucuellar.org\/?p=3724","name":"Libros de Emilia Pardo Baz\u00e1n en los centros de Cu\u00e9llar - Izquierda Unida Cu\u00e9llar","isPartOf":{"@id":"https:\/\/www.iucuellar.org\/#website"},"primaryImageOfPage":{"@id":"https:\/\/www.iucuellar.org\/?p=3724#primaryimage"},"image":{"@id":"https:\/\/www.iucuellar.org\/?p=3724#primaryimage"},"thumbnailUrl":"https:\/\/i0.wp.com\/www.iucuellar.org\/public\/2021\/12\/WhatsApp-Image-2021-12-22-at-17.29.40.jpeg?fit=2048%2C1536&ssl=1","datePublished":"2021-12-23T08:23:38+00:00","dateModified":"2022-10-24T18:34:45+00:00","description":"Desde la concejal\u00eda de Mujer e Igualdad del ayto de Cu\u00e9llar, de nuestra compa\u00f1era Montse Sanz, se ha hecho entrega de unos libros de la autora Emilia Pardo Baz\u00e1n en varios centros de Cu\u00e9llar","breadcrumb":{"@id":"https:\/\/www.iucuellar.org\/?p=3724#breadcrumb"},"inLanguage":"es","potentialAction":[{"@type":"ReadAction","target":["https:\/\/www.iucuellar.org\/?p=3724"]}]},{"@type":"ImageObject","inLanguage":"es","@id":"https:\/\/www.iucuellar.org\/?p=3724#primaryimage","url":"https:\/\/i0.wp.com\/www.iucuellar.org\/public\/2021\/12\/WhatsApp-Image-2021-12-22-at-17.29.40.jpeg?fit=2048%2C1536&ssl=1","contentUrl":"https:\/\/i0.wp.com\/www.iucuellar.org\/public\/2021\/12\/WhatsApp-Image-2021-12-22-at-17.29.40.jpeg?fit=2048%2C1536&ssl=1","width":2048,"height":1536},{"@type":"BreadcrumbList","@id":"https:\/\/www.iucuellar.org\/?p=3724#breadcrumb","itemListElement":[{"@type":"ListItem","position":1,"name":"Inicio","item":"https:\/\/www.iucuellar.org\/"},{"@type":"ListItem","position":2,"name":"Libros de Emilia Pardo Baz\u00e1n en los centros de Cu\u00e9llar"}]},{"@type":"WebSite","@id":"https:\/\/www.iucuellar.org\/#website","url":"https:\/\/www.iucuellar.org\/","name":"Izquierda Unida Cu\u00e9llar y Comarca","description":"Lugar de opini\u00f3n y discusi\u00f3n de la izquierda","publisher":{"@id":"https:\/\/www.iucuellar.org\/#organization"},"potentialAction":[{"@type":"SearchAction","target":{"@type":"EntryPoint","urlTemplate":"https:\/\/www.iucuellar.org\/?s={search_term_string}"},"query-input":"required name=search_term_string"}],"inLanguage":"es"},{"@type":"Organization","@id":"https:\/\/www.iucuellar.org\/#organization","name":"IU CUELLAR","url":"https:\/\/www.iucuellar.org\/","logo":{"@type":"ImageObject","inLanguage":"es","@id":"https:\/\/www.iucuellar.org\/#\/schema\/logo\/image\/","url":"https:\/\/i0.wp.com\/www.iucuellar.org\/public\/2022\/07\/cropped-avatar_redondo_Twitter.png?fit=512%2C512&ssl=1","contentUrl":"https:\/\/i0.wp.com\/www.iucuellar.org\/public\/2022\/07\/cropped-avatar_redondo_Twitter.png?fit=512%2C512&ssl=1","width":512,"height":512,"caption":"IU CUELLAR"},"image":{"@id":"https:\/\/www.iucuellar.org\/#\/schema\/logo\/image\/"},"sameAs":["https:\/\/www.facebook.com\/iucuellar","https:\/\/x.com\/IU_CUELLAR","https:\/\/www.instagram.com\/iucuellar\/","https:\/\/www.threads.net\/@iucuellar"]},{"@type":"Person","@id":"https:\/\/www.iucuellar.org\/#\/schema\/person\/0ed49683a220f525fdeb90989b5c672d","name":"Comunicaci\u00f3n","image":{"@type":"ImageObject","inLanguage":"es","@id":"https:\/\/www.iucuellar.org\/#\/schema\/person\/image\/","url":"https:\/\/secure.gravatar.com\/avatar\/1bb1e96b498ea4b5098098798744923e?s=96&d=mm&r=g","contentUrl":"https:\/\/secure.gravatar.com\/avatar\/1bb1e96b498ea4b5098098798744923e?s=96&d=mm&r=g","caption":"Comunicaci\u00f3n"},"url":"https:\/\/www.iucuellar.org\/?author=1"}]}},"jetpack_featured_media_url":"https:\/\/i0.wp.com\/www.iucuellar.org\/public\/2021\/12\/WhatsApp-Image-2021-12-22-at-17.29.40.jpeg?fit=2048%2C1536&ssl=1","jetpack_sharing_enabled":true,"jetpack_shortlink":"https:\/\/wp.me\/p8rn8P-Y4","_links":{"self":[{"href":"https:\/\/www.iucuellar.org\/index.php?rest_route=\/wp\/v2\/posts\/3724"}],"collection":[{"href":"https:\/\/www.iucuellar.org\/index.php?rest_route=\/wp\/v2\/posts"}],"about":[{"href":"https:\/\/www.iucuellar.org\/index.php?rest_route=\/wp\/v2\/types\/post"}],"author":[{"embeddable":true,"href":"https:\/\/www.iucuellar.org\/index.php?rest_route=\/wp\/v2\/users\/1"}],"replies":[{"embeddable":true,"href":"https:\/\/www.iucuellar.org\/index.php?rest_route=%2Fwp%2Fv2%2Fcomments&post=3724"}],"version-history":[{"count":3,"href":"https:\/\/www.iucuellar.org\/index.php?rest_route=\/wp\/v2\/posts\/3724\/revisions"}],"predecessor-version":[{"id":3953,"href":"https:\/\/www.iucuellar.org\/index.php?rest_route=\/wp\/v2\/posts\/3724\/revisions\/3953"}],"wp:featuredmedia":[{"embeddable":true,"href":"https:\/\/www.iucuellar.org\/index.php?rest_route=\/wp\/v2\/media\/3725"}],"wp:attachment":[{"href":"https:\/\/www.iucuellar.org\/index.php?rest_route=%2Fwp%2Fv2%2Fmedia&parent=3724"}],"wp:term":[{"taxonomy":"category","embeddable":true,"href":"https:\/\/www.iucuellar.org\/index.php?rest_route=%2Fwp%2Fv2%2Fcategories&post=3724"},{"taxonomy":"post_tag","embeddable":true,"href":"https:\/\/www.iucuellar.org\/index.php?rest_route=%2Fwp%2Fv2%2Ftags&post=3724"}],"curies":[{"name":"wp","href":"https:\/\/api.w.org\/{rel}","templated":true}]}}