{"id":3803,"date":"2022-06-01T21:41:32","date_gmt":"2022-06-01T19:41:32","guid":{"rendered":"https:\/\/www.iucuellar.org\/?p=3803"},"modified":"2024-03-14T16:38:46","modified_gmt":"2024-03-14T15:38:46","slug":"estabilizacion-empleo","status":"publish","type":"post","link":"https:\/\/www.iucuellar.org\/?p=3803","title":{"rendered":"La estabilizaci\u00f3n del empleo temporal en el consistorio de Cu\u00e9llar"},"content":{"rendered":"\n<figure class=\"wp-block-image size-large is-style-default\"><img loading=\"lazy\" decoding=\"async\" width=\"800\" height=\"533\" src=\"https:\/\/i0.wp.com\/www.iucuellar.org\/public\/2019\/07\/IMG-20190617-WA0006.jpg?resize=800%2C533&#038;ssl=1\" alt=\"\" class=\"wp-image-3191\" srcset=\"https:\/\/i0.wp.com\/www.iucuellar.org\/public\/2019\/07\/IMG-20190617-WA0006.jpg?resize=1024%2C682&amp;ssl=1 1024w, https:\/\/i0.wp.com\/www.iucuellar.org\/public\/2019\/07\/IMG-20190617-WA0006.jpg?resize=300%2C200&amp;ssl=1 300w, https:\/\/i0.wp.com\/www.iucuellar.org\/public\/2019\/07\/IMG-20190617-WA0006.jpg?resize=768%2C512&amp;ssl=1 768w, https:\/\/i0.wp.com\/www.iucuellar.org\/public\/2019\/07\/IMG-20190617-WA0006.jpg?w=1600&amp;ssl=1 1600w\" sizes=\"(max-width: 800px) 100vw, 800px\" data-recalc-dims=\"1\" \/><\/figure>\n\n\n\n<p>Nuestra compa\u00f1era Lucia Arranz, concejala de personal del Ayuntamiento de Cu\u00e9llar, habla en&nbsp;<a href=\"https:\/\/twitter.com\/RadioSegovia\">RadioSegovia<\/a>&nbsp; de la estabilizaci\u00f3n del empleo temporal del Consistorio.<\/p>\n\n\n\n<p>Puedes escuchar la entrevista&nbsp;<a href=\"https:\/\/cadenaser.com\/audio\/1654012845998\/\">AQU\u00cd<\/a><\/p>\n\n\n\n<p>\u00abVamos a poder estabilizar y crear empleo de calidad en el consistorio\u00bb; \u00abEn algunos puestos por fin se va a lograr estabilizar personal que no pod\u00edamos sacar como fijos\u00bb; \u00abEs la manera de tener personal fijo en Casa Joven, Biblioteca, en Tursimo etc\u00bb ha destacado la responsable de personal en el Ayuntamiento de Cu\u00e9llar.<\/p>\n\n\n\n<p><\/p>\n","protected":false},"excerpt":{"rendered":"<p>Nuestra compa\u00f1era Lucia Arranz, concejala de personal del Ayuntamiento de Cu\u00e9llar, habla en&nbsp;RadioSegovia&nbsp; de la estabilizaci\u00f3n del empleo temporal del<\/p>\n","protected":false},"author":1,"featured_media":3222,"comment_status":"open","ping_status":"open","sticky":false,"template":"","format":"standard","meta":{"sfsi_plus_gutenberg_text_before_share":"","sfsi_plus_gutenberg_show_text_before_share":"","sfsi_plus_gutenberg_icon_type":"","sfsi_plus_gutenberg_icon_alignemt":"","sfsi_plus_gutenburg_max_per_row":"","_exactmetrics_skip_tracking":false,"_exactmetrics_sitenote_active":false,"_exactmetrics_sitenote_note":"","_exactmetrics_sitenote_category":0,"ngg_post_thumbnail":0,"_jetpack_memberships_contains_paid_content":false,"footnotes":""},"categories":[21,16],"tags":[36,35,79,40,63],"yoast_head":"<!-- This site is optimized with the Yoast SEO plugin v22.9 - https:\/\/yoast.com\/wordpress\/plugins\/seo\/ -->\r\n<title>La estabilizaci\u00f3n del empleo temporal en el consistorio de Cu\u00e9llar<\/title>\r\n<meta name=\"description\" content=\"Lucia Arranz, concejala de personal del Ayuntamiento de Cu\u00e9llar, habla en\u00a0Radio Segovia\u00a0de la estabilizaci\u00f3n del empleo temporal del Consistorio.\" \/>\r\n<meta name=\"robots\" content=\"index, follow, max-snippet:-1, max-image-preview:large, max-video-preview:-1\" \/>\r\n<link rel=\"canonical\" href=\"https:\/\/www.iucuellar.org\/?p=3803\" \/>\r\n<meta property=\"og:locale\" content=\"es_ES\" \/>\r\n<meta property=\"og:type\" content=\"article\" \/>\r\n<meta property=\"og:title\" content=\"La estabilizaci\u00f3n del empleo temporal en el consistorio de Cu\u00e9llar\" \/>\r\n<meta property=\"og:description\" content=\"Lucia Arranz, concejala de personal del Ayuntamiento de Cu\u00e9llar, habla en\u00a0Radio Segovia\u00a0de la estabilizaci\u00f3n del empleo temporal del Consistorio.\" \/>\r\n<meta property=\"og:url\" content=\"https:\/\/www.iucuellar.org\/?p=3803\" \/>\r\n<meta property=\"og:site_name\" content=\"Izquierda Unida Cu\u00e9llar\" \/>\r\n<meta property=\"article:publisher\" content=\"https:\/\/www.facebook.com\/iucuellar\" \/>\r\n<meta property=\"article:published_time\" content=\"2022-06-01T19:41:32+00:00\" \/>\r\n<meta property=\"article:modified_time\" content=\"2024-03-14T15:38:46+00:00\" \/>\r\n<meta property=\"og:image\" content=\"https:\/\/www.iucuellar.org\/public\/2019\/10\/WhatsApp-Image-2019-06-15-at-17.16.42.jpeg\" \/>\r\n\t<meta property=\"og:image:width\" content=\"1600\" \/>\r\n\t<meta property=\"og:image:height\" content=\"1066\" \/>\r\n\t<meta property=\"og:image:type\" content=\"image\/jpeg\" \/>\r\n<meta name=\"author\" content=\"Comunicaci\u00f3n\" \/>\r\n<meta name=\"twitter:card\" content=\"summary_large_image\" \/>\r\n<meta name=\"twitter:creator\" content=\"@IU_CUELLAR\" \/>\r\n<meta name=\"twitter:site\" content=\"@IU_CUELLAR\" \/>\r\n<meta name=\"twitter:label1\" content=\"Escrito por\" \/>\n\t<meta name=\"twitter:data1\" content=\"Comunicaci\u00f3n\" \/>\n\t<meta name=\"twitter:label2\" content=\"Tiempo de lectura\" \/>\n\t<meta name=\"twitter:data2\" content=\"1 minuto\" \/>\r\n<script type=\"application\/ld+json\" class=\"yoast-schema-graph\">{\"@context\":\"https:\/\/schema.org\",\"@graph\":[{\"@type\":\"Article\",\"@id\":\"https:\/\/www.iucuellar.org\/?p=3803#article\",\"isPartOf\":{\"@id\":\"https:\/\/www.iucuellar.org\/?p=3803\"},\"author\":{\"name\":\"Comunicaci\u00f3n\",\"@id\":\"https:\/\/www.iucuellar.org\/#\/schema\/person\/0ed49683a220f525fdeb90989b5c672d\"},\"headline\":\"La estabilizaci\u00f3n del empleo temporal en el consistorio de Cu\u00e9llar\",\"datePublished\":\"2022-06-01T19:41:32+00:00\",\"dateModified\":\"2024-03-14T15:38:46+00:00\",\"mainEntityOfPage\":{\"@id\":\"https:\/\/www.iucuellar.org\/?p=3803\"},\"wordCount\":101,\"commentCount\":0,\"publisher\":{\"@id\":\"https:\/\/www.iucuellar.org\/#organization\"},\"image\":{\"@id\":\"https:\/\/www.iucuellar.org\/?p=3803#primaryimage\"},\"thumbnailUrl\":\"https:\/\/i0.wp.com\/www.iucuellar.org\/public\/2019\/10\/WhatsApp-Image-2019-06-15-at-17.16.42.jpeg?fit=1600%2C1066&ssl=1\",\"keywords\":[\"Ayuntamiento\",\"Cuellar\",\"empleo\",\"Izquierda Unida\",\"Personal\"],\"articleSection\":[\"Izquierda Unida\",\"Personal\"],\"inLanguage\":\"es\",\"potentialAction\":[{\"@type\":\"CommentAction\",\"name\":\"Comment\",\"target\":[\"https:\/\/www.iucuellar.org\/?p=3803#respond\"]}]},{\"@type\":\"WebPage\",\"@id\":\"https:\/\/www.iucuellar.org\/?p=3803\",\"url\":\"https:\/\/www.iucuellar.org\/?p=3803\",\"name\":\"La estabilizaci\u00f3n del empleo temporal en el consistorio de Cu\u00e9llar\",\"isPartOf\":{\"@id\":\"https:\/\/www.iucuellar.org\/#website\"},\"primaryImageOfPage\":{\"@id\":\"https:\/\/www.iucuellar.org\/?p=3803#primaryimage\"},\"image\":{\"@id\":\"https:\/\/www.iucuellar.org\/?p=3803#primaryimage\"},\"thumbnailUrl\":\"https:\/\/i0.wp.com\/www.iucuellar.org\/public\/2019\/10\/WhatsApp-Image-2019-06-15-at-17.16.42.jpeg?fit=1600%2C1066&ssl=1\",\"datePublished\":\"2022-06-01T19:41:32+00:00\",\"dateModified\":\"2024-03-14T15:38:46+00:00\",\"description\":\"Lucia Arranz, concejala de personal del Ayuntamiento de Cu\u00e9llar, habla en\u00a0Radio Segovia\u00a0de la estabilizaci\u00f3n del empleo temporal del Consistorio.\",\"breadcrumb\":{\"@id\":\"https:\/\/www.iucuellar.org\/?p=3803#breadcrumb\"},\"inLanguage\":\"es\",\"potentialAction\":[{\"@type\":\"ReadAction\",\"target\":[\"https:\/\/www.iucuellar.org\/?p=3803\"]}]},{\"@type\":\"ImageObject\",\"inLanguage\":\"es\",\"@id\":\"https:\/\/www.iucuellar.org\/?p=3803#primaryimage\",\"url\":\"https:\/\/i0.wp.com\/www.iucuellar.org\/public\/2019\/10\/WhatsApp-Image-2019-06-15-at-17.16.42.jpeg?fit=1600%2C1066&ssl=1\",\"contentUrl\":\"https:\/\/i0.wp.com\/www.iucuellar.org\/public\/2019\/10\/WhatsApp-Image-2019-06-15-at-17.16.42.jpeg?fit=1600%2C1066&ssl=1\",\"width\":1600,\"height\":1066},{\"@type\":\"BreadcrumbList\",\"@id\":\"https:\/\/www.iucuellar.org\/?p=3803#breadcrumb\",\"itemListElement\":[{\"@type\":\"ListItem\",\"position\":1,\"name\":\"Inicio\",\"item\":\"https:\/\/www.iucuellar.org\/\"},{\"@type\":\"ListItem\",\"position\":2,\"name\":\"La estabilizaci\u00f3n del empleo temporal en el consistorio de Cu\u00e9llar\"}]},{\"@type\":\"WebSite\",\"@id\":\"https:\/\/www.iucuellar.org\/#website\",\"url\":\"https:\/\/www.iucuellar.org\/\",\"name\":\"Izquierda Unida Cu\u00e9llar y Comarca\",\"description\":\"Lugar de opini\u00f3n y discusi\u00f3n de la izquierda\",\"publisher\":{\"@id\":\"https:\/\/www.iucuellar.org\/#organization\"},\"potentialAction\":[{\"@type\":\"SearchAction\",\"target\":{\"@type\":\"EntryPoint\",\"urlTemplate\":\"https:\/\/www.iucuellar.org\/?s={search_term_string}\"},\"query-input\":\"required name=search_term_string\"}],\"inLanguage\":\"es\"},{\"@type\":\"Organization\",\"@id\":\"https:\/\/www.iucuellar.org\/#organization\",\"name\":\"IU CUELLAR\",\"url\":\"https:\/\/www.iucuellar.org\/\",\"logo\":{\"@type\":\"ImageObject\",\"inLanguage\":\"es\",\"@id\":\"https:\/\/www.iucuellar.org\/#\/schema\/logo\/image\/\",\"url\":\"https:\/\/i0.wp.com\/www.iucuellar.org\/public\/2022\/07\/cropped-avatar_redondo_Twitter.png?fit=512%2C512&ssl=1\",\"contentUrl\":\"https:\/\/i0.wp.com\/www.iucuellar.org\/public\/2022\/07\/cropped-avatar_redondo_Twitter.png?fit=512%2C512&ssl=1\",\"width\":512,\"height\":512,\"caption\":\"IU CUELLAR\"},\"image\":{\"@id\":\"https:\/\/www.iucuellar.org\/#\/schema\/logo\/image\/\"},\"sameAs\":[\"https:\/\/www.facebook.com\/iucuellar\",\"https:\/\/x.com\/IU_CUELLAR\",\"https:\/\/www.instagram.com\/iucuellar\/\",\"https:\/\/www.threads.net\/@iucuellar\"]},{\"@type\":\"Person\",\"@id\":\"https:\/\/www.iucuellar.org\/#\/schema\/person\/0ed49683a220f525fdeb90989b5c672d\",\"name\":\"Comunicaci\u00f3n\",\"image\":{\"@type\":\"ImageObject\",\"inLanguage\":\"es\",\"@id\":\"https:\/\/www.iucuellar.org\/#\/schema\/person\/image\/\",\"url\":\"https:\/\/secure.gravatar.com\/avatar\/1bb1e96b498ea4b5098098798744923e?s=96&d=mm&r=g\",\"contentUrl\":\"https:\/\/secure.gravatar.com\/avatar\/1bb1e96b498ea4b5098098798744923e?s=96&d=mm&r=g\",\"caption\":\"Comunicaci\u00f3n\"},\"url\":\"https:\/\/www.iucuellar.org\/?author=1\"}]}<\/script>\r\n<!-- \/ Yoast SEO plugin. -->","yoast_head_json":{"title":"La estabilizaci\u00f3n del empleo temporal en el consistorio de Cu\u00e9llar","description":"Lucia Arranz, concejala de personal del Ayuntamiento de Cu\u00e9llar, habla en\u00a0Radio Segovia\u00a0de la estabilizaci\u00f3n del empleo temporal del Consistorio.","robots":{"index":"index","follow":"follow","max-snippet":"max-snippet:-1","max-image-preview":"max-image-preview:large","max-video-preview":"max-video-preview:-1"},"canonical":"https:\/\/www.iucuellar.org\/?p=3803","og_locale":"es_ES","og_type":"article","og_title":"La estabilizaci\u00f3n del empleo temporal en el consistorio de Cu\u00e9llar","og_description":"Lucia Arranz, concejala de personal del Ayuntamiento de Cu\u00e9llar, habla en\u00a0Radio Segovia\u00a0de la estabilizaci\u00f3n del empleo temporal del Consistorio.","og_url":"https:\/\/www.iucuellar.org\/?p=3803","og_site_name":"Izquierda Unida Cu\u00e9llar","article_publisher":"https:\/\/www.facebook.com\/iucuellar","article_published_time":"2022-06-01T19:41:32+00:00","article_modified_time":"2024-03-14T15:38:46+00:00","og_image":[{"width":1600,"height":1066,"url":"https:\/\/www.iucuellar.org\/public\/2019\/10\/WhatsApp-Image-2019-06-15-at-17.16.42.jpeg","type":"image\/jpeg"}],"author":"Comunicaci\u00f3n","twitter_card":"summary_large_image","twitter_creator":"@IU_CUELLAR","twitter_site":"@IU_CUELLAR","twitter_misc":{"Escrito por":"Comunicaci\u00f3n","Tiempo de lectura":"1 minuto"},"schema":{"@context":"https:\/\/schema.org","@graph":[{"@type":"Article","@id":"https:\/\/www.iucuellar.org\/?p=3803#article","isPartOf":{"@id":"https:\/\/www.iucuellar.org\/?p=3803"},"author":{"name":"Comunicaci\u00f3n","@id":"https:\/\/www.iucuellar.org\/#\/schema\/person\/0ed49683a220f525fdeb90989b5c672d"},"headline":"La estabilizaci\u00f3n del empleo temporal en el consistorio de Cu\u00e9llar","datePublished":"2022-06-01T19:41:32+00:00","dateModified":"2024-03-14T15:38:46+00:00","mainEntityOfPage":{"@id":"https:\/\/www.iucuellar.org\/?p=3803"},"wordCount":101,"commentCount":0,"publisher":{"@id":"https:\/\/www.iucuellar.org\/#organization"},"image":{"@id":"https:\/\/www.iucuellar.org\/?p=3803#primaryimage"},"thumbnailUrl":"https:\/\/i0.wp.com\/www.iucuellar.org\/public\/2019\/10\/WhatsApp-Image-2019-06-15-at-17.16.42.jpeg?fit=1600%2C1066&ssl=1","keywords":["Ayuntamiento","Cuellar","empleo","Izquierda Unida","Personal"],"articleSection":["Izquierda Unida","Personal"],"inLanguage":"es","potentialAction":[{"@type":"CommentAction","name":"Comment","target":["https:\/\/www.iucuellar.org\/?p=3803#respond"]}]},{"@type":"WebPage","@id":"https:\/\/www.iucuellar.org\/?p=3803","url":"https:\/\/www.iucuellar.org\/?p=3803","name":"La estabilizaci\u00f3n del empleo temporal en el consistorio de Cu\u00e9llar","isPartOf":{"@id":"https:\/\/www.iucuellar.org\/#website"},"primaryImageOfPage":{"@id":"https:\/\/www.iucuellar.org\/?p=3803#primaryimage"},"image":{"@id":"https:\/\/www.iucuellar.org\/?p=3803#primaryimage"},"thumbnailUrl":"https:\/\/i0.wp.com\/www.iucuellar.org\/public\/2019\/10\/WhatsApp-Image-2019-06-15-at-17.16.42.jpeg?fit=1600%2C1066&ssl=1","datePublished":"2022-06-01T19:41:32+00:00","dateModified":"2024-03-14T15:38:46+00:00","description":"Lucia Arranz, concejala de personal del Ayuntamiento de Cu\u00e9llar, habla en\u00a0Radio Segovia\u00a0de la estabilizaci\u00f3n del empleo temporal del Consistorio.","breadcrumb":{"@id":"https:\/\/www.iucuellar.org\/?p=3803#breadcrumb"},"inLanguage":"es","potentialAction":[{"@type":"ReadAction","target":["https:\/\/www.iucuellar.org\/?p=3803"]}]},{"@type":"ImageObject","inLanguage":"es","@id":"https:\/\/www.iucuellar.org\/?p=3803#primaryimage","url":"https:\/\/i0.wp.com\/www.iucuellar.org\/public\/2019\/10\/WhatsApp-Image-2019-06-15-at-17.16.42.jpeg?fit=1600%2C1066&ssl=1","contentUrl":"https:\/\/i0.wp.com\/www.iucuellar.org\/public\/2019\/10\/WhatsApp-Image-2019-06-15-at-17.16.42.jpeg?fit=1600%2C1066&ssl=1","width":1600,"height":1066},{"@type":"BreadcrumbList","@id":"https:\/\/www.iucuellar.org\/?p=3803#breadcrumb","itemListElement":[{"@type":"ListItem","position":1,"name":"Inicio","item":"https:\/\/www.iucuellar.org\/"},{"@type":"ListItem","position":2,"name":"La estabilizaci\u00f3n del empleo temporal en el consistorio de Cu\u00e9llar"}]},{"@type":"WebSite","@id":"https:\/\/www.iucuellar.org\/#website","url":"https:\/\/www.iucuellar.org\/","name":"Izquierda Unida Cu\u00e9llar y Comarca","description":"Lugar de opini\u00f3n y discusi\u00f3n de la izquierda","publisher":{"@id":"https:\/\/www.iucuellar.org\/#organization"},"potentialAction":[{"@type":"SearchAction","target":{"@type":"EntryPoint","urlTemplate":"https:\/\/www.iucuellar.org\/?s={search_term_string}"},"query-input":"required name=search_term_string"}],"inLanguage":"es"},{"@type":"Organization","@id":"https:\/\/www.iucuellar.org\/#organization","name":"IU CUELLAR","url":"https:\/\/www.iucuellar.org\/","logo":{"@type":"ImageObject","inLanguage":"es","@id":"https:\/\/www.iucuellar.org\/#\/schema\/logo\/image\/","url":"https:\/\/i0.wp.com\/www.iucuellar.org\/public\/2022\/07\/cropped-avatar_redondo_Twitter.png?fit=512%2C512&ssl=1","contentUrl":"https:\/\/i0.wp.com\/www.iucuellar.org\/public\/2022\/07\/cropped-avatar_redondo_Twitter.png?fit=512%2C512&ssl=1","width":512,"height":512,"caption":"IU CUELLAR"},"image":{"@id":"https:\/\/www.iucuellar.org\/#\/schema\/logo\/image\/"},"sameAs":["https:\/\/www.facebook.com\/iucuellar","https:\/\/x.com\/IU_CUELLAR","https:\/\/www.instagram.com\/iucuellar\/","https:\/\/www.threads.net\/@iucuellar"]},{"@type":"Person","@id":"https:\/\/www.iucuellar.org\/#\/schema\/person\/0ed49683a220f525fdeb90989b5c672d","name":"Comunicaci\u00f3n","image":{"@type":"ImageObject","inLanguage":"es","@id":"https:\/\/www.iucuellar.org\/#\/schema\/person\/image\/","url":"https:\/\/secure.gravatar.com\/avatar\/1bb1e96b498ea4b5098098798744923e?s=96&d=mm&r=g","contentUrl":"https:\/\/secure.gravatar.com\/avatar\/1bb1e96b498ea4b5098098798744923e?s=96&d=mm&r=g","caption":"Comunicaci\u00f3n"},"url":"https:\/\/www.iucuellar.org\/?author=1"}]}},"jetpack_featured_media_url":"https:\/\/i0.wp.com\/www.iucuellar.org\/public\/2019\/10\/WhatsApp-Image-2019-06-15-at-17.16.42.jpeg?fit=1600%2C1066&ssl=1","jetpack_sharing_enabled":true,"jetpack_shortlink":"https:\/\/wp.me\/p8rn8P-Zl","_links":{"self":[{"href":"https:\/\/www.iucuellar.org\/index.php?rest_route=\/wp\/v2\/posts\/3803"}],"collection":[{"href":"https:\/\/www.iucuellar.org\/index.php?rest_route=\/wp\/v2\/posts"}],"about":[{"href":"https:\/\/www.iucuellar.org\/index.php?rest_route=\/wp\/v2\/types\/post"}],"author":[{"embeddable":true,"href":"https:\/\/www.iucuellar.org\/index.php?rest_route=\/wp\/v2\/users\/1"}],"replies":[{"embeddable":true,"href":"https:\/\/www.iucuellar.org\/index.php?rest_route=%2Fwp%2Fv2%2Fcomments&post=3803"}],"version-history":[{"count":2,"href":"https:\/\/www.iucuellar.org\/index.php?rest_route=\/wp\/v2\/posts\/3803\/revisions"}],"predecessor-version":[{"id":3806,"href":"https:\/\/www.iucuellar.org\/index.php?rest_route=\/wp\/v2\/posts\/3803\/revisions\/3806"}],"wp:featuredmedia":[{"embeddable":true,"href":"https:\/\/www.iucuellar.org\/index.php?rest_route=\/wp\/v2\/media\/3222"}],"wp:attachment":[{"href":"https:\/\/www.iucuellar.org\/index.php?rest_route=%2Fwp%2Fv2%2Fmedia&parent=3803"}],"wp:term":[{"taxonomy":"category","embeddable":true,"href":"https:\/\/www.iucuellar.org\/index.php?rest_route=%2Fwp%2Fv2%2Fcategories&post=3803"},{"taxonomy":"post_tag","embeddable":true,"href":"https:\/\/www.iucuellar.org\/index.php?rest_route=%2Fwp%2Fv2%2Ftags&post=3803"}],"curies":[{"name":"wp","href":"https:\/\/api.w.org\/{rel}","templated":true}]}}