{"id":3896,"date":"2022-08-19T10:15:00","date_gmt":"2022-08-19T08:15:00","guid":{"rendered":"https:\/\/www.iucuellar.org\/?p=3896"},"modified":"2023-02-26T17:48:48","modified_gmt":"2023-02-26T16:48:48","slug":"las-concejalas-de-iu-cuellar-renuncian-a-los-cargos-en-el-equipo-de-gobierno","status":"publish","type":"post","link":"https:\/\/www.iucuellar.org\/?p=3896","title":{"rendered":"Las concejalas de IU renuncian a los cargos en el equipo de gobierno"},"content":{"rendered":"\n<p>Como <a href=\"https:\/\/www.iucuellar.org\/\" target=\"_blank\" rel=\"noreferrer noopener\">Asamblea Local de IU Cu\u00e9llar<\/a>, se ha tomado la decisi\u00f3n de presentar la renuncia de los cargos como concejalas delegadas de Asuntos Sociales, Mujer e Igualdad, Participaci\u00f3n Ciudadana y Mayores, que ostenta Montserrat Sanz. As\u00ed como de Servicios Municipales, Personal, Juventud y Voluntariado de las que es titular Luc\u00eda Arranz, desvincul\u00e1ndose de toda responsabilidad del equipo de gobierno y de la dedicaci\u00f3n exclusiva. Esta decisi\u00f3n ha sido tomada en aras del inter\u00e9s general y del buen gobierno del municipio.<\/p>\n\n\n\n<h2 class=\"wp-block-heading\">Los motivos que nos han llevado a tomar esta decisi\u00f3n son varios.<\/h2>\n\n\n\n<p>Uno es, que el ambiente entre las dos partes que forman el equipo de gobierno se ha hecho cada d\u00eda m\u00e1s irrespirable y que las discrepancias y diferencias se han ido acentuando en cuanto a la toma de decisiones. Algunas de estas se han tomado de forma unilateral y bajo nuestro punto de vista la falta transparencia, que es algo que Izquierda Unida siempre ha llevado por bandera. Con ello nos referimos a que desde hace tiempo no se celebran Juntas de Gobierno, que adem\u00e1s de haber sido aprobado en Pleno, es obligatorio por ser un municipio mayor de 5000 habitantes y que se gobierna a base de decretos de alcald\u00eda. Por lo tanto en ocasiones nos enteramos de asuntos que se tienen que aprobar en Pleno, a la vez que la oposici\u00f3n, en las Comisiones Informativas. Tambi\u00e9n que en algunos aspectos se ha dejado de contar con nuestras concejalas.<\/p>\n\n\n\n<h2 class=\"wp-block-heading\">Oposici\u00f3n responsable y constructiva de IU Cu\u00e9llar<\/h2>\n\n\n\n<p>Una vez que el cese se haga efectivo, pasaremos a la oposici\u00f3n y la ejerceremos como en otras ocasiones lo hemos hecho, de forma responsable y constructiva. Velaremos por la continuidad del trabajo desarrollado por nuestras concejalas. Trabajo que ha sido muy intenso y productivo para Cu\u00e9llar y continuar\u00e1n haciendo propuestas serias para seguir sacando a Cu\u00e9llar de la indiferencia en la que nos dej\u00f3 el PP. A la ciudadan\u00eda decirle que no vamos a entrar en juegos de pol\u00edticas mediocres y que nadie especule con Mociones de Censura o similares. Ya que ah\u00ed no nos van a encontrar.<\/p>\n\n\n\n<figure class=\"wp-block-image aligncenter size-large\"><img loading=\"lazy\" decoding=\"async\" width=\"800\" height=\"600\" src=\"https:\/\/i0.wp.com\/www.iucuellar.org\/public\/2022\/08\/photo_2022-08-18_23-32-47-1.jpg?resize=800%2C600&#038;ssl=1\" alt=\"concejalas IU cuellar\" class=\"wp-image-3899\" srcset=\"https:\/\/i0.wp.com\/www.iucuellar.org\/public\/2022\/08\/photo_2022-08-18_23-32-47-1.jpg?resize=1024%2C768&amp;ssl=1 1024w, https:\/\/i0.wp.com\/www.iucuellar.org\/public\/2022\/08\/photo_2022-08-18_23-32-47-1.jpg?resize=300%2C225&amp;ssl=1 300w, https:\/\/i0.wp.com\/www.iucuellar.org\/public\/2022\/08\/photo_2022-08-18_23-32-47-1.jpg?resize=768%2C576&amp;ssl=1 768w, https:\/\/i0.wp.com\/www.iucuellar.org\/public\/2022\/08\/photo_2022-08-18_23-32-47-1.jpg?w=1280&amp;ssl=1 1280w\" sizes=\"(max-width: 800px) 100vw, 800px\" data-recalc-dims=\"1\" \/><figcaption class=\"wp-element-caption\">Concejalas de Izquierda Unida Cu\u00e9llar<\/figcaption><\/figure>\n\n\n\n<p>Puedes escuchar parte de la rueda de prensa realizada en el siguiente enlace: <\/p>\n\n\n\n<p><a href=\"https:\/\/cadenaser.com\/audio\/1660919923375\/\" target=\"_blank\" rel=\"noreferrer noopener\">https:\/\/cadenaser.com\/audio\/1660919923375\/<\/a><\/p>\n","protected":false},"excerpt":{"rendered":"<p>Como Asamblea Local de IU Cu\u00e9llar, se ha tomado la decisi\u00f3n de presentar la renuncia de los cargos como concejalas<\/p>\n","protected":false},"author":1,"featured_media":3899,"comment_status":"open","ping_status":"open","sticky":false,"template":"","format":"standard","meta":{"sfsi_plus_gutenberg_text_before_share":"","sfsi_plus_gutenberg_show_text_before_share":"","sfsi_plus_gutenberg_icon_type":"","sfsi_plus_gutenberg_icon_alignemt":"","sfsi_plus_gutenburg_max_per_row":"","_exactmetrics_skip_tracking":false,"_exactmetrics_sitenote_active":false,"_exactmetrics_sitenote_note":"","_exactmetrics_sitenote_category":0,"ngg_post_thumbnail":0,"_jetpack_memberships_contains_paid_content":false,"footnotes":""},"categories":[21],"tags":[36,35,43,40],"yoast_head":"<!-- This site is optimized with the Yoast SEO plugin v22.9 - https:\/\/yoast.com\/wordpress\/plugins\/seo\/ -->\r\n<title>Las concejalas de IU renuncian a los cargos en el equipo de gobierno<\/title>\r\n<meta name=\"description\" content=\"Las concejalas de Izquierda Unida renuncian a los cargos en el equipo de gobierno del ayuntamiento de Cullar\" \/>\r\n<meta name=\"robots\" content=\"index, follow, max-snippet:-1, max-image-preview:large, max-video-preview:-1\" \/>\r\n<link rel=\"canonical\" href=\"https:\/\/www.iucuellar.org\/?p=3896\" \/>\r\n<meta property=\"og:locale\" content=\"es_ES\" \/>\r\n<meta property=\"og:type\" content=\"article\" \/>\r\n<meta property=\"og:title\" content=\"Las concejalas de IU renuncian a los cargos en el equipo de gobierno\" \/>\r\n<meta property=\"og:description\" content=\"Las concejalas de Izquierda Unida renuncian a los cargos en el equipo de gobierno del ayuntamiento de Cullar\" \/>\r\n<meta property=\"og:url\" content=\"https:\/\/www.iucuellar.org\/?p=3896\" \/>\r\n<meta property=\"og:site_name\" content=\"Izquierda Unida Cu\u00e9llar\" \/>\r\n<meta property=\"article:publisher\" content=\"https:\/\/www.facebook.com\/iucuellar\" \/>\r\n<meta property=\"article:published_time\" content=\"2022-08-19T08:15:00+00:00\" \/>\r\n<meta property=\"article:modified_time\" content=\"2023-02-26T16:48:48+00:00\" \/>\r\n<meta property=\"og:image\" content=\"https:\/\/i0.wp.com\/www.iucuellar.org\/public\/2022\/08\/photo_2022-08-18_23-32-47-1.jpg?fit=1280%2C960&ssl=1\" \/>\r\n\t<meta property=\"og:image:width\" content=\"1280\" \/>\r\n\t<meta property=\"og:image:height\" content=\"960\" \/>\r\n\t<meta property=\"og:image:type\" content=\"image\/jpeg\" \/>\r\n<meta name=\"author\" content=\"Comunicaci\u00f3n\" \/>\r\n<meta name=\"twitter:card\" content=\"summary_large_image\" \/>\r\n<meta name=\"twitter:creator\" content=\"@IU_CUELLAR\" \/>\r\n<meta name=\"twitter:site\" content=\"@IU_CUELLAR\" \/>\r\n<meta name=\"twitter:label1\" content=\"Escrito por\" \/>\n\t<meta name=\"twitter:data1\" content=\"Comunicaci\u00f3n\" \/>\n\t<meta name=\"twitter:label2\" content=\"Tiempo de lectura\" \/>\n\t<meta name=\"twitter:data2\" content=\"2 minutos\" \/>\r\n<script type=\"application\/ld+json\" class=\"yoast-schema-graph\">{\"@context\":\"https:\/\/schema.org\",\"@graph\":[{\"@type\":\"Article\",\"@id\":\"https:\/\/www.iucuellar.org\/?p=3896#article\",\"isPartOf\":{\"@id\":\"https:\/\/www.iucuellar.org\/?p=3896\"},\"author\":{\"name\":\"Comunicaci\u00f3n\",\"@id\":\"https:\/\/www.iucuellar.org\/#\/schema\/person\/0ed49683a220f525fdeb90989b5c672d\"},\"headline\":\"Las concejalas de IU renuncian a los cargos en el equipo de gobierno\",\"datePublished\":\"2022-08-19T08:15:00+00:00\",\"dateModified\":\"2023-02-26T16:48:48+00:00\",\"mainEntityOfPage\":{\"@id\":\"https:\/\/www.iucuellar.org\/?p=3896\"},\"wordCount\":406,\"commentCount\":0,\"publisher\":{\"@id\":\"https:\/\/www.iucuellar.org\/#organization\"},\"image\":{\"@id\":\"https:\/\/www.iucuellar.org\/?p=3896#primaryimage\"},\"thumbnailUrl\":\"https:\/\/i0.wp.com\/www.iucuellar.org\/public\/2022\/08\/photo_2022-08-18_23-32-47-1.jpg?fit=1280%2C960&ssl=1\",\"keywords\":[\"Ayuntamiento\",\"Cuellar\",\"IU\",\"Izquierda Unida\"],\"articleSection\":[\"Izquierda Unida\"],\"inLanguage\":\"es\",\"potentialAction\":[{\"@type\":\"CommentAction\",\"name\":\"Comment\",\"target\":[\"https:\/\/www.iucuellar.org\/?p=3896#respond\"]}]},{\"@type\":\"WebPage\",\"@id\":\"https:\/\/www.iucuellar.org\/?p=3896\",\"url\":\"https:\/\/www.iucuellar.org\/?p=3896\",\"name\":\"Las concejalas de IU renuncian a los cargos en el equipo de gobierno\",\"isPartOf\":{\"@id\":\"https:\/\/www.iucuellar.org\/#website\"},\"primaryImageOfPage\":{\"@id\":\"https:\/\/www.iucuellar.org\/?p=3896#primaryimage\"},\"image\":{\"@id\":\"https:\/\/www.iucuellar.org\/?p=3896#primaryimage\"},\"thumbnailUrl\":\"https:\/\/i0.wp.com\/www.iucuellar.org\/public\/2022\/08\/photo_2022-08-18_23-32-47-1.jpg?fit=1280%2C960&ssl=1\",\"datePublished\":\"2022-08-19T08:15:00+00:00\",\"dateModified\":\"2023-02-26T16:48:48+00:00\",\"description\":\"Las concejalas de Izquierda Unida renuncian a los cargos en el equipo de gobierno del ayuntamiento de Cullar\",\"breadcrumb\":{\"@id\":\"https:\/\/www.iucuellar.org\/?p=3896#breadcrumb\"},\"inLanguage\":\"es\",\"potentialAction\":[{\"@type\":\"ReadAction\",\"target\":[\"https:\/\/www.iucuellar.org\/?p=3896\"]}]},{\"@type\":\"ImageObject\",\"inLanguage\":\"es\",\"@id\":\"https:\/\/www.iucuellar.org\/?p=3896#primaryimage\",\"url\":\"https:\/\/i0.wp.com\/www.iucuellar.org\/public\/2022\/08\/photo_2022-08-18_23-32-47-1.jpg?fit=1280%2C960&ssl=1\",\"contentUrl\":\"https:\/\/i0.wp.com\/www.iucuellar.org\/public\/2022\/08\/photo_2022-08-18_23-32-47-1.jpg?fit=1280%2C960&ssl=1\",\"width\":1280,\"height\":960},{\"@type\":\"BreadcrumbList\",\"@id\":\"https:\/\/www.iucuellar.org\/?p=3896#breadcrumb\",\"itemListElement\":[{\"@type\":\"ListItem\",\"position\":1,\"name\":\"Inicio\",\"item\":\"https:\/\/www.iucuellar.org\/\"},{\"@type\":\"ListItem\",\"position\":2,\"name\":\"Las concejalas de IU renuncian a los cargos en el equipo de gobierno\"}]},{\"@type\":\"WebSite\",\"@id\":\"https:\/\/www.iucuellar.org\/#website\",\"url\":\"https:\/\/www.iucuellar.org\/\",\"name\":\"Izquierda Unida Cu\u00e9llar y Comarca\",\"description\":\"Lugar de opini\u00f3n y discusi\u00f3n de la izquierda\",\"publisher\":{\"@id\":\"https:\/\/www.iucuellar.org\/#organization\"},\"potentialAction\":[{\"@type\":\"SearchAction\",\"target\":{\"@type\":\"EntryPoint\",\"urlTemplate\":\"https:\/\/www.iucuellar.org\/?s={search_term_string}\"},\"query-input\":\"required name=search_term_string\"}],\"inLanguage\":\"es\"},{\"@type\":\"Organization\",\"@id\":\"https:\/\/www.iucuellar.org\/#organization\",\"name\":\"IU CUELLAR\",\"url\":\"https:\/\/www.iucuellar.org\/\",\"logo\":{\"@type\":\"ImageObject\",\"inLanguage\":\"es\",\"@id\":\"https:\/\/www.iucuellar.org\/#\/schema\/logo\/image\/\",\"url\":\"https:\/\/i0.wp.com\/www.iucuellar.org\/public\/2022\/07\/cropped-avatar_redondo_Twitter.png?fit=512%2C512&ssl=1\",\"contentUrl\":\"https:\/\/i0.wp.com\/www.iucuellar.org\/public\/2022\/07\/cropped-avatar_redondo_Twitter.png?fit=512%2C512&ssl=1\",\"width\":512,\"height\":512,\"caption\":\"IU CUELLAR\"},\"image\":{\"@id\":\"https:\/\/www.iucuellar.org\/#\/schema\/logo\/image\/\"},\"sameAs\":[\"https:\/\/www.facebook.com\/iucuellar\",\"https:\/\/x.com\/IU_CUELLAR\",\"https:\/\/www.instagram.com\/iucuellar\/\",\"https:\/\/www.threads.net\/@iucuellar\"]},{\"@type\":\"Person\",\"@id\":\"https:\/\/www.iucuellar.org\/#\/schema\/person\/0ed49683a220f525fdeb90989b5c672d\",\"name\":\"Comunicaci\u00f3n\",\"image\":{\"@type\":\"ImageObject\",\"inLanguage\":\"es\",\"@id\":\"https:\/\/www.iucuellar.org\/#\/schema\/person\/image\/\",\"url\":\"https:\/\/secure.gravatar.com\/avatar\/1bb1e96b498ea4b5098098798744923e?s=96&d=mm&r=g\",\"contentUrl\":\"https:\/\/secure.gravatar.com\/avatar\/1bb1e96b498ea4b5098098798744923e?s=96&d=mm&r=g\",\"caption\":\"Comunicaci\u00f3n\"},\"url\":\"https:\/\/www.iucuellar.org\/?author=1\"}]}<\/script>\r\n<!-- \/ Yoast SEO plugin. -->","yoast_head_json":{"title":"Las concejalas de IU renuncian a los cargos en el equipo de gobierno","description":"Las concejalas de Izquierda Unida renuncian a los cargos en el equipo de gobierno del ayuntamiento de Cullar","robots":{"index":"index","follow":"follow","max-snippet":"max-snippet:-1","max-image-preview":"max-image-preview:large","max-video-preview":"max-video-preview:-1"},"canonical":"https:\/\/www.iucuellar.org\/?p=3896","og_locale":"es_ES","og_type":"article","og_title":"Las concejalas de IU renuncian a los cargos en el equipo de gobierno","og_description":"Las concejalas de Izquierda Unida renuncian a los cargos en el equipo de gobierno del ayuntamiento de Cullar","og_url":"https:\/\/www.iucuellar.org\/?p=3896","og_site_name":"Izquierda Unida Cu\u00e9llar","article_publisher":"https:\/\/www.facebook.com\/iucuellar","article_published_time":"2022-08-19T08:15:00+00:00","article_modified_time":"2023-02-26T16:48:48+00:00","og_image":[{"width":1280,"height":960,"url":"https:\/\/i0.wp.com\/www.iucuellar.org\/public\/2022\/08\/photo_2022-08-18_23-32-47-1.jpg?fit=1280%2C960&ssl=1","type":"image\/jpeg"}],"author":"Comunicaci\u00f3n","twitter_card":"summary_large_image","twitter_creator":"@IU_CUELLAR","twitter_site":"@IU_CUELLAR","twitter_misc":{"Escrito por":"Comunicaci\u00f3n","Tiempo de lectura":"2 minutos"},"schema":{"@context":"https:\/\/schema.org","@graph":[{"@type":"Article","@id":"https:\/\/www.iucuellar.org\/?p=3896#article","isPartOf":{"@id":"https:\/\/www.iucuellar.org\/?p=3896"},"author":{"name":"Comunicaci\u00f3n","@id":"https:\/\/www.iucuellar.org\/#\/schema\/person\/0ed49683a220f525fdeb90989b5c672d"},"headline":"Las concejalas de IU renuncian a los cargos en el equipo de gobierno","datePublished":"2022-08-19T08:15:00+00:00","dateModified":"2023-02-26T16:48:48+00:00","mainEntityOfPage":{"@id":"https:\/\/www.iucuellar.org\/?p=3896"},"wordCount":406,"commentCount":0,"publisher":{"@id":"https:\/\/www.iucuellar.org\/#organization"},"image":{"@id":"https:\/\/www.iucuellar.org\/?p=3896#primaryimage"},"thumbnailUrl":"https:\/\/i0.wp.com\/www.iucuellar.org\/public\/2022\/08\/photo_2022-08-18_23-32-47-1.jpg?fit=1280%2C960&ssl=1","keywords":["Ayuntamiento","Cuellar","IU","Izquierda Unida"],"articleSection":["Izquierda Unida"],"inLanguage":"es","potentialAction":[{"@type":"CommentAction","name":"Comment","target":["https:\/\/www.iucuellar.org\/?p=3896#respond"]}]},{"@type":"WebPage","@id":"https:\/\/www.iucuellar.org\/?p=3896","url":"https:\/\/www.iucuellar.org\/?p=3896","name":"Las concejalas de IU renuncian a los cargos en el equipo de gobierno","isPartOf":{"@id":"https:\/\/www.iucuellar.org\/#website"},"primaryImageOfPage":{"@id":"https:\/\/www.iucuellar.org\/?p=3896#primaryimage"},"image":{"@id":"https:\/\/www.iucuellar.org\/?p=3896#primaryimage"},"thumbnailUrl":"https:\/\/i0.wp.com\/www.iucuellar.org\/public\/2022\/08\/photo_2022-08-18_23-32-47-1.jpg?fit=1280%2C960&ssl=1","datePublished":"2022-08-19T08:15:00+00:00","dateModified":"2023-02-26T16:48:48+00:00","description":"Las concejalas de Izquierda Unida renuncian a los cargos en el equipo de gobierno del ayuntamiento de Cullar","breadcrumb":{"@id":"https:\/\/www.iucuellar.org\/?p=3896#breadcrumb"},"inLanguage":"es","potentialAction":[{"@type":"ReadAction","target":["https:\/\/www.iucuellar.org\/?p=3896"]}]},{"@type":"ImageObject","inLanguage":"es","@id":"https:\/\/www.iucuellar.org\/?p=3896#primaryimage","url":"https:\/\/i0.wp.com\/www.iucuellar.org\/public\/2022\/08\/photo_2022-08-18_23-32-47-1.jpg?fit=1280%2C960&ssl=1","contentUrl":"https:\/\/i0.wp.com\/www.iucuellar.org\/public\/2022\/08\/photo_2022-08-18_23-32-47-1.jpg?fit=1280%2C960&ssl=1","width":1280,"height":960},{"@type":"BreadcrumbList","@id":"https:\/\/www.iucuellar.org\/?p=3896#breadcrumb","itemListElement":[{"@type":"ListItem","position":1,"name":"Inicio","item":"https:\/\/www.iucuellar.org\/"},{"@type":"ListItem","position":2,"name":"Las concejalas de IU renuncian a los cargos en el equipo de gobierno"}]},{"@type":"WebSite","@id":"https:\/\/www.iucuellar.org\/#website","url":"https:\/\/www.iucuellar.org\/","name":"Izquierda Unida Cu\u00e9llar y Comarca","description":"Lugar de opini\u00f3n y discusi\u00f3n de la izquierda","publisher":{"@id":"https:\/\/www.iucuellar.org\/#organization"},"potentialAction":[{"@type":"SearchAction","target":{"@type":"EntryPoint","urlTemplate":"https:\/\/www.iucuellar.org\/?s={search_term_string}"},"query-input":"required name=search_term_string"}],"inLanguage":"es"},{"@type":"Organization","@id":"https:\/\/www.iucuellar.org\/#organization","name":"IU CUELLAR","url":"https:\/\/www.iucuellar.org\/","logo":{"@type":"ImageObject","inLanguage":"es","@id":"https:\/\/www.iucuellar.org\/#\/schema\/logo\/image\/","url":"https:\/\/i0.wp.com\/www.iucuellar.org\/public\/2022\/07\/cropped-avatar_redondo_Twitter.png?fit=512%2C512&ssl=1","contentUrl":"https:\/\/i0.wp.com\/www.iucuellar.org\/public\/2022\/07\/cropped-avatar_redondo_Twitter.png?fit=512%2C512&ssl=1","width":512,"height":512,"caption":"IU CUELLAR"},"image":{"@id":"https:\/\/www.iucuellar.org\/#\/schema\/logo\/image\/"},"sameAs":["https:\/\/www.facebook.com\/iucuellar","https:\/\/x.com\/IU_CUELLAR","https:\/\/www.instagram.com\/iucuellar\/","https:\/\/www.threads.net\/@iucuellar"]},{"@type":"Person","@id":"https:\/\/www.iucuellar.org\/#\/schema\/person\/0ed49683a220f525fdeb90989b5c672d","name":"Comunicaci\u00f3n","image":{"@type":"ImageObject","inLanguage":"es","@id":"https:\/\/www.iucuellar.org\/#\/schema\/person\/image\/","url":"https:\/\/secure.gravatar.com\/avatar\/1bb1e96b498ea4b5098098798744923e?s=96&d=mm&r=g","contentUrl":"https:\/\/secure.gravatar.com\/avatar\/1bb1e96b498ea4b5098098798744923e?s=96&d=mm&r=g","caption":"Comunicaci\u00f3n"},"url":"https:\/\/www.iucuellar.org\/?author=1"}]}},"jetpack_featured_media_url":"https:\/\/i0.wp.com\/www.iucuellar.org\/public\/2022\/08\/photo_2022-08-18_23-32-47-1.jpg?fit=1280%2C960&ssl=1","jetpack_sharing_enabled":true,"jetpack_shortlink":"https:\/\/wp.me\/p8rn8P-10Q","_links":{"self":[{"href":"https:\/\/www.iucuellar.org\/index.php?rest_route=\/wp\/v2\/posts\/3896"}],"collection":[{"href":"https:\/\/www.iucuellar.org\/index.php?rest_route=\/wp\/v2\/posts"}],"about":[{"href":"https:\/\/www.iucuellar.org\/index.php?rest_route=\/wp\/v2\/types\/post"}],"author":[{"embeddable":true,"href":"https:\/\/www.iucuellar.org\/index.php?rest_route=\/wp\/v2\/users\/1"}],"replies":[{"embeddable":true,"href":"https:\/\/www.iucuellar.org\/index.php?rest_route=%2Fwp%2Fv2%2Fcomments&post=3896"}],"version-history":[{"count":13,"href":"https:\/\/www.iucuellar.org\/index.php?rest_route=\/wp\/v2\/posts\/3896\/revisions"}],"predecessor-version":[{"id":4228,"href":"https:\/\/www.iucuellar.org\/index.php?rest_route=\/wp\/v2\/posts\/3896\/revisions\/4228"}],"wp:featuredmedia":[{"embeddable":true,"href":"https:\/\/www.iucuellar.org\/index.php?rest_route=\/wp\/v2\/media\/3899"}],"wp:attachment":[{"href":"https:\/\/www.iucuellar.org\/index.php?rest_route=%2Fwp%2Fv2%2Fmedia&parent=3896"}],"wp:term":[{"taxonomy":"category","embeddable":true,"href":"https:\/\/www.iucuellar.org\/index.php?rest_route=%2Fwp%2Fv2%2Fcategories&post=3896"},{"taxonomy":"post_tag","embeddable":true,"href":"https:\/\/www.iucuellar.org\/index.php?rest_route=%2Fwp%2Fv2%2Ftags&post=3896"}],"curies":[{"name":"wp","href":"https:\/\/api.w.org\/{rel}","templated":true}]}}