{"id":3965,"date":"2022-11-02T22:36:00","date_gmt":"2022-11-02T21:36:00","guid":{"rendered":"https:\/\/www.iucuellar.org\/?p=3965"},"modified":"2022-11-02T22:36:11","modified_gmt":"2022-11-02T21:36:11","slug":"resumen-pleno-mes-de-octubre","status":"publish","type":"post","link":"https:\/\/www.iucuellar.org\/?p=3965","title":{"rendered":"Resumen pleno mes de Octubre"},"content":{"rendered":"\n<p>Os traemos de nuevo un resumen de la actividad realizada por Izquierda Unida. En este caso del pleno celebrado el pasado 27 de Octubre<\/p>\n\n\n\n<p>El pleno tuvo varios puntos en el orden del dia, publicamos los que consideramos de mayor inter\u00e9s. <\/p>\n\n\n\n<figure class=\"wp-block-image aligncenter size-large\"><a href=\"https:\/\/i0.wp.com\/www.iucuellar.org\/public\/2022\/10\/Conv_pleno_oct2022.jpg?ssl=1\" target=\"_blank\" rel=\"noreferrer noopener\"><img loading=\"lazy\" decoding=\"async\" width=\"725\" height=\"1024\" src=\"https:\/\/i0.wp.com\/www.iucuellar.org\/public\/2022\/10\/Conv_pleno_oct2022.jpg?resize=725%2C1024&#038;ssl=1\" alt=\"\" class=\"wp-image-3968\" srcset=\"https:\/\/i0.wp.com\/www.iucuellar.org\/public\/2022\/10\/Conv_pleno_oct2022.jpg?resize=725%2C1024&amp;ssl=1 725w, https:\/\/i0.wp.com\/www.iucuellar.org\/public\/2022\/10\/Conv_pleno_oct2022.jpg?resize=212%2C300&amp;ssl=1 212w, https:\/\/i0.wp.com\/www.iucuellar.org\/public\/2022\/10\/Conv_pleno_oct2022.jpg?resize=768%2C1085&amp;ssl=1 768w, https:\/\/i0.wp.com\/www.iucuellar.org\/public\/2022\/10\/Conv_pleno_oct2022.jpg?resize=1087%2C1536&amp;ssl=1 1087w, https:\/\/i0.wp.com\/www.iucuellar.org\/public\/2022\/10\/Conv_pleno_oct2022.jpg?w=1241&amp;ssl=1 1241w\" sizes=\"(max-width: 725px) 100vw, 725px\" data-recalc-dims=\"1\" \/><\/a><figcaption>convocatoria pleno Octubre<\/figcaption><\/figure>\n\n\n\n<p><strong>Modificacion Ordenanzas Ficales para el a\u00f1o 2023<\/strong><\/p>\n\n\n\n<p>Presentamos enmiendas a las ordenanzas del equipo de gobierno, donde los principales cambios son:<\/p>\n\n\n\n<ul><li>Modificacion de las tarifas del albergue turistico<\/li><li>Modificacion precio uso locales por parte asociaciones, reduccion de tarifa en caso de uso parcial.<\/li><\/ul>\n\n\n\n<p>Podeis consultar el documento completo de enmiendas  <strong><a href=\"https:\/\/www.iucuellar.org\/2022\/Documentos\/Enmienda a ordenanzas Izquierda Unida.pdf\" target=\"_blank\" rel=\"noreferrer noopener\">&gt;&gt;AQUI&lt;&lt;<\/a><\/strong><\/p>\n\n\n\n<p><strong>Ruegos<\/strong><p>\n\n\n\n<p>El primero de nuestros ruegos vino acompa\u00f1ado de una propuesta concreta y trabajada sobre la mejora de la plaza de la Huerta Herrera. Cuya partida ya figura en los <a href=\"https:\/\/cuellar.sedelectronica.es\/?x=wwF9*jQGtTNyLvE1RpG306I8QV8Xavj71ZZENEksaHTWIw8nksNjpDpLX62TcSAW78Je4n4bXSejKpn6aqoyCl*NlcbHfZVmHRj3DhKMCk-e3nMvqfI25A\" target=\"_blank\" rel=\"noreferrer noopener\">presupuestos de 2022<\/a>. Rogamos se ejecute antes de finalizar el a\u00f1os esta mejora, y entregamos a todos los grupos politicos la propuesta que hemos elaborado (se puede consultar el documento completo bajo estas lineas)<\/p>\n\n\n<a href=\"https:\/\/www.iucuellar.org\/public\/2022\/10\/Propuesta-mejora-Huerta-Herrera_IU.pdf\" class=\"pdfemb-viewer\" style=\"\" data-width=\"max\" data-height=\"max\" data-toolbar=\"bottom\" data-toolbar-fixed=\"off\">Propuesta-mejora-Huerta-Herrera_IU<\/a>\n<p class=\"wp-block-pdfemb-pdf-embedder-viewer\"><\/p>\n\n\n\n<p>A continuaci\u00f3n solicitamos informaci\u00f3n sobre la reforma de la cubierta de la piscina climatizada, <a href=\"https:\/\/www.eladelantado.com\/provincia-de-segovia\/adjudicada-la-cubierta-de-la-piscina-climatizada-de-cuellar-por-638-154-euros\/\" target=\"_blank\" rel=\"noreferrer noopener\" class=\"broken_link\">obra que estuvo adjudicada<\/a> y se aplaz\u00f3. Ya que los contratos del personal de la piscina se han realizado hasta Junio. Se nos respondi\u00f3 que hasta que no haya una estabilizaci\u00f3n de los precios el proyecto queda aparcado.<\/p>\n\n\n\n<p>Tambi\u00e9n solicitamos informaci\u00f3n sobre los m\u00f3dulos de escuelas deportivas que ha concedido la diputaci\u00f3n al ayuntamiento este a\u00f1o. Puesto que el a\u00f1o pasado se asignaron un numero y al no realizar todos, la diputaci\u00f3n asigna a los ayuntamientos los realizados en el a\u00f1o anterior. Se nos respondi\u00f3 que el el a\u00f1o pasado se quedaros si usar dos m\u00f3dulos, por lo que los asignados por la diputaci\u00f3n son menos (los utilizados el a\u00f1o pasado). Se ha solicitado a la diputaci\u00f3n mas m\u00f3dulos, pero hasta que no comience el curso no se sabr\u00e1 si nos los conceden.<\/p>\n\n\n\n<p>Realizamos una propuesta para  que se tenga en cuenta la amenizaci\u00f3n musical del domingo de las fiestas de S.Miguel, ya que este a\u00f1o durante el verm\u00fa no hubo. Consideramos que el coste de una actuaci\u00f3n de este tipo es muy baja en comparaci\u00f3n con las m\u00faltiples actividades taurinas que se realizaron. Se nos respondi\u00f3 que en caso de estar en el equipo de gobierno se tendr\u00e1 en cuenta.<\/p>\n\n\n\n<p>Solicitamos que en las pr\u00f3ximas fiestas de San Miguel se instalen ba\u00f1os port\u00e1tiles en las inmediaciones de la plaza de los coches. Estos si se instalaron durante las fiestas de agosto, pero en las fiestas de S.Miguel no. Se nos respondi\u00f3 que tomar\u00edan nota.<\/p>\n\n\n\n<p> Por ultimo propusimos que se habiliten zonas de seguridad en la proximidad de algunos pasos de peatones, en los que no se permita aparcar veh\u00edculos. Creemos que en algunos puntos como es la puerta del colegio Sta. Clara que tiene mucho transito de ni\u00f1os mejorar\u00eda la visibilidad de los peatones al paso de veh\u00edculos, haciendo este transito mas seguro.Se nos respondi\u00f3 que toman nota.<\/p>\n\n\n\n<p>Os dejamos un v\u00eddeo con alguna de las intervenciones de nuestras concejalas.<\/p>\n\n\n\n<figure class=\"wp-block-video\"><video controls src=\"https:\/\/iucuellar.org\/2022\/Videos\/PLENOS\/videoPlenoOct2022_.mp4\"><\/video><figcaption>v\u00eddeo resumen pleno mes de Octubre<\/figcaption><\/figure>\n","protected":false},"excerpt":{"rendered":"<p>Os traemos de nuevo un resumen de la actividad realizada por Izquierda Unida. En este caso del pleno celebrado el<\/p>\n","protected":false},"author":1,"featured_media":4000,"comment_status":"open","ping_status":"open","sticky":false,"template":"","format":"standard","meta":{"sfsi_plus_gutenberg_text_before_share":"","sfsi_plus_gutenberg_show_text_before_share":"","sfsi_plus_gutenberg_icon_type":"","sfsi_plus_gutenberg_icon_alignemt":"","sfsi_plus_gutenburg_max_per_row":"","_exactmetrics_skip_tracking":false,"_exactmetrics_sitenote_active":false,"_exactmetrics_sitenote_note":"","_exactmetrics_sitenote_category":0,"ngg_post_thumbnail":0,"_jetpack_memberships_contains_paid_content":false,"footnotes":""},"categories":[17,5,21,20,15],"tags":[36,35,97,98,43,40,69,91,99],"yoast_head":"<!-- This site is optimized with the Yoast SEO plugin v22.9 - https:\/\/yoast.com\/wordpress\/plugins\/seo\/ -->\r\n<title>Resumen pleno mes de Octubre<\/title>\r\n<meta name=\"description\" content=\"Os traemos de nuevo un resumen de la actividad realizada por Izquierda Unida. En este caso del pleno celebrado el pasado 27 de Octubre.\" \/>\r\n<meta name=\"robots\" content=\"index, follow, max-snippet:-1, max-image-preview:large, max-video-preview:-1\" \/>\r\n<link rel=\"canonical\" href=\"https:\/\/www.iucuellar.org\/?p=3965\" \/>\r\n<meta property=\"og:locale\" content=\"es_ES\" \/>\r\n<meta property=\"og:type\" content=\"article\" \/>\r\n<meta property=\"og:title\" content=\"Resumen pleno mes de Octubre\" \/>\r\n<meta property=\"og:description\" content=\"Os traemos de nuevo un resumen de la actividad realizada por Izquierda Unida. En este caso del pleno celebrado el pasado 27 de Octubre.\" \/>\r\n<meta property=\"og:url\" content=\"https:\/\/www.iucuellar.org\/?p=3965\" \/>\r\n<meta property=\"og:site_name\" content=\"Izquierda Unida Cu\u00e9llar\" \/>\r\n<meta property=\"article:publisher\" content=\"https:\/\/www.facebook.com\/iucuellar\" \/>\r\n<meta property=\"article:published_time\" content=\"2022-11-02T21:36:00+00:00\" \/>\r\n<meta property=\"article:modified_time\" content=\"2022-11-02T21:36:11+00:00\" \/>\r\n<meta property=\"og:image\" content=\"https:\/\/i0.wp.com\/www.iucuellar.org\/public\/2022\/11\/1666896249165-scaled-e1667329910832.jpg?fit=2284%2C1062&ssl=1\" \/>\r\n\t<meta property=\"og:image:width\" content=\"2284\" \/>\r\n\t<meta property=\"og:image:height\" content=\"1062\" \/>\r\n\t<meta property=\"og:image:type\" content=\"image\/jpeg\" \/>\r\n<meta name=\"author\" content=\"Comunicaci\u00f3n\" \/>\r\n<meta name=\"twitter:card\" content=\"summary_large_image\" \/>\r\n<meta name=\"twitter:creator\" content=\"@IU_CUELLAR\" \/>\r\n<meta name=\"twitter:site\" content=\"@IU_CUELLAR\" \/>\r\n<meta name=\"twitter:label1\" content=\"Escrito por\" \/>\n\t<meta name=\"twitter:data1\" content=\"Comunicaci\u00f3n\" \/>\n\t<meta name=\"twitter:label2\" content=\"Tiempo de lectura\" \/>\n\t<meta name=\"twitter:data2\" content=\"3 minutos\" \/>\r\n<script type=\"application\/ld+json\" class=\"yoast-schema-graph\">{\"@context\":\"https:\/\/schema.org\",\"@graph\":[{\"@type\":\"Article\",\"@id\":\"https:\/\/www.iucuellar.org\/?p=3965#article\",\"isPartOf\":{\"@id\":\"https:\/\/www.iucuellar.org\/?p=3965\"},\"author\":{\"name\":\"Comunicaci\u00f3n\",\"@id\":\"https:\/\/www.iucuellar.org\/#\/schema\/person\/0ed49683a220f525fdeb90989b5c672d\"},\"headline\":\"Resumen pleno mes de Octubre\",\"datePublished\":\"2022-11-02T21:36:00+00:00\",\"dateModified\":\"2022-11-02T21:36:11+00:00\",\"mainEntityOfPage\":{\"@id\":\"https:\/\/www.iucuellar.org\/?p=3965\"},\"wordCount\":545,\"commentCount\":1,\"publisher\":{\"@id\":\"https:\/\/www.iucuellar.org\/#organization\"},\"image\":{\"@id\":\"https:\/\/www.iucuellar.org\/?p=3965#primaryimage\"},\"thumbnailUrl\":\"https:\/\/i0.wp.com\/www.iucuellar.org\/public\/2022\/11\/1666896249165-scaled-e1667329910832.jpg?fit=2284%2C1062&ssl=1\",\"keywords\":[\"Ayuntamiento\",\"Cuellar\",\"Deporte\",\"Festejos\",\"IU\",\"Izquierda Unida\",\"Plenos\",\"Segovia\",\"Tr\u00e1fico\"],\"articleSection\":[\"Deportes\",\"Festejos\",\"Izquierda Unida\",\"Plenos\",\"Tr\u00e1fico y seguridad vial\"],\"inLanguage\":\"es\",\"potentialAction\":[{\"@type\":\"CommentAction\",\"name\":\"Comment\",\"target\":[\"https:\/\/www.iucuellar.org\/?p=3965#respond\"]}]},{\"@type\":\"WebPage\",\"@id\":\"https:\/\/www.iucuellar.org\/?p=3965\",\"url\":\"https:\/\/www.iucuellar.org\/?p=3965\",\"name\":\"Resumen pleno mes de Octubre\",\"isPartOf\":{\"@id\":\"https:\/\/www.iucuellar.org\/#website\"},\"primaryImageOfPage\":{\"@id\":\"https:\/\/www.iucuellar.org\/?p=3965#primaryimage\"},\"image\":{\"@id\":\"https:\/\/www.iucuellar.org\/?p=3965#primaryimage\"},\"thumbnailUrl\":\"https:\/\/i0.wp.com\/www.iucuellar.org\/public\/2022\/11\/1666896249165-scaled-e1667329910832.jpg?fit=2284%2C1062&ssl=1\",\"datePublished\":\"2022-11-02T21:36:00+00:00\",\"dateModified\":\"2022-11-02T21:36:11+00:00\",\"description\":\"Os traemos de nuevo un resumen de la actividad realizada por Izquierda Unida. En este caso del pleno celebrado el pasado 27 de Octubre.\",\"breadcrumb\":{\"@id\":\"https:\/\/www.iucuellar.org\/?p=3965#breadcrumb\"},\"inLanguage\":\"es\",\"potentialAction\":[{\"@type\":\"ReadAction\",\"target\":[\"https:\/\/www.iucuellar.org\/?p=3965\"]}]},{\"@type\":\"ImageObject\",\"inLanguage\":\"es\",\"@id\":\"https:\/\/www.iucuellar.org\/?p=3965#primaryimage\",\"url\":\"https:\/\/i0.wp.com\/www.iucuellar.org\/public\/2022\/11\/1666896249165-scaled-e1667329910832.jpg?fit=2284%2C1062&ssl=1\",\"contentUrl\":\"https:\/\/i0.wp.com\/www.iucuellar.org\/public\/2022\/11\/1666896249165-scaled-e1667329910832.jpg?fit=2284%2C1062&ssl=1\",\"width\":2284,\"height\":1062},{\"@type\":\"BreadcrumbList\",\"@id\":\"https:\/\/www.iucuellar.org\/?p=3965#breadcrumb\",\"itemListElement\":[{\"@type\":\"ListItem\",\"position\":1,\"name\":\"Inicio\",\"item\":\"https:\/\/www.iucuellar.org\/\"},{\"@type\":\"ListItem\",\"position\":2,\"name\":\"Resumen pleno mes de Octubre\"}]},{\"@type\":\"WebSite\",\"@id\":\"https:\/\/www.iucuellar.org\/#website\",\"url\":\"https:\/\/www.iucuellar.org\/\",\"name\":\"Izquierda Unida Cu\u00e9llar y Comarca\",\"description\":\"Lugar de opini\u00f3n y discusi\u00f3n de la izquierda\",\"publisher\":{\"@id\":\"https:\/\/www.iucuellar.org\/#organization\"},\"potentialAction\":[{\"@type\":\"SearchAction\",\"target\":{\"@type\":\"EntryPoint\",\"urlTemplate\":\"https:\/\/www.iucuellar.org\/?s={search_term_string}\"},\"query-input\":\"required name=search_term_string\"}],\"inLanguage\":\"es\"},{\"@type\":\"Organization\",\"@id\":\"https:\/\/www.iucuellar.org\/#organization\",\"name\":\"IU CUELLAR\",\"url\":\"https:\/\/www.iucuellar.org\/\",\"logo\":{\"@type\":\"ImageObject\",\"inLanguage\":\"es\",\"@id\":\"https:\/\/www.iucuellar.org\/#\/schema\/logo\/image\/\",\"url\":\"https:\/\/i0.wp.com\/www.iucuellar.org\/public\/2022\/07\/cropped-avatar_redondo_Twitter.png?fit=512%2C512&ssl=1\",\"contentUrl\":\"https:\/\/i0.wp.com\/www.iucuellar.org\/public\/2022\/07\/cropped-avatar_redondo_Twitter.png?fit=512%2C512&ssl=1\",\"width\":512,\"height\":512,\"caption\":\"IU CUELLAR\"},\"image\":{\"@id\":\"https:\/\/www.iucuellar.org\/#\/schema\/logo\/image\/\"},\"sameAs\":[\"https:\/\/www.facebook.com\/iucuellar\",\"https:\/\/x.com\/IU_CUELLAR\",\"https:\/\/www.instagram.com\/iucuellar\/\",\"https:\/\/www.threads.net\/@iucuellar\"]},{\"@type\":\"Person\",\"@id\":\"https:\/\/www.iucuellar.org\/#\/schema\/person\/0ed49683a220f525fdeb90989b5c672d\",\"name\":\"Comunicaci\u00f3n\",\"image\":{\"@type\":\"ImageObject\",\"inLanguage\":\"es\",\"@id\":\"https:\/\/www.iucuellar.org\/#\/schema\/person\/image\/\",\"url\":\"https:\/\/secure.gravatar.com\/avatar\/1bb1e96b498ea4b5098098798744923e?s=96&d=mm&r=g\",\"contentUrl\":\"https:\/\/secure.gravatar.com\/avatar\/1bb1e96b498ea4b5098098798744923e?s=96&d=mm&r=g\",\"caption\":\"Comunicaci\u00f3n\"},\"url\":\"https:\/\/www.iucuellar.org\/?author=1\"}]}<\/script>\r\n<!-- \/ Yoast SEO plugin. -->","yoast_head_json":{"title":"Resumen pleno mes de Octubre","description":"Os traemos de nuevo un resumen de la actividad realizada por Izquierda Unida. En este caso del pleno celebrado el pasado 27 de Octubre.","robots":{"index":"index","follow":"follow","max-snippet":"max-snippet:-1","max-image-preview":"max-image-preview:large","max-video-preview":"max-video-preview:-1"},"canonical":"https:\/\/www.iucuellar.org\/?p=3965","og_locale":"es_ES","og_type":"article","og_title":"Resumen pleno mes de Octubre","og_description":"Os traemos de nuevo un resumen de la actividad realizada por Izquierda Unida. En este caso del pleno celebrado el pasado 27 de Octubre.","og_url":"https:\/\/www.iucuellar.org\/?p=3965","og_site_name":"Izquierda Unida Cu\u00e9llar","article_publisher":"https:\/\/www.facebook.com\/iucuellar","article_published_time":"2022-11-02T21:36:00+00:00","article_modified_time":"2022-11-02T21:36:11+00:00","og_image":[{"width":2284,"height":1062,"url":"https:\/\/i0.wp.com\/www.iucuellar.org\/public\/2022\/11\/1666896249165-scaled-e1667329910832.jpg?fit=2284%2C1062&ssl=1","type":"image\/jpeg"}],"author":"Comunicaci\u00f3n","twitter_card":"summary_large_image","twitter_creator":"@IU_CUELLAR","twitter_site":"@IU_CUELLAR","twitter_misc":{"Escrito por":"Comunicaci\u00f3n","Tiempo de lectura":"3 minutos"},"schema":{"@context":"https:\/\/schema.org","@graph":[{"@type":"Article","@id":"https:\/\/www.iucuellar.org\/?p=3965#article","isPartOf":{"@id":"https:\/\/www.iucuellar.org\/?p=3965"},"author":{"name":"Comunicaci\u00f3n","@id":"https:\/\/www.iucuellar.org\/#\/schema\/person\/0ed49683a220f525fdeb90989b5c672d"},"headline":"Resumen pleno mes de Octubre","datePublished":"2022-11-02T21:36:00+00:00","dateModified":"2022-11-02T21:36:11+00:00","mainEntityOfPage":{"@id":"https:\/\/www.iucuellar.org\/?p=3965"},"wordCount":545,"commentCount":1,"publisher":{"@id":"https:\/\/www.iucuellar.org\/#organization"},"image":{"@id":"https:\/\/www.iucuellar.org\/?p=3965#primaryimage"},"thumbnailUrl":"https:\/\/i0.wp.com\/www.iucuellar.org\/public\/2022\/11\/1666896249165-scaled-e1667329910832.jpg?fit=2284%2C1062&ssl=1","keywords":["Ayuntamiento","Cuellar","Deporte","Festejos","IU","Izquierda Unida","Plenos","Segovia","Tr\u00e1fico"],"articleSection":["Deportes","Festejos","Izquierda Unida","Plenos","Tr\u00e1fico y seguridad vial"],"inLanguage":"es","potentialAction":[{"@type":"CommentAction","name":"Comment","target":["https:\/\/www.iucuellar.org\/?p=3965#respond"]}]},{"@type":"WebPage","@id":"https:\/\/www.iucuellar.org\/?p=3965","url":"https:\/\/www.iucuellar.org\/?p=3965","name":"Resumen pleno mes de Octubre","isPartOf":{"@id":"https:\/\/www.iucuellar.org\/#website"},"primaryImageOfPage":{"@id":"https:\/\/www.iucuellar.org\/?p=3965#primaryimage"},"image":{"@id":"https:\/\/www.iucuellar.org\/?p=3965#primaryimage"},"thumbnailUrl":"https:\/\/i0.wp.com\/www.iucuellar.org\/public\/2022\/11\/1666896249165-scaled-e1667329910832.jpg?fit=2284%2C1062&ssl=1","datePublished":"2022-11-02T21:36:00+00:00","dateModified":"2022-11-02T21:36:11+00:00","description":"Os traemos de nuevo un resumen de la actividad realizada por Izquierda Unida. En este caso del pleno celebrado el pasado 27 de Octubre.","breadcrumb":{"@id":"https:\/\/www.iucuellar.org\/?p=3965#breadcrumb"},"inLanguage":"es","potentialAction":[{"@type":"ReadAction","target":["https:\/\/www.iucuellar.org\/?p=3965"]}]},{"@type":"ImageObject","inLanguage":"es","@id":"https:\/\/www.iucuellar.org\/?p=3965#primaryimage","url":"https:\/\/i0.wp.com\/www.iucuellar.org\/public\/2022\/11\/1666896249165-scaled-e1667329910832.jpg?fit=2284%2C1062&ssl=1","contentUrl":"https:\/\/i0.wp.com\/www.iucuellar.org\/public\/2022\/11\/1666896249165-scaled-e1667329910832.jpg?fit=2284%2C1062&ssl=1","width":2284,"height":1062},{"@type":"BreadcrumbList","@id":"https:\/\/www.iucuellar.org\/?p=3965#breadcrumb","itemListElement":[{"@type":"ListItem","position":1,"name":"Inicio","item":"https:\/\/www.iucuellar.org\/"},{"@type":"ListItem","position":2,"name":"Resumen pleno mes de Octubre"}]},{"@type":"WebSite","@id":"https:\/\/www.iucuellar.org\/#website","url":"https:\/\/www.iucuellar.org\/","name":"Izquierda Unida Cu\u00e9llar y Comarca","description":"Lugar de opini\u00f3n y discusi\u00f3n de la izquierda","publisher":{"@id":"https:\/\/www.iucuellar.org\/#organization"},"potentialAction":[{"@type":"SearchAction","target":{"@type":"EntryPoint","urlTemplate":"https:\/\/www.iucuellar.org\/?s={search_term_string}"},"query-input":"required name=search_term_string"}],"inLanguage":"es"},{"@type":"Organization","@id":"https:\/\/www.iucuellar.org\/#organization","name":"IU CUELLAR","url":"https:\/\/www.iucuellar.org\/","logo":{"@type":"ImageObject","inLanguage":"es","@id":"https:\/\/www.iucuellar.org\/#\/schema\/logo\/image\/","url":"https:\/\/i0.wp.com\/www.iucuellar.org\/public\/2022\/07\/cropped-avatar_redondo_Twitter.png?fit=512%2C512&ssl=1","contentUrl":"https:\/\/i0.wp.com\/www.iucuellar.org\/public\/2022\/07\/cropped-avatar_redondo_Twitter.png?fit=512%2C512&ssl=1","width":512,"height":512,"caption":"IU CUELLAR"},"image":{"@id":"https:\/\/www.iucuellar.org\/#\/schema\/logo\/image\/"},"sameAs":["https:\/\/www.facebook.com\/iucuellar","https:\/\/x.com\/IU_CUELLAR","https:\/\/www.instagram.com\/iucuellar\/","https:\/\/www.threads.net\/@iucuellar"]},{"@type":"Person","@id":"https:\/\/www.iucuellar.org\/#\/schema\/person\/0ed49683a220f525fdeb90989b5c672d","name":"Comunicaci\u00f3n","image":{"@type":"ImageObject","inLanguage":"es","@id":"https:\/\/www.iucuellar.org\/#\/schema\/person\/image\/","url":"https:\/\/secure.gravatar.com\/avatar\/1bb1e96b498ea4b5098098798744923e?s=96&d=mm&r=g","contentUrl":"https:\/\/secure.gravatar.com\/avatar\/1bb1e96b498ea4b5098098798744923e?s=96&d=mm&r=g","caption":"Comunicaci\u00f3n"},"url":"https:\/\/www.iucuellar.org\/?author=1"}]}},"jetpack_featured_media_url":"https:\/\/i0.wp.com\/www.iucuellar.org\/public\/2022\/11\/1666896249165-scaled-e1667329910832.jpg?fit=2284%2C1062&ssl=1","jetpack_sharing_enabled":true,"jetpack_shortlink":"https:\/\/wp.me\/p8rn8P-11X","_links":{"self":[{"href":"https:\/\/www.iucuellar.org\/index.php?rest_route=\/wp\/v2\/posts\/3965"}],"collection":[{"href":"https:\/\/www.iucuellar.org\/index.php?rest_route=\/wp\/v2\/posts"}],"about":[{"href":"https:\/\/www.iucuellar.org\/index.php?rest_route=\/wp\/v2\/types\/post"}],"author":[{"embeddable":true,"href":"https:\/\/www.iucuellar.org\/index.php?rest_route=\/wp\/v2\/users\/1"}],"replies":[{"embeddable":true,"href":"https:\/\/www.iucuellar.org\/index.php?rest_route=%2Fwp%2Fv2%2Fcomments&post=3965"}],"version-history":[{"count":35,"href":"https:\/\/www.iucuellar.org\/index.php?rest_route=\/wp\/v2\/posts\/3965\/revisions"}],"predecessor-version":[{"id":4009,"href":"https:\/\/www.iucuellar.org\/index.php?rest_route=\/wp\/v2\/posts\/3965\/revisions\/4009"}],"wp:featuredmedia":[{"embeddable":true,"href":"https:\/\/www.iucuellar.org\/index.php?rest_route=\/wp\/v2\/media\/4000"}],"wp:attachment":[{"href":"https:\/\/www.iucuellar.org\/index.php?rest_route=%2Fwp%2Fv2%2Fmedia&parent=3965"}],"wp:term":[{"taxonomy":"category","embeddable":true,"href":"https:\/\/www.iucuellar.org\/index.php?rest_route=%2Fwp%2Fv2%2Fcategories&post=3965"},{"taxonomy":"post_tag","embeddable":true,"href":"https:\/\/www.iucuellar.org\/index.php?rest_route=%2Fwp%2Fv2%2Ftags&post=3965"}],"curies":[{"name":"wp","href":"https:\/\/api.w.org\/{rel}","templated":true}]}}