{"id":4299,"date":"2023-03-22T10:40:10","date_gmt":"2023-03-22T09:40:10","guid":{"rendered":"https:\/\/www.iucuellar.org\/?p=4299"},"modified":"2023-03-22T17:09:20","modified_gmt":"2023-03-22T16:09:20","slug":"lucia-arranz-candidata-a-la-alcaldia","status":"publish","type":"post","link":"https:\/\/www.iucuellar.org\/?p=4299","title":{"rendered":"Luc\u00eda Arranz candidata a la alcald\u00eda"},"content":{"rendered":"\n<p>La Asamblea Local de <a href=\"https:\/\/www.iucuellar.org\/\" target=\"_blank\" rel=\"noreferrer noopener\">Izquierda Unida Cu\u00e9llar<\/a> ha decidido que la candidata a la alcald\u00eda de Cu\u00e9llar en las pr\u00f3ximas elecciones municipales sea Luc\u00eda Arranz Pascual.<br>Luc\u00eda, cuellarana de 27 a\u00f1os, es graduada en Administraci\u00f3n y Direcci\u00f3n de Empresas. <\/p>\n\n\n\n<p>Ha gestionado durante m\u00e1s de tres a\u00f1os las concejal\u00edas de personal, servicios municipales, juventud y voluntariado, dando un vuelvo importante en dichas \u00e1reas. Ha sido la responsable de la remunicipalizaci\u00f3n de las piscinas municipales, el albergue y la mejora del servicio de recogida de los residuos s\u00f3lidos urbanos en las entidades locales menores. Tambi\u00e9n, en la<a href=\"https:\/\/www.elnortedecastilla.es\/segovia\/arranz-creara-nuevas-20190711132750-nt.html\" target=\"_blank\" rel=\"noreferrer noopener\"> creaci\u00f3n de decenas de bolsas de empleo y gesti\u00f3n de personal<\/a>. Se ha realizado la primera Fiesta de la Juventud y se ha adjudicado, por primera vez, una partida presupuestaria espec\u00edfica para las actividades de Juventud. Adem\u00e1s de haber participado activamente en otros asuntos municipales.<\/p>\n\n\n\n<figure class=\"wp-block-image aligncenter size-large\"><img loading=\"lazy\" decoding=\"async\" width=\"800\" height=\"534\" src=\"https:\/\/i0.wp.com\/www.iucuellar.org\/public\/2023\/03\/CFoto5.jpg?resize=800%2C534&#038;ssl=1\" alt=\"Luc\u00eda Arranz\" class=\"wp-image-4300\" srcset=\"https:\/\/i0.wp.com\/www.iucuellar.org\/public\/2023\/03\/CFoto5-scaled.jpg?resize=1024%2C683&amp;ssl=1 1024w, https:\/\/i0.wp.com\/www.iucuellar.org\/public\/2023\/03\/CFoto5-scaled.jpg?resize=300%2C200&amp;ssl=1 300w, https:\/\/i0.wp.com\/www.iucuellar.org\/public\/2023\/03\/CFoto5-scaled.jpg?resize=768%2C512&amp;ssl=1 768w, https:\/\/i0.wp.com\/www.iucuellar.org\/public\/2023\/03\/CFoto5-scaled.jpg?resize=1536%2C1024&amp;ssl=1 1536w, https:\/\/i0.wp.com\/www.iucuellar.org\/public\/2023\/03\/CFoto5-scaled.jpg?resize=2048%2C1365&amp;ssl=1 2048w, https:\/\/i0.wp.com\/www.iucuellar.org\/public\/2023\/03\/CFoto5-scaled.jpg?w=1600&amp;ssl=1 1600w, https:\/\/i0.wp.com\/www.iucuellar.org\/public\/2023\/03\/CFoto5-scaled.jpg?w=2400&amp;ssl=1 2400w\" sizes=\"(max-width: 800px) 100vw, 800px\" data-recalc-dims=\"1\" \/><figcaption class=\"wp-element-caption\">Lucia Arranz<\/figcaption><\/figure>\n\n\n\n<p><br>Anteriormente ha desempe\u00f1ado otros empleos como administrativa y en hosteler\u00eda. Es la responsable del \u00e1rea de juventud de Izquierda Unida provincial y comarcal y pertenece a la coordinadora regional de IU. <\/p>\n\n\n\n<p><h3>Participaci\u00f3n pol\u00edtica y social<\/h3><\/p>\n\n\n\n<p>Luc\u00eda est\u00e1 implicada en diversos colectivos del municipio como el 8M, Cineclub Arrebato, adem\u00e1s de la pr\u00e1ctica de m\u00faltiples deportes en el municipio.<\/p>\n\n\n\n<p>En los pr\u00f3ximos d\u00edas anunciaremos la candidatura que estamos elaborando, que combina caras nuevas y otras con experiencia.<\/p>\n\n\n\n<p>Bajo estas lineas os dejamos la intervencion de Luc\u00eda en Radio Cuellar hablando de su candidatura a la alcald\u00eda.<\/p>\n\n\n\n<iframe loading=\"lazy\" src=\"https:\/\/cadenaser.com\/embed\/audio\/460\/1679487320507\/\" width=\"100%\" height=\"690\" frameborder=\"1\" allowfullscreen><\/iframe>\n","protected":false},"excerpt":{"rendered":"<p>La Asamblea Local de Izquierda Unida Cu\u00e9llar ha decidido que la candidata a la alcald\u00eda de Cu\u00e9llar en las pr\u00f3ximas<\/p>\n","protected":false},"author":1,"featured_media":4300,"comment_status":"open","ping_status":"open","sticky":false,"template":"","format":"standard","meta":{"sfsi_plus_gutenberg_text_before_share":"","sfsi_plus_gutenberg_show_text_before_share":"","sfsi_plus_gutenberg_icon_type":"","sfsi_plus_gutenberg_icon_alignemt":"","sfsi_plus_gutenburg_max_per_row":"","_exactmetrics_skip_tracking":false,"_exactmetrics_sitenote_active":false,"_exactmetrics_sitenote_note":"","_exactmetrics_sitenote_category":0,"ngg_post_thumbnail":0,"_jetpack_memberships_contains_paid_content":false,"footnotes":""},"categories":[24,21],"tags":[92,35,107,43,40,109,91],"yoast_head":"<!-- This site is optimized with the Yoast SEO plugin v22.9 - https:\/\/yoast.com\/wordpress\/plugins\/seo\/ -->\r\n<title>Luc\u00eda Arranz candidata a la alcald\u00eda - Izquierda Unida Cu\u00e9llar<\/title>\r\n<meta name=\"description\" content=\"La Asamblea Local de IU Cu\u00e9llar ha decidido que la candidata a la alcald\u00eda en las pr\u00f3ximas elecciones municipales sea Luc\u00eda Arranz Pascual.\" \/>\r\n<meta name=\"robots\" content=\"index, follow, max-snippet:-1, max-image-preview:large, max-video-preview:-1\" \/>\r\n<link rel=\"canonical\" href=\"https:\/\/www.iucuellar.org\/?p=4299\" \/>\r\n<meta property=\"og:locale\" content=\"es_ES\" \/>\r\n<meta property=\"og:type\" content=\"article\" \/>\r\n<meta property=\"og:title\" content=\"Luc\u00eda Arranz candidata a la alcald\u00eda - Izquierda Unida Cu\u00e9llar\" \/>\r\n<meta property=\"og:description\" content=\"La Asamblea Local de IU Cu\u00e9llar ha decidido que la candidata a la alcald\u00eda en las pr\u00f3ximas elecciones municipales sea Luc\u00eda Arranz Pascual.\" \/>\r\n<meta property=\"og:url\" content=\"https:\/\/www.iucuellar.org\/?p=4299\" \/>\r\n<meta property=\"og:site_name\" content=\"Izquierda Unida Cu\u00e9llar\" \/>\r\n<meta property=\"article:publisher\" content=\"https:\/\/www.facebook.com\/iucuellar\" \/>\r\n<meta property=\"article:published_time\" content=\"2023-03-22T09:40:10+00:00\" \/>\r\n<meta property=\"article:modified_time\" content=\"2023-03-22T16:09:20+00:00\" \/>\r\n<meta property=\"og:image\" content=\"https:\/\/i0.wp.com\/www.iucuellar.org\/public\/2023\/03\/CFoto5-scaled.jpg?fit=2560%2C1707&ssl=1\" \/>\r\n\t<meta property=\"og:image:width\" content=\"2560\" \/>\r\n\t<meta property=\"og:image:height\" content=\"1707\" \/>\r\n\t<meta property=\"og:image:type\" content=\"image\/jpeg\" \/>\r\n<meta name=\"author\" content=\"Comunicaci\u00f3n\" \/>\r\n<meta name=\"twitter:card\" content=\"summary_large_image\" \/>\r\n<meta name=\"twitter:creator\" content=\"@IU_CUELLAR\" \/>\r\n<meta name=\"twitter:site\" content=\"@IU_CUELLAR\" \/>\r\n<meta name=\"twitter:label1\" content=\"Escrito por\" \/>\n\t<meta name=\"twitter:data1\" content=\"Comunicaci\u00f3n\" \/>\n\t<meta name=\"twitter:label2\" content=\"Tiempo de lectura\" \/>\n\t<meta name=\"twitter:data2\" content=\"2 minutos\" \/>\r\n<script type=\"application\/ld+json\" class=\"yoast-schema-graph\">{\"@context\":\"https:\/\/schema.org\",\"@graph\":[{\"@type\":\"Article\",\"@id\":\"https:\/\/www.iucuellar.org\/?p=4299#article\",\"isPartOf\":{\"@id\":\"https:\/\/www.iucuellar.org\/?p=4299\"},\"author\":{\"name\":\"Comunicaci\u00f3n\",\"@id\":\"https:\/\/www.iucuellar.org\/#\/schema\/person\/0ed49683a220f525fdeb90989b5c672d\"},\"headline\":\"Luc\u00eda Arranz candidata a la alcald\u00eda\",\"datePublished\":\"2023-03-22T09:40:10+00:00\",\"dateModified\":\"2023-03-22T16:09:20+00:00\",\"mainEntityOfPage\":{\"@id\":\"https:\/\/www.iucuellar.org\/?p=4299\"},\"wordCount\":275,\"commentCount\":0,\"publisher\":{\"@id\":\"https:\/\/www.iucuellar.org\/#organization\"},\"image\":{\"@id\":\"https:\/\/www.iucuellar.org\/?p=4299#primaryimage\"},\"thumbnailUrl\":\"https:\/\/i0.wp.com\/www.iucuellar.org\/public\/2023\/03\/CFoto5-scaled.jpg?fit=2560%2C1707&ssl=1\",\"keywords\":[\"Asamblea Comarcal\",\"Cuellar\",\"elecciones\",\"IU\",\"Izquierda Unida\",\"Luc\u00edaArranz\",\"Segovia\"],\"articleSection\":[\"Elecciones\",\"Izquierda Unida\"],\"inLanguage\":\"es\",\"potentialAction\":[{\"@type\":\"CommentAction\",\"name\":\"Comment\",\"target\":[\"https:\/\/www.iucuellar.org\/?p=4299#respond\"]}]},{\"@type\":\"WebPage\",\"@id\":\"https:\/\/www.iucuellar.org\/?p=4299\",\"url\":\"https:\/\/www.iucuellar.org\/?p=4299\",\"name\":\"Luc\u00eda Arranz candidata a la alcald\u00eda - Izquierda Unida Cu\u00e9llar\",\"isPartOf\":{\"@id\":\"https:\/\/www.iucuellar.org\/#website\"},\"primaryImageOfPage\":{\"@id\":\"https:\/\/www.iucuellar.org\/?p=4299#primaryimage\"},\"image\":{\"@id\":\"https:\/\/www.iucuellar.org\/?p=4299#primaryimage\"},\"thumbnailUrl\":\"https:\/\/i0.wp.com\/www.iucuellar.org\/public\/2023\/03\/CFoto5-scaled.jpg?fit=2560%2C1707&ssl=1\",\"datePublished\":\"2023-03-22T09:40:10+00:00\",\"dateModified\":\"2023-03-22T16:09:20+00:00\",\"description\":\"La Asamblea Local de IU Cu\u00e9llar ha decidido que la candidata a la alcald\u00eda en las pr\u00f3ximas elecciones municipales sea Luc\u00eda Arranz Pascual.\",\"breadcrumb\":{\"@id\":\"https:\/\/www.iucuellar.org\/?p=4299#breadcrumb\"},\"inLanguage\":\"es\",\"potentialAction\":[{\"@type\":\"ReadAction\",\"target\":[\"https:\/\/www.iucuellar.org\/?p=4299\"]}]},{\"@type\":\"ImageObject\",\"inLanguage\":\"es\",\"@id\":\"https:\/\/www.iucuellar.org\/?p=4299#primaryimage\",\"url\":\"https:\/\/i0.wp.com\/www.iucuellar.org\/public\/2023\/03\/CFoto5-scaled.jpg?fit=2560%2C1707&ssl=1\",\"contentUrl\":\"https:\/\/i0.wp.com\/www.iucuellar.org\/public\/2023\/03\/CFoto5-scaled.jpg?fit=2560%2C1707&ssl=1\",\"width\":2560,\"height\":1707},{\"@type\":\"BreadcrumbList\",\"@id\":\"https:\/\/www.iucuellar.org\/?p=4299#breadcrumb\",\"itemListElement\":[{\"@type\":\"ListItem\",\"position\":1,\"name\":\"Inicio\",\"item\":\"https:\/\/www.iucuellar.org\/\"},{\"@type\":\"ListItem\",\"position\":2,\"name\":\"Luc\u00eda Arranz candidata a la alcald\u00eda\"}]},{\"@type\":\"WebSite\",\"@id\":\"https:\/\/www.iucuellar.org\/#website\",\"url\":\"https:\/\/www.iucuellar.org\/\",\"name\":\"Izquierda Unida Cu\u00e9llar y Comarca\",\"description\":\"Lugar de opini\u00f3n y discusi\u00f3n de la izquierda\",\"publisher\":{\"@id\":\"https:\/\/www.iucuellar.org\/#organization\"},\"potentialAction\":[{\"@type\":\"SearchAction\",\"target\":{\"@type\":\"EntryPoint\",\"urlTemplate\":\"https:\/\/www.iucuellar.org\/?s={search_term_string}\"},\"query-input\":\"required name=search_term_string\"}],\"inLanguage\":\"es\"},{\"@type\":\"Organization\",\"@id\":\"https:\/\/www.iucuellar.org\/#organization\",\"name\":\"IU CUELLAR\",\"url\":\"https:\/\/www.iucuellar.org\/\",\"logo\":{\"@type\":\"ImageObject\",\"inLanguage\":\"es\",\"@id\":\"https:\/\/www.iucuellar.org\/#\/schema\/logo\/image\/\",\"url\":\"https:\/\/i0.wp.com\/www.iucuellar.org\/public\/2022\/07\/cropped-avatar_redondo_Twitter.png?fit=512%2C512&ssl=1\",\"contentUrl\":\"https:\/\/i0.wp.com\/www.iucuellar.org\/public\/2022\/07\/cropped-avatar_redondo_Twitter.png?fit=512%2C512&ssl=1\",\"width\":512,\"height\":512,\"caption\":\"IU CUELLAR\"},\"image\":{\"@id\":\"https:\/\/www.iucuellar.org\/#\/schema\/logo\/image\/\"},\"sameAs\":[\"https:\/\/www.facebook.com\/iucuellar\",\"https:\/\/x.com\/IU_CUELLAR\",\"https:\/\/www.instagram.com\/iucuellar\/\",\"https:\/\/www.threads.net\/@iucuellar\"]},{\"@type\":\"Person\",\"@id\":\"https:\/\/www.iucuellar.org\/#\/schema\/person\/0ed49683a220f525fdeb90989b5c672d\",\"name\":\"Comunicaci\u00f3n\",\"image\":{\"@type\":\"ImageObject\",\"inLanguage\":\"es\",\"@id\":\"https:\/\/www.iucuellar.org\/#\/schema\/person\/image\/\",\"url\":\"https:\/\/secure.gravatar.com\/avatar\/1bb1e96b498ea4b5098098798744923e?s=96&d=mm&r=g\",\"contentUrl\":\"https:\/\/secure.gravatar.com\/avatar\/1bb1e96b498ea4b5098098798744923e?s=96&d=mm&r=g\",\"caption\":\"Comunicaci\u00f3n\"},\"url\":\"https:\/\/www.iucuellar.org\/?author=1\"}]}<\/script>\r\n<!-- \/ Yoast SEO plugin. -->","yoast_head_json":{"title":"Luc\u00eda Arranz candidata a la alcald\u00eda - Izquierda Unida Cu\u00e9llar","description":"La Asamblea Local de IU Cu\u00e9llar ha decidido que la candidata a la alcald\u00eda en las pr\u00f3ximas elecciones municipales sea Luc\u00eda Arranz Pascual.","robots":{"index":"index","follow":"follow","max-snippet":"max-snippet:-1","max-image-preview":"max-image-preview:large","max-video-preview":"max-video-preview:-1"},"canonical":"https:\/\/www.iucuellar.org\/?p=4299","og_locale":"es_ES","og_type":"article","og_title":"Luc\u00eda Arranz candidata a la alcald\u00eda - Izquierda Unida Cu\u00e9llar","og_description":"La Asamblea Local de IU Cu\u00e9llar ha decidido que la candidata a la alcald\u00eda en las pr\u00f3ximas elecciones municipales sea Luc\u00eda Arranz Pascual.","og_url":"https:\/\/www.iucuellar.org\/?p=4299","og_site_name":"Izquierda Unida Cu\u00e9llar","article_publisher":"https:\/\/www.facebook.com\/iucuellar","article_published_time":"2023-03-22T09:40:10+00:00","article_modified_time":"2023-03-22T16:09:20+00:00","og_image":[{"width":2560,"height":1707,"url":"https:\/\/i0.wp.com\/www.iucuellar.org\/public\/2023\/03\/CFoto5-scaled.jpg?fit=2560%2C1707&ssl=1","type":"image\/jpeg"}],"author":"Comunicaci\u00f3n","twitter_card":"summary_large_image","twitter_creator":"@IU_CUELLAR","twitter_site":"@IU_CUELLAR","twitter_misc":{"Escrito por":"Comunicaci\u00f3n","Tiempo de lectura":"2 minutos"},"schema":{"@context":"https:\/\/schema.org","@graph":[{"@type":"Article","@id":"https:\/\/www.iucuellar.org\/?p=4299#article","isPartOf":{"@id":"https:\/\/www.iucuellar.org\/?p=4299"},"author":{"name":"Comunicaci\u00f3n","@id":"https:\/\/www.iucuellar.org\/#\/schema\/person\/0ed49683a220f525fdeb90989b5c672d"},"headline":"Luc\u00eda Arranz candidata a la alcald\u00eda","datePublished":"2023-03-22T09:40:10+00:00","dateModified":"2023-03-22T16:09:20+00:00","mainEntityOfPage":{"@id":"https:\/\/www.iucuellar.org\/?p=4299"},"wordCount":275,"commentCount":0,"publisher":{"@id":"https:\/\/www.iucuellar.org\/#organization"},"image":{"@id":"https:\/\/www.iucuellar.org\/?p=4299#primaryimage"},"thumbnailUrl":"https:\/\/i0.wp.com\/www.iucuellar.org\/public\/2023\/03\/CFoto5-scaled.jpg?fit=2560%2C1707&ssl=1","keywords":["Asamblea Comarcal","Cuellar","elecciones","IU","Izquierda Unida","Luc\u00edaArranz","Segovia"],"articleSection":["Elecciones","Izquierda Unida"],"inLanguage":"es","potentialAction":[{"@type":"CommentAction","name":"Comment","target":["https:\/\/www.iucuellar.org\/?p=4299#respond"]}]},{"@type":"WebPage","@id":"https:\/\/www.iucuellar.org\/?p=4299","url":"https:\/\/www.iucuellar.org\/?p=4299","name":"Luc\u00eda Arranz candidata a la alcald\u00eda - Izquierda Unida Cu\u00e9llar","isPartOf":{"@id":"https:\/\/www.iucuellar.org\/#website"},"primaryImageOfPage":{"@id":"https:\/\/www.iucuellar.org\/?p=4299#primaryimage"},"image":{"@id":"https:\/\/www.iucuellar.org\/?p=4299#primaryimage"},"thumbnailUrl":"https:\/\/i0.wp.com\/www.iucuellar.org\/public\/2023\/03\/CFoto5-scaled.jpg?fit=2560%2C1707&ssl=1","datePublished":"2023-03-22T09:40:10+00:00","dateModified":"2023-03-22T16:09:20+00:00","description":"La Asamblea Local de IU Cu\u00e9llar ha decidido que la candidata a la alcald\u00eda en las pr\u00f3ximas elecciones municipales sea Luc\u00eda Arranz Pascual.","breadcrumb":{"@id":"https:\/\/www.iucuellar.org\/?p=4299#breadcrumb"},"inLanguage":"es","potentialAction":[{"@type":"ReadAction","target":["https:\/\/www.iucuellar.org\/?p=4299"]}]},{"@type":"ImageObject","inLanguage":"es","@id":"https:\/\/www.iucuellar.org\/?p=4299#primaryimage","url":"https:\/\/i0.wp.com\/www.iucuellar.org\/public\/2023\/03\/CFoto5-scaled.jpg?fit=2560%2C1707&ssl=1","contentUrl":"https:\/\/i0.wp.com\/www.iucuellar.org\/public\/2023\/03\/CFoto5-scaled.jpg?fit=2560%2C1707&ssl=1","width":2560,"height":1707},{"@type":"BreadcrumbList","@id":"https:\/\/www.iucuellar.org\/?p=4299#breadcrumb","itemListElement":[{"@type":"ListItem","position":1,"name":"Inicio","item":"https:\/\/www.iucuellar.org\/"},{"@type":"ListItem","position":2,"name":"Luc\u00eda Arranz candidata a la alcald\u00eda"}]},{"@type":"WebSite","@id":"https:\/\/www.iucuellar.org\/#website","url":"https:\/\/www.iucuellar.org\/","name":"Izquierda Unida Cu\u00e9llar y Comarca","description":"Lugar de opini\u00f3n y discusi\u00f3n de la izquierda","publisher":{"@id":"https:\/\/www.iucuellar.org\/#organization"},"potentialAction":[{"@type":"SearchAction","target":{"@type":"EntryPoint","urlTemplate":"https:\/\/www.iucuellar.org\/?s={search_term_string}"},"query-input":"required name=search_term_string"}],"inLanguage":"es"},{"@type":"Organization","@id":"https:\/\/www.iucuellar.org\/#organization","name":"IU CUELLAR","url":"https:\/\/www.iucuellar.org\/","logo":{"@type":"ImageObject","inLanguage":"es","@id":"https:\/\/www.iucuellar.org\/#\/schema\/logo\/image\/","url":"https:\/\/i0.wp.com\/www.iucuellar.org\/public\/2022\/07\/cropped-avatar_redondo_Twitter.png?fit=512%2C512&ssl=1","contentUrl":"https:\/\/i0.wp.com\/www.iucuellar.org\/public\/2022\/07\/cropped-avatar_redondo_Twitter.png?fit=512%2C512&ssl=1","width":512,"height":512,"caption":"IU CUELLAR"},"image":{"@id":"https:\/\/www.iucuellar.org\/#\/schema\/logo\/image\/"},"sameAs":["https:\/\/www.facebook.com\/iucuellar","https:\/\/x.com\/IU_CUELLAR","https:\/\/www.instagram.com\/iucuellar\/","https:\/\/www.threads.net\/@iucuellar"]},{"@type":"Person","@id":"https:\/\/www.iucuellar.org\/#\/schema\/person\/0ed49683a220f525fdeb90989b5c672d","name":"Comunicaci\u00f3n","image":{"@type":"ImageObject","inLanguage":"es","@id":"https:\/\/www.iucuellar.org\/#\/schema\/person\/image\/","url":"https:\/\/secure.gravatar.com\/avatar\/1bb1e96b498ea4b5098098798744923e?s=96&d=mm&r=g","contentUrl":"https:\/\/secure.gravatar.com\/avatar\/1bb1e96b498ea4b5098098798744923e?s=96&d=mm&r=g","caption":"Comunicaci\u00f3n"},"url":"https:\/\/www.iucuellar.org\/?author=1"}]}},"jetpack_featured_media_url":"https:\/\/i0.wp.com\/www.iucuellar.org\/public\/2023\/03\/CFoto5-scaled.jpg?fit=2560%2C1707&ssl=1","jetpack_sharing_enabled":true,"jetpack_shortlink":"https:\/\/wp.me\/p8rn8P-17l","_links":{"self":[{"href":"https:\/\/www.iucuellar.org\/index.php?rest_route=\/wp\/v2\/posts\/4299"}],"collection":[{"href":"https:\/\/www.iucuellar.org\/index.php?rest_route=\/wp\/v2\/posts"}],"about":[{"href":"https:\/\/www.iucuellar.org\/index.php?rest_route=\/wp\/v2\/types\/post"}],"author":[{"embeddable":true,"href":"https:\/\/www.iucuellar.org\/index.php?rest_route=\/wp\/v2\/users\/1"}],"replies":[{"embeddable":true,"href":"https:\/\/www.iucuellar.org\/index.php?rest_route=%2Fwp%2Fv2%2Fcomments&post=4299"}],"version-history":[{"count":5,"href":"https:\/\/www.iucuellar.org\/index.php?rest_route=\/wp\/v2\/posts\/4299\/revisions"}],"predecessor-version":[{"id":4307,"href":"https:\/\/www.iucuellar.org\/index.php?rest_route=\/wp\/v2\/posts\/4299\/revisions\/4307"}],"wp:featuredmedia":[{"embeddable":true,"href":"https:\/\/www.iucuellar.org\/index.php?rest_route=\/wp\/v2\/media\/4300"}],"wp:attachment":[{"href":"https:\/\/www.iucuellar.org\/index.php?rest_route=%2Fwp%2Fv2%2Fmedia&parent=4299"}],"wp:term":[{"taxonomy":"category","embeddable":true,"href":"https:\/\/www.iucuellar.org\/index.php?rest_route=%2Fwp%2Fv2%2Fcategories&post=4299"},{"taxonomy":"post_tag","embeddable":true,"href":"https:\/\/www.iucuellar.org\/index.php?rest_route=%2Fwp%2Fv2%2Ftags&post=4299"}],"curies":[{"name":"wp","href":"https:\/\/api.w.org\/{rel}","templated":true}]}}