{"id":4411,"date":"2023-05-25T15:58:45","date_gmt":"2023-05-25T13:58:45","guid":{"rendered":"https:\/\/www.iucuellar.org\/?p=4411"},"modified":"2023-08-17T12:45:44","modified_gmt":"2023-08-17T10:45:44","slug":"acto-electoral","status":"publish","type":"post","link":"https:\/\/www.iucuellar.org\/?p=4411","title":{"rendered":"Acto Electoral de IU Cu\u00e9llar"},"content":{"rendered":"\n<p>En el <strong>acto electoral del 23 de mayo<\/strong> celebrado en el sal\u00f3n de plenos del Ayto. de Cu\u00e9llar, intervinieron las tres primeras personas de la lista de IU Cu\u00e9llar: Luc\u00eda Arranz, Jon\u00e1s G\u00f3mez y Alma Casado, acompa\u00f1ados por Juan Gasc\u00f3n, coordinador regional de <a href=\"https:\/\/www.iucyl.es\/\" target=\"_blank\" rel=\"noreferrer noopener\">IUCyL<\/a>, y Carlos S\u00e1nchez Mato, responsable de programa de IU federal y ex concejal del Ayuntamiento de Madrid.<\/p>\n\n\n\n<figure class=\"wp-block-image aligncenter size-large\"><img loading=\"lazy\" decoding=\"async\" width=\"800\" height=\"534\" src=\"https:\/\/i0.wp.com\/www.iucuellar.org\/public\/2023\/05\/DSC_3059.jpg?resize=800%2C534&#038;ssl=1\" alt=\"\" class=\"wp-image-4412\" srcset=\"https:\/\/i0.wp.com\/www.iucuellar.org\/public\/2023\/05\/DSC_3059.jpg?resize=1024%2C683&amp;ssl=1 1024w, https:\/\/i0.wp.com\/www.iucuellar.org\/public\/2023\/05\/DSC_3059.jpg?resize=300%2C200&amp;ssl=1 300w, https:\/\/i0.wp.com\/www.iucuellar.org\/public\/2023\/05\/DSC_3059.jpg?resize=768%2C512&amp;ssl=1 768w, https:\/\/i0.wp.com\/www.iucuellar.org\/public\/2023\/05\/DSC_3059.jpg?resize=1536%2C1024&amp;ssl=1 1536w, https:\/\/i0.wp.com\/www.iucuellar.org\/public\/2023\/05\/DSC_3059.jpg?resize=2048%2C1366&amp;ssl=1 2048w, https:\/\/i0.wp.com\/www.iucuellar.org\/public\/2023\/05\/DSC_3059.jpg?w=1600&amp;ssl=1 1600w\" sizes=\"(max-width: 800px) 100vw, 800px\" data-recalc-dims=\"1\" \/><\/figure>\n\n\n\n<h3>El coordinador regional de IUCyL, <strong>Juan Gasc\u00f3n<\/strong>, comenz\u00f3 recordando que las pol\u00edticas p\u00fablicas deben transformar la vida de la gente.<\/h3>\n\n\n\n<p>Puso de manifiesto el lema de esta campa\u00f1a \u201ccuidemos lo cercano\u201d. Porque \u201cqueremos hablar de las cosas concretas de la gente en cada municipio y de los problemas que tenemos con la Junta, porque los problemas de salud, los problemas de educaci\u00f3n o los problemas de vivienda son problemas que genera la junta de CyL\u201d. Y el problema que tenemos muchas veces es que los ayuntamientos tienen que asumir tareas \u201cque tendr\u00edan que asumir otros estamentos\u201d.<\/p>\n\n\n\n<p>El acto prosigui\u00f3 con la intervenci\u00f3n de <strong>Alma Casado<\/strong>, n\u00famero tres de la candidatura de IU Cu\u00e9llar. Quien expuso parte del <a href=\"https:\/\/t.co\/nr2zmAz2n0\" target=\"_blank\" rel=\"noreferrer noopener\">programa electoral de IU Cu\u00e9llar.<\/a> Empez\u00f3 con <strong>igualdad y mujer<\/strong>, destacando que \u201cqueremos trabajar por un municipio libre discriminaci\u00f3n de cualquier tipo. Aplicando una visi\u00f3n de g\u00e9nero a todas las \u00e1reas del Ayuntamiento\u201d. Para continuar con <strong>cultura y educaci\u00f3n<\/strong>, donde present\u00f3 que se van a \u201csolicitar nuevos ciclos de formaci\u00f3n profesional\u201d. Explic\u00f3 otras \u00e1reas como <strong>turismo<\/strong>, con la creaci\u00f3n de rutas medioambientales escolares; <strong>empleo<\/strong>, destacando la creaci\u00f3n de un espacio coworking. Por \u00faltimo, finaliz\u00f3 con <strong>desarrollo industrial y econ\u00f3mico<\/strong>. En el cual una de las propuestas que expuso fue la construcci\u00f3n de un recinto ferial permanente cerrado. Con la finalidad de \u201cdesarrollar diferentes ferias y cualquier otro tipo de eventos durante todo el a\u00f1o\u201d.<\/p>\n\n\n\n<p>Despu\u00e9s intervino el n\u00famero dos de la lista de <a href=\"https:\/\/www.iucuellar.org\/\" target=\"_blank\" rel=\"noreferrer noopener\">IU Cu\u00e9llar<\/a>, <strong>Jon\u00e1s G\u00f3mez<\/strong>. Comenz\u00f3 con uno de nuestros puntos fuertes, <strong>medio ambiente<\/strong>. Mostrando una posici\u00f3n totalmente en contra de la tercera fase de la recarga del Carracillo, ya que \u201ces algo que afecta tanto al ecosistema del pinar como a los que trabajan en \u00e9l o disfrutan del turismo micol\u00f3gico, dej\u00e1ndolo seco\u201d. Record\u00f3 tambi\u00e9n, la reducci\u00f3n del caudal m\u00ednimo y la sequ\u00eda que sufrimos, pudiendo llegar a quedarnos sin agua en nuestros domicilios. En <strong>urbanismo y tr\u00e1fico<\/strong>, destac\u00f3 el arreglo de la plaza de la Huerta Herrera, la cual se puede llevar a cabo gracias a la enmienda presentada por IU Cu\u00e9llar al presupuesto.<\/p>\n\n\n\n<p>Sobre <strong>fiestas<\/strong> G\u00f3mez argument\u00f3 que desde IU Cu\u00e9llar se quiere \u201cunas fiestas para disfrutar todas y todos con un aumento de actividades culturales. Con m\u00e1s conciertos y recuperar el ciclo de teatro que hab\u00eda antes, el cual la gente nos ha reclamado\u201d. En <strong>deportes<\/strong> cabe destacar la creaci\u00f3n de un consejo municipal de deportes, el arreglo de las instalaciones deportivas y la creaci\u00f3n de un circuito pump track.<\/p>\n\n\n\n<figure class=\"wp-block-image aligncenter size-large\"><img loading=\"lazy\" decoding=\"async\" width=\"683\" height=\"1024\" src=\"https:\/\/i0.wp.com\/www.iucuellar.org\/public\/2023\/05\/DSC_3097.jpg?resize=683%2C1024&#038;ssl=1\" alt=\"\" class=\"wp-image-4414\" srcset=\"https:\/\/i0.wp.com\/www.iucuellar.org\/public\/2023\/05\/DSC_3097.jpg?resize=683%2C1024&amp;ssl=1 683w, https:\/\/i0.wp.com\/www.iucuellar.org\/public\/2023\/05\/DSC_3097.jpg?resize=200%2C300&amp;ssl=1 200w, https:\/\/i0.wp.com\/www.iucuellar.org\/public\/2023\/05\/DSC_3097.jpg?resize=768%2C1152&amp;ssl=1 768w, https:\/\/i0.wp.com\/www.iucuellar.org\/public\/2023\/05\/DSC_3097.jpg?resize=1024%2C1536&amp;ssl=1 1024w, https:\/\/i0.wp.com\/www.iucuellar.org\/public\/2023\/05\/DSC_3097.jpg?resize=1366%2C2048&amp;ssl=1 1366w, https:\/\/i0.wp.com\/www.iucuellar.org\/public\/2023\/05\/DSC_3097.jpg?w=1575&amp;ssl=1 1575w\" sizes=\"(max-width: 683px) 100vw, 683px\" data-recalc-dims=\"1\" \/><\/figure>\n\n\n\n<h3><strong>Luc\u00eda Arranz<\/strong>, candidata de Izquierda Unida a la alcald\u00eda de Cu\u00e9llar, puso en valor el trabajo realizado estos cuatro a\u00f1os de legislatura, sobre todo los que form\u00f3 parte del equipo de gobierno.<\/h3>\n\n\n\n<p>As\u00ed, manifest\u00f3 como desde la concejal\u00eda de <strong>juventud<\/strong> consigui\u00f3 que la misma \u201ctuviera un presupuesto propio\u201d. Justificando el aumento del n\u00famero de usuarios en la Casa Joven llegando a duplicar e incluso triplicar el n\u00famero de los mismos. Hizo un recorrido por varias propuestas. Como la creaci\u00f3n de una sala de ensayos para grupos musicales o la creaci\u00f3n de becas para proyectos de fin de estudios vinculados con el municipio. Termin\u00f3 hablando de <strong>Servicios Municipales<\/strong>, otra de las concejal\u00edas que gestion\u00f3 Arranz en su paso por el gobierno municipal. De esta manera, defendi\u00f3 que \u201cvamos a pelear la remunicipalizaci\u00f3n de la gesti\u00f3n del agua. Somos el \u00fanico partido que tenemos la idea de esta remunicipalizaci\u00f3n\u201d. Coment\u00f3 tambi\u00e9n la gesti\u00f3n municipal del velatorio, el cambio de la cubierta de la piscina climatizada por una fija, o la puesta en marcha de un autob\u00fas urbano, entre otras propuestas.<\/p>\n\n\n\n<figure class=\"wp-block-image aligncenter size-large\"><img loading=\"lazy\" decoding=\"async\" width=\"800\" height=\"534\" src=\"https:\/\/i0.wp.com\/www.iucuellar.org\/public\/2023\/05\/DSC_3083.jpg?resize=800%2C534&#038;ssl=1\" alt=\"\" class=\"wp-image-4416\" srcset=\"https:\/\/i0.wp.com\/www.iucuellar.org\/public\/2023\/05\/DSC_3083.jpg?resize=1024%2C683&amp;ssl=1 1024w, https:\/\/i0.wp.com\/www.iucuellar.org\/public\/2023\/05\/DSC_3083.jpg?resize=300%2C200&amp;ssl=1 300w, https:\/\/i0.wp.com\/www.iucuellar.org\/public\/2023\/05\/DSC_3083.jpg?resize=768%2C512&amp;ssl=1 768w, https:\/\/i0.wp.com\/www.iucuellar.org\/public\/2023\/05\/DSC_3083.jpg?resize=1536%2C1024&amp;ssl=1 1536w, https:\/\/i0.wp.com\/www.iucuellar.org\/public\/2023\/05\/DSC_3083.jpg?resize=2048%2C1366&amp;ssl=1 2048w, https:\/\/i0.wp.com\/www.iucuellar.org\/public\/2023\/05\/DSC_3083.jpg?w=1600&amp;ssl=1 1600w\" sizes=\"(max-width: 800px) 100vw, 800px\" data-recalc-dims=\"1\" \/><\/figure>\n\n\n\n<p>El acto lo concluy\u00f3 el ex concejal del Ayto. de Madrid y responsable de la elaboraci\u00f3n program\u00e1tica de IU <strong>Carlos S\u00e1nchez Mato<\/strong>. Empez\u00f3 se\u00f1alando que \u201cle emocionaba ver a tanta gente joven en la candidatura y saber que el mensaje sigue llegando\u201d. Record\u00f3 como Izquierda Unida es una fuerza esencialmente municipalista, pudi\u00e9ndose dedicar desde la ra\u00edz y lo cercano a la transformaci\u00f3n socialista de la realidad. Mato emplaz\u00f3 a Luc\u00eda a \u201cno conformarse\u201d y a hacer posible \u201clo que siempre te dicen que es imposible\u201d. Concluy\u00f3 con el deseo de ver a Luc\u00eda convertida en alcaldesa y con la promesa de que seguir\u00e1 \u201ccon especial atenci\u00f3n\u201d los resultados electorales de Cu\u00e9llar.<\/p>\n","protected":false},"excerpt":{"rendered":"<p>En el acto electoral del 23 de mayo celebrado en el sal\u00f3n de plenos del Ayto. de Cu\u00e9llar, intervinieron las<\/p>\n","protected":false},"author":1,"featured_media":4413,"comment_status":"open","ping_status":"open","sticky":false,"template":"","format":"standard","meta":{"sfsi_plus_gutenberg_text_before_share":"","sfsi_plus_gutenberg_show_text_before_share":"","sfsi_plus_gutenberg_icon_type":"","sfsi_plus_gutenberg_icon_alignemt":"","sfsi_plus_gutenburg_max_per_row":"","_exactmetrics_skip_tracking":false,"_exactmetrics_sitenote_active":false,"_exactmetrics_sitenote_note":"","_exactmetrics_sitenote_category":0,"ngg_post_thumbnail":0,"_jetpack_memberships_contains_paid_content":false,"footnotes":""},"categories":[18,7,17,24,5,6,21,25,10,22,13,11,14,15,9,12],"tags":[41,36,104,108,35,57,107,119,43,40,102,109,81,61,45,86,106],"yoast_head":"<!-- This site is optimized with the Yoast SEO plugin v22.9 - https:\/\/yoast.com\/wordpress\/plugins\/seo\/ -->\r\n<title>Acto Electoral de IU Cu\u00e9llar - Izquierda Unida Cu\u00e9llar<\/title>\r\n<meta name=\"description\" content=\"IU Cuellar realiz\u00f3 un acto electoral, con la presencia del coordinador regional Juan Gasc\u00f3n, y el responsable del area program\u00e1tica de IU federal Carlos S\u00e1nchez Mato\" \/>\r\n<meta name=\"robots\" content=\"index, follow, max-snippet:-1, max-image-preview:large, max-video-preview:-1\" \/>\r\n<link rel=\"canonical\" href=\"https:\/\/www.iucuellar.org\/?p=4411\" \/>\r\n<meta property=\"og:locale\" content=\"es_ES\" \/>\r\n<meta property=\"og:type\" content=\"article\" \/>\r\n<meta property=\"og:title\" content=\"Acto Electoral de IU Cu\u00e9llar - Izquierda Unida Cu\u00e9llar\" \/>\r\n<meta property=\"og:description\" content=\"IU Cuellar realiz\u00f3 un acto electoral, con la presencia del coordinador regional Juan Gasc\u00f3n, y el responsable del area program\u00e1tica de IU federal Carlos S\u00e1nchez Mato\" \/>\r\n<meta property=\"og:url\" content=\"https:\/\/www.iucuellar.org\/?p=4411\" \/>\r\n<meta property=\"og:site_name\" content=\"Izquierda Unida Cu\u00e9llar\" \/>\r\n<meta property=\"article:publisher\" content=\"https:\/\/www.facebook.com\/iucuellar\" \/>\r\n<meta property=\"article:published_time\" content=\"2023-05-25T13:58:45+00:00\" \/>\r\n<meta property=\"article:modified_time\" content=\"2023-08-17T10:45:44+00:00\" \/>\r\n<meta property=\"og:image\" content=\"https:\/\/www.iucuellar.org\/public\/2023\/05\/DSC_3098-1024x683.jpg\" \/>\r\n\t<meta property=\"og:image:width\" content=\"1024\" \/>\r\n\t<meta property=\"og:image:height\" content=\"683\" \/>\r\n\t<meta property=\"og:image:type\" content=\"image\/jpeg\" \/>\r\n<meta name=\"author\" content=\"Comunicaci\u00f3n\" \/>\r\n<meta name=\"twitter:card\" content=\"summary_large_image\" \/>\r\n<meta name=\"twitter:creator\" content=\"@IU_CUELLAR\" \/>\r\n<meta name=\"twitter:site\" content=\"@IU_CUELLAR\" \/>\r\n<meta name=\"twitter:label1\" content=\"Escrito por\" \/>\n\t<meta name=\"twitter:data1\" content=\"Comunicaci\u00f3n\" \/>\n\t<meta name=\"twitter:label2\" content=\"Tiempo de lectura\" \/>\n\t<meta name=\"twitter:data2\" content=\"5 minutos\" \/>\r\n<script type=\"application\/ld+json\" class=\"yoast-schema-graph\">{\"@context\":\"https:\/\/schema.org\",\"@graph\":[{\"@type\":\"Article\",\"@id\":\"https:\/\/www.iucuellar.org\/?p=4411#article\",\"isPartOf\":{\"@id\":\"https:\/\/www.iucuellar.org\/?p=4411\"},\"author\":{\"name\":\"Comunicaci\u00f3n\",\"@id\":\"https:\/\/www.iucuellar.org\/#\/schema\/person\/0ed49683a220f525fdeb90989b5c672d\"},\"headline\":\"Acto Electoral de IU Cu\u00e9llar\",\"datePublished\":\"2023-05-25T13:58:45+00:00\",\"dateModified\":\"2023-08-17T10:45:44+00:00\",\"mainEntityOfPage\":{\"@id\":\"https:\/\/www.iucuellar.org\/?p=4411\"},\"wordCount\":844,\"commentCount\":0,\"publisher\":{\"@id\":\"https:\/\/www.iucuellar.org\/#organization\"},\"image\":{\"@id\":\"https:\/\/www.iucuellar.org\/?p=4411#primaryimage\"},\"thumbnailUrl\":\"https:\/\/i0.wp.com\/www.iucuellar.org\/public\/2023\/05\/DSC_3098.jpg?fit=2457%2C1638&ssl=1\",\"keywords\":[\"Asuntos sociales\",\"Ayuntamiento\",\"campa\u00f1a electoral\",\"candidatura\",\"Cuellar\",\"Cultura\",\"elecciones\",\"fiestas\",\"IU\",\"Izquierda Unida\",\"juventud\",\"Luc\u00edaArranz\",\"medio ambiente\",\"Mujer\",\"Salud\",\"Transporte\",\"urbanismo\"],\"articleSection\":[\"Campa\u00f1a electoral\",\"Cultura\",\"Deportes\",\"Elecciones\",\"Festejos\",\"Hacienda\",\"Izquierda Unida\",\"Juventud\",\"Medio Ambiente\",\"Mujer\",\"obras y servicios\",\"Patrimonio\",\"Sanidad y A.Sociales\",\"Tr\u00e1fico y seguridad vial\",\"Turismo y Comercio\",\"Urbanismo\"],\"inLanguage\":\"es\",\"potentialAction\":[{\"@type\":\"CommentAction\",\"name\":\"Comment\",\"target\":[\"https:\/\/www.iucuellar.org\/?p=4411#respond\"]}]},{\"@type\":\"WebPage\",\"@id\":\"https:\/\/www.iucuellar.org\/?p=4411\",\"url\":\"https:\/\/www.iucuellar.org\/?p=4411\",\"name\":\"Acto Electoral de IU Cu\u00e9llar - Izquierda Unida Cu\u00e9llar\",\"isPartOf\":{\"@id\":\"https:\/\/www.iucuellar.org\/#website\"},\"primaryImageOfPage\":{\"@id\":\"https:\/\/www.iucuellar.org\/?p=4411#primaryimage\"},\"image\":{\"@id\":\"https:\/\/www.iucuellar.org\/?p=4411#primaryimage\"},\"thumbnailUrl\":\"https:\/\/i0.wp.com\/www.iucuellar.org\/public\/2023\/05\/DSC_3098.jpg?fit=2457%2C1638&ssl=1\",\"datePublished\":\"2023-05-25T13:58:45+00:00\",\"dateModified\":\"2023-08-17T10:45:44+00:00\",\"description\":\"IU Cuellar realiz\u00f3 un acto electoral, con la presencia del coordinador regional Juan Gasc\u00f3n, y el responsable del area program\u00e1tica de IU federal Carlos S\u00e1nchez Mato\",\"breadcrumb\":{\"@id\":\"https:\/\/www.iucuellar.org\/?p=4411#breadcrumb\"},\"inLanguage\":\"es\",\"potentialAction\":[{\"@type\":\"ReadAction\",\"target\":[\"https:\/\/www.iucuellar.org\/?p=4411\"]}]},{\"@type\":\"ImageObject\",\"inLanguage\":\"es\",\"@id\":\"https:\/\/www.iucuellar.org\/?p=4411#primaryimage\",\"url\":\"https:\/\/i0.wp.com\/www.iucuellar.org\/public\/2023\/05\/DSC_3098.jpg?fit=2457%2C1638&ssl=1\",\"contentUrl\":\"https:\/\/i0.wp.com\/www.iucuellar.org\/public\/2023\/05\/DSC_3098.jpg?fit=2457%2C1638&ssl=1\",\"width\":2457,\"height\":1638},{\"@type\":\"BreadcrumbList\",\"@id\":\"https:\/\/www.iucuellar.org\/?p=4411#breadcrumb\",\"itemListElement\":[{\"@type\":\"ListItem\",\"position\":1,\"name\":\"Inicio\",\"item\":\"https:\/\/www.iucuellar.org\/\"},{\"@type\":\"ListItem\",\"position\":2,\"name\":\"Acto Electoral de IU Cu\u00e9llar\"}]},{\"@type\":\"WebSite\",\"@id\":\"https:\/\/www.iucuellar.org\/#website\",\"url\":\"https:\/\/www.iucuellar.org\/\",\"name\":\"Izquierda Unida Cu\u00e9llar y Comarca\",\"description\":\"Lugar de opini\u00f3n y discusi\u00f3n de la izquierda\",\"publisher\":{\"@id\":\"https:\/\/www.iucuellar.org\/#organization\"},\"potentialAction\":[{\"@type\":\"SearchAction\",\"target\":{\"@type\":\"EntryPoint\",\"urlTemplate\":\"https:\/\/www.iucuellar.org\/?s={search_term_string}\"},\"query-input\":\"required name=search_term_string\"}],\"inLanguage\":\"es\"},{\"@type\":\"Organization\",\"@id\":\"https:\/\/www.iucuellar.org\/#organization\",\"name\":\"IU CUELLAR\",\"url\":\"https:\/\/www.iucuellar.org\/\",\"logo\":{\"@type\":\"ImageObject\",\"inLanguage\":\"es\",\"@id\":\"https:\/\/www.iucuellar.org\/#\/schema\/logo\/image\/\",\"url\":\"https:\/\/i0.wp.com\/www.iucuellar.org\/public\/2022\/07\/cropped-avatar_redondo_Twitter.png?fit=512%2C512&ssl=1\",\"contentUrl\":\"https:\/\/i0.wp.com\/www.iucuellar.org\/public\/2022\/07\/cropped-avatar_redondo_Twitter.png?fit=512%2C512&ssl=1\",\"width\":512,\"height\":512,\"caption\":\"IU CUELLAR\"},\"image\":{\"@id\":\"https:\/\/www.iucuellar.org\/#\/schema\/logo\/image\/\"},\"sameAs\":[\"https:\/\/www.facebook.com\/iucuellar\",\"https:\/\/x.com\/IU_CUELLAR\",\"https:\/\/www.instagram.com\/iucuellar\/\",\"https:\/\/www.threads.net\/@iucuellar\"]},{\"@type\":\"Person\",\"@id\":\"https:\/\/www.iucuellar.org\/#\/schema\/person\/0ed49683a220f525fdeb90989b5c672d\",\"name\":\"Comunicaci\u00f3n\",\"image\":{\"@type\":\"ImageObject\",\"inLanguage\":\"es\",\"@id\":\"https:\/\/www.iucuellar.org\/#\/schema\/person\/image\/\",\"url\":\"https:\/\/secure.gravatar.com\/avatar\/1bb1e96b498ea4b5098098798744923e?s=96&d=mm&r=g\",\"contentUrl\":\"https:\/\/secure.gravatar.com\/avatar\/1bb1e96b498ea4b5098098798744923e?s=96&d=mm&r=g\",\"caption\":\"Comunicaci\u00f3n\"},\"url\":\"https:\/\/www.iucuellar.org\/?author=1\"}]}<\/script>\r\n<!-- \/ Yoast SEO plugin. -->","yoast_head_json":{"title":"Acto Electoral de IU Cu\u00e9llar - Izquierda Unida Cu\u00e9llar","description":"IU Cuellar realiz\u00f3 un acto electoral, con la presencia del coordinador regional Juan Gasc\u00f3n, y el responsable del area program\u00e1tica de IU federal Carlos S\u00e1nchez Mato","robots":{"index":"index","follow":"follow","max-snippet":"max-snippet:-1","max-image-preview":"max-image-preview:large","max-video-preview":"max-video-preview:-1"},"canonical":"https:\/\/www.iucuellar.org\/?p=4411","og_locale":"es_ES","og_type":"article","og_title":"Acto Electoral de IU Cu\u00e9llar - Izquierda Unida Cu\u00e9llar","og_description":"IU Cuellar realiz\u00f3 un acto electoral, con la presencia del coordinador regional Juan Gasc\u00f3n, y el responsable del area program\u00e1tica de IU federal Carlos S\u00e1nchez Mato","og_url":"https:\/\/www.iucuellar.org\/?p=4411","og_site_name":"Izquierda Unida Cu\u00e9llar","article_publisher":"https:\/\/www.facebook.com\/iucuellar","article_published_time":"2023-05-25T13:58:45+00:00","article_modified_time":"2023-08-17T10:45:44+00:00","og_image":[{"width":1024,"height":683,"url":"https:\/\/www.iucuellar.org\/public\/2023\/05\/DSC_3098-1024x683.jpg","type":"image\/jpeg"}],"author":"Comunicaci\u00f3n","twitter_card":"summary_large_image","twitter_creator":"@IU_CUELLAR","twitter_site":"@IU_CUELLAR","twitter_misc":{"Escrito por":"Comunicaci\u00f3n","Tiempo de lectura":"5 minutos"},"schema":{"@context":"https:\/\/schema.org","@graph":[{"@type":"Article","@id":"https:\/\/www.iucuellar.org\/?p=4411#article","isPartOf":{"@id":"https:\/\/www.iucuellar.org\/?p=4411"},"author":{"name":"Comunicaci\u00f3n","@id":"https:\/\/www.iucuellar.org\/#\/schema\/person\/0ed49683a220f525fdeb90989b5c672d"},"headline":"Acto Electoral de IU Cu\u00e9llar","datePublished":"2023-05-25T13:58:45+00:00","dateModified":"2023-08-17T10:45:44+00:00","mainEntityOfPage":{"@id":"https:\/\/www.iucuellar.org\/?p=4411"},"wordCount":844,"commentCount":0,"publisher":{"@id":"https:\/\/www.iucuellar.org\/#organization"},"image":{"@id":"https:\/\/www.iucuellar.org\/?p=4411#primaryimage"},"thumbnailUrl":"https:\/\/i0.wp.com\/www.iucuellar.org\/public\/2023\/05\/DSC_3098.jpg?fit=2457%2C1638&ssl=1","keywords":["Asuntos sociales","Ayuntamiento","campa\u00f1a electoral","candidatura","Cuellar","Cultura","elecciones","fiestas","IU","Izquierda Unida","juventud","Luc\u00edaArranz","medio ambiente","Mujer","Salud","Transporte","urbanismo"],"articleSection":["Campa\u00f1a electoral","Cultura","Deportes","Elecciones","Festejos","Hacienda","Izquierda Unida","Juventud","Medio Ambiente","Mujer","obras y servicios","Patrimonio","Sanidad y A.Sociales","Tr\u00e1fico y seguridad vial","Turismo y Comercio","Urbanismo"],"inLanguage":"es","potentialAction":[{"@type":"CommentAction","name":"Comment","target":["https:\/\/www.iucuellar.org\/?p=4411#respond"]}]},{"@type":"WebPage","@id":"https:\/\/www.iucuellar.org\/?p=4411","url":"https:\/\/www.iucuellar.org\/?p=4411","name":"Acto Electoral de IU Cu\u00e9llar - Izquierda Unida Cu\u00e9llar","isPartOf":{"@id":"https:\/\/www.iucuellar.org\/#website"},"primaryImageOfPage":{"@id":"https:\/\/www.iucuellar.org\/?p=4411#primaryimage"},"image":{"@id":"https:\/\/www.iucuellar.org\/?p=4411#primaryimage"},"thumbnailUrl":"https:\/\/i0.wp.com\/www.iucuellar.org\/public\/2023\/05\/DSC_3098.jpg?fit=2457%2C1638&ssl=1","datePublished":"2023-05-25T13:58:45+00:00","dateModified":"2023-08-17T10:45:44+00:00","description":"IU Cuellar realiz\u00f3 un acto electoral, con la presencia del coordinador regional Juan Gasc\u00f3n, y el responsable del area program\u00e1tica de IU federal Carlos S\u00e1nchez Mato","breadcrumb":{"@id":"https:\/\/www.iucuellar.org\/?p=4411#breadcrumb"},"inLanguage":"es","potentialAction":[{"@type":"ReadAction","target":["https:\/\/www.iucuellar.org\/?p=4411"]}]},{"@type":"ImageObject","inLanguage":"es","@id":"https:\/\/www.iucuellar.org\/?p=4411#primaryimage","url":"https:\/\/i0.wp.com\/www.iucuellar.org\/public\/2023\/05\/DSC_3098.jpg?fit=2457%2C1638&ssl=1","contentUrl":"https:\/\/i0.wp.com\/www.iucuellar.org\/public\/2023\/05\/DSC_3098.jpg?fit=2457%2C1638&ssl=1","width":2457,"height":1638},{"@type":"BreadcrumbList","@id":"https:\/\/www.iucuellar.org\/?p=4411#breadcrumb","itemListElement":[{"@type":"ListItem","position":1,"name":"Inicio","item":"https:\/\/www.iucuellar.org\/"},{"@type":"ListItem","position":2,"name":"Acto Electoral de IU Cu\u00e9llar"}]},{"@type":"WebSite","@id":"https:\/\/www.iucuellar.org\/#website","url":"https:\/\/www.iucuellar.org\/","name":"Izquierda Unida Cu\u00e9llar y Comarca","description":"Lugar de opini\u00f3n y discusi\u00f3n de la izquierda","publisher":{"@id":"https:\/\/www.iucuellar.org\/#organization"},"potentialAction":[{"@type":"SearchAction","target":{"@type":"EntryPoint","urlTemplate":"https:\/\/www.iucuellar.org\/?s={search_term_string}"},"query-input":"required name=search_term_string"}],"inLanguage":"es"},{"@type":"Organization","@id":"https:\/\/www.iucuellar.org\/#organization","name":"IU CUELLAR","url":"https:\/\/www.iucuellar.org\/","logo":{"@type":"ImageObject","inLanguage":"es","@id":"https:\/\/www.iucuellar.org\/#\/schema\/logo\/image\/","url":"https:\/\/i0.wp.com\/www.iucuellar.org\/public\/2022\/07\/cropped-avatar_redondo_Twitter.png?fit=512%2C512&ssl=1","contentUrl":"https:\/\/i0.wp.com\/www.iucuellar.org\/public\/2022\/07\/cropped-avatar_redondo_Twitter.png?fit=512%2C512&ssl=1","width":512,"height":512,"caption":"IU CUELLAR"},"image":{"@id":"https:\/\/www.iucuellar.org\/#\/schema\/logo\/image\/"},"sameAs":["https:\/\/www.facebook.com\/iucuellar","https:\/\/x.com\/IU_CUELLAR","https:\/\/www.instagram.com\/iucuellar\/","https:\/\/www.threads.net\/@iucuellar"]},{"@type":"Person","@id":"https:\/\/www.iucuellar.org\/#\/schema\/person\/0ed49683a220f525fdeb90989b5c672d","name":"Comunicaci\u00f3n","image":{"@type":"ImageObject","inLanguage":"es","@id":"https:\/\/www.iucuellar.org\/#\/schema\/person\/image\/","url":"https:\/\/secure.gravatar.com\/avatar\/1bb1e96b498ea4b5098098798744923e?s=96&d=mm&r=g","contentUrl":"https:\/\/secure.gravatar.com\/avatar\/1bb1e96b498ea4b5098098798744923e?s=96&d=mm&r=g","caption":"Comunicaci\u00f3n"},"url":"https:\/\/www.iucuellar.org\/?author=1"}]}},"jetpack_featured_media_url":"https:\/\/i0.wp.com\/www.iucuellar.org\/public\/2023\/05\/DSC_3098.jpg?fit=2457%2C1638&ssl=1","jetpack_sharing_enabled":true,"jetpack_shortlink":"https:\/\/wp.me\/p8rn8P-199","_links":{"self":[{"href":"https:\/\/www.iucuellar.org\/index.php?rest_route=\/wp\/v2\/posts\/4411"}],"collection":[{"href":"https:\/\/www.iucuellar.org\/index.php?rest_route=\/wp\/v2\/posts"}],"about":[{"href":"https:\/\/www.iucuellar.org\/index.php?rest_route=\/wp\/v2\/types\/post"}],"author":[{"embeddable":true,"href":"https:\/\/www.iucuellar.org\/index.php?rest_route=\/wp\/v2\/users\/1"}],"replies":[{"embeddable":true,"href":"https:\/\/www.iucuellar.org\/index.php?rest_route=%2Fwp%2Fv2%2Fcomments&post=4411"}],"version-history":[{"count":5,"href":"https:\/\/www.iucuellar.org\/index.php?rest_route=\/wp\/v2\/posts\/4411\/revisions"}],"predecessor-version":[{"id":4439,"href":"https:\/\/www.iucuellar.org\/index.php?rest_route=\/wp\/v2\/posts\/4411\/revisions\/4439"}],"wp:featuredmedia":[{"embeddable":true,"href":"https:\/\/www.iucuellar.org\/index.php?rest_route=\/wp\/v2\/media\/4413"}],"wp:attachment":[{"href":"https:\/\/www.iucuellar.org\/index.php?rest_route=%2Fwp%2Fv2%2Fmedia&parent=4411"}],"wp:term":[{"taxonomy":"category","embeddable":true,"href":"https:\/\/www.iucuellar.org\/index.php?rest_route=%2Fwp%2Fv2%2Fcategories&post=4411"},{"taxonomy":"post_tag","embeddable":true,"href":"https:\/\/www.iucuellar.org\/index.php?rest_route=%2Fwp%2Fv2%2Ftags&post=4411"}],"curies":[{"name":"wp","href":"https:\/\/api.w.org\/{rel}","templated":true}]}}