{"id":4451,"date":"2023-10-05T09:47:12","date_gmt":"2023-10-05T07:47:12","guid":{"rendered":"https:\/\/www.iucuellar.org\/?p=4451"},"modified":"2023-10-24T18:45:51","modified_gmt":"2023-10-24T16:45:51","slug":"manu-pineda-eurodiputado-de-izquierda-unida-acude-a-cuellar-a-apoyar-el-proyecto-del-auditorio-y-autobus-urbano","status":"publish","type":"post","link":"https:\/\/www.iucuellar.org\/?p=4451","title":{"rendered":"Manu Pineda, Eurodiputado de Izquierda Unida, acude a Cu\u00e9llar a apoyar el proyecto del auditorio y autob\u00fas urbano"},"content":{"rendered":"\n<p>El eurodiputado de IU, Manu Pineda, ha asegurado en su visita al municipio que \u201cexisten fondos europeos para realizar este tipo de obras\u201d pero es responsabilidad de la Junta que llegue a los municipios.<\/p>\n\n\n\n<figure class=\"wp-block-image aligncenter size-large\"><img loading=\"lazy\" decoding=\"async\" width=\"800\" height=\"533\" src=\"https:\/\/i0.wp.com\/www.iucuellar.org\/public\/2023\/10\/WhatsApp-Image-2023-10-04-at-23.19.20-2.jpeg?resize=800%2C533&#038;ssl=1\" alt=\"\" class=\"wp-image-4483\" srcset=\"https:\/\/i0.wp.com\/www.iucuellar.org\/public\/2023\/10\/WhatsApp-Image-2023-10-04-at-23.19.20-2.jpeg?resize=1024%2C682&amp;ssl=1 1024w, https:\/\/i0.wp.com\/www.iucuellar.org\/public\/2023\/10\/WhatsApp-Image-2023-10-04-at-23.19.20-2.jpeg?resize=300%2C200&amp;ssl=1 300w, https:\/\/i0.wp.com\/www.iucuellar.org\/public\/2023\/10\/WhatsApp-Image-2023-10-04-at-23.19.20-2.jpeg?resize=768%2C512&amp;ssl=1 768w, https:\/\/i0.wp.com\/www.iucuellar.org\/public\/2023\/10\/WhatsApp-Image-2023-10-04-at-23.19.20-2.jpeg?w=1280&amp;ssl=1 1280w\" sizes=\"(max-width: 800px) 100vw, 800px\" data-recalc-dims=\"1\" \/><\/figure>\n\n\n\n<p>La asamblea local de IU Cu\u00e9llar ha reiterado, durante la visita del eurodiputado Manu Pineda, su demanda de dotar al municipio de una nueva sala de la cultura. Dotada en las instalaciones de la iglesia, claustro y huerta de San Francisco.  IU afirma que es la \u201cresponsabilidad de la Junta y de la Diputaci\u00f3n de Segovia\u201d que los vecinos puedan disfrutar de estos servicios p\u00fablicos.<\/p>\n\n\n\n<h2>Proyectos posibles con fondos europeos, afirma Manu Pineda.<\/h2>\n\n\n\n<p>As\u00ed lo ha asegurado el parlamentario europeo de Izquierda Unida. En su paso por el municipio de Cu\u00e9llar ha recordado que varias partidas de fondos europeos contemplan la financiaci\u00f3n de proyectos como este y es \u201cresponsabilidad de las comunidades aut\u00f3nomas que puedan materializarse\u201d. Adem\u00e1s del auditorio, Pineda se\u00f1al\u00f3 que proyectos como <a href=\"https:\/\/www.iucuellar.org\/?p=3871\" target=\"_blank\" rel=\"noreferrer noopener\">el autob\u00fas urbano de Cu\u00e9llar<\/a> podr\u00eda acogerse a fondos europeos y convertirse en una realidad \u201csi la Junta llegado el momento, hace su trabajo\u201d.<\/p>\n\n\n\n<p>En concreto, el eurodiputado ha respaldado las iniciativas de dotar de una l\u00ednea de transporte p\u00fablico al pueblo, de manera que los distintos barrios, n\u00facleos aislados y ELM queden conectados, y la apuesta por construir un nuevo auditorio \u201ca la altura de un municipio como Cu\u00e9llar\u201d.<\/p>\n\n\n\n<p>La concejala de Hacienda de Cu\u00e9llar, Luc\u00eda Arranz (IU) record\u00f3 que \u201cel Ayuntamiento ha hecho un enorme esfuerzo econ\u00f3mico en la adquisici\u00f3n del terreno para este proyecto y sigue dando pasos trabajando las bases del concurso de proyectos\u201d, pero carece de fondos propios para asumir la totalidad de la obra. Seg\u00fan la edil cuellarana, el proyecto del auditorio necesita \u201cs\u00ed o s\u00ed\u201d de apoyo externo.<\/p>\n\n\n\n<figure class=\"wp-block-image aligncenter size-large\"><img loading=\"lazy\" decoding=\"async\" width=\"800\" height=\"533\" src=\"https:\/\/i0.wp.com\/www.iucuellar.org\/public\/2023\/10\/WhatsApp-Image-2023-10-04-at-23.19.20-1.jpeg?resize=800%2C533&#038;ssl=1\" alt=\"\" class=\"wp-image-4481\" srcset=\"https:\/\/i0.wp.com\/www.iucuellar.org\/public\/2023\/10\/WhatsApp-Image-2023-10-04-at-23.19.20-1.jpeg?resize=1024%2C682&amp;ssl=1 1024w, https:\/\/i0.wp.com\/www.iucuellar.org\/public\/2023\/10\/WhatsApp-Image-2023-10-04-at-23.19.20-1.jpeg?resize=300%2C200&amp;ssl=1 300w, https:\/\/i0.wp.com\/www.iucuellar.org\/public\/2023\/10\/WhatsApp-Image-2023-10-04-at-23.19.20-1.jpeg?resize=768%2C512&amp;ssl=1 768w, https:\/\/i0.wp.com\/www.iucuellar.org\/public\/2023\/10\/WhatsApp-Image-2023-10-04-at-23.19.20-1.jpeg?w=1280&amp;ssl=1 1280w\" sizes=\"(max-width: 800px) 100vw, 800px\" data-recalc-dims=\"1\" \/><\/figure>\n\n\n\n<p>\u201cLa pelota est\u00e1 en el tejado de la Junta de CyL y su gesti\u00f3n de los fondos europeos y en menor medida de la Diputaci\u00f3n de Segovia. Estamos hablando de dos proyectos, auditorio y bus urbano, que el pueblo de Cu\u00e9llar necesita y que desde IU estamos impulsando en el Ayuntamiento. Solo nos falta que la Junta ponga a disposici\u00f3n los fondos que ya tiene\u201d.<\/p>\n\n\n\n<h2><strong>Cu\u00e9llar de regreso al Parlamento Europeo<\/strong><\/h2>\n\n\n\n<p>La visita del eurodiputado Manu Pineda no es la primera acci\u00f3n que involucra al Parlamento Europeo con Cu\u00e9llar. Tambi\u00e9n desde <a href=\"https:\/\/iusegovia.es\/sg\/2023\/04\/visita-de-lucia-arranz-al-parlamento-europeo\/\" target=\"_blank\" rel=\"noreferrer noopener\">Izquierda Unida registraron una pregunta sobre el estado del r\u00edo Cega <\/a>exigiendo que la Comisi\u00f3n Europea investigue lo que consideran \u201cun atentado medioambiental\u201d. El Parlamento tendr\u00e1 que contestar a la misma antes del mes de diciembre.<\/p>\n\n\n\n<p>Bajo estas lineas un audio de Manu Pineda apoyando los proyectos anteriormente mencionados.<\/p>\n\n\n\n<figure class=\"wp-block-audio\"><audio controls src=\"https:\/\/www.iucuellar.org\/2023\/Audios\/Audio_ManuPineda_visitaCuellar.mp4\"><\/audio><\/figure>\n","protected":false},"excerpt":{"rendered":"<p>El eurodiputado de IU, Manu Pineda, ha asegurado en su visita al municipio que \u201cexisten fondos europeos para realizar este<\/p>\n","protected":false},"author":1,"featured_media":4481,"comment_status":"open","ping_status":"open","sticky":false,"template":"","format":"standard","meta":{"sfsi_plus_gutenberg_text_before_share":"","sfsi_plus_gutenberg_show_text_before_share":"","sfsi_plus_gutenberg_icon_type":"","sfsi_plus_gutenberg_icon_alignemt":"","sfsi_plus_gutenburg_max_per_row":"","_exactmetrics_skip_tracking":false,"_exactmetrics_sitenote_active":false,"_exactmetrics_sitenote_note":"","_exactmetrics_sitenote_category":0,"ngg_post_thumbnail":0,"_jetpack_memberships_contains_paid_content":false,"footnotes":""},"categories":[7,21,25,13,15],"tags":[92,120,36,35,57,43,40,121,82,91,86],"yoast_head":"<!-- This site is optimized with the Yoast SEO plugin v22.9 - https:\/\/yoast.com\/wordpress\/plugins\/seo\/ -->\r\n<title>Manu Pineda, Eurodiputado de Izquierda Unida, acude a Cu\u00e9llar a apoyar el proyecto del auditorio y autob\u00fas urbano<\/title>\r\n<meta name=\"description\" content=\"Manu Pineda afirma: \u201cexisten fondos europeos para realizar este tipo de obras, es responsabilidad de la Junta que llegue a los municipios&quot;\" \/>\r\n<meta name=\"robots\" content=\"index, follow, max-snippet:-1, max-image-preview:large, max-video-preview:-1\" \/>\r\n<link rel=\"canonical\" href=\"https:\/\/www.iucuellar.org\/?p=4451\" \/>\r\n<meta property=\"og:locale\" content=\"es_ES\" \/>\r\n<meta property=\"og:type\" content=\"article\" \/>\r\n<meta property=\"og:title\" content=\"Manu Pineda, Eurodiputado de Izquierda Unida, acude a Cu\u00e9llar a apoyar el proyecto del auditorio y autob\u00fas urbano\" \/>\r\n<meta property=\"og:description\" content=\"Manu Pineda afirma: \u201cexisten fondos europeos para realizar este tipo de obras, es responsabilidad de la Junta que llegue a los municipios&quot;\" \/>\r\n<meta property=\"og:url\" content=\"https:\/\/www.iucuellar.org\/?p=4451\" \/>\r\n<meta property=\"og:site_name\" content=\"Izquierda Unida Cu\u00e9llar\" \/>\r\n<meta property=\"article:publisher\" content=\"https:\/\/www.facebook.com\/iucuellar\" \/>\r\n<meta property=\"article:published_time\" content=\"2023-10-05T07:47:12+00:00\" \/>\r\n<meta property=\"article:modified_time\" content=\"2023-10-24T16:45:51+00:00\" \/>\r\n<meta property=\"og:image\" content=\"https:\/\/www.iucuellar.org\/public\/2023\/10\/WhatsApp-Image-2023-10-04-at-23.19.20-1.jpeg\" \/>\r\n\t<meta property=\"og:image:width\" content=\"1280\" \/>\r\n\t<meta property=\"og:image:height\" content=\"853\" \/>\r\n\t<meta property=\"og:image:type\" content=\"image\/jpeg\" \/>\r\n<meta name=\"author\" content=\"Comunicaci\u00f3n\" \/>\r\n<meta name=\"twitter:card\" content=\"summary_large_image\" \/>\r\n<meta name=\"twitter:creator\" content=\"@IU_CUELLAR\" \/>\r\n<meta name=\"twitter:site\" content=\"@IU_CUELLAR\" \/>\r\n<meta name=\"twitter:label1\" content=\"Escrito por\" \/>\n\t<meta name=\"twitter:data1\" content=\"Comunicaci\u00f3n\" \/>\n\t<meta name=\"twitter:label2\" content=\"Tiempo de lectura\" \/>\n\t<meta name=\"twitter:data2\" content=\"3 minutos\" \/>\r\n<script type=\"application\/ld+json\" class=\"yoast-schema-graph\">{\"@context\":\"https:\/\/schema.org\",\"@graph\":[{\"@type\":\"Article\",\"@id\":\"https:\/\/www.iucuellar.org\/?p=4451#article\",\"isPartOf\":{\"@id\":\"https:\/\/www.iucuellar.org\/?p=4451\"},\"author\":{\"name\":\"Comunicaci\u00f3n\",\"@id\":\"https:\/\/www.iucuellar.org\/#\/schema\/person\/0ed49683a220f525fdeb90989b5c672d\"},\"headline\":\"Manu Pineda, Eurodiputado de Izquierda Unida, acude a Cu\u00e9llar a apoyar el proyecto del auditorio y autob\u00fas urbano\",\"datePublished\":\"2023-10-05T07:47:12+00:00\",\"dateModified\":\"2023-10-24T16:45:51+00:00\",\"mainEntityOfPage\":{\"@id\":\"https:\/\/www.iucuellar.org\/?p=4451\"},\"wordCount\":483,\"commentCount\":0,\"publisher\":{\"@id\":\"https:\/\/www.iucuellar.org\/#organization\"},\"image\":{\"@id\":\"https:\/\/www.iucuellar.org\/?p=4451#primaryimage\"},\"thumbnailUrl\":\"https:\/\/i0.wp.com\/www.iucuellar.org\/public\/2023\/10\/WhatsApp-Image-2023-10-04-at-23.19.20-1.jpeg?fit=1280%2C853&ssl=1\",\"keywords\":[\"Asamblea Comarcal\",\"auditorio\",\"Ayuntamiento\",\"Cuellar\",\"Cultura\",\"IU\",\"Izquierda Unida\",\"Manu Pineda\",\"rio cega\",\"Segovia\",\"Transporte\"],\"articleSection\":[\"Cultura\",\"Izquierda Unida\",\"Juventud\",\"obras y servicios\",\"Tr\u00e1fico y seguridad vial\"],\"inLanguage\":\"es\",\"potentialAction\":[{\"@type\":\"CommentAction\",\"name\":\"Comment\",\"target\":[\"https:\/\/www.iucuellar.org\/?p=4451#respond\"]}]},{\"@type\":\"WebPage\",\"@id\":\"https:\/\/www.iucuellar.org\/?p=4451\",\"url\":\"https:\/\/www.iucuellar.org\/?p=4451\",\"name\":\"Manu Pineda, Eurodiputado de Izquierda Unida, acude a Cu\u00e9llar a apoyar el proyecto del auditorio y autob\u00fas urbano\",\"isPartOf\":{\"@id\":\"https:\/\/www.iucuellar.org\/#website\"},\"primaryImageOfPage\":{\"@id\":\"https:\/\/www.iucuellar.org\/?p=4451#primaryimage\"},\"image\":{\"@id\":\"https:\/\/www.iucuellar.org\/?p=4451#primaryimage\"},\"thumbnailUrl\":\"https:\/\/i0.wp.com\/www.iucuellar.org\/public\/2023\/10\/WhatsApp-Image-2023-10-04-at-23.19.20-1.jpeg?fit=1280%2C853&ssl=1\",\"datePublished\":\"2023-10-05T07:47:12+00:00\",\"dateModified\":\"2023-10-24T16:45:51+00:00\",\"description\":\"Manu Pineda afirma: \u201cexisten fondos europeos para realizar este tipo de obras, es responsabilidad de la Junta que llegue a los municipios\\\"\",\"breadcrumb\":{\"@id\":\"https:\/\/www.iucuellar.org\/?p=4451#breadcrumb\"},\"inLanguage\":\"es\",\"potentialAction\":[{\"@type\":\"ReadAction\",\"target\":[\"https:\/\/www.iucuellar.org\/?p=4451\"]}]},{\"@type\":\"ImageObject\",\"inLanguage\":\"es\",\"@id\":\"https:\/\/www.iucuellar.org\/?p=4451#primaryimage\",\"url\":\"https:\/\/i0.wp.com\/www.iucuellar.org\/public\/2023\/10\/WhatsApp-Image-2023-10-04-at-23.19.20-1.jpeg?fit=1280%2C853&ssl=1\",\"contentUrl\":\"https:\/\/i0.wp.com\/www.iucuellar.org\/public\/2023\/10\/WhatsApp-Image-2023-10-04-at-23.19.20-1.jpeg?fit=1280%2C853&ssl=1\",\"width\":1280,\"height\":853},{\"@type\":\"BreadcrumbList\",\"@id\":\"https:\/\/www.iucuellar.org\/?p=4451#breadcrumb\",\"itemListElement\":[{\"@type\":\"ListItem\",\"position\":1,\"name\":\"Inicio\",\"item\":\"https:\/\/www.iucuellar.org\/\"},{\"@type\":\"ListItem\",\"position\":2,\"name\":\"Manu Pineda, Eurodiputado de Izquierda Unida, acude a Cu\u00e9llar a apoyar el proyecto del auditorio y autob\u00fas urbano\"}]},{\"@type\":\"WebSite\",\"@id\":\"https:\/\/www.iucuellar.org\/#website\",\"url\":\"https:\/\/www.iucuellar.org\/\",\"name\":\"Izquierda Unida Cu\u00e9llar y Comarca\",\"description\":\"Lugar de opini\u00f3n y discusi\u00f3n de la izquierda\",\"publisher\":{\"@id\":\"https:\/\/www.iucuellar.org\/#organization\"},\"potentialAction\":[{\"@type\":\"SearchAction\",\"target\":{\"@type\":\"EntryPoint\",\"urlTemplate\":\"https:\/\/www.iucuellar.org\/?s={search_term_string}\"},\"query-input\":\"required name=search_term_string\"}],\"inLanguage\":\"es\"},{\"@type\":\"Organization\",\"@id\":\"https:\/\/www.iucuellar.org\/#organization\",\"name\":\"IU CUELLAR\",\"url\":\"https:\/\/www.iucuellar.org\/\",\"logo\":{\"@type\":\"ImageObject\",\"inLanguage\":\"es\",\"@id\":\"https:\/\/www.iucuellar.org\/#\/schema\/logo\/image\/\",\"url\":\"https:\/\/i0.wp.com\/www.iucuellar.org\/public\/2022\/07\/cropped-avatar_redondo_Twitter.png?fit=512%2C512&ssl=1\",\"contentUrl\":\"https:\/\/i0.wp.com\/www.iucuellar.org\/public\/2022\/07\/cropped-avatar_redondo_Twitter.png?fit=512%2C512&ssl=1\",\"width\":512,\"height\":512,\"caption\":\"IU CUELLAR\"},\"image\":{\"@id\":\"https:\/\/www.iucuellar.org\/#\/schema\/logo\/image\/\"},\"sameAs\":[\"https:\/\/www.facebook.com\/iucuellar\",\"https:\/\/x.com\/IU_CUELLAR\",\"https:\/\/www.instagram.com\/iucuellar\/\",\"https:\/\/www.threads.net\/@iucuellar\"]},{\"@type\":\"Person\",\"@id\":\"https:\/\/www.iucuellar.org\/#\/schema\/person\/0ed49683a220f525fdeb90989b5c672d\",\"name\":\"Comunicaci\u00f3n\",\"image\":{\"@type\":\"ImageObject\",\"inLanguage\":\"es\",\"@id\":\"https:\/\/www.iucuellar.org\/#\/schema\/person\/image\/\",\"url\":\"https:\/\/secure.gravatar.com\/avatar\/1bb1e96b498ea4b5098098798744923e?s=96&d=mm&r=g\",\"contentUrl\":\"https:\/\/secure.gravatar.com\/avatar\/1bb1e96b498ea4b5098098798744923e?s=96&d=mm&r=g\",\"caption\":\"Comunicaci\u00f3n\"},\"url\":\"https:\/\/www.iucuellar.org\/?author=1\"}]}<\/script>\r\n<!-- \/ Yoast SEO plugin. -->","yoast_head_json":{"title":"Manu Pineda, Eurodiputado de Izquierda Unida, acude a Cu\u00e9llar a apoyar el proyecto del auditorio y autob\u00fas urbano","description":"Manu Pineda afirma: \u201cexisten fondos europeos para realizar este tipo de obras, es responsabilidad de la Junta que llegue a los municipios\"","robots":{"index":"index","follow":"follow","max-snippet":"max-snippet:-1","max-image-preview":"max-image-preview:large","max-video-preview":"max-video-preview:-1"},"canonical":"https:\/\/www.iucuellar.org\/?p=4451","og_locale":"es_ES","og_type":"article","og_title":"Manu Pineda, Eurodiputado de Izquierda Unida, acude a Cu\u00e9llar a apoyar el proyecto del auditorio y autob\u00fas urbano","og_description":"Manu Pineda afirma: \u201cexisten fondos europeos para realizar este tipo de obras, es responsabilidad de la Junta que llegue a los municipios\"","og_url":"https:\/\/www.iucuellar.org\/?p=4451","og_site_name":"Izquierda Unida Cu\u00e9llar","article_publisher":"https:\/\/www.facebook.com\/iucuellar","article_published_time":"2023-10-05T07:47:12+00:00","article_modified_time":"2023-10-24T16:45:51+00:00","og_image":[{"width":1280,"height":853,"url":"https:\/\/www.iucuellar.org\/public\/2023\/10\/WhatsApp-Image-2023-10-04-at-23.19.20-1.jpeg","type":"image\/jpeg"}],"author":"Comunicaci\u00f3n","twitter_card":"summary_large_image","twitter_creator":"@IU_CUELLAR","twitter_site":"@IU_CUELLAR","twitter_misc":{"Escrito por":"Comunicaci\u00f3n","Tiempo de lectura":"3 minutos"},"schema":{"@context":"https:\/\/schema.org","@graph":[{"@type":"Article","@id":"https:\/\/www.iucuellar.org\/?p=4451#article","isPartOf":{"@id":"https:\/\/www.iucuellar.org\/?p=4451"},"author":{"name":"Comunicaci\u00f3n","@id":"https:\/\/www.iucuellar.org\/#\/schema\/person\/0ed49683a220f525fdeb90989b5c672d"},"headline":"Manu Pineda, Eurodiputado de Izquierda Unida, acude a Cu\u00e9llar a apoyar el proyecto del auditorio y autob\u00fas urbano","datePublished":"2023-10-05T07:47:12+00:00","dateModified":"2023-10-24T16:45:51+00:00","mainEntityOfPage":{"@id":"https:\/\/www.iucuellar.org\/?p=4451"},"wordCount":483,"commentCount":0,"publisher":{"@id":"https:\/\/www.iucuellar.org\/#organization"},"image":{"@id":"https:\/\/www.iucuellar.org\/?p=4451#primaryimage"},"thumbnailUrl":"https:\/\/i0.wp.com\/www.iucuellar.org\/public\/2023\/10\/WhatsApp-Image-2023-10-04-at-23.19.20-1.jpeg?fit=1280%2C853&ssl=1","keywords":["Asamblea Comarcal","auditorio","Ayuntamiento","Cuellar","Cultura","IU","Izquierda Unida","Manu Pineda","rio cega","Segovia","Transporte"],"articleSection":["Cultura","Izquierda Unida","Juventud","obras y servicios","Tr\u00e1fico y seguridad vial"],"inLanguage":"es","potentialAction":[{"@type":"CommentAction","name":"Comment","target":["https:\/\/www.iucuellar.org\/?p=4451#respond"]}]},{"@type":"WebPage","@id":"https:\/\/www.iucuellar.org\/?p=4451","url":"https:\/\/www.iucuellar.org\/?p=4451","name":"Manu Pineda, Eurodiputado de Izquierda Unida, acude a Cu\u00e9llar a apoyar el proyecto del auditorio y autob\u00fas urbano","isPartOf":{"@id":"https:\/\/www.iucuellar.org\/#website"},"primaryImageOfPage":{"@id":"https:\/\/www.iucuellar.org\/?p=4451#primaryimage"},"image":{"@id":"https:\/\/www.iucuellar.org\/?p=4451#primaryimage"},"thumbnailUrl":"https:\/\/i0.wp.com\/www.iucuellar.org\/public\/2023\/10\/WhatsApp-Image-2023-10-04-at-23.19.20-1.jpeg?fit=1280%2C853&ssl=1","datePublished":"2023-10-05T07:47:12+00:00","dateModified":"2023-10-24T16:45:51+00:00","description":"Manu Pineda afirma: \u201cexisten fondos europeos para realizar este tipo de obras, es responsabilidad de la Junta que llegue a los municipios\"","breadcrumb":{"@id":"https:\/\/www.iucuellar.org\/?p=4451#breadcrumb"},"inLanguage":"es","potentialAction":[{"@type":"ReadAction","target":["https:\/\/www.iucuellar.org\/?p=4451"]}]},{"@type":"ImageObject","inLanguage":"es","@id":"https:\/\/www.iucuellar.org\/?p=4451#primaryimage","url":"https:\/\/i0.wp.com\/www.iucuellar.org\/public\/2023\/10\/WhatsApp-Image-2023-10-04-at-23.19.20-1.jpeg?fit=1280%2C853&ssl=1","contentUrl":"https:\/\/i0.wp.com\/www.iucuellar.org\/public\/2023\/10\/WhatsApp-Image-2023-10-04-at-23.19.20-1.jpeg?fit=1280%2C853&ssl=1","width":1280,"height":853},{"@type":"BreadcrumbList","@id":"https:\/\/www.iucuellar.org\/?p=4451#breadcrumb","itemListElement":[{"@type":"ListItem","position":1,"name":"Inicio","item":"https:\/\/www.iucuellar.org\/"},{"@type":"ListItem","position":2,"name":"Manu Pineda, Eurodiputado de Izquierda Unida, acude a Cu\u00e9llar a apoyar el proyecto del auditorio y autob\u00fas urbano"}]},{"@type":"WebSite","@id":"https:\/\/www.iucuellar.org\/#website","url":"https:\/\/www.iucuellar.org\/","name":"Izquierda Unida Cu\u00e9llar y Comarca","description":"Lugar de opini\u00f3n y discusi\u00f3n de la izquierda","publisher":{"@id":"https:\/\/www.iucuellar.org\/#organization"},"potentialAction":[{"@type":"SearchAction","target":{"@type":"EntryPoint","urlTemplate":"https:\/\/www.iucuellar.org\/?s={search_term_string}"},"query-input":"required name=search_term_string"}],"inLanguage":"es"},{"@type":"Organization","@id":"https:\/\/www.iucuellar.org\/#organization","name":"IU CUELLAR","url":"https:\/\/www.iucuellar.org\/","logo":{"@type":"ImageObject","inLanguage":"es","@id":"https:\/\/www.iucuellar.org\/#\/schema\/logo\/image\/","url":"https:\/\/i0.wp.com\/www.iucuellar.org\/public\/2022\/07\/cropped-avatar_redondo_Twitter.png?fit=512%2C512&ssl=1","contentUrl":"https:\/\/i0.wp.com\/www.iucuellar.org\/public\/2022\/07\/cropped-avatar_redondo_Twitter.png?fit=512%2C512&ssl=1","width":512,"height":512,"caption":"IU CUELLAR"},"image":{"@id":"https:\/\/www.iucuellar.org\/#\/schema\/logo\/image\/"},"sameAs":["https:\/\/www.facebook.com\/iucuellar","https:\/\/x.com\/IU_CUELLAR","https:\/\/www.instagram.com\/iucuellar\/","https:\/\/www.threads.net\/@iucuellar"]},{"@type":"Person","@id":"https:\/\/www.iucuellar.org\/#\/schema\/person\/0ed49683a220f525fdeb90989b5c672d","name":"Comunicaci\u00f3n","image":{"@type":"ImageObject","inLanguage":"es","@id":"https:\/\/www.iucuellar.org\/#\/schema\/person\/image\/","url":"https:\/\/secure.gravatar.com\/avatar\/1bb1e96b498ea4b5098098798744923e?s=96&d=mm&r=g","contentUrl":"https:\/\/secure.gravatar.com\/avatar\/1bb1e96b498ea4b5098098798744923e?s=96&d=mm&r=g","caption":"Comunicaci\u00f3n"},"url":"https:\/\/www.iucuellar.org\/?author=1"}]}},"jetpack_featured_media_url":"https:\/\/i0.wp.com\/www.iucuellar.org\/public\/2023\/10\/WhatsApp-Image-2023-10-04-at-23.19.20-1.jpeg?fit=1280%2C853&ssl=1","jetpack_sharing_enabled":true,"jetpack_shortlink":"https:\/\/wp.me\/p8rn8P-19N","_links":{"self":[{"href":"https:\/\/www.iucuellar.org\/index.php?rest_route=\/wp\/v2\/posts\/4451"}],"collection":[{"href":"https:\/\/www.iucuellar.org\/index.php?rest_route=\/wp\/v2\/posts"}],"about":[{"href":"https:\/\/www.iucuellar.org\/index.php?rest_route=\/wp\/v2\/types\/post"}],"author":[{"embeddable":true,"href":"https:\/\/www.iucuellar.org\/index.php?rest_route=\/wp\/v2\/users\/1"}],"replies":[{"embeddable":true,"href":"https:\/\/www.iucuellar.org\/index.php?rest_route=%2Fwp%2Fv2%2Fcomments&post=4451"}],"version-history":[{"count":7,"href":"https:\/\/www.iucuellar.org\/index.php?rest_route=\/wp\/v2\/posts\/4451\/revisions"}],"predecessor-version":[{"id":4484,"href":"https:\/\/www.iucuellar.org\/index.php?rest_route=\/wp\/v2\/posts\/4451\/revisions\/4484"}],"wp:featuredmedia":[{"embeddable":true,"href":"https:\/\/www.iucuellar.org\/index.php?rest_route=\/wp\/v2\/media\/4481"}],"wp:attachment":[{"href":"https:\/\/www.iucuellar.org\/index.php?rest_route=%2Fwp%2Fv2%2Fmedia&parent=4451"}],"wp:term":[{"taxonomy":"category","embeddable":true,"href":"https:\/\/www.iucuellar.org\/index.php?rest_route=%2Fwp%2Fv2%2Fcategories&post=4451"},{"taxonomy":"post_tag","embeddable":true,"href":"https:\/\/www.iucuellar.org\/index.php?rest_route=%2Fwp%2Fv2%2Ftags&post=4451"}],"curies":[{"name":"wp","href":"https:\/\/api.w.org\/{rel}","templated":true}]}}