{"id":4491,"date":"2023-10-27T16:46:56","date_gmt":"2023-10-27T14:46:56","guid":{"rendered":"https:\/\/www.iucuellar.org\/?p=4491"},"modified":"2023-10-30T13:14:57","modified_gmt":"2023-10-30T12:14:57","slug":"finalizadas-las-obras-del-fronton","status":"publish","type":"post","link":"https:\/\/www.iucuellar.org\/?p=4491","title":{"rendered":"Finalizadas las obras del front\u00f3n"},"content":{"rendered":"\n<p>Hoy se han dado por finalizadas las obras del front\u00f3n cubierto.<\/p>\n\n\n\n<p>Esta mejora era una reclamaci\u00f3n hist\u00f3rica de casi 150 usuarios. La mayor\u00eda esos usuario son ni\u00f1os, as\u00ed como el club de baloncesto que es el usuario principal, desde su inauguraci\u00f3n hace aproximadamente quince a\u00f1os.<\/p>\n\n\n\n<figure class=\"wp-block-image size-large\"><img loading=\"lazy\" decoding=\"async\" width=\"576\" height=\"1024\" src=\"https:\/\/i0.wp.com\/www.iucuellar.org\/public\/2023\/10\/WhatsApp-Image-2023-10-27-at-15.59.16.jpeg?resize=576%2C1024&#038;ssl=1\" alt=\"finalizadas las obras del front\u00f3n\" class=\"wp-image-4493\" srcset=\"https:\/\/i0.wp.com\/www.iucuellar.org\/public\/2023\/10\/WhatsApp-Image-2023-10-27-at-15.59.16.jpeg?resize=576%2C1024&amp;ssl=1 576w, https:\/\/i0.wp.com\/www.iucuellar.org\/public\/2023\/10\/WhatsApp-Image-2023-10-27-at-15.59.16.jpeg?resize=169%2C300&amp;ssl=1 169w, https:\/\/i0.wp.com\/www.iucuellar.org\/public\/2023\/10\/WhatsApp-Image-2023-10-27-at-15.59.16.jpeg?resize=768%2C1365&amp;ssl=1 768w, https:\/\/i0.wp.com\/www.iucuellar.org\/public\/2023\/10\/WhatsApp-Image-2023-10-27-at-15.59.16.jpeg?resize=864%2C1536&amp;ssl=1 864w, https:\/\/i0.wp.com\/www.iucuellar.org\/public\/2023\/10\/WhatsApp-Image-2023-10-27-at-15.59.16.jpeg?w=1134&amp;ssl=1 1134w\" sizes=\"(max-width: 576px) 100vw, 576px\" data-recalc-dims=\"1\" \/><\/figure>\n\n\n\n<p>Adem\u00e1s de las obras de mejoras en el suelo del front\u00f3n, consistente en el lijado del hormig\u00f3n, dos capas de pintura EPOXI y dos de pintura poliuretano, se han reparado grietas, el tejado y <a href=\"https:\/\/iusegovia.es\/sg\/2022\/12\/ruegos-iu-pleno-mes-de-noviembre\/\">barandillas<\/a>. Tambi\u00e9n se han pintado l\u00edneas de campo de minibasket, futsal, front\u00f3n y basket, para asi poder entrenar mas gente a la vez.<\/p>\n\n\n\n<p>Todo ello ha sido posible al pertenecer al equipo de gobierno y a una <a href=\"https:\/\/www.iucuellar.org\/?p=4344\">enmienda al remanente propuesto por Izquierda Unida la pasada legislatura<\/a>. Y por supuesto al trabajo del concejal de deportes Jon\u00e1s G\u00f3mez.<\/p>\n\n\n\n<p>Queda patente, que con inter\u00e9s y trabajo se avanza.<\/p>\n","protected":false},"excerpt":{"rendered":"<p>Hoy se han dado por finalizadas las obras del front\u00f3n cubierto. Esta mejora era una reclamaci\u00f3n hist\u00f3rica de casi 150<\/p>\n","protected":false},"author":1,"featured_media":4492,"comment_status":"open","ping_status":"open","sticky":false,"template":"","format":"standard","meta":{"sfsi_plus_gutenberg_text_before_share":"","sfsi_plus_gutenberg_show_text_before_share":"","sfsi_plus_gutenberg_icon_type":"","sfsi_plus_gutenberg_icon_alignemt":"","sfsi_plus_gutenburg_max_per_row":"","_exactmetrics_skip_tracking":false,"_exactmetrics_sitenote_active":false,"_exactmetrics_sitenote_note":"","_exactmetrics_sitenote_category":0,"ngg_post_thumbnail":0,"_jetpack_memberships_contains_paid_content":false,"footnotes":""},"categories":[17,21],"tags":[36,35,97,122,43,40,123,110,91],"yoast_head":"<!-- This site is optimized with the Yoast SEO plugin v22.9 - https:\/\/yoast.com\/wordpress\/plugins\/seo\/ -->\r\n<title>Finalizadas las obras del front\u00f3n - Izquierda Unida Cu\u00e9llar<\/title>\r\n<meta name=\"description\" content=\"Hoy se han dado por finalizadas las obras del front\u00f3n de Cu\u00e9llar cubierto. Esta mejora era una reclamaci\u00f3n hist\u00f3rica de casi 150 usuarios.\" \/>\r\n<meta name=\"robots\" content=\"index, follow, max-snippet:-1, max-image-preview:large, max-video-preview:-1\" \/>\r\n<link rel=\"canonical\" href=\"https:\/\/www.iucuellar.org\/?p=4491\" \/>\r\n<meta property=\"og:locale\" content=\"es_ES\" \/>\r\n<meta property=\"og:type\" content=\"article\" \/>\r\n<meta property=\"og:title\" content=\"Finalizadas las obras del front\u00f3n - Izquierda Unida Cu\u00e9llar\" \/>\r\n<meta property=\"og:description\" content=\"Hoy se han dado por finalizadas las obras del front\u00f3n de Cu\u00e9llar cubierto. Esta mejora era una reclamaci\u00f3n hist\u00f3rica de casi 150 usuarios.\" \/>\r\n<meta property=\"og:url\" content=\"https:\/\/www.iucuellar.org\/?p=4491\" \/>\r\n<meta property=\"og:site_name\" content=\"Izquierda Unida Cu\u00e9llar\" \/>\r\n<meta property=\"article:publisher\" content=\"https:\/\/www.facebook.com\/iucuellar\" \/>\r\n<meta property=\"article:published_time\" content=\"2023-10-27T14:46:56+00:00\" \/>\r\n<meta property=\"article:modified_time\" content=\"2023-10-30T12:14:57+00:00\" \/>\r\n<meta property=\"og:image\" content=\"https:\/\/www.iucuellar.org\/public\/2023\/10\/WhatsApp-Image-2023-10-27-at-13.48.01.jpeg\" \/>\r\n\t<meta property=\"og:image:width\" content=\"1599\" \/>\r\n\t<meta property=\"og:image:height\" content=\"899\" \/>\r\n\t<meta property=\"og:image:type\" content=\"image\/jpeg\" \/>\r\n<meta name=\"author\" content=\"Comunicaci\u00f3n\" \/>\r\n<meta name=\"twitter:card\" content=\"summary_large_image\" \/>\r\n<meta name=\"twitter:creator\" content=\"@IU_CUELLAR\" \/>\r\n<meta name=\"twitter:site\" content=\"@IU_CUELLAR\" \/>\r\n<meta name=\"twitter:label1\" content=\"Escrito por\" \/>\n\t<meta name=\"twitter:data1\" content=\"Comunicaci\u00f3n\" \/>\n\t<meta name=\"twitter:label2\" content=\"Tiempo de lectura\" \/>\n\t<meta name=\"twitter:data2\" content=\"1 minuto\" \/>\r\n<script type=\"application\/ld+json\" class=\"yoast-schema-graph\">{\"@context\":\"https:\/\/schema.org\",\"@graph\":[{\"@type\":\"Article\",\"@id\":\"https:\/\/www.iucuellar.org\/?p=4491#article\",\"isPartOf\":{\"@id\":\"https:\/\/www.iucuellar.org\/?p=4491\"},\"author\":{\"name\":\"Comunicaci\u00f3n\",\"@id\":\"https:\/\/www.iucuellar.org\/#\/schema\/person\/0ed49683a220f525fdeb90989b5c672d\"},\"headline\":\"Finalizadas las obras del front\u00f3n\",\"datePublished\":\"2023-10-27T14:46:56+00:00\",\"dateModified\":\"2023-10-30T12:14:57+00:00\",\"mainEntityOfPage\":{\"@id\":\"https:\/\/www.iucuellar.org\/?p=4491\"},\"wordCount\":167,\"commentCount\":0,\"publisher\":{\"@id\":\"https:\/\/www.iucuellar.org\/#organization\"},\"image\":{\"@id\":\"https:\/\/www.iucuellar.org\/?p=4491#primaryimage\"},\"thumbnailUrl\":\"https:\/\/i0.wp.com\/www.iucuellar.org\/public\/2023\/10\/WhatsApp-Image-2023-10-27-at-13.48.01.jpeg?fit=1599%2C899&ssl=1\",\"keywords\":[\"Ayuntamiento\",\"Cuellar\",\"Deporte\",\"front\u00f3n\",\"IU\",\"Izquierda Unida\",\"obras\",\"Presupuesto\",\"Segovia\"],\"articleSection\":[\"Deportes\",\"Izquierda Unida\"],\"inLanguage\":\"es\",\"potentialAction\":[{\"@type\":\"CommentAction\",\"name\":\"Comment\",\"target\":[\"https:\/\/www.iucuellar.org\/?p=4491#respond\"]}]},{\"@type\":\"WebPage\",\"@id\":\"https:\/\/www.iucuellar.org\/?p=4491\",\"url\":\"https:\/\/www.iucuellar.org\/?p=4491\",\"name\":\"Finalizadas las obras del front\u00f3n - Izquierda Unida Cu\u00e9llar\",\"isPartOf\":{\"@id\":\"https:\/\/www.iucuellar.org\/#website\"},\"primaryImageOfPage\":{\"@id\":\"https:\/\/www.iucuellar.org\/?p=4491#primaryimage\"},\"image\":{\"@id\":\"https:\/\/www.iucuellar.org\/?p=4491#primaryimage\"},\"thumbnailUrl\":\"https:\/\/i0.wp.com\/www.iucuellar.org\/public\/2023\/10\/WhatsApp-Image-2023-10-27-at-13.48.01.jpeg?fit=1599%2C899&ssl=1\",\"datePublished\":\"2023-10-27T14:46:56+00:00\",\"dateModified\":\"2023-10-30T12:14:57+00:00\",\"description\":\"Hoy se han dado por finalizadas las obras del front\u00f3n de Cu\u00e9llar cubierto. Esta mejora era una reclamaci\u00f3n hist\u00f3rica de casi 150 usuarios.\",\"breadcrumb\":{\"@id\":\"https:\/\/www.iucuellar.org\/?p=4491#breadcrumb\"},\"inLanguage\":\"es\",\"potentialAction\":[{\"@type\":\"ReadAction\",\"target\":[\"https:\/\/www.iucuellar.org\/?p=4491\"]}]},{\"@type\":\"ImageObject\",\"inLanguage\":\"es\",\"@id\":\"https:\/\/www.iucuellar.org\/?p=4491#primaryimage\",\"url\":\"https:\/\/i0.wp.com\/www.iucuellar.org\/public\/2023\/10\/WhatsApp-Image-2023-10-27-at-13.48.01.jpeg?fit=1599%2C899&ssl=1\",\"contentUrl\":\"https:\/\/i0.wp.com\/www.iucuellar.org\/public\/2023\/10\/WhatsApp-Image-2023-10-27-at-13.48.01.jpeg?fit=1599%2C899&ssl=1\",\"width\":1599,\"height\":899},{\"@type\":\"BreadcrumbList\",\"@id\":\"https:\/\/www.iucuellar.org\/?p=4491#breadcrumb\",\"itemListElement\":[{\"@type\":\"ListItem\",\"position\":1,\"name\":\"Inicio\",\"item\":\"https:\/\/www.iucuellar.org\/\"},{\"@type\":\"ListItem\",\"position\":2,\"name\":\"Finalizadas las obras del front\u00f3n\"}]},{\"@type\":\"WebSite\",\"@id\":\"https:\/\/www.iucuellar.org\/#website\",\"url\":\"https:\/\/www.iucuellar.org\/\",\"name\":\"Izquierda Unida Cu\u00e9llar y Comarca\",\"description\":\"Lugar de opini\u00f3n y discusi\u00f3n de la izquierda\",\"publisher\":{\"@id\":\"https:\/\/www.iucuellar.org\/#organization\"},\"potentialAction\":[{\"@type\":\"SearchAction\",\"target\":{\"@type\":\"EntryPoint\",\"urlTemplate\":\"https:\/\/www.iucuellar.org\/?s={search_term_string}\"},\"query-input\":\"required name=search_term_string\"}],\"inLanguage\":\"es\"},{\"@type\":\"Organization\",\"@id\":\"https:\/\/www.iucuellar.org\/#organization\",\"name\":\"IU CUELLAR\",\"url\":\"https:\/\/www.iucuellar.org\/\",\"logo\":{\"@type\":\"ImageObject\",\"inLanguage\":\"es\",\"@id\":\"https:\/\/www.iucuellar.org\/#\/schema\/logo\/image\/\",\"url\":\"https:\/\/i0.wp.com\/www.iucuellar.org\/public\/2022\/07\/cropped-avatar_redondo_Twitter.png?fit=512%2C512&ssl=1\",\"contentUrl\":\"https:\/\/i0.wp.com\/www.iucuellar.org\/public\/2022\/07\/cropped-avatar_redondo_Twitter.png?fit=512%2C512&ssl=1\",\"width\":512,\"height\":512,\"caption\":\"IU CUELLAR\"},\"image\":{\"@id\":\"https:\/\/www.iucuellar.org\/#\/schema\/logo\/image\/\"},\"sameAs\":[\"https:\/\/www.facebook.com\/iucuellar\",\"https:\/\/x.com\/IU_CUELLAR\",\"https:\/\/www.instagram.com\/iucuellar\/\",\"https:\/\/www.threads.net\/@iucuellar\"]},{\"@type\":\"Person\",\"@id\":\"https:\/\/www.iucuellar.org\/#\/schema\/person\/0ed49683a220f525fdeb90989b5c672d\",\"name\":\"Comunicaci\u00f3n\",\"image\":{\"@type\":\"ImageObject\",\"inLanguage\":\"es\",\"@id\":\"https:\/\/www.iucuellar.org\/#\/schema\/person\/image\/\",\"url\":\"https:\/\/secure.gravatar.com\/avatar\/1bb1e96b498ea4b5098098798744923e?s=96&d=mm&r=g\",\"contentUrl\":\"https:\/\/secure.gravatar.com\/avatar\/1bb1e96b498ea4b5098098798744923e?s=96&d=mm&r=g\",\"caption\":\"Comunicaci\u00f3n\"},\"url\":\"https:\/\/www.iucuellar.org\/?author=1\"}]}<\/script>\r\n<!-- \/ Yoast SEO plugin. -->","yoast_head_json":{"title":"Finalizadas las obras del front\u00f3n - Izquierda Unida Cu\u00e9llar","description":"Hoy se han dado por finalizadas las obras del front\u00f3n de Cu\u00e9llar cubierto. Esta mejora era una reclamaci\u00f3n hist\u00f3rica de casi 150 usuarios.","robots":{"index":"index","follow":"follow","max-snippet":"max-snippet:-1","max-image-preview":"max-image-preview:large","max-video-preview":"max-video-preview:-1"},"canonical":"https:\/\/www.iucuellar.org\/?p=4491","og_locale":"es_ES","og_type":"article","og_title":"Finalizadas las obras del front\u00f3n - Izquierda Unida Cu\u00e9llar","og_description":"Hoy se han dado por finalizadas las obras del front\u00f3n de Cu\u00e9llar cubierto. Esta mejora era una reclamaci\u00f3n hist\u00f3rica de casi 150 usuarios.","og_url":"https:\/\/www.iucuellar.org\/?p=4491","og_site_name":"Izquierda Unida Cu\u00e9llar","article_publisher":"https:\/\/www.facebook.com\/iucuellar","article_published_time":"2023-10-27T14:46:56+00:00","article_modified_time":"2023-10-30T12:14:57+00:00","og_image":[{"width":1599,"height":899,"url":"https:\/\/www.iucuellar.org\/public\/2023\/10\/WhatsApp-Image-2023-10-27-at-13.48.01.jpeg","type":"image\/jpeg"}],"author":"Comunicaci\u00f3n","twitter_card":"summary_large_image","twitter_creator":"@IU_CUELLAR","twitter_site":"@IU_CUELLAR","twitter_misc":{"Escrito por":"Comunicaci\u00f3n","Tiempo de lectura":"1 minuto"},"schema":{"@context":"https:\/\/schema.org","@graph":[{"@type":"Article","@id":"https:\/\/www.iucuellar.org\/?p=4491#article","isPartOf":{"@id":"https:\/\/www.iucuellar.org\/?p=4491"},"author":{"name":"Comunicaci\u00f3n","@id":"https:\/\/www.iucuellar.org\/#\/schema\/person\/0ed49683a220f525fdeb90989b5c672d"},"headline":"Finalizadas las obras del front\u00f3n","datePublished":"2023-10-27T14:46:56+00:00","dateModified":"2023-10-30T12:14:57+00:00","mainEntityOfPage":{"@id":"https:\/\/www.iucuellar.org\/?p=4491"},"wordCount":167,"commentCount":0,"publisher":{"@id":"https:\/\/www.iucuellar.org\/#organization"},"image":{"@id":"https:\/\/www.iucuellar.org\/?p=4491#primaryimage"},"thumbnailUrl":"https:\/\/i0.wp.com\/www.iucuellar.org\/public\/2023\/10\/WhatsApp-Image-2023-10-27-at-13.48.01.jpeg?fit=1599%2C899&ssl=1","keywords":["Ayuntamiento","Cuellar","Deporte","front\u00f3n","IU","Izquierda Unida","obras","Presupuesto","Segovia"],"articleSection":["Deportes","Izquierda Unida"],"inLanguage":"es","potentialAction":[{"@type":"CommentAction","name":"Comment","target":["https:\/\/www.iucuellar.org\/?p=4491#respond"]}]},{"@type":"WebPage","@id":"https:\/\/www.iucuellar.org\/?p=4491","url":"https:\/\/www.iucuellar.org\/?p=4491","name":"Finalizadas las obras del front\u00f3n - Izquierda Unida Cu\u00e9llar","isPartOf":{"@id":"https:\/\/www.iucuellar.org\/#website"},"primaryImageOfPage":{"@id":"https:\/\/www.iucuellar.org\/?p=4491#primaryimage"},"image":{"@id":"https:\/\/www.iucuellar.org\/?p=4491#primaryimage"},"thumbnailUrl":"https:\/\/i0.wp.com\/www.iucuellar.org\/public\/2023\/10\/WhatsApp-Image-2023-10-27-at-13.48.01.jpeg?fit=1599%2C899&ssl=1","datePublished":"2023-10-27T14:46:56+00:00","dateModified":"2023-10-30T12:14:57+00:00","description":"Hoy se han dado por finalizadas las obras del front\u00f3n de Cu\u00e9llar cubierto. Esta mejora era una reclamaci\u00f3n hist\u00f3rica de casi 150 usuarios.","breadcrumb":{"@id":"https:\/\/www.iucuellar.org\/?p=4491#breadcrumb"},"inLanguage":"es","potentialAction":[{"@type":"ReadAction","target":["https:\/\/www.iucuellar.org\/?p=4491"]}]},{"@type":"ImageObject","inLanguage":"es","@id":"https:\/\/www.iucuellar.org\/?p=4491#primaryimage","url":"https:\/\/i0.wp.com\/www.iucuellar.org\/public\/2023\/10\/WhatsApp-Image-2023-10-27-at-13.48.01.jpeg?fit=1599%2C899&ssl=1","contentUrl":"https:\/\/i0.wp.com\/www.iucuellar.org\/public\/2023\/10\/WhatsApp-Image-2023-10-27-at-13.48.01.jpeg?fit=1599%2C899&ssl=1","width":1599,"height":899},{"@type":"BreadcrumbList","@id":"https:\/\/www.iucuellar.org\/?p=4491#breadcrumb","itemListElement":[{"@type":"ListItem","position":1,"name":"Inicio","item":"https:\/\/www.iucuellar.org\/"},{"@type":"ListItem","position":2,"name":"Finalizadas las obras del front\u00f3n"}]},{"@type":"WebSite","@id":"https:\/\/www.iucuellar.org\/#website","url":"https:\/\/www.iucuellar.org\/","name":"Izquierda Unida Cu\u00e9llar y Comarca","description":"Lugar de opini\u00f3n y discusi\u00f3n de la izquierda","publisher":{"@id":"https:\/\/www.iucuellar.org\/#organization"},"potentialAction":[{"@type":"SearchAction","target":{"@type":"EntryPoint","urlTemplate":"https:\/\/www.iucuellar.org\/?s={search_term_string}"},"query-input":"required name=search_term_string"}],"inLanguage":"es"},{"@type":"Organization","@id":"https:\/\/www.iucuellar.org\/#organization","name":"IU CUELLAR","url":"https:\/\/www.iucuellar.org\/","logo":{"@type":"ImageObject","inLanguage":"es","@id":"https:\/\/www.iucuellar.org\/#\/schema\/logo\/image\/","url":"https:\/\/i0.wp.com\/www.iucuellar.org\/public\/2022\/07\/cropped-avatar_redondo_Twitter.png?fit=512%2C512&ssl=1","contentUrl":"https:\/\/i0.wp.com\/www.iucuellar.org\/public\/2022\/07\/cropped-avatar_redondo_Twitter.png?fit=512%2C512&ssl=1","width":512,"height":512,"caption":"IU CUELLAR"},"image":{"@id":"https:\/\/www.iucuellar.org\/#\/schema\/logo\/image\/"},"sameAs":["https:\/\/www.facebook.com\/iucuellar","https:\/\/x.com\/IU_CUELLAR","https:\/\/www.instagram.com\/iucuellar\/","https:\/\/www.threads.net\/@iucuellar"]},{"@type":"Person","@id":"https:\/\/www.iucuellar.org\/#\/schema\/person\/0ed49683a220f525fdeb90989b5c672d","name":"Comunicaci\u00f3n","image":{"@type":"ImageObject","inLanguage":"es","@id":"https:\/\/www.iucuellar.org\/#\/schema\/person\/image\/","url":"https:\/\/secure.gravatar.com\/avatar\/1bb1e96b498ea4b5098098798744923e?s=96&d=mm&r=g","contentUrl":"https:\/\/secure.gravatar.com\/avatar\/1bb1e96b498ea4b5098098798744923e?s=96&d=mm&r=g","caption":"Comunicaci\u00f3n"},"url":"https:\/\/www.iucuellar.org\/?author=1"}]}},"jetpack_featured_media_url":"https:\/\/i0.wp.com\/www.iucuellar.org\/public\/2023\/10\/WhatsApp-Image-2023-10-27-at-13.48.01.jpeg?fit=1599%2C899&ssl=1","jetpack_sharing_enabled":true,"jetpack_shortlink":"https:\/\/wp.me\/p8rn8P-1ar","_links":{"self":[{"href":"https:\/\/www.iucuellar.org\/index.php?rest_route=\/wp\/v2\/posts\/4491"}],"collection":[{"href":"https:\/\/www.iucuellar.org\/index.php?rest_route=\/wp\/v2\/posts"}],"about":[{"href":"https:\/\/www.iucuellar.org\/index.php?rest_route=\/wp\/v2\/types\/post"}],"author":[{"embeddable":true,"href":"https:\/\/www.iucuellar.org\/index.php?rest_route=\/wp\/v2\/users\/1"}],"replies":[{"embeddable":true,"href":"https:\/\/www.iucuellar.org\/index.php?rest_route=%2Fwp%2Fv2%2Fcomments&post=4491"}],"version-history":[{"count":2,"href":"https:\/\/www.iucuellar.org\/index.php?rest_route=\/wp\/v2\/posts\/4491\/revisions"}],"predecessor-version":[{"id":4495,"href":"https:\/\/www.iucuellar.org\/index.php?rest_route=\/wp\/v2\/posts\/4491\/revisions\/4495"}],"wp:featuredmedia":[{"embeddable":true,"href":"https:\/\/www.iucuellar.org\/index.php?rest_route=\/wp\/v2\/media\/4492"}],"wp:attachment":[{"href":"https:\/\/www.iucuellar.org\/index.php?rest_route=%2Fwp%2Fv2%2Fmedia&parent=4491"}],"wp:term":[{"taxonomy":"category","embeddable":true,"href":"https:\/\/www.iucuellar.org\/index.php?rest_route=%2Fwp%2Fv2%2Fcategories&post=4491"},{"taxonomy":"post_tag","embeddable":true,"href":"https:\/\/www.iucuellar.org\/index.php?rest_route=%2Fwp%2Fv2%2Ftags&post=4491"}],"curies":[{"name":"wp","href":"https:\/\/api.w.org\/{rel}","templated":true}]}}