{"id":4500,"date":"2023-11-23T11:00:43","date_gmt":"2023-11-23T10:00:43","guid":{"rendered":"https:\/\/www.iucuellar.org\/?p=4500"},"modified":"2023-12-28T16:26:39","modified_gmt":"2023-12-28T15:26:39","slug":"reunion-con-la-nueva-directiva-del-cit","status":"publish","type":"post","link":"https:\/\/www.iucuellar.org\/?p=4500","title":{"rendered":"Reuni\u00f3n con la nueva directiva del CIT"},"content":{"rendered":"\n<p>Esta semana hemos tenido una reuni\u00f3n con la nueva directiva del Centro de Iniciativas Tur\u00edsticas (<a href=\"https:\/\/citcuellar.com\/\" target=\"_blank\" rel=\"noreferrer noopener\">CIT<\/a>). En este encuentro nos han dado a conocer sus iniciativas y necesidades, ademas de pr\u00f3ximas actividades a realizar. Desde ambas partes se ofreci\u00f3 disponibilidad a una mayor colaboraci\u00f3n con el equipo de gobierno del que Izquierda Unida formamos parte.<\/p>\n\n\n\n<figure class=\"wp-block-image size-large\"><img loading=\"lazy\" decoding=\"async\" width=\"800\" height=\"450\" src=\"https:\/\/i0.wp.com\/www.iucuellar.org\/public\/2023\/11\/photo_2013-02-04_01-04-54.jpg?resize=800%2C450&#038;ssl=1\" alt=\"reuni\u00f3n CIT\" class=\"wp-image-4501\" srcset=\"https:\/\/i0.wp.com\/www.iucuellar.org\/public\/2023\/11\/photo_2013-02-04_01-04-54.jpg?resize=1024%2C576&amp;ssl=1 1024w, https:\/\/i0.wp.com\/www.iucuellar.org\/public\/2023\/11\/photo_2013-02-04_01-04-54.jpg?resize=300%2C169&amp;ssl=1 300w, https:\/\/i0.wp.com\/www.iucuellar.org\/public\/2023\/11\/photo_2013-02-04_01-04-54.jpg?resize=768%2C432&amp;ssl=1 768w, https:\/\/i0.wp.com\/www.iucuellar.org\/public\/2023\/11\/photo_2013-02-04_01-04-54.jpg?w=1280&amp;ssl=1 1280w\" sizes=\"(max-width: 800px) 100vw, 800px\" data-recalc-dims=\"1\" \/><\/figure>\n\n\n\n<p>Entre los temas tratados, estuvo la necesidad de un mayor fomento del turismo, as\u00ed como implicar a diferentes sectores empresariales del municipio para tratar de revitalizarlo. Desde <a href=\"https:\/\/www.iucuellar.org\" target=\"_blank\" rel=\"noreferrer noopener\">Izquierda Unida<\/a> les mostramos nuestro apoyo y disponibilidad y les animamos a seguir dando visibilidad al CIT.<\/p>\n","protected":false},"excerpt":{"rendered":"<p>Esta semana hemos tenido una reuni\u00f3n con la nueva directiva del Centro de Iniciativas Tur\u00edsticas (CIT). En este encuentro nos<\/p>\n","protected":false},"author":1,"featured_media":4501,"comment_status":"open","ping_status":"open","sticky":false,"template":"","format":"standard","meta":{"sfsi_plus_gutenberg_text_before_share":"","sfsi_plus_gutenberg_show_text_before_share":"","sfsi_plus_gutenberg_icon_type":"","sfsi_plus_gutenberg_icon_alignemt":"","sfsi_plus_gutenburg_max_per_row":"","_exactmetrics_skip_tracking":false,"_exactmetrics_sitenote_active":false,"_exactmetrics_sitenote_note":"","_exactmetrics_sitenote_category":0,"ngg_post_thumbnail":0,"_jetpack_memberships_contains_paid_content":false,"footnotes":""},"categories":[21,9],"tags":[36,125,35,43,40,91,124],"yoast_head":"<!-- This site is optimized with the Yoast SEO plugin v22.9 - https:\/\/yoast.com\/wordpress\/plugins\/seo\/ -->\r\n<title>Reuni\u00f3n con la nueva directiva del CIT - Izquierda Unida Cu\u00e9llar<\/title>\r\n<meta name=\"description\" content=\"Hemos tenido una reuni\u00f3n con la nueva directiva del Centro de Iniciativas Tur\u00edsticas (CIT), para conocer sus iniciativas y necesidades.\" \/>\r\n<meta name=\"robots\" content=\"index, follow, max-snippet:-1, max-image-preview:large, max-video-preview:-1\" \/>\r\n<link rel=\"canonical\" href=\"https:\/\/www.iucuellar.org\/?p=4500\" \/>\r\n<meta property=\"og:locale\" content=\"es_ES\" \/>\r\n<meta property=\"og:type\" content=\"article\" \/>\r\n<meta property=\"og:title\" content=\"Reuni\u00f3n con la nueva directiva del CIT - Izquierda Unida Cu\u00e9llar\" \/>\r\n<meta property=\"og:description\" content=\"Hemos tenido una reuni\u00f3n con la nueva directiva del Centro de Iniciativas Tur\u00edsticas (CIT), para conocer sus iniciativas y necesidades.\" \/>\r\n<meta property=\"og:url\" content=\"https:\/\/www.iucuellar.org\/?p=4500\" \/>\r\n<meta property=\"og:site_name\" content=\"Izquierda Unida Cu\u00e9llar\" \/>\r\n<meta property=\"article:publisher\" content=\"https:\/\/www.facebook.com\/iucuellar\" \/>\r\n<meta property=\"article:published_time\" content=\"2023-11-23T10:00:43+00:00\" \/>\r\n<meta property=\"article:modified_time\" content=\"2023-12-28T15:26:39+00:00\" \/>\r\n<meta property=\"og:image\" content=\"https:\/\/www.iucuellar.org\/public\/2023\/11\/photo_2013-02-04_01-04-54.jpg\" \/>\r\n\t<meta property=\"og:image:width\" content=\"1280\" \/>\r\n\t<meta property=\"og:image:height\" content=\"720\" \/>\r\n\t<meta property=\"og:image:type\" content=\"image\/jpeg\" \/>\r\n<meta name=\"author\" content=\"Comunicaci\u00f3n\" \/>\r\n<meta name=\"twitter:card\" content=\"summary_large_image\" \/>\r\n<meta name=\"twitter:creator\" content=\"@IU_CUELLAR\" \/>\r\n<meta name=\"twitter:site\" content=\"@IU_CUELLAR\" \/>\r\n<meta name=\"twitter:label1\" content=\"Escrito por\" \/>\n\t<meta name=\"twitter:data1\" content=\"Comunicaci\u00f3n\" \/>\n\t<meta name=\"twitter:label2\" content=\"Tiempo de lectura\" \/>\n\t<meta name=\"twitter:data2\" content=\"1 minuto\" \/>\r\n<script type=\"application\/ld+json\" class=\"yoast-schema-graph\">{\"@context\":\"https:\/\/schema.org\",\"@graph\":[{\"@type\":\"Article\",\"@id\":\"https:\/\/www.iucuellar.org\/?p=4500#article\",\"isPartOf\":{\"@id\":\"https:\/\/www.iucuellar.org\/?p=4500\"},\"author\":{\"name\":\"Comunicaci\u00f3n\",\"@id\":\"https:\/\/www.iucuellar.org\/#\/schema\/person\/0ed49683a220f525fdeb90989b5c672d\"},\"headline\":\"Reuni\u00f3n con la nueva directiva del CIT\",\"datePublished\":\"2023-11-23T10:00:43+00:00\",\"dateModified\":\"2023-12-28T15:26:39+00:00\",\"mainEntityOfPage\":{\"@id\":\"https:\/\/www.iucuellar.org\/?p=4500\"},\"wordCount\":111,\"commentCount\":0,\"publisher\":{\"@id\":\"https:\/\/www.iucuellar.org\/#organization\"},\"image\":{\"@id\":\"https:\/\/www.iucuellar.org\/?p=4500#primaryimage\"},\"thumbnailUrl\":\"https:\/\/i0.wp.com\/www.iucuellar.org\/public\/2023\/11\/photo_2013-02-04_01-04-54.jpg?fit=1280%2C720&ssl=1\",\"keywords\":[\"Ayuntamiento\",\"CIT\",\"Cuellar\",\"IU\",\"Izquierda Unida\",\"Segovia\",\"Turismo\"],\"articleSection\":[\"Izquierda Unida\",\"Turismo y Comercio\"],\"inLanguage\":\"es\",\"potentialAction\":[{\"@type\":\"CommentAction\",\"name\":\"Comment\",\"target\":[\"https:\/\/www.iucuellar.org\/?p=4500#respond\"]}]},{\"@type\":\"WebPage\",\"@id\":\"https:\/\/www.iucuellar.org\/?p=4500\",\"url\":\"https:\/\/www.iucuellar.org\/?p=4500\",\"name\":\"Reuni\u00f3n con la nueva directiva del CIT - Izquierda Unida Cu\u00e9llar\",\"isPartOf\":{\"@id\":\"https:\/\/www.iucuellar.org\/#website\"},\"primaryImageOfPage\":{\"@id\":\"https:\/\/www.iucuellar.org\/?p=4500#primaryimage\"},\"image\":{\"@id\":\"https:\/\/www.iucuellar.org\/?p=4500#primaryimage\"},\"thumbnailUrl\":\"https:\/\/i0.wp.com\/www.iucuellar.org\/public\/2023\/11\/photo_2013-02-04_01-04-54.jpg?fit=1280%2C720&ssl=1\",\"datePublished\":\"2023-11-23T10:00:43+00:00\",\"dateModified\":\"2023-12-28T15:26:39+00:00\",\"description\":\"Hemos tenido una reuni\u00f3n con la nueva directiva del Centro de Iniciativas Tur\u00edsticas (CIT), para conocer sus iniciativas y necesidades.\",\"breadcrumb\":{\"@id\":\"https:\/\/www.iucuellar.org\/?p=4500#breadcrumb\"},\"inLanguage\":\"es\",\"potentialAction\":[{\"@type\":\"ReadAction\",\"target\":[\"https:\/\/www.iucuellar.org\/?p=4500\"]}]},{\"@type\":\"ImageObject\",\"inLanguage\":\"es\",\"@id\":\"https:\/\/www.iucuellar.org\/?p=4500#primaryimage\",\"url\":\"https:\/\/i0.wp.com\/www.iucuellar.org\/public\/2023\/11\/photo_2013-02-04_01-04-54.jpg?fit=1280%2C720&ssl=1\",\"contentUrl\":\"https:\/\/i0.wp.com\/www.iucuellar.org\/public\/2023\/11\/photo_2013-02-04_01-04-54.jpg?fit=1280%2C720&ssl=1\",\"width\":1280,\"height\":720,\"caption\":\"reuni\u00f3n CIT\"},{\"@type\":\"BreadcrumbList\",\"@id\":\"https:\/\/www.iucuellar.org\/?p=4500#breadcrumb\",\"itemListElement\":[{\"@type\":\"ListItem\",\"position\":1,\"name\":\"Inicio\",\"item\":\"https:\/\/www.iucuellar.org\/\"},{\"@type\":\"ListItem\",\"position\":2,\"name\":\"Reuni\u00f3n con la nueva directiva del CIT\"}]},{\"@type\":\"WebSite\",\"@id\":\"https:\/\/www.iucuellar.org\/#website\",\"url\":\"https:\/\/www.iucuellar.org\/\",\"name\":\"Izquierda Unida Cu\u00e9llar y Comarca\",\"description\":\"Lugar de opini\u00f3n y discusi\u00f3n de la izquierda\",\"publisher\":{\"@id\":\"https:\/\/www.iucuellar.org\/#organization\"},\"potentialAction\":[{\"@type\":\"SearchAction\",\"target\":{\"@type\":\"EntryPoint\",\"urlTemplate\":\"https:\/\/www.iucuellar.org\/?s={search_term_string}\"},\"query-input\":\"required name=search_term_string\"}],\"inLanguage\":\"es\"},{\"@type\":\"Organization\",\"@id\":\"https:\/\/www.iucuellar.org\/#organization\",\"name\":\"IU CUELLAR\",\"url\":\"https:\/\/www.iucuellar.org\/\",\"logo\":{\"@type\":\"ImageObject\",\"inLanguage\":\"es\",\"@id\":\"https:\/\/www.iucuellar.org\/#\/schema\/logo\/image\/\",\"url\":\"https:\/\/i0.wp.com\/www.iucuellar.org\/public\/2022\/07\/cropped-avatar_redondo_Twitter.png?fit=512%2C512&ssl=1\",\"contentUrl\":\"https:\/\/i0.wp.com\/www.iucuellar.org\/public\/2022\/07\/cropped-avatar_redondo_Twitter.png?fit=512%2C512&ssl=1\",\"width\":512,\"height\":512,\"caption\":\"IU CUELLAR\"},\"image\":{\"@id\":\"https:\/\/www.iucuellar.org\/#\/schema\/logo\/image\/\"},\"sameAs\":[\"https:\/\/www.facebook.com\/iucuellar\",\"https:\/\/x.com\/IU_CUELLAR\",\"https:\/\/www.instagram.com\/iucuellar\/\",\"https:\/\/www.threads.net\/@iucuellar\"]},{\"@type\":\"Person\",\"@id\":\"https:\/\/www.iucuellar.org\/#\/schema\/person\/0ed49683a220f525fdeb90989b5c672d\",\"name\":\"Comunicaci\u00f3n\",\"image\":{\"@type\":\"ImageObject\",\"inLanguage\":\"es\",\"@id\":\"https:\/\/www.iucuellar.org\/#\/schema\/person\/image\/\",\"url\":\"https:\/\/secure.gravatar.com\/avatar\/1bb1e96b498ea4b5098098798744923e?s=96&d=mm&r=g\",\"contentUrl\":\"https:\/\/secure.gravatar.com\/avatar\/1bb1e96b498ea4b5098098798744923e?s=96&d=mm&r=g\",\"caption\":\"Comunicaci\u00f3n\"},\"url\":\"https:\/\/www.iucuellar.org\/?author=1\"}]}<\/script>\r\n<!-- \/ Yoast SEO plugin. -->","yoast_head_json":{"title":"Reuni\u00f3n con la nueva directiva del CIT - Izquierda Unida Cu\u00e9llar","description":"Hemos tenido una reuni\u00f3n con la nueva directiva del Centro de Iniciativas Tur\u00edsticas (CIT), para conocer sus iniciativas y necesidades.","robots":{"index":"index","follow":"follow","max-snippet":"max-snippet:-1","max-image-preview":"max-image-preview:large","max-video-preview":"max-video-preview:-1"},"canonical":"https:\/\/www.iucuellar.org\/?p=4500","og_locale":"es_ES","og_type":"article","og_title":"Reuni\u00f3n con la nueva directiva del CIT - Izquierda Unida Cu\u00e9llar","og_description":"Hemos tenido una reuni\u00f3n con la nueva directiva del Centro de Iniciativas Tur\u00edsticas (CIT), para conocer sus iniciativas y necesidades.","og_url":"https:\/\/www.iucuellar.org\/?p=4500","og_site_name":"Izquierda Unida Cu\u00e9llar","article_publisher":"https:\/\/www.facebook.com\/iucuellar","article_published_time":"2023-11-23T10:00:43+00:00","article_modified_time":"2023-12-28T15:26:39+00:00","og_image":[{"width":1280,"height":720,"url":"https:\/\/www.iucuellar.org\/public\/2023\/11\/photo_2013-02-04_01-04-54.jpg","type":"image\/jpeg"}],"author":"Comunicaci\u00f3n","twitter_card":"summary_large_image","twitter_creator":"@IU_CUELLAR","twitter_site":"@IU_CUELLAR","twitter_misc":{"Escrito por":"Comunicaci\u00f3n","Tiempo de lectura":"1 minuto"},"schema":{"@context":"https:\/\/schema.org","@graph":[{"@type":"Article","@id":"https:\/\/www.iucuellar.org\/?p=4500#article","isPartOf":{"@id":"https:\/\/www.iucuellar.org\/?p=4500"},"author":{"name":"Comunicaci\u00f3n","@id":"https:\/\/www.iucuellar.org\/#\/schema\/person\/0ed49683a220f525fdeb90989b5c672d"},"headline":"Reuni\u00f3n con la nueva directiva del CIT","datePublished":"2023-11-23T10:00:43+00:00","dateModified":"2023-12-28T15:26:39+00:00","mainEntityOfPage":{"@id":"https:\/\/www.iucuellar.org\/?p=4500"},"wordCount":111,"commentCount":0,"publisher":{"@id":"https:\/\/www.iucuellar.org\/#organization"},"image":{"@id":"https:\/\/www.iucuellar.org\/?p=4500#primaryimage"},"thumbnailUrl":"https:\/\/i0.wp.com\/www.iucuellar.org\/public\/2023\/11\/photo_2013-02-04_01-04-54.jpg?fit=1280%2C720&ssl=1","keywords":["Ayuntamiento","CIT","Cuellar","IU","Izquierda Unida","Segovia","Turismo"],"articleSection":["Izquierda Unida","Turismo y Comercio"],"inLanguage":"es","potentialAction":[{"@type":"CommentAction","name":"Comment","target":["https:\/\/www.iucuellar.org\/?p=4500#respond"]}]},{"@type":"WebPage","@id":"https:\/\/www.iucuellar.org\/?p=4500","url":"https:\/\/www.iucuellar.org\/?p=4500","name":"Reuni\u00f3n con la nueva directiva del CIT - Izquierda Unida Cu\u00e9llar","isPartOf":{"@id":"https:\/\/www.iucuellar.org\/#website"},"primaryImageOfPage":{"@id":"https:\/\/www.iucuellar.org\/?p=4500#primaryimage"},"image":{"@id":"https:\/\/www.iucuellar.org\/?p=4500#primaryimage"},"thumbnailUrl":"https:\/\/i0.wp.com\/www.iucuellar.org\/public\/2023\/11\/photo_2013-02-04_01-04-54.jpg?fit=1280%2C720&ssl=1","datePublished":"2023-11-23T10:00:43+00:00","dateModified":"2023-12-28T15:26:39+00:00","description":"Hemos tenido una reuni\u00f3n con la nueva directiva del Centro de Iniciativas Tur\u00edsticas (CIT), para conocer sus iniciativas y necesidades.","breadcrumb":{"@id":"https:\/\/www.iucuellar.org\/?p=4500#breadcrumb"},"inLanguage":"es","potentialAction":[{"@type":"ReadAction","target":["https:\/\/www.iucuellar.org\/?p=4500"]}]},{"@type":"ImageObject","inLanguage":"es","@id":"https:\/\/www.iucuellar.org\/?p=4500#primaryimage","url":"https:\/\/i0.wp.com\/www.iucuellar.org\/public\/2023\/11\/photo_2013-02-04_01-04-54.jpg?fit=1280%2C720&ssl=1","contentUrl":"https:\/\/i0.wp.com\/www.iucuellar.org\/public\/2023\/11\/photo_2013-02-04_01-04-54.jpg?fit=1280%2C720&ssl=1","width":1280,"height":720,"caption":"reuni\u00f3n CIT"},{"@type":"BreadcrumbList","@id":"https:\/\/www.iucuellar.org\/?p=4500#breadcrumb","itemListElement":[{"@type":"ListItem","position":1,"name":"Inicio","item":"https:\/\/www.iucuellar.org\/"},{"@type":"ListItem","position":2,"name":"Reuni\u00f3n con la nueva directiva del CIT"}]},{"@type":"WebSite","@id":"https:\/\/www.iucuellar.org\/#website","url":"https:\/\/www.iucuellar.org\/","name":"Izquierda Unida Cu\u00e9llar y Comarca","description":"Lugar de opini\u00f3n y discusi\u00f3n de la izquierda","publisher":{"@id":"https:\/\/www.iucuellar.org\/#organization"},"potentialAction":[{"@type":"SearchAction","target":{"@type":"EntryPoint","urlTemplate":"https:\/\/www.iucuellar.org\/?s={search_term_string}"},"query-input":"required name=search_term_string"}],"inLanguage":"es"},{"@type":"Organization","@id":"https:\/\/www.iucuellar.org\/#organization","name":"IU CUELLAR","url":"https:\/\/www.iucuellar.org\/","logo":{"@type":"ImageObject","inLanguage":"es","@id":"https:\/\/www.iucuellar.org\/#\/schema\/logo\/image\/","url":"https:\/\/i0.wp.com\/www.iucuellar.org\/public\/2022\/07\/cropped-avatar_redondo_Twitter.png?fit=512%2C512&ssl=1","contentUrl":"https:\/\/i0.wp.com\/www.iucuellar.org\/public\/2022\/07\/cropped-avatar_redondo_Twitter.png?fit=512%2C512&ssl=1","width":512,"height":512,"caption":"IU CUELLAR"},"image":{"@id":"https:\/\/www.iucuellar.org\/#\/schema\/logo\/image\/"},"sameAs":["https:\/\/www.facebook.com\/iucuellar","https:\/\/x.com\/IU_CUELLAR","https:\/\/www.instagram.com\/iucuellar\/","https:\/\/www.threads.net\/@iucuellar"]},{"@type":"Person","@id":"https:\/\/www.iucuellar.org\/#\/schema\/person\/0ed49683a220f525fdeb90989b5c672d","name":"Comunicaci\u00f3n","image":{"@type":"ImageObject","inLanguage":"es","@id":"https:\/\/www.iucuellar.org\/#\/schema\/person\/image\/","url":"https:\/\/secure.gravatar.com\/avatar\/1bb1e96b498ea4b5098098798744923e?s=96&d=mm&r=g","contentUrl":"https:\/\/secure.gravatar.com\/avatar\/1bb1e96b498ea4b5098098798744923e?s=96&d=mm&r=g","caption":"Comunicaci\u00f3n"},"url":"https:\/\/www.iucuellar.org\/?author=1"}]}},"jetpack_featured_media_url":"https:\/\/i0.wp.com\/www.iucuellar.org\/public\/2023\/11\/photo_2013-02-04_01-04-54.jpg?fit=1280%2C720&ssl=1","jetpack_sharing_enabled":true,"jetpack_shortlink":"https:\/\/wp.me\/p8rn8P-1aA","_links":{"self":[{"href":"https:\/\/www.iucuellar.org\/index.php?rest_route=\/wp\/v2\/posts\/4500"}],"collection":[{"href":"https:\/\/www.iucuellar.org\/index.php?rest_route=\/wp\/v2\/posts"}],"about":[{"href":"https:\/\/www.iucuellar.org\/index.php?rest_route=\/wp\/v2\/types\/post"}],"author":[{"embeddable":true,"href":"https:\/\/www.iucuellar.org\/index.php?rest_route=\/wp\/v2\/users\/1"}],"replies":[{"embeddable":true,"href":"https:\/\/www.iucuellar.org\/index.php?rest_route=%2Fwp%2Fv2%2Fcomments&post=4500"}],"version-history":[{"count":2,"href":"https:\/\/www.iucuellar.org\/index.php?rest_route=\/wp\/v2\/posts\/4500\/revisions"}],"predecessor-version":[{"id":4524,"href":"https:\/\/www.iucuellar.org\/index.php?rest_route=\/wp\/v2\/posts\/4500\/revisions\/4524"}],"wp:featuredmedia":[{"embeddable":true,"href":"https:\/\/www.iucuellar.org\/index.php?rest_route=\/wp\/v2\/media\/4501"}],"wp:attachment":[{"href":"https:\/\/www.iucuellar.org\/index.php?rest_route=%2Fwp%2Fv2%2Fmedia&parent=4500"}],"wp:term":[{"taxonomy":"category","embeddable":true,"href":"https:\/\/www.iucuellar.org\/index.php?rest_route=%2Fwp%2Fv2%2Fcategories&post=4500"},{"taxonomy":"post_tag","embeddable":true,"href":"https:\/\/www.iucuellar.org\/index.php?rest_route=%2Fwp%2Fv2%2Ftags&post=4500"}],"curies":[{"name":"wp","href":"https:\/\/api.w.org\/{rel}","templated":true}]}}