{"id":4506,"date":"2023-12-06T09:04:50","date_gmt":"2023-12-06T08:04:50","guid":{"rendered":"https:\/\/www.iucuellar.org\/?p=4506"},"modified":"2024-05-15T19:26:09","modified_gmt":"2024-05-15T17:26:09","slug":"consejo-sectorial","status":"publish","type":"post","link":"https:\/\/www.iucuellar.org\/?p=4506","title":{"rendered":"Aprobado en pleno el consejo sectorial de deportes"},"content":{"rendered":"\n<p>En el pleno ordinario del pasado mes de Noviembre, fue probado inicialmente el reglamento del Consejo Sectorial de Deportes, redactado desde la concejal\u00eda de deportes gestionada por nuestro compa\u00f1ero Jonas G\u00f3mez. El documento aprobado por el pleno ha sido previamente puesto en conocimiento de diversos clubes deportivos del municipio, para recibir sus opiniones y propuestas. Dicho documento queda a exposici\u00f3n publica con un periodo de alegaciones de un mes.<\/p>\n\n\n\n<figure class=\"wp-block-image aligncenter size-large\"><img loading=\"lazy\" decoding=\"async\" width=\"800\" height=\"450\" src=\"https:\/\/i0.wp.com\/www.iucuellar.org\/public\/2023\/12\/photo_6015007196338832419_y.jpg?resize=800%2C450&#038;ssl=1\" alt=\"consejo sectorial\" class=\"wp-image-4507\" srcset=\"https:\/\/i0.wp.com\/www.iucuellar.org\/public\/2023\/12\/photo_6015007196338832419_y.jpg?resize=1024%2C576&amp;ssl=1 1024w, https:\/\/i0.wp.com\/www.iucuellar.org\/public\/2023\/12\/photo_6015007196338832419_y.jpg?resize=300%2C169&amp;ssl=1 300w, https:\/\/i0.wp.com\/www.iucuellar.org\/public\/2023\/12\/photo_6015007196338832419_y.jpg?resize=768%2C432&amp;ssl=1 768w, https:\/\/i0.wp.com\/www.iucuellar.org\/public\/2023\/12\/photo_6015007196338832419_y.jpg?w=1280&amp;ssl=1 1280w\" sizes=\"(max-width: 800px) 100vw, 800px\" data-recalc-dims=\"1\" \/><\/figure>\n\n\n\n<p>Tambi\u00e9n fue aprobado inicialmente el reglamento del consejo sectorial de fiestas. Ambos documentos aumentan los \u00f3rganos de participaci\u00f3n ciudadana, que comenz\u00f3 en la pasada legislatura. Fue con la aprobaci\u00f3n del <a href=\"https:\/\/cuellar.sedelectronica.es\/transparency\/7379f403-1e7b-4eb6-af6d-b3c797467e0b\/\" target=\"_blank\" rel=\"noreferrer noopener\">reglamento de participaci\u00f3n ciudadana<\/a>, que regula la participaci\u00f3n en los plenos, y la creaci\u00f3n de los consejos sectoriales. <a href=\"https:\/\/www.iucuellar.org\/?p=3234\" target=\"_blank\" rel=\"noreferrer noopener\">Dicho documento fue realizado desde la entonces concejal\u00eda de participaci\u00f3n ciudadana de nuestra compa\u00f1era Montse Sanz<\/a>.<\/p>\n","protected":false},"excerpt":{"rendered":"<p>En el pleno ordinario del pasado mes de Noviembre, fue probado inicialmente el reglamento del Consejo Sectorial de Deportes, redactado<\/p>\n","protected":false},"author":1,"featured_media":4508,"comment_status":"open","ping_status":"open","sticky":false,"template":"","format":"standard","meta":{"sfsi_plus_gutenberg_text_before_share":"","sfsi_plus_gutenberg_show_text_before_share":"","sfsi_plus_gutenberg_icon_type":"","sfsi_plus_gutenberg_icon_alignemt":"","sfsi_plus_gutenburg_max_per_row":"","_exactmetrics_skip_tracking":false,"_exactmetrics_sitenote_active":false,"_exactmetrics_sitenote_note":"","_exactmetrics_sitenote_category":0,"ngg_post_thumbnail":0,"_jetpack_memberships_contains_paid_content":false,"footnotes":""},"categories":[17,21,20],"tags":[36,35,97,43,40,126,69,91],"yoast_head":"<!-- This site is optimized with the Yoast SEO plugin v22.9 - https:\/\/yoast.com\/wordpress\/plugins\/seo\/ -->\r\n<title>Aprobado consejo sectorial de deportes<\/title>\r\n<meta name=\"description\" content=\"Reglamento del consejo sectorial de deportes, aprobado inicialmente en el pleno realizado el pasado mes de Noviembre.\" \/>\r\n<meta name=\"robots\" content=\"index, follow, max-snippet:-1, max-image-preview:large, max-video-preview:-1\" \/>\r\n<link rel=\"canonical\" href=\"https:\/\/www.iucuellar.org\/?p=4506\" \/>\r\n<meta property=\"og:locale\" content=\"es_ES\" \/>\r\n<meta property=\"og:type\" content=\"article\" \/>\r\n<meta property=\"og:title\" content=\"Aprobado consejo sectorial de deportes\" \/>\r\n<meta property=\"og:description\" content=\"Reglamento del consejo sectorial de deportes, aprobado inicialmente en el pleno realizado el pasado mes de Noviembre.\" \/>\r\n<meta property=\"og:url\" content=\"https:\/\/www.iucuellar.org\/?p=4506\" \/>\r\n<meta property=\"og:site_name\" content=\"Izquierda Unida Cu\u00e9llar\" \/>\r\n<meta property=\"article:publisher\" content=\"https:\/\/www.facebook.com\/iucuellar\" \/>\r\n<meta property=\"article:published_time\" content=\"2023-12-06T08:04:50+00:00\" \/>\r\n<meta property=\"article:modified_time\" content=\"2024-05-15T17:26:09+00:00\" \/>\r\n<meta property=\"og:image\" content=\"https:\/\/www.iucuellar.org\/public\/2023\/12\/photo_6015007196338832418_y.jpg\" \/>\r\n\t<meta property=\"og:image:width\" content=\"1280\" \/>\r\n\t<meta property=\"og:image:height\" content=\"720\" \/>\r\n\t<meta property=\"og:image:type\" content=\"image\/jpeg\" \/>\r\n<meta name=\"author\" content=\"Comunicaci\u00f3n\" \/>\r\n<meta name=\"twitter:card\" content=\"summary_large_image\" \/>\r\n<meta name=\"twitter:creator\" content=\"@IU_CUELLAR\" \/>\r\n<meta name=\"twitter:site\" content=\"@IU_CUELLAR\" \/>\r\n<meta name=\"twitter:label1\" content=\"Escrito por\" \/>\n\t<meta name=\"twitter:data1\" content=\"Comunicaci\u00f3n\" \/>\n\t<meta name=\"twitter:label2\" content=\"Tiempo de lectura\" \/>\n\t<meta name=\"twitter:data2\" content=\"2 minutos\" \/>\r\n<script type=\"application\/ld+json\" class=\"yoast-schema-graph\">{\"@context\":\"https:\/\/schema.org\",\"@graph\":[{\"@type\":\"Article\",\"@id\":\"https:\/\/www.iucuellar.org\/?p=4506#article\",\"isPartOf\":{\"@id\":\"https:\/\/www.iucuellar.org\/?p=4506\"},\"author\":{\"name\":\"Comunicaci\u00f3n\",\"@id\":\"https:\/\/www.iucuellar.org\/#\/schema\/person\/0ed49683a220f525fdeb90989b5c672d\"},\"headline\":\"Aprobado en pleno el consejo sectorial de deportes\",\"datePublished\":\"2023-12-06T08:04:50+00:00\",\"dateModified\":\"2024-05-15T17:26:09+00:00\",\"mainEntityOfPage\":{\"@id\":\"https:\/\/www.iucuellar.org\/?p=4506\"},\"wordCount\":154,\"commentCount\":0,\"publisher\":{\"@id\":\"https:\/\/www.iucuellar.org\/#organization\"},\"image\":{\"@id\":\"https:\/\/www.iucuellar.org\/?p=4506#primaryimage\"},\"thumbnailUrl\":\"https:\/\/i0.wp.com\/www.iucuellar.org\/public\/2023\/12\/photo_6015007196338832418_y.jpg?fit=1280%2C720&ssl=1\",\"keywords\":[\"Ayuntamiento\",\"Cuellar\",\"Deporte\",\"IU\",\"Izquierda Unida\",\"participacion ciudadana\",\"Plenos\",\"Segovia\"],\"articleSection\":[\"Deportes\",\"Izquierda Unida\",\"Plenos\"],\"inLanguage\":\"es\",\"potentialAction\":[{\"@type\":\"CommentAction\",\"name\":\"Comment\",\"target\":[\"https:\/\/www.iucuellar.org\/?p=4506#respond\"]}]},{\"@type\":\"WebPage\",\"@id\":\"https:\/\/www.iucuellar.org\/?p=4506\",\"url\":\"https:\/\/www.iucuellar.org\/?p=4506\",\"name\":\"Aprobado consejo sectorial de deportes\",\"isPartOf\":{\"@id\":\"https:\/\/www.iucuellar.org\/#website\"},\"primaryImageOfPage\":{\"@id\":\"https:\/\/www.iucuellar.org\/?p=4506#primaryimage\"},\"image\":{\"@id\":\"https:\/\/www.iucuellar.org\/?p=4506#primaryimage\"},\"thumbnailUrl\":\"https:\/\/i0.wp.com\/www.iucuellar.org\/public\/2023\/12\/photo_6015007196338832418_y.jpg?fit=1280%2C720&ssl=1\",\"datePublished\":\"2023-12-06T08:04:50+00:00\",\"dateModified\":\"2024-05-15T17:26:09+00:00\",\"description\":\"Reglamento del consejo sectorial de deportes, aprobado inicialmente en el pleno realizado el pasado mes de Noviembre.\",\"breadcrumb\":{\"@id\":\"https:\/\/www.iucuellar.org\/?p=4506#breadcrumb\"},\"inLanguage\":\"es\",\"potentialAction\":[{\"@type\":\"ReadAction\",\"target\":[\"https:\/\/www.iucuellar.org\/?p=4506\"]}]},{\"@type\":\"ImageObject\",\"inLanguage\":\"es\",\"@id\":\"https:\/\/www.iucuellar.org\/?p=4506#primaryimage\",\"url\":\"https:\/\/i0.wp.com\/www.iucuellar.org\/public\/2023\/12\/photo_6015007196338832418_y.jpg?fit=1280%2C720&ssl=1\",\"contentUrl\":\"https:\/\/i0.wp.com\/www.iucuellar.org\/public\/2023\/12\/photo_6015007196338832418_y.jpg?fit=1280%2C720&ssl=1\",\"width\":1280,\"height\":720},{\"@type\":\"BreadcrumbList\",\"@id\":\"https:\/\/www.iucuellar.org\/?p=4506#breadcrumb\",\"itemListElement\":[{\"@type\":\"ListItem\",\"position\":1,\"name\":\"Inicio\",\"item\":\"https:\/\/www.iucuellar.org\/\"},{\"@type\":\"ListItem\",\"position\":2,\"name\":\"Aprobado en pleno el consejo sectorial de deportes\"}]},{\"@type\":\"WebSite\",\"@id\":\"https:\/\/www.iucuellar.org\/#website\",\"url\":\"https:\/\/www.iucuellar.org\/\",\"name\":\"Izquierda Unida Cu\u00e9llar y Comarca\",\"description\":\"Lugar de opini\u00f3n y discusi\u00f3n de la izquierda\",\"publisher\":{\"@id\":\"https:\/\/www.iucuellar.org\/#organization\"},\"potentialAction\":[{\"@type\":\"SearchAction\",\"target\":{\"@type\":\"EntryPoint\",\"urlTemplate\":\"https:\/\/www.iucuellar.org\/?s={search_term_string}\"},\"query-input\":\"required name=search_term_string\"}],\"inLanguage\":\"es\"},{\"@type\":\"Organization\",\"@id\":\"https:\/\/www.iucuellar.org\/#organization\",\"name\":\"IU CUELLAR\",\"url\":\"https:\/\/www.iucuellar.org\/\",\"logo\":{\"@type\":\"ImageObject\",\"inLanguage\":\"es\",\"@id\":\"https:\/\/www.iucuellar.org\/#\/schema\/logo\/image\/\",\"url\":\"https:\/\/i0.wp.com\/www.iucuellar.org\/public\/2022\/07\/cropped-avatar_redondo_Twitter.png?fit=512%2C512&ssl=1\",\"contentUrl\":\"https:\/\/i0.wp.com\/www.iucuellar.org\/public\/2022\/07\/cropped-avatar_redondo_Twitter.png?fit=512%2C512&ssl=1\",\"width\":512,\"height\":512,\"caption\":\"IU CUELLAR\"},\"image\":{\"@id\":\"https:\/\/www.iucuellar.org\/#\/schema\/logo\/image\/\"},\"sameAs\":[\"https:\/\/www.facebook.com\/iucuellar\",\"https:\/\/x.com\/IU_CUELLAR\",\"https:\/\/www.instagram.com\/iucuellar\/\",\"https:\/\/www.threads.net\/@iucuellar\"]},{\"@type\":\"Person\",\"@id\":\"https:\/\/www.iucuellar.org\/#\/schema\/person\/0ed49683a220f525fdeb90989b5c672d\",\"name\":\"Comunicaci\u00f3n\",\"image\":{\"@type\":\"ImageObject\",\"inLanguage\":\"es\",\"@id\":\"https:\/\/www.iucuellar.org\/#\/schema\/person\/image\/\",\"url\":\"https:\/\/secure.gravatar.com\/avatar\/1bb1e96b498ea4b5098098798744923e?s=96&d=mm&r=g\",\"contentUrl\":\"https:\/\/secure.gravatar.com\/avatar\/1bb1e96b498ea4b5098098798744923e?s=96&d=mm&r=g\",\"caption\":\"Comunicaci\u00f3n\"},\"url\":\"https:\/\/www.iucuellar.org\/?author=1\"}]}<\/script>\r\n<!-- \/ Yoast SEO plugin. -->","yoast_head_json":{"title":"Aprobado consejo sectorial de deportes","description":"Reglamento del consejo sectorial de deportes, aprobado inicialmente en el pleno realizado el pasado mes de Noviembre.","robots":{"index":"index","follow":"follow","max-snippet":"max-snippet:-1","max-image-preview":"max-image-preview:large","max-video-preview":"max-video-preview:-1"},"canonical":"https:\/\/www.iucuellar.org\/?p=4506","og_locale":"es_ES","og_type":"article","og_title":"Aprobado consejo sectorial de deportes","og_description":"Reglamento del consejo sectorial de deportes, aprobado inicialmente en el pleno realizado el pasado mes de Noviembre.","og_url":"https:\/\/www.iucuellar.org\/?p=4506","og_site_name":"Izquierda Unida Cu\u00e9llar","article_publisher":"https:\/\/www.facebook.com\/iucuellar","article_published_time":"2023-12-06T08:04:50+00:00","article_modified_time":"2024-05-15T17:26:09+00:00","og_image":[{"width":1280,"height":720,"url":"https:\/\/www.iucuellar.org\/public\/2023\/12\/photo_6015007196338832418_y.jpg","type":"image\/jpeg"}],"author":"Comunicaci\u00f3n","twitter_card":"summary_large_image","twitter_creator":"@IU_CUELLAR","twitter_site":"@IU_CUELLAR","twitter_misc":{"Escrito por":"Comunicaci\u00f3n","Tiempo de lectura":"2 minutos"},"schema":{"@context":"https:\/\/schema.org","@graph":[{"@type":"Article","@id":"https:\/\/www.iucuellar.org\/?p=4506#article","isPartOf":{"@id":"https:\/\/www.iucuellar.org\/?p=4506"},"author":{"name":"Comunicaci\u00f3n","@id":"https:\/\/www.iucuellar.org\/#\/schema\/person\/0ed49683a220f525fdeb90989b5c672d"},"headline":"Aprobado en pleno el consejo sectorial de deportes","datePublished":"2023-12-06T08:04:50+00:00","dateModified":"2024-05-15T17:26:09+00:00","mainEntityOfPage":{"@id":"https:\/\/www.iucuellar.org\/?p=4506"},"wordCount":154,"commentCount":0,"publisher":{"@id":"https:\/\/www.iucuellar.org\/#organization"},"image":{"@id":"https:\/\/www.iucuellar.org\/?p=4506#primaryimage"},"thumbnailUrl":"https:\/\/i0.wp.com\/www.iucuellar.org\/public\/2023\/12\/photo_6015007196338832418_y.jpg?fit=1280%2C720&ssl=1","keywords":["Ayuntamiento","Cuellar","Deporte","IU","Izquierda Unida","participacion ciudadana","Plenos","Segovia"],"articleSection":["Deportes","Izquierda Unida","Plenos"],"inLanguage":"es","potentialAction":[{"@type":"CommentAction","name":"Comment","target":["https:\/\/www.iucuellar.org\/?p=4506#respond"]}]},{"@type":"WebPage","@id":"https:\/\/www.iucuellar.org\/?p=4506","url":"https:\/\/www.iucuellar.org\/?p=4506","name":"Aprobado consejo sectorial de deportes","isPartOf":{"@id":"https:\/\/www.iucuellar.org\/#website"},"primaryImageOfPage":{"@id":"https:\/\/www.iucuellar.org\/?p=4506#primaryimage"},"image":{"@id":"https:\/\/www.iucuellar.org\/?p=4506#primaryimage"},"thumbnailUrl":"https:\/\/i0.wp.com\/www.iucuellar.org\/public\/2023\/12\/photo_6015007196338832418_y.jpg?fit=1280%2C720&ssl=1","datePublished":"2023-12-06T08:04:50+00:00","dateModified":"2024-05-15T17:26:09+00:00","description":"Reglamento del consejo sectorial de deportes, aprobado inicialmente en el pleno realizado el pasado mes de Noviembre.","breadcrumb":{"@id":"https:\/\/www.iucuellar.org\/?p=4506#breadcrumb"},"inLanguage":"es","potentialAction":[{"@type":"ReadAction","target":["https:\/\/www.iucuellar.org\/?p=4506"]}]},{"@type":"ImageObject","inLanguage":"es","@id":"https:\/\/www.iucuellar.org\/?p=4506#primaryimage","url":"https:\/\/i0.wp.com\/www.iucuellar.org\/public\/2023\/12\/photo_6015007196338832418_y.jpg?fit=1280%2C720&ssl=1","contentUrl":"https:\/\/i0.wp.com\/www.iucuellar.org\/public\/2023\/12\/photo_6015007196338832418_y.jpg?fit=1280%2C720&ssl=1","width":1280,"height":720},{"@type":"BreadcrumbList","@id":"https:\/\/www.iucuellar.org\/?p=4506#breadcrumb","itemListElement":[{"@type":"ListItem","position":1,"name":"Inicio","item":"https:\/\/www.iucuellar.org\/"},{"@type":"ListItem","position":2,"name":"Aprobado en pleno el consejo sectorial de deportes"}]},{"@type":"WebSite","@id":"https:\/\/www.iucuellar.org\/#website","url":"https:\/\/www.iucuellar.org\/","name":"Izquierda Unida Cu\u00e9llar y Comarca","description":"Lugar de opini\u00f3n y discusi\u00f3n de la izquierda","publisher":{"@id":"https:\/\/www.iucuellar.org\/#organization"},"potentialAction":[{"@type":"SearchAction","target":{"@type":"EntryPoint","urlTemplate":"https:\/\/www.iucuellar.org\/?s={search_term_string}"},"query-input":"required name=search_term_string"}],"inLanguage":"es"},{"@type":"Organization","@id":"https:\/\/www.iucuellar.org\/#organization","name":"IU CUELLAR","url":"https:\/\/www.iucuellar.org\/","logo":{"@type":"ImageObject","inLanguage":"es","@id":"https:\/\/www.iucuellar.org\/#\/schema\/logo\/image\/","url":"https:\/\/i0.wp.com\/www.iucuellar.org\/public\/2022\/07\/cropped-avatar_redondo_Twitter.png?fit=512%2C512&ssl=1","contentUrl":"https:\/\/i0.wp.com\/www.iucuellar.org\/public\/2022\/07\/cropped-avatar_redondo_Twitter.png?fit=512%2C512&ssl=1","width":512,"height":512,"caption":"IU CUELLAR"},"image":{"@id":"https:\/\/www.iucuellar.org\/#\/schema\/logo\/image\/"},"sameAs":["https:\/\/www.facebook.com\/iucuellar","https:\/\/x.com\/IU_CUELLAR","https:\/\/www.instagram.com\/iucuellar\/","https:\/\/www.threads.net\/@iucuellar"]},{"@type":"Person","@id":"https:\/\/www.iucuellar.org\/#\/schema\/person\/0ed49683a220f525fdeb90989b5c672d","name":"Comunicaci\u00f3n","image":{"@type":"ImageObject","inLanguage":"es","@id":"https:\/\/www.iucuellar.org\/#\/schema\/person\/image\/","url":"https:\/\/secure.gravatar.com\/avatar\/1bb1e96b498ea4b5098098798744923e?s=96&d=mm&r=g","contentUrl":"https:\/\/secure.gravatar.com\/avatar\/1bb1e96b498ea4b5098098798744923e?s=96&d=mm&r=g","caption":"Comunicaci\u00f3n"},"url":"https:\/\/www.iucuellar.org\/?author=1"}]}},"jetpack_featured_media_url":"https:\/\/i0.wp.com\/www.iucuellar.org\/public\/2023\/12\/photo_6015007196338832418_y.jpg?fit=1280%2C720&ssl=1","jetpack_sharing_enabled":true,"jetpack_shortlink":"https:\/\/wp.me\/p8rn8P-1aG","_links":{"self":[{"href":"https:\/\/www.iucuellar.org\/index.php?rest_route=\/wp\/v2\/posts\/4506"}],"collection":[{"href":"https:\/\/www.iucuellar.org\/index.php?rest_route=\/wp\/v2\/posts"}],"about":[{"href":"https:\/\/www.iucuellar.org\/index.php?rest_route=\/wp\/v2\/types\/post"}],"author":[{"embeddable":true,"href":"https:\/\/www.iucuellar.org\/index.php?rest_route=\/wp\/v2\/users\/1"}],"replies":[{"embeddable":true,"href":"https:\/\/www.iucuellar.org\/index.php?rest_route=%2Fwp%2Fv2%2Fcomments&post=4506"}],"version-history":[{"count":3,"href":"https:\/\/www.iucuellar.org\/index.php?rest_route=\/wp\/v2\/posts\/4506\/revisions"}],"predecessor-version":[{"id":4513,"href":"https:\/\/www.iucuellar.org\/index.php?rest_route=\/wp\/v2\/posts\/4506\/revisions\/4513"}],"wp:featuredmedia":[{"embeddable":true,"href":"https:\/\/www.iucuellar.org\/index.php?rest_route=\/wp\/v2\/media\/4508"}],"wp:attachment":[{"href":"https:\/\/www.iucuellar.org\/index.php?rest_route=%2Fwp%2Fv2%2Fmedia&parent=4506"}],"wp:term":[{"taxonomy":"category","embeddable":true,"href":"https:\/\/www.iucuellar.org\/index.php?rest_route=%2Fwp%2Fv2%2Fcategories&post=4506"},{"taxonomy":"post_tag","embeddable":true,"href":"https:\/\/www.iucuellar.org\/index.php?rest_route=%2Fwp%2Fv2%2Ftags&post=4506"}],"curies":[{"name":"wp","href":"https:\/\/api.w.org\/{rel}","templated":true}]}}