{"id":4730,"date":"2024-04-27T13:08:38","date_gmt":"2024-04-27T11:08:38","guid":{"rendered":"https:\/\/www.iucuellar.org\/?p=4730"},"modified":"2024-04-27T13:08:44","modified_gmt":"2024-04-27T11:08:44","slug":"alquiler","status":"publish","type":"post","link":"https:\/\/www.iucuellar.org\/?p=4730","title":{"rendered":"Aprobada moci\u00f3n para la regulaci\u00f3n del alquiler en Cu\u00e9llar"},"content":{"rendered":"\n<h2>En el pleno ordinario del mes de Abril presentamos las formaciones del equipo de gobierno, a iniciativa de Izquierda Unida, una moci\u00f3n para instar a la Junta de Castilla y Le\u00f3n a declarar el municipio zona tensionada.<\/h2>\n\n\n\n<p><a href=\"https:\/\/www.iucyl.es\/noticias\/iu-senala-la-ausente-politica-de-vivienda-en-castilla-y-leon\" target=\"_blank\" rel=\"noreferrer noopener\">Desde IU CyL se est\u00e1 trabajando en todo el territorio por una pol\u00edtica de vivienda digna<\/a> y por eso hemos presentado esta moci\u00f3n al pleno porque en Cu\u00e9llar la problem\u00e1tica con los precios del alquiler es latente.<\/p>\n\n\n\n<figure class=\"wp-block-image size-large\"><img loading=\"lazy\" decoding=\"async\" width=\"800\" height=\"600\" src=\"https:\/\/i0.wp.com\/www.iucuellar.org\/public\/2024\/04\/DSCN1108_.jpg?resize=800%2C600&#038;ssl=1\" alt=\"mocion alquiler\" class=\"wp-image-4735\" srcset=\"https:\/\/i0.wp.com\/www.iucuellar.org\/public\/2024\/04\/DSCN1108_-scaled.jpg?resize=1024%2C768&amp;ssl=1 1024w, https:\/\/i0.wp.com\/www.iucuellar.org\/public\/2024\/04\/DSCN1108_-scaled.jpg?resize=300%2C225&amp;ssl=1 300w, https:\/\/i0.wp.com\/www.iucuellar.org\/public\/2024\/04\/DSCN1108_-scaled.jpg?resize=768%2C576&amp;ssl=1 768w, https:\/\/i0.wp.com\/www.iucuellar.org\/public\/2024\/04\/DSCN1108_-scaled.jpg?resize=1536%2C1152&amp;ssl=1 1536w, https:\/\/i0.wp.com\/www.iucuellar.org\/public\/2024\/04\/DSCN1108_-scaled.jpg?resize=2048%2C1536&amp;ssl=1 2048w, https:\/\/i0.wp.com\/www.iucuellar.org\/public\/2024\/04\/DSCN1108_-scaled.jpg?w=1600&amp;ssl=1 1600w, https:\/\/i0.wp.com\/www.iucuellar.org\/public\/2024\/04\/DSCN1108_-scaled.jpg?w=2400&amp;ssl=1 2400w\" sizes=\"(max-width: 800px) 100vw, 800px\" data-recalc-dims=\"1\" \/><\/figure>\n\n\n\n<h2>Por primera vez en nuestro pa\u00eds contamos con una herramienta legal, la Ley de Vivienda, y por eso pedimos a la Junta de Castilla y Le\u00f3n que declare zona tensionada al municipio de Cu\u00e9llar.<\/h2>\n\n\n\n<p>El Ministerio de Vivienda y Agenda Urbana ha aprobado el \u00cdndice de Precios de Referencia, un nuevo servicio para conocer los valores de referencia para el alquiler de una vivienda. En los lugares que exista un problema de acceso a viviendas en r\u00e9gimen de alquiler y por tanto, se declaren zonas tensionadas, el \u00edndice limitar\u00e1 los precios. <strong>Las zonas tensionadas son los lugares en los que existe un especial riesgo de oferta insuficiente de vivienda para la poblaci\u00f3n, como es el caso de Cu\u00e9llar.<\/strong> Familias, j\u00f3venes que se quieren independizar o personas trabajadoras que encuentran una oportunidad laboral en el municipio, se encuentran con una verdadera odisea en la b\u00fasqueda de una vivienda de alquiler.<\/p>\n\n\n\n<p><strong>Adem\u00e1s, declarar a Cu\u00e9llar de zona tensionada no s\u00f3lo favorecer\u00eda a los inquilinos, si no, tambi\u00e9n a los propietarios<\/strong>. La Ley de Vivienda crea un entorno fiscal favorable para peque\u00f1os propietarios que pongan en alquiler su vivienda en zonas tensionadas. Se benefician de una reducci\u00f3n de hasta un 90% sobre los rendimientos del alquiler. Con ello se busca reducir los precios del alquiler y estimular la oferta a un precio asequible.<\/p>\n\n\n\n<p><strong>Desde <a href=\"https:\/\/www.iucuellar.org\/?page_id=4369\" target=\"_blank\" rel=\"noreferrer noopener\">Izquierda Unida<\/a> tenemos claro que centrarse s\u00f3lo en las iniciativas privadas de construcci\u00f3n de nueva vivienda no es la soluci\u00f3n, y que una de las causas del estancamiento de poblaci\u00f3n en Cu\u00e9llar es el escaso parque p\u00fablico de viviendas y la falta de promoci\u00f3n p\u00fablica de vivienda nueva.<\/strong><\/p>\n\n\n\n<p>Puedes leer la moci\u00f3n completa en el siguiente enlace <a href=\"https:\/\/www.iucuellar.org\/2024\/Documentos\/MOCION%20Zona%20Tensionada.pdf\"><strong>&gt;&gt;MOCI\u00d3<\/strong><\/a><a href=\"https:\/\/www.iucuellar.org\/2024\/Documentos\/MOCION%20Zona%20Tensionada.pdf\" target=\"_blank\" rel=\"noreferrer noopener\"><strong>N&lt;&lt;<\/strong><\/a><\/p>\n","protected":false},"excerpt":{"rendered":"<p>En el pleno ordinario del mes de Abril presentamos las formaciones del equipo de gobierno, a iniciativa de Izquierda Unida,<\/p>\n","protected":false},"author":1,"featured_media":4740,"comment_status":"open","ping_status":"open","sticky":false,"template":"","format":"standard","meta":{"sfsi_plus_gutenberg_text_before_share":"","sfsi_plus_gutenberg_show_text_before_share":"","sfsi_plus_gutenberg_icon_type":"","sfsi_plus_gutenberg_icon_alignemt":"","sfsi_plus_gutenburg_max_per_row":"","_exactmetrics_skip_tracking":false,"_exactmetrics_sitenote_active":false,"_exactmetrics_sitenote_note":"","_exactmetrics_sitenote_category":0,"ngg_post_thumbnail":0,"_jetpack_memberships_contains_paid_content":false,"footnotes":""},"categories":[21,20,137],"tags":[139,36,35,43,40,71,69,91,138],"yoast_head":"<!-- This site is optimized with the Yoast SEO plugin v22.9 - https:\/\/yoast.com\/wordpress\/plugins\/seo\/ -->\r\n<title>Aprobada moci\u00f3n para la regulaci\u00f3n del alquiler en Cu\u00e9llar - Izquierda Unida Cu\u00e9llar<\/title>\r\n<meta name=\"description\" content=\"En el pleno del mes de Abril presentamos una moci\u00f3n para instar a la Junta de CyL a declarar el municipio zona tensionada, para la regulaci\u00f3n del alquiler.\" \/>\r\n<meta name=\"robots\" content=\"index, follow, max-snippet:-1, max-image-preview:large, max-video-preview:-1\" \/>\r\n<link rel=\"canonical\" href=\"https:\/\/www.iucuellar.org\/?p=4730\" \/>\r\n<meta property=\"og:locale\" content=\"es_ES\" \/>\r\n<meta property=\"og:type\" content=\"article\" \/>\r\n<meta property=\"og:title\" content=\"Aprobada moci\u00f3n para la regulaci\u00f3n del alquiler en Cu\u00e9llar - Izquierda Unida Cu\u00e9llar\" \/>\r\n<meta property=\"og:description\" content=\"En el pleno del mes de Abril presentamos una moci\u00f3n para instar a la Junta de CyL a declarar el municipio zona tensionada, para la regulaci\u00f3n del alquiler.\" \/>\r\n<meta property=\"og:url\" content=\"https:\/\/www.iucuellar.org\/?p=4730\" \/>\r\n<meta property=\"og:site_name\" content=\"Izquierda Unida Cu\u00e9llar\" \/>\r\n<meta property=\"article:publisher\" content=\"https:\/\/www.facebook.com\/iucuellar\" \/>\r\n<meta property=\"article:published_time\" content=\"2024-04-27T11:08:38+00:00\" \/>\r\n<meta property=\"article:modified_time\" content=\"2024-04-27T11:08:44+00:00\" \/>\r\n<meta property=\"og:image\" content=\"https:\/\/www.iucuellar.org\/public\/2024\/04\/home-8692177_1280.jpg\" \/>\r\n\t<meta property=\"og:image:width\" content=\"1280\" \/>\r\n\t<meta property=\"og:image:height\" content=\"731\" \/>\r\n\t<meta property=\"og:image:type\" content=\"image\/jpeg\" \/>\r\n<meta name=\"author\" content=\"Comunicaci\u00f3n\" \/>\r\n<meta name=\"twitter:card\" content=\"summary_large_image\" \/>\r\n<meta name=\"twitter:creator\" content=\"@IU_CUELLAR\" \/>\r\n<meta name=\"twitter:site\" content=\"@IU_CUELLAR\" \/>\r\n<meta name=\"twitter:label1\" content=\"Escrito por\" \/>\n\t<meta name=\"twitter:data1\" content=\"Comunicaci\u00f3n\" \/>\n\t<meta name=\"twitter:label2\" content=\"Tiempo de lectura\" \/>\n\t<meta name=\"twitter:data2\" content=\"3 minutos\" \/>\r\n<script type=\"application\/ld+json\" class=\"yoast-schema-graph\">{\"@context\":\"https:\/\/schema.org\",\"@graph\":[{\"@type\":\"Article\",\"@id\":\"https:\/\/www.iucuellar.org\/?p=4730#article\",\"isPartOf\":{\"@id\":\"https:\/\/www.iucuellar.org\/?p=4730\"},\"author\":{\"name\":\"Comunicaci\u00f3n\",\"@id\":\"https:\/\/www.iucuellar.org\/#\/schema\/person\/0ed49683a220f525fdeb90989b5c672d\"},\"headline\":\"Aprobada moci\u00f3n para la regulaci\u00f3n del alquiler en Cu\u00e9llar\",\"datePublished\":\"2024-04-27T11:08:38+00:00\",\"dateModified\":\"2024-04-27T11:08:44+00:00\",\"mainEntityOfPage\":{\"@id\":\"https:\/\/www.iucuellar.org\/?p=4730\"},\"wordCount\":399,\"commentCount\":0,\"publisher\":{\"@id\":\"https:\/\/www.iucuellar.org\/#organization\"},\"image\":{\"@id\":\"https:\/\/www.iucuellar.org\/?p=4730#primaryimage\"},\"thumbnailUrl\":\"https:\/\/i0.wp.com\/www.iucuellar.org\/public\/2024\/04\/home-8692177_1280.jpg?fit=1280%2C731&ssl=1\",\"keywords\":[\"alquiler\",\"Ayuntamiento\",\"Cuellar\",\"IU\",\"Izquierda Unida\",\"Mociones\",\"Plenos\",\"Segovia\",\"Vivienda\"],\"articleSection\":[\"Izquierda Unida\",\"Plenos\",\"Vivienda\"],\"inLanguage\":\"es\",\"potentialAction\":[{\"@type\":\"CommentAction\",\"name\":\"Comment\",\"target\":[\"https:\/\/www.iucuellar.org\/?p=4730#respond\"]}]},{\"@type\":\"WebPage\",\"@id\":\"https:\/\/www.iucuellar.org\/?p=4730\",\"url\":\"https:\/\/www.iucuellar.org\/?p=4730\",\"name\":\"Aprobada moci\u00f3n para la regulaci\u00f3n del alquiler en Cu\u00e9llar - Izquierda Unida Cu\u00e9llar\",\"isPartOf\":{\"@id\":\"https:\/\/www.iucuellar.org\/#website\"},\"primaryImageOfPage\":{\"@id\":\"https:\/\/www.iucuellar.org\/?p=4730#primaryimage\"},\"image\":{\"@id\":\"https:\/\/www.iucuellar.org\/?p=4730#primaryimage\"},\"thumbnailUrl\":\"https:\/\/i0.wp.com\/www.iucuellar.org\/public\/2024\/04\/home-8692177_1280.jpg?fit=1280%2C731&ssl=1\",\"datePublished\":\"2024-04-27T11:08:38+00:00\",\"dateModified\":\"2024-04-27T11:08:44+00:00\",\"description\":\"En el pleno del mes de Abril presentamos una moci\u00f3n para instar a la Junta de CyL a declarar el municipio zona tensionada, para la regulaci\u00f3n del alquiler.\",\"breadcrumb\":{\"@id\":\"https:\/\/www.iucuellar.org\/?p=4730#breadcrumb\"},\"inLanguage\":\"es\",\"potentialAction\":[{\"@type\":\"ReadAction\",\"target\":[\"https:\/\/www.iucuellar.org\/?p=4730\"]}]},{\"@type\":\"ImageObject\",\"inLanguage\":\"es\",\"@id\":\"https:\/\/www.iucuellar.org\/?p=4730#primaryimage\",\"url\":\"https:\/\/i0.wp.com\/www.iucuellar.org\/public\/2024\/04\/home-8692177_1280.jpg?fit=1280%2C731&ssl=1\",\"contentUrl\":\"https:\/\/i0.wp.com\/www.iucuellar.org\/public\/2024\/04\/home-8692177_1280.jpg?fit=1280%2C731&ssl=1\",\"width\":1280,\"height\":731},{\"@type\":\"BreadcrumbList\",\"@id\":\"https:\/\/www.iucuellar.org\/?p=4730#breadcrumb\",\"itemListElement\":[{\"@type\":\"ListItem\",\"position\":1,\"name\":\"Inicio\",\"item\":\"https:\/\/www.iucuellar.org\/\"},{\"@type\":\"ListItem\",\"position\":2,\"name\":\"Aprobada moci\u00f3n para la regulaci\u00f3n del alquiler en Cu\u00e9llar\"}]},{\"@type\":\"WebSite\",\"@id\":\"https:\/\/www.iucuellar.org\/#website\",\"url\":\"https:\/\/www.iucuellar.org\/\",\"name\":\"Izquierda Unida Cu\u00e9llar y Comarca\",\"description\":\"Lugar de opini\u00f3n y discusi\u00f3n de la izquierda\",\"publisher\":{\"@id\":\"https:\/\/www.iucuellar.org\/#organization\"},\"potentialAction\":[{\"@type\":\"SearchAction\",\"target\":{\"@type\":\"EntryPoint\",\"urlTemplate\":\"https:\/\/www.iucuellar.org\/?s={search_term_string}\"},\"query-input\":\"required name=search_term_string\"}],\"inLanguage\":\"es\"},{\"@type\":\"Organization\",\"@id\":\"https:\/\/www.iucuellar.org\/#organization\",\"name\":\"IU CUELLAR\",\"url\":\"https:\/\/www.iucuellar.org\/\",\"logo\":{\"@type\":\"ImageObject\",\"inLanguage\":\"es\",\"@id\":\"https:\/\/www.iucuellar.org\/#\/schema\/logo\/image\/\",\"url\":\"https:\/\/i0.wp.com\/www.iucuellar.org\/public\/2022\/07\/cropped-avatar_redondo_Twitter.png?fit=512%2C512&ssl=1\",\"contentUrl\":\"https:\/\/i0.wp.com\/www.iucuellar.org\/public\/2022\/07\/cropped-avatar_redondo_Twitter.png?fit=512%2C512&ssl=1\",\"width\":512,\"height\":512,\"caption\":\"IU CUELLAR\"},\"image\":{\"@id\":\"https:\/\/www.iucuellar.org\/#\/schema\/logo\/image\/\"},\"sameAs\":[\"https:\/\/www.facebook.com\/iucuellar\",\"https:\/\/x.com\/IU_CUELLAR\",\"https:\/\/www.instagram.com\/iucuellar\/\",\"https:\/\/www.threads.net\/@iucuellar\"]},{\"@type\":\"Person\",\"@id\":\"https:\/\/www.iucuellar.org\/#\/schema\/person\/0ed49683a220f525fdeb90989b5c672d\",\"name\":\"Comunicaci\u00f3n\",\"image\":{\"@type\":\"ImageObject\",\"inLanguage\":\"es\",\"@id\":\"https:\/\/www.iucuellar.org\/#\/schema\/person\/image\/\",\"url\":\"https:\/\/secure.gravatar.com\/avatar\/1bb1e96b498ea4b5098098798744923e?s=96&d=mm&r=g\",\"contentUrl\":\"https:\/\/secure.gravatar.com\/avatar\/1bb1e96b498ea4b5098098798744923e?s=96&d=mm&r=g\",\"caption\":\"Comunicaci\u00f3n\"},\"url\":\"https:\/\/www.iucuellar.org\/?author=1\"}]}<\/script>\r\n<!-- \/ Yoast SEO plugin. -->","yoast_head_json":{"title":"Aprobada moci\u00f3n para la regulaci\u00f3n del alquiler en Cu\u00e9llar - Izquierda Unida Cu\u00e9llar","description":"En el pleno del mes de Abril presentamos una moci\u00f3n para instar a la Junta de CyL a declarar el municipio zona tensionada, para la regulaci\u00f3n del alquiler.","robots":{"index":"index","follow":"follow","max-snippet":"max-snippet:-1","max-image-preview":"max-image-preview:large","max-video-preview":"max-video-preview:-1"},"canonical":"https:\/\/www.iucuellar.org\/?p=4730","og_locale":"es_ES","og_type":"article","og_title":"Aprobada moci\u00f3n para la regulaci\u00f3n del alquiler en Cu\u00e9llar - Izquierda Unida Cu\u00e9llar","og_description":"En el pleno del mes de Abril presentamos una moci\u00f3n para instar a la Junta de CyL a declarar el municipio zona tensionada, para la regulaci\u00f3n del alquiler.","og_url":"https:\/\/www.iucuellar.org\/?p=4730","og_site_name":"Izquierda Unida Cu\u00e9llar","article_publisher":"https:\/\/www.facebook.com\/iucuellar","article_published_time":"2024-04-27T11:08:38+00:00","article_modified_time":"2024-04-27T11:08:44+00:00","og_image":[{"width":1280,"height":731,"url":"https:\/\/www.iucuellar.org\/public\/2024\/04\/home-8692177_1280.jpg","type":"image\/jpeg"}],"author":"Comunicaci\u00f3n","twitter_card":"summary_large_image","twitter_creator":"@IU_CUELLAR","twitter_site":"@IU_CUELLAR","twitter_misc":{"Escrito por":"Comunicaci\u00f3n","Tiempo de lectura":"3 minutos"},"schema":{"@context":"https:\/\/schema.org","@graph":[{"@type":"Article","@id":"https:\/\/www.iucuellar.org\/?p=4730#article","isPartOf":{"@id":"https:\/\/www.iucuellar.org\/?p=4730"},"author":{"name":"Comunicaci\u00f3n","@id":"https:\/\/www.iucuellar.org\/#\/schema\/person\/0ed49683a220f525fdeb90989b5c672d"},"headline":"Aprobada moci\u00f3n para la regulaci\u00f3n del alquiler en Cu\u00e9llar","datePublished":"2024-04-27T11:08:38+00:00","dateModified":"2024-04-27T11:08:44+00:00","mainEntityOfPage":{"@id":"https:\/\/www.iucuellar.org\/?p=4730"},"wordCount":399,"commentCount":0,"publisher":{"@id":"https:\/\/www.iucuellar.org\/#organization"},"image":{"@id":"https:\/\/www.iucuellar.org\/?p=4730#primaryimage"},"thumbnailUrl":"https:\/\/i0.wp.com\/www.iucuellar.org\/public\/2024\/04\/home-8692177_1280.jpg?fit=1280%2C731&ssl=1","keywords":["alquiler","Ayuntamiento","Cuellar","IU","Izquierda Unida","Mociones","Plenos","Segovia","Vivienda"],"articleSection":["Izquierda Unida","Plenos","Vivienda"],"inLanguage":"es","potentialAction":[{"@type":"CommentAction","name":"Comment","target":["https:\/\/www.iucuellar.org\/?p=4730#respond"]}]},{"@type":"WebPage","@id":"https:\/\/www.iucuellar.org\/?p=4730","url":"https:\/\/www.iucuellar.org\/?p=4730","name":"Aprobada moci\u00f3n para la regulaci\u00f3n del alquiler en Cu\u00e9llar - Izquierda Unida Cu\u00e9llar","isPartOf":{"@id":"https:\/\/www.iucuellar.org\/#website"},"primaryImageOfPage":{"@id":"https:\/\/www.iucuellar.org\/?p=4730#primaryimage"},"image":{"@id":"https:\/\/www.iucuellar.org\/?p=4730#primaryimage"},"thumbnailUrl":"https:\/\/i0.wp.com\/www.iucuellar.org\/public\/2024\/04\/home-8692177_1280.jpg?fit=1280%2C731&ssl=1","datePublished":"2024-04-27T11:08:38+00:00","dateModified":"2024-04-27T11:08:44+00:00","description":"En el pleno del mes de Abril presentamos una moci\u00f3n para instar a la Junta de CyL a declarar el municipio zona tensionada, para la regulaci\u00f3n del alquiler.","breadcrumb":{"@id":"https:\/\/www.iucuellar.org\/?p=4730#breadcrumb"},"inLanguage":"es","potentialAction":[{"@type":"ReadAction","target":["https:\/\/www.iucuellar.org\/?p=4730"]}]},{"@type":"ImageObject","inLanguage":"es","@id":"https:\/\/www.iucuellar.org\/?p=4730#primaryimage","url":"https:\/\/i0.wp.com\/www.iucuellar.org\/public\/2024\/04\/home-8692177_1280.jpg?fit=1280%2C731&ssl=1","contentUrl":"https:\/\/i0.wp.com\/www.iucuellar.org\/public\/2024\/04\/home-8692177_1280.jpg?fit=1280%2C731&ssl=1","width":1280,"height":731},{"@type":"BreadcrumbList","@id":"https:\/\/www.iucuellar.org\/?p=4730#breadcrumb","itemListElement":[{"@type":"ListItem","position":1,"name":"Inicio","item":"https:\/\/www.iucuellar.org\/"},{"@type":"ListItem","position":2,"name":"Aprobada moci\u00f3n para la regulaci\u00f3n del alquiler en Cu\u00e9llar"}]},{"@type":"WebSite","@id":"https:\/\/www.iucuellar.org\/#website","url":"https:\/\/www.iucuellar.org\/","name":"Izquierda Unida Cu\u00e9llar y Comarca","description":"Lugar de opini\u00f3n y discusi\u00f3n de la izquierda","publisher":{"@id":"https:\/\/www.iucuellar.org\/#organization"},"potentialAction":[{"@type":"SearchAction","target":{"@type":"EntryPoint","urlTemplate":"https:\/\/www.iucuellar.org\/?s={search_term_string}"},"query-input":"required name=search_term_string"}],"inLanguage":"es"},{"@type":"Organization","@id":"https:\/\/www.iucuellar.org\/#organization","name":"IU CUELLAR","url":"https:\/\/www.iucuellar.org\/","logo":{"@type":"ImageObject","inLanguage":"es","@id":"https:\/\/www.iucuellar.org\/#\/schema\/logo\/image\/","url":"https:\/\/i0.wp.com\/www.iucuellar.org\/public\/2022\/07\/cropped-avatar_redondo_Twitter.png?fit=512%2C512&ssl=1","contentUrl":"https:\/\/i0.wp.com\/www.iucuellar.org\/public\/2022\/07\/cropped-avatar_redondo_Twitter.png?fit=512%2C512&ssl=1","width":512,"height":512,"caption":"IU CUELLAR"},"image":{"@id":"https:\/\/www.iucuellar.org\/#\/schema\/logo\/image\/"},"sameAs":["https:\/\/www.facebook.com\/iucuellar","https:\/\/x.com\/IU_CUELLAR","https:\/\/www.instagram.com\/iucuellar\/","https:\/\/www.threads.net\/@iucuellar"]},{"@type":"Person","@id":"https:\/\/www.iucuellar.org\/#\/schema\/person\/0ed49683a220f525fdeb90989b5c672d","name":"Comunicaci\u00f3n","image":{"@type":"ImageObject","inLanguage":"es","@id":"https:\/\/www.iucuellar.org\/#\/schema\/person\/image\/","url":"https:\/\/secure.gravatar.com\/avatar\/1bb1e96b498ea4b5098098798744923e?s=96&d=mm&r=g","contentUrl":"https:\/\/secure.gravatar.com\/avatar\/1bb1e96b498ea4b5098098798744923e?s=96&d=mm&r=g","caption":"Comunicaci\u00f3n"},"url":"https:\/\/www.iucuellar.org\/?author=1"}]}},"jetpack_featured_media_url":"https:\/\/i0.wp.com\/www.iucuellar.org\/public\/2024\/04\/home-8692177_1280.jpg?fit=1280%2C731&ssl=1","jetpack_sharing_enabled":true,"jetpack_shortlink":"https:\/\/wp.me\/s8rn8P-alquiler","_links":{"self":[{"href":"https:\/\/www.iucuellar.org\/index.php?rest_route=\/wp\/v2\/posts\/4730"}],"collection":[{"href":"https:\/\/www.iucuellar.org\/index.php?rest_route=\/wp\/v2\/posts"}],"about":[{"href":"https:\/\/www.iucuellar.org\/index.php?rest_route=\/wp\/v2\/types\/post"}],"author":[{"embeddable":true,"href":"https:\/\/www.iucuellar.org\/index.php?rest_route=\/wp\/v2\/users\/1"}],"replies":[{"embeddable":true,"href":"https:\/\/www.iucuellar.org\/index.php?rest_route=%2Fwp%2Fv2%2Fcomments&post=4730"}],"version-history":[{"count":5,"href":"https:\/\/www.iucuellar.org\/index.php?rest_route=\/wp\/v2\/posts\/4730\/revisions"}],"predecessor-version":[{"id":4741,"href":"https:\/\/www.iucuellar.org\/index.php?rest_route=\/wp\/v2\/posts\/4730\/revisions\/4741"}],"wp:featuredmedia":[{"embeddable":true,"href":"https:\/\/www.iucuellar.org\/index.php?rest_route=\/wp\/v2\/media\/4740"}],"wp:attachment":[{"href":"https:\/\/www.iucuellar.org\/index.php?rest_route=%2Fwp%2Fv2%2Fmedia&parent=4730"}],"wp:term":[{"taxonomy":"category","embeddable":true,"href":"https:\/\/www.iucuellar.org\/index.php?rest_route=%2Fwp%2Fv2%2Fcategories&post=4730"},{"taxonomy":"post_tag","embeddable":true,"href":"https:\/\/www.iucuellar.org\/index.php?rest_route=%2Fwp%2Fv2%2Ftags&post=4730"}],"curies":[{"name":"wp","href":"https:\/\/api.w.org\/{rel}","templated":true}]}}