{"id":4773,"date":"2025-01-17T15:00:10","date_gmt":"2025-01-17T14:00:10","guid":{"rendered":"https:\/\/www.iucuellar.org\/?p=4773"},"modified":"2025-01-17T15:00:15","modified_gmt":"2025-01-17T14:00:15","slug":"presentacion-libro-cara-oculta-feijoo","status":"publish","type":"post","link":"https:\/\/www.iucuellar.org\/?p=4773","title":{"rendered":"IU Cu\u00e9llar presenta el libro \u201cFEIJ\u00d3O: La Cara Oculta de un Farsante\u201d"},"content":{"rendered":"\n<h2 class=\"wp-block-heading\"><strong>El autor Manuel Monge Gonz\u00e1lez desgran\u00f3 su libro a todas las personas asistentes.<\/strong><\/h2>\n\n\n\n<p>El pasado mi\u00e9rcoles se present\u00f3 el libro \u201cFEIJ\u00d3O: La Cara Oculta de un Farsante\u201d. La actividad la organiz\u00f3 IU Cu\u00e9llar y el PCE.<\/p>\n\n\n\n<p>En trescientas cincuenta y seis p\u00e1ginas Monge desvela el lado \u201coculto\u201d de uno de los rostros m\u00e1s conocidos del panorama pol\u00edtico actual. El autor hace un recorrido por la carrera pol\u00edtica de Alberto N\u00fa\u00f1ez Feij\u00f3o antes de irrumpir en la pol\u00edtica nacional.<\/p>\n\n\n\n<h3 class=\"wp-block-heading\">El libro desgrana desde las amistades peligrosas de Feij\u00f3o hasta la financiaci\u00f3n ilegal del PP. Pasando por la depauperaci\u00f3n de lo p\u00fablico y la manipulaci\u00f3n de los medios p\u00fablicos y privados.<\/h3>\n\n\n\n<p>Un texto muy bien documentado, donde desenmascara al supuesto l\u00edder moderado que nos hacen ver que es, as\u00ed como al partido del que es presidente. &nbsp;Relata los desmanes y los distintos ama\u00f1os para ganar fraudulentamente y durante a\u00f1os las distintas elecciones las que se han presentado.<\/p>\n\n\n\n<h3 class=\"wp-block-heading\">Este <a href=\"https:\/\/laiovento.gal\/CATALOGO\/1293\/FEIJOO-LA-CARA-OCULTA-DE-UN-FARSANTE.html\">libro<\/a> sirve de consulta, para desmontar el discurso actual de la derecha y ultraderecha.<\/h3>\n\n\n\n<p>El autor explic\u00f3 la censura a la que se enfrenta con la presentaci\u00f3n de su libro en algunos espacios. Habi\u00e9ndole negado la presentaci\u00f3n en distintos municipios.<\/p>\n\n\n\n<p>Desde IU agradecer la presencia de las personas asistentes que nos acompa\u00f1aron y llenaron el acto.<\/p>\n\n\n\n<p><a href=\"https:\/\/www.iucuellar.org\/?p=4760\">Otras noticias<\/a><\/p>\n","protected":false},"excerpt":{"rendered":"<p>El autor Manuel Monge Gonz\u00e1lez desgran\u00f3 su libro a todas las personas asistentes. El pasado mi\u00e9rcoles se present\u00f3 el libro<\/p>\n","protected":false},"author":1,"featured_media":4774,"comment_status":"open","ping_status":"open","sticky":false,"template":"","format":"standard","meta":{"sfsi_plus_gutenberg_text_before_share":"","sfsi_plus_gutenberg_show_text_before_share":"","sfsi_plus_gutenberg_icon_type":"","sfsi_plus_gutenberg_icon_alignemt":"","sfsi_plus_gutenburg_max_per_row":"","_exactmetrics_skip_tracking":false,"_exactmetrics_sitenote_active":false,"_exactmetrics_sitenote_note":"","_exactmetrics_sitenote_category":0,"ngg_post_thumbnail":0,"_jetpack_memberships_contains_paid_content":false,"footnotes":""},"categories":[21],"tags":[35,143,145,43,40,146,144,147,49,148],"yoast_head":"<!-- This site is optimized with the Yoast SEO plugin v22.9 - https:\/\/yoast.com\/wordpress\/plugins\/seo\/ -->\r\n<title>IU Cu\u00e9llar presenta el libro \u201cFEIJ\u00d3O: La Cara Oculta de un Farsante\u201d - Izquierda Unida Cu\u00e9llar<\/title>\r\n<meta name=\"description\" content=\"El autor Manuel Monge Gonz\u00e1lez desgran\u00f3 su libro, tratando desde las amistades peligrosas de Feij\u00f3o hasta la financiaci\u00f3n ilegal del PP\" \/>\r\n<meta name=\"robots\" content=\"index, follow, max-snippet:-1, max-image-preview:large, max-video-preview:-1\" \/>\r\n<link rel=\"canonical\" href=\"https:\/\/www.iucuellar.org\/?p=4773\" \/>\r\n<meta property=\"og:locale\" content=\"es_ES\" \/>\r\n<meta property=\"og:type\" content=\"article\" \/>\r\n<meta property=\"og:title\" content=\"IU Cu\u00e9llar presenta el libro \u201cFEIJ\u00d3O: La Cara Oculta de un Farsante\u201d - Izquierda Unida Cu\u00e9llar\" \/>\r\n<meta property=\"og:description\" content=\"El autor Manuel Monge Gonz\u00e1lez desgran\u00f3 su libro, tratando desde las amistades peligrosas de Feij\u00f3o hasta la financiaci\u00f3n ilegal del PP\" \/>\r\n<meta property=\"og:url\" content=\"https:\/\/www.iucuellar.org\/?p=4773\" \/>\r\n<meta property=\"og:site_name\" content=\"Izquierda Unida Cu\u00e9llar\" \/>\r\n<meta property=\"article:publisher\" content=\"https:\/\/www.facebook.com\/iucuellar\" \/>\r\n<meta property=\"article:published_time\" content=\"2025-01-17T14:00:10+00:00\" \/>\r\n<meta property=\"article:modified_time\" content=\"2025-01-17T14:00:15+00:00\" \/>\r\n<meta property=\"og:image\" content=\"https:\/\/www.iucuellar.org\/public\/2025\/01\/WhatsApp-Image-2025-01-17-at-14.42.32.jpeg\" \/>\r\n\t<meta property=\"og:image:width\" content=\"1134\" \/>\r\n\t<meta property=\"og:image:height\" content=\"898\" \/>\r\n\t<meta property=\"og:image:type\" content=\"image\/jpeg\" \/>\r\n<meta name=\"author\" content=\"Comunicaci\u00f3n\" \/>\r\n<meta name=\"twitter:card\" content=\"summary_large_image\" \/>\r\n<meta name=\"twitter:creator\" content=\"@IU_CUELLAR\" \/>\r\n<meta name=\"twitter:site\" content=\"@IU_CUELLAR\" \/>\r\n<meta name=\"twitter:label1\" content=\"Escrito por\" \/>\n\t<meta name=\"twitter:data1\" content=\"Comunicaci\u00f3n\" \/>\n\t<meta name=\"twitter:label2\" content=\"Tiempo de lectura\" \/>\n\t<meta name=\"twitter:data2\" content=\"2 minutos\" \/>\r\n<script type=\"application\/ld+json\" class=\"yoast-schema-graph\">{\"@context\":\"https:\/\/schema.org\",\"@graph\":[{\"@type\":\"Article\",\"@id\":\"https:\/\/www.iucuellar.org\/?p=4773#article\",\"isPartOf\":{\"@id\":\"https:\/\/www.iucuellar.org\/?p=4773\"},\"author\":{\"name\":\"Comunicaci\u00f3n\",\"@id\":\"https:\/\/www.iucuellar.org\/#\/schema\/person\/0ed49683a220f525fdeb90989b5c672d\"},\"headline\":\"IU Cu\u00e9llar presenta el libro \u201cFEIJ\u00d3O: La Cara Oculta de un Farsante\u201d\",\"datePublished\":\"2025-01-17T14:00:10+00:00\",\"dateModified\":\"2025-01-17T14:00:15+00:00\",\"mainEntityOfPage\":{\"@id\":\"https:\/\/www.iucuellar.org\/?p=4773\"},\"wordCount\":253,\"commentCount\":0,\"publisher\":{\"@id\":\"https:\/\/www.iucuellar.org\/#organization\"},\"image\":{\"@id\":\"https:\/\/www.iucuellar.org\/?p=4773#primaryimage\"},\"thumbnailUrl\":\"https:\/\/i0.wp.com\/www.iucuellar.org\/public\/2025\/01\/WhatsApp-Image-2025-01-17-at-14.42.32.jpeg?fit=1134%2C898&ssl=1\",\"keywords\":[\"Cuellar\",\"Feijoo\",\"Feij\u00f3o\",\"IU\",\"Izquierda Unida\",\"La cara oculta de un farsante\",\"Libro\",\"Manuel Monge Gonz\u00e1lez\",\"PCE\",\"Presentaci\u00f3n\"],\"articleSection\":[\"Izquierda Unida\"],\"inLanguage\":\"es\",\"potentialAction\":[{\"@type\":\"CommentAction\",\"name\":\"Comment\",\"target\":[\"https:\/\/www.iucuellar.org\/?p=4773#respond\"]}]},{\"@type\":\"WebPage\",\"@id\":\"https:\/\/www.iucuellar.org\/?p=4773\",\"url\":\"https:\/\/www.iucuellar.org\/?p=4773\",\"name\":\"IU Cu\u00e9llar presenta el libro \u201cFEIJ\u00d3O: La Cara Oculta de un Farsante\u201d - Izquierda Unida Cu\u00e9llar\",\"isPartOf\":{\"@id\":\"https:\/\/www.iucuellar.org\/#website\"},\"primaryImageOfPage\":{\"@id\":\"https:\/\/www.iucuellar.org\/?p=4773#primaryimage\"},\"image\":{\"@id\":\"https:\/\/www.iucuellar.org\/?p=4773#primaryimage\"},\"thumbnailUrl\":\"https:\/\/i0.wp.com\/www.iucuellar.org\/public\/2025\/01\/WhatsApp-Image-2025-01-17-at-14.42.32.jpeg?fit=1134%2C898&ssl=1\",\"datePublished\":\"2025-01-17T14:00:10+00:00\",\"dateModified\":\"2025-01-17T14:00:15+00:00\",\"description\":\"El autor Manuel Monge Gonz\u00e1lez desgran\u00f3 su libro, tratando desde las amistades peligrosas de Feij\u00f3o hasta la financiaci\u00f3n ilegal del PP\",\"breadcrumb\":{\"@id\":\"https:\/\/www.iucuellar.org\/?p=4773#breadcrumb\"},\"inLanguage\":\"es\",\"potentialAction\":[{\"@type\":\"ReadAction\",\"target\":[\"https:\/\/www.iucuellar.org\/?p=4773\"]}]},{\"@type\":\"ImageObject\",\"inLanguage\":\"es\",\"@id\":\"https:\/\/www.iucuellar.org\/?p=4773#primaryimage\",\"url\":\"https:\/\/i0.wp.com\/www.iucuellar.org\/public\/2025\/01\/WhatsApp-Image-2025-01-17-at-14.42.32.jpeg?fit=1134%2C898&ssl=1\",\"contentUrl\":\"https:\/\/i0.wp.com\/www.iucuellar.org\/public\/2025\/01\/WhatsApp-Image-2025-01-17-at-14.42.32.jpeg?fit=1134%2C898&ssl=1\",\"width\":1134,\"height\":898,\"caption\":\"Manuel Monge autor del libro y David Gonz\u00e1lez del PCE\"},{\"@type\":\"BreadcrumbList\",\"@id\":\"https:\/\/www.iucuellar.org\/?p=4773#breadcrumb\",\"itemListElement\":[{\"@type\":\"ListItem\",\"position\":1,\"name\":\"Inicio\",\"item\":\"https:\/\/www.iucuellar.org\/\"},{\"@type\":\"ListItem\",\"position\":2,\"name\":\"IU Cu\u00e9llar presenta el libro \u201cFEIJ\u00d3O: La Cara Oculta de un Farsante\u201d\"}]},{\"@type\":\"WebSite\",\"@id\":\"https:\/\/www.iucuellar.org\/#website\",\"url\":\"https:\/\/www.iucuellar.org\/\",\"name\":\"Izquierda Unida Cu\u00e9llar y Comarca\",\"description\":\"Lugar de opini\u00f3n y discusi\u00f3n de la izquierda\",\"publisher\":{\"@id\":\"https:\/\/www.iucuellar.org\/#organization\"},\"potentialAction\":[{\"@type\":\"SearchAction\",\"target\":{\"@type\":\"EntryPoint\",\"urlTemplate\":\"https:\/\/www.iucuellar.org\/?s={search_term_string}\"},\"query-input\":\"required name=search_term_string\"}],\"inLanguage\":\"es\"},{\"@type\":\"Organization\",\"@id\":\"https:\/\/www.iucuellar.org\/#organization\",\"name\":\"IU CUELLAR\",\"url\":\"https:\/\/www.iucuellar.org\/\",\"logo\":{\"@type\":\"ImageObject\",\"inLanguage\":\"es\",\"@id\":\"https:\/\/www.iucuellar.org\/#\/schema\/logo\/image\/\",\"url\":\"https:\/\/i0.wp.com\/www.iucuellar.org\/public\/2022\/07\/cropped-avatar_redondo_Twitter.png?fit=512%2C512&ssl=1\",\"contentUrl\":\"https:\/\/i0.wp.com\/www.iucuellar.org\/public\/2022\/07\/cropped-avatar_redondo_Twitter.png?fit=512%2C512&ssl=1\",\"width\":512,\"height\":512,\"caption\":\"IU CUELLAR\"},\"image\":{\"@id\":\"https:\/\/www.iucuellar.org\/#\/schema\/logo\/image\/\"},\"sameAs\":[\"https:\/\/www.facebook.com\/iucuellar\",\"https:\/\/x.com\/IU_CUELLAR\",\"https:\/\/www.instagram.com\/iucuellar\/\",\"https:\/\/www.threads.net\/@iucuellar\"]},{\"@type\":\"Person\",\"@id\":\"https:\/\/www.iucuellar.org\/#\/schema\/person\/0ed49683a220f525fdeb90989b5c672d\",\"name\":\"Comunicaci\u00f3n\",\"image\":{\"@type\":\"ImageObject\",\"inLanguage\":\"es\",\"@id\":\"https:\/\/www.iucuellar.org\/#\/schema\/person\/image\/\",\"url\":\"https:\/\/secure.gravatar.com\/avatar\/1bb1e96b498ea4b5098098798744923e?s=96&d=mm&r=g\",\"contentUrl\":\"https:\/\/secure.gravatar.com\/avatar\/1bb1e96b498ea4b5098098798744923e?s=96&d=mm&r=g\",\"caption\":\"Comunicaci\u00f3n\"},\"url\":\"https:\/\/www.iucuellar.org\/?author=1\"}]}<\/script>\r\n<!-- \/ Yoast SEO plugin. -->","yoast_head_json":{"title":"IU Cu\u00e9llar presenta el libro \u201cFEIJ\u00d3O: La Cara Oculta de un Farsante\u201d - Izquierda Unida Cu\u00e9llar","description":"El autor Manuel Monge Gonz\u00e1lez desgran\u00f3 su libro, tratando desde las amistades peligrosas de Feij\u00f3o hasta la financiaci\u00f3n ilegal del PP","robots":{"index":"index","follow":"follow","max-snippet":"max-snippet:-1","max-image-preview":"max-image-preview:large","max-video-preview":"max-video-preview:-1"},"canonical":"https:\/\/www.iucuellar.org\/?p=4773","og_locale":"es_ES","og_type":"article","og_title":"IU Cu\u00e9llar presenta el libro \u201cFEIJ\u00d3O: La Cara Oculta de un Farsante\u201d - Izquierda Unida Cu\u00e9llar","og_description":"El autor Manuel Monge Gonz\u00e1lez desgran\u00f3 su libro, tratando desde las amistades peligrosas de Feij\u00f3o hasta la financiaci\u00f3n ilegal del PP","og_url":"https:\/\/www.iucuellar.org\/?p=4773","og_site_name":"Izquierda Unida Cu\u00e9llar","article_publisher":"https:\/\/www.facebook.com\/iucuellar","article_published_time":"2025-01-17T14:00:10+00:00","article_modified_time":"2025-01-17T14:00:15+00:00","og_image":[{"width":1134,"height":898,"url":"https:\/\/www.iucuellar.org\/public\/2025\/01\/WhatsApp-Image-2025-01-17-at-14.42.32.jpeg","type":"image\/jpeg"}],"author":"Comunicaci\u00f3n","twitter_card":"summary_large_image","twitter_creator":"@IU_CUELLAR","twitter_site":"@IU_CUELLAR","twitter_misc":{"Escrito por":"Comunicaci\u00f3n","Tiempo de lectura":"2 minutos"},"schema":{"@context":"https:\/\/schema.org","@graph":[{"@type":"Article","@id":"https:\/\/www.iucuellar.org\/?p=4773#article","isPartOf":{"@id":"https:\/\/www.iucuellar.org\/?p=4773"},"author":{"name":"Comunicaci\u00f3n","@id":"https:\/\/www.iucuellar.org\/#\/schema\/person\/0ed49683a220f525fdeb90989b5c672d"},"headline":"IU Cu\u00e9llar presenta el libro \u201cFEIJ\u00d3O: La Cara Oculta de un Farsante\u201d","datePublished":"2025-01-17T14:00:10+00:00","dateModified":"2025-01-17T14:00:15+00:00","mainEntityOfPage":{"@id":"https:\/\/www.iucuellar.org\/?p=4773"},"wordCount":253,"commentCount":0,"publisher":{"@id":"https:\/\/www.iucuellar.org\/#organization"},"image":{"@id":"https:\/\/www.iucuellar.org\/?p=4773#primaryimage"},"thumbnailUrl":"https:\/\/i0.wp.com\/www.iucuellar.org\/public\/2025\/01\/WhatsApp-Image-2025-01-17-at-14.42.32.jpeg?fit=1134%2C898&ssl=1","keywords":["Cuellar","Feijoo","Feij\u00f3o","IU","Izquierda Unida","La cara oculta de un farsante","Libro","Manuel Monge Gonz\u00e1lez","PCE","Presentaci\u00f3n"],"articleSection":["Izquierda Unida"],"inLanguage":"es","potentialAction":[{"@type":"CommentAction","name":"Comment","target":["https:\/\/www.iucuellar.org\/?p=4773#respond"]}]},{"@type":"WebPage","@id":"https:\/\/www.iucuellar.org\/?p=4773","url":"https:\/\/www.iucuellar.org\/?p=4773","name":"IU Cu\u00e9llar presenta el libro \u201cFEIJ\u00d3O: La Cara Oculta de un Farsante\u201d - Izquierda Unida Cu\u00e9llar","isPartOf":{"@id":"https:\/\/www.iucuellar.org\/#website"},"primaryImageOfPage":{"@id":"https:\/\/www.iucuellar.org\/?p=4773#primaryimage"},"image":{"@id":"https:\/\/www.iucuellar.org\/?p=4773#primaryimage"},"thumbnailUrl":"https:\/\/i0.wp.com\/www.iucuellar.org\/public\/2025\/01\/WhatsApp-Image-2025-01-17-at-14.42.32.jpeg?fit=1134%2C898&ssl=1","datePublished":"2025-01-17T14:00:10+00:00","dateModified":"2025-01-17T14:00:15+00:00","description":"El autor Manuel Monge Gonz\u00e1lez desgran\u00f3 su libro, tratando desde las amistades peligrosas de Feij\u00f3o hasta la financiaci\u00f3n ilegal del PP","breadcrumb":{"@id":"https:\/\/www.iucuellar.org\/?p=4773#breadcrumb"},"inLanguage":"es","potentialAction":[{"@type":"ReadAction","target":["https:\/\/www.iucuellar.org\/?p=4773"]}]},{"@type":"ImageObject","inLanguage":"es","@id":"https:\/\/www.iucuellar.org\/?p=4773#primaryimage","url":"https:\/\/i0.wp.com\/www.iucuellar.org\/public\/2025\/01\/WhatsApp-Image-2025-01-17-at-14.42.32.jpeg?fit=1134%2C898&ssl=1","contentUrl":"https:\/\/i0.wp.com\/www.iucuellar.org\/public\/2025\/01\/WhatsApp-Image-2025-01-17-at-14.42.32.jpeg?fit=1134%2C898&ssl=1","width":1134,"height":898,"caption":"Manuel Monge autor del libro y David Gonz\u00e1lez del PCE"},{"@type":"BreadcrumbList","@id":"https:\/\/www.iucuellar.org\/?p=4773#breadcrumb","itemListElement":[{"@type":"ListItem","position":1,"name":"Inicio","item":"https:\/\/www.iucuellar.org\/"},{"@type":"ListItem","position":2,"name":"IU Cu\u00e9llar presenta el libro \u201cFEIJ\u00d3O: La Cara Oculta de un Farsante\u201d"}]},{"@type":"WebSite","@id":"https:\/\/www.iucuellar.org\/#website","url":"https:\/\/www.iucuellar.org\/","name":"Izquierda Unida Cu\u00e9llar y Comarca","description":"Lugar de opini\u00f3n y discusi\u00f3n de la izquierda","publisher":{"@id":"https:\/\/www.iucuellar.org\/#organization"},"potentialAction":[{"@type":"SearchAction","target":{"@type":"EntryPoint","urlTemplate":"https:\/\/www.iucuellar.org\/?s={search_term_string}"},"query-input":"required name=search_term_string"}],"inLanguage":"es"},{"@type":"Organization","@id":"https:\/\/www.iucuellar.org\/#organization","name":"IU CUELLAR","url":"https:\/\/www.iucuellar.org\/","logo":{"@type":"ImageObject","inLanguage":"es","@id":"https:\/\/www.iucuellar.org\/#\/schema\/logo\/image\/","url":"https:\/\/i0.wp.com\/www.iucuellar.org\/public\/2022\/07\/cropped-avatar_redondo_Twitter.png?fit=512%2C512&ssl=1","contentUrl":"https:\/\/i0.wp.com\/www.iucuellar.org\/public\/2022\/07\/cropped-avatar_redondo_Twitter.png?fit=512%2C512&ssl=1","width":512,"height":512,"caption":"IU CUELLAR"},"image":{"@id":"https:\/\/www.iucuellar.org\/#\/schema\/logo\/image\/"},"sameAs":["https:\/\/www.facebook.com\/iucuellar","https:\/\/x.com\/IU_CUELLAR","https:\/\/www.instagram.com\/iucuellar\/","https:\/\/www.threads.net\/@iucuellar"]},{"@type":"Person","@id":"https:\/\/www.iucuellar.org\/#\/schema\/person\/0ed49683a220f525fdeb90989b5c672d","name":"Comunicaci\u00f3n","image":{"@type":"ImageObject","inLanguage":"es","@id":"https:\/\/www.iucuellar.org\/#\/schema\/person\/image\/","url":"https:\/\/secure.gravatar.com\/avatar\/1bb1e96b498ea4b5098098798744923e?s=96&d=mm&r=g","contentUrl":"https:\/\/secure.gravatar.com\/avatar\/1bb1e96b498ea4b5098098798744923e?s=96&d=mm&r=g","caption":"Comunicaci\u00f3n"},"url":"https:\/\/www.iucuellar.org\/?author=1"}]}},"jetpack_featured_media_url":"https:\/\/i0.wp.com\/www.iucuellar.org\/public\/2025\/01\/WhatsApp-Image-2025-01-17-at-14.42.32.jpeg?fit=1134%2C898&ssl=1","jetpack_sharing_enabled":true,"jetpack_shortlink":"https:\/\/wp.me\/p8rn8P-1eZ","_links":{"self":[{"href":"https:\/\/www.iucuellar.org\/index.php?rest_route=\/wp\/v2\/posts\/4773"}],"collection":[{"href":"https:\/\/www.iucuellar.org\/index.php?rest_route=\/wp\/v2\/posts"}],"about":[{"href":"https:\/\/www.iucuellar.org\/index.php?rest_route=\/wp\/v2\/types\/post"}],"author":[{"embeddable":true,"href":"https:\/\/www.iucuellar.org\/index.php?rest_route=\/wp\/v2\/users\/1"}],"replies":[{"embeddable":true,"href":"https:\/\/www.iucuellar.org\/index.php?rest_route=%2Fwp%2Fv2%2Fcomments&post=4773"}],"version-history":[{"count":1,"href":"https:\/\/www.iucuellar.org\/index.php?rest_route=\/wp\/v2\/posts\/4773\/revisions"}],"predecessor-version":[{"id":4775,"href":"https:\/\/www.iucuellar.org\/index.php?rest_route=\/wp\/v2\/posts\/4773\/revisions\/4775"}],"wp:featuredmedia":[{"embeddable":true,"href":"https:\/\/www.iucuellar.org\/index.php?rest_route=\/wp\/v2\/media\/4774"}],"wp:attachment":[{"href":"https:\/\/www.iucuellar.org\/index.php?rest_route=%2Fwp%2Fv2%2Fmedia&parent=4773"}],"wp:term":[{"taxonomy":"category","embeddable":true,"href":"https:\/\/www.iucuellar.org\/index.php?rest_route=%2Fwp%2Fv2%2Fcategories&post=4773"},{"taxonomy":"post_tag","embeddable":true,"href":"https:\/\/www.iucuellar.org\/index.php?rest_route=%2Fwp%2Fv2%2Ftags&post=4773"}],"curies":[{"name":"wp","href":"https:\/\/api.w.org\/{rel}","templated":true}]}}