{"id":4777,"date":"2025-03-28T15:00:29","date_gmt":"2025-03-28T14:00:29","guid":{"rendered":"https:\/\/www.iucuellar.org\/?p=4777"},"modified":"2025-03-28T15:07:47","modified_gmt":"2025-03-28T14:07:47","slug":"concejalia-hacienda-anuncia-superavit","status":"publish","type":"post","link":"https:\/\/www.iucuellar.org\/?p=4777","title":{"rendered":"La Concejal\u00eda de Hacienda anuncia un super\u00e1vit de 911.456,42\u20ac"},"content":{"rendered":"\n<h2 class=\"wp-block-heading\"><strong>El resultado positivo permite nuevas inversiones en las que ya est\u00e1n trabajando y se anunciar\u00e1n pr\u00f3ximamente<\/strong><\/h2>\n\n\n\n<p><strong>El Presupuesto se cierra con m\u00e1s de 2 millones en los ahorros del Ayuntamiento<\/strong><\/p>\n\n\n\n<p>Esta semana se han conocido los datos de la liquidaci\u00f3n del Presupuesto de 2024 del Ayuntamiento de Cu\u00e9llar.<\/p>\n\n\n\n<p>La Concejala de Hacienda, Luc\u00eda Arranz, ha explicado que el documento es el reflejo de la situaci\u00f3n econ\u00f3mica del Ayuntamiento. La situaci\u00f3n no s\u00f3lo es positiva, a\u00f1ade, si no que ha mejorado, puesto que el super\u00e1vit ha aumentado con respecto al a\u00f1o pasado.<\/p>\n\n\n\n<h3 class=\"wp-block-heading\"><strong>El Presupuesto se ha cerrado con super\u00e1vit de 911.456,42\u20ac y un remanente de 2.176.706\u20ac, lo que se conoce como \u201clos ahorros\u201d del Ayuntamiento.<\/strong><\/h3>\n\n\n\n<p>La intervenci\u00f3n ha informado de manera positiva a la liquidaci\u00f3n. Anunciando que el Ayuntamiento de Cu\u00e9llar <strong>cumple con creces con el objetivo de estabilidad presupuestaria, regla de gasto y el nivel de deuda.<\/strong><\/p>\n\n\n\n<p>Se cumple el objetivo de la Estabilidad Presupuestaria, puesto que ha habido un super\u00e1vit obteniendo m\u00e1s ingresos que gastos. Tambi\u00e9n, se ha cumplido la regla de gasto al no haberse aumentado de manera descontrolada.<\/p>\n\n\n\n<h3 class=\"wp-block-heading\"><strong>El nivel de deuda se sit\u00faa en un 7,93%, mientras que el nivel permitido es del 110%<\/strong><\/h3>\n\n\n\n<p>Luc\u00eda Arranz explica que la deuda se est\u00e1 amortizando a un ritmo m\u00e1s r\u00e1pido del previsto, gracias a la gesti\u00f3n municipal en la venta de las viviendas de Ni\u00f1as Hu\u00e9rfanas.<\/p>\n\n\n\n<p>La Concejala declara que el resultado positivo de la liquidaci\u00f3n indica que el Ayuntamiento de Cu\u00e9llar tiene solvencia y una s\u00f3lida situaci\u00f3n econ\u00f3mica.&nbsp; A\u00f1ade que las previsiones iniciales estaban ajustadas a lo que ha ocurrido realmente.<\/p>\n\n\n\n<h2 class=\"wp-block-heading\"><strong>&nbsp;1.167.864\u20ac destinados a inversiones el pasado a\u00f1o<\/strong><\/h2>\n\n\n\n<p>Las principales inversiones fueron el parking del centro de salud, <a href=\"https:\/\/escuellar.es\/equipo-de-gobierno-cuellar-reafirma-compromiso-con-comedor-colegio-santa-clara\/\">comedor del colegio Santa Clara<\/a>, pistas de tenis\u00a0 la pavimentaci\u00f3n de C\/Espronceda, C\/Rosario, Cruce San Francisco, C\/Vacas, Plaza Huerta Herrera y accesos al municipio y otras actuaciones en Dehesa Mayor, Pol\u00edgono Malriega y cementerio, entre otras.<\/p>\n\n\n\n<p>El PP declaraba al inicio del Presupuesto que \u201cse incrementaba mucho el gasto\u201d y que \u201cel papel lo aguanta todo\u201d. Desde IU expresan que no era s\u00f3lo \u201cpapel\u201d, si no, que hoy tenemos hechos objetivos que evidencian las calumnias del PP. Desde la formaci\u00f3n tambi\u00e9n manifiestan <strong>que hay una diferencia considerable entre la gesti\u00f3n seria que se est\u00e1 llevando a cabo en el \u00e1rea de hacienda y la enmienda que present\u00f3 el PP al Presupuesto que no cuadraba ni la suma de dos cantidades.<\/strong><\/p>\n\n\n\n<p>La Concejala de Hacienda recuerda como el PP pidi\u00f3 su dimisi\u00f3n por \u201cpresentar unos estudios econ\u00f3micos irreales\u201d y afirmar que iba a <a href=\"https:\/\/www.iucuellar.org\/?p=4767\">\u201carruinar al municipio\u201d.<\/a> Afirma, que los n\u00fameros que hoy se observan,<\/p>\n\n\n\n<h2 class=\"wp-block-heading\"><strong>\u201cel tiempo ha demostrado las mentiras del PP y que los servicios p\u00fablicos son m\u00e1s eficientes ahora que cuando lo gestionaban ellos en manos privadas.\u201d<\/strong><\/h2>\n\n\n\n<p>Desde IU consideran que mejorar los servicios que se presta a los cuellaranos y cuellaranas es compatible con tener unas cuentas saneadas y que cada a\u00f1o van mejorando. La edil declara que<\/p>\n\n\n\n<h3 class=\"wp-block-heading\"><strong>\u201ceste super\u00e1vit va a permitir afrontar con solvencia futuras inversiones en las que ya est\u00e1n trabajando y se anunciar\u00e1n en las pr\u00f3ximas semanas\u201d.<\/strong><\/h3>\n\n\n\n<p>Luc\u00eda Arranz declara que todo ello se ha conseguido con prudencia a la hora de elaborar el presupuesto, una buena planificaci\u00f3n y un control de los gastos superfluos. Afirma que su l\u00ednea de trabajo es paralela: <strong>mejorar los servicios que reciben la ciudadan\u00eda, a la par que trabajar para que el Ayuntamiento tenga una s\u00f3lida situaci\u00f3n econ\u00f3mica.<\/strong><\/p>\n","protected":false},"excerpt":{"rendered":"<p>El resultado positivo permite nuevas inversiones en las que ya est\u00e1n trabajando y se anunciar\u00e1n pr\u00f3ximamente El Presupuesto se cierra<\/p>\n","protected":false},"author":1,"featured_media":4778,"comment_status":"open","ping_status":"open","sticky":true,"template":"","format":"standard","meta":{"sfsi_plus_gutenberg_text_before_share":"","sfsi_plus_gutenberg_show_text_before_share":"","sfsi_plus_gutenberg_icon_type":"","sfsi_plus_gutenberg_icon_alignemt":"","sfsi_plus_gutenburg_max_per_row":"","_exactmetrics_skip_tracking":false,"_exactmetrics_sitenote_active":false,"_exactmetrics_sitenote_note":"","_exactmetrics_sitenote_category":0,"ngg_post_thumbnail":0,"_jetpack_memberships_contains_paid_content":false,"footnotes":""},"categories":[6,21],"tags":[36,35,135,112,43,40,136],"yoast_head":"<!-- This site is optimized with the Yoast SEO plugin v22.9 - https:\/\/yoast.com\/wordpress\/plugins\/seo\/ -->\r\n<title>La Concejal\u00eda de Hacienda anuncia un super\u00e1vit de 911.456,42\u20ac - Izquierda Unida Cu\u00e9llar<\/title>\r\n<meta name=\"description\" content=\"El resultado positivo del super\u00e1vit permite realizar nuevas inversiones en las que ya est\u00e1n trabajando y se anunciar\u00e1n pr\u00f3ximamente\" \/>\r\n<meta name=\"robots\" content=\"index, follow, max-snippet:-1, max-image-preview:large, max-video-preview:-1\" \/>\r\n<link rel=\"canonical\" href=\"https:\/\/www.iucuellar.org\/?p=4777\" \/>\r\n<meta property=\"og:locale\" content=\"es_ES\" \/>\r\n<meta property=\"og:type\" content=\"article\" \/>\r\n<meta property=\"og:title\" content=\"La Concejal\u00eda de Hacienda anuncia un super\u00e1vit de 911.456,42\u20ac - Izquierda Unida Cu\u00e9llar\" \/>\r\n<meta property=\"og:description\" content=\"El resultado positivo del super\u00e1vit permite realizar nuevas inversiones en las que ya est\u00e1n trabajando y se anunciar\u00e1n pr\u00f3ximamente\" \/>\r\n<meta property=\"og:url\" content=\"https:\/\/www.iucuellar.org\/?p=4777\" \/>\r\n<meta property=\"og:site_name\" content=\"Izquierda Unida Cu\u00e9llar\" \/>\r\n<meta property=\"article:publisher\" content=\"https:\/\/www.facebook.com\/iucuellar\" \/>\r\n<meta property=\"article:published_time\" content=\"2025-03-28T14:00:29+00:00\" \/>\r\n<meta property=\"article:modified_time\" content=\"2025-03-28T14:07:47+00:00\" \/>\r\n<meta property=\"og:image\" content=\"https:\/\/www.iucuellar.org\/public\/2025\/03\/MG_9484-scaled.jpg\" \/>\r\n\t<meta property=\"og:image:width\" content=\"2560\" \/>\r\n\t<meta property=\"og:image:height\" content=\"1707\" \/>\r\n\t<meta property=\"og:image:type\" content=\"image\/jpeg\" \/>\r\n<meta name=\"author\" content=\"Comunicaci\u00f3n\" \/>\r\n<meta name=\"twitter:card\" content=\"summary_large_image\" \/>\r\n<meta name=\"twitter:creator\" content=\"@IU_CUELLAR\" \/>\r\n<meta name=\"twitter:site\" content=\"@IU_CUELLAR\" \/>\r\n<meta name=\"twitter:label1\" content=\"Escrito por\" \/>\n\t<meta name=\"twitter:data1\" content=\"Comunicaci\u00f3n\" \/>\n\t<meta name=\"twitter:label2\" content=\"Tiempo de lectura\" \/>\n\t<meta name=\"twitter:data2\" content=\"3 minutos\" \/>\r\n<script type=\"application\/ld+json\" class=\"yoast-schema-graph\">{\"@context\":\"https:\/\/schema.org\",\"@graph\":[{\"@type\":\"Article\",\"@id\":\"https:\/\/www.iucuellar.org\/?p=4777#article\",\"isPartOf\":{\"@id\":\"https:\/\/www.iucuellar.org\/?p=4777\"},\"author\":{\"name\":\"Comunicaci\u00f3n\",\"@id\":\"https:\/\/www.iucuellar.org\/#\/schema\/person\/0ed49683a220f525fdeb90989b5c672d\"},\"headline\":\"La Concejal\u00eda de Hacienda anuncia un super\u00e1vit de 911.456,42\u20ac\",\"datePublished\":\"2025-03-28T14:00:29+00:00\",\"dateModified\":\"2025-03-28T14:07:47+00:00\",\"mainEntityOfPage\":{\"@id\":\"https:\/\/www.iucuellar.org\/?p=4777\"},\"wordCount\":637,\"commentCount\":0,\"publisher\":{\"@id\":\"https:\/\/www.iucuellar.org\/#organization\"},\"image\":{\"@id\":\"https:\/\/www.iucuellar.org\/?p=4777#primaryimage\"},\"thumbnailUrl\":\"https:\/\/i0.wp.com\/www.iucuellar.org\/public\/2025\/03\/MG_9484-scaled.jpg?fit=2560%2C1707&ssl=1\",\"keywords\":[\"Ayuntamiento\",\"Cuellar\",\"Hacienda\",\"inversiones\",\"IU\",\"Izquierda Unida\",\"Super\u00e1vit\"],\"articleSection\":[\"Hacienda\",\"Izquierda Unida\"],\"inLanguage\":\"es\",\"potentialAction\":[{\"@type\":\"CommentAction\",\"name\":\"Comment\",\"target\":[\"https:\/\/www.iucuellar.org\/?p=4777#respond\"]}]},{\"@type\":\"WebPage\",\"@id\":\"https:\/\/www.iucuellar.org\/?p=4777\",\"url\":\"https:\/\/www.iucuellar.org\/?p=4777\",\"name\":\"La Concejal\u00eda de Hacienda anuncia un super\u00e1vit de 911.456,42\u20ac - Izquierda Unida Cu\u00e9llar\",\"isPartOf\":{\"@id\":\"https:\/\/www.iucuellar.org\/#website\"},\"primaryImageOfPage\":{\"@id\":\"https:\/\/www.iucuellar.org\/?p=4777#primaryimage\"},\"image\":{\"@id\":\"https:\/\/www.iucuellar.org\/?p=4777#primaryimage\"},\"thumbnailUrl\":\"https:\/\/i0.wp.com\/www.iucuellar.org\/public\/2025\/03\/MG_9484-scaled.jpg?fit=2560%2C1707&ssl=1\",\"datePublished\":\"2025-03-28T14:00:29+00:00\",\"dateModified\":\"2025-03-28T14:07:47+00:00\",\"description\":\"El resultado positivo del super\u00e1vit permite realizar nuevas inversiones en las que ya est\u00e1n trabajando y se anunciar\u00e1n pr\u00f3ximamente\",\"breadcrumb\":{\"@id\":\"https:\/\/www.iucuellar.org\/?p=4777#breadcrumb\"},\"inLanguage\":\"es\",\"potentialAction\":[{\"@type\":\"ReadAction\",\"target\":[\"https:\/\/www.iucuellar.org\/?p=4777\"]}]},{\"@type\":\"ImageObject\",\"inLanguage\":\"es\",\"@id\":\"https:\/\/www.iucuellar.org\/?p=4777#primaryimage\",\"url\":\"https:\/\/i0.wp.com\/www.iucuellar.org\/public\/2025\/03\/MG_9484-scaled.jpg?fit=2560%2C1707&ssl=1\",\"contentUrl\":\"https:\/\/i0.wp.com\/www.iucuellar.org\/public\/2025\/03\/MG_9484-scaled.jpg?fit=2560%2C1707&ssl=1\",\"width\":2560,\"height\":1707,\"caption\":\"La Concejala de Hacienda Luc\u00eda Arranz\"},{\"@type\":\"BreadcrumbList\",\"@id\":\"https:\/\/www.iucuellar.org\/?p=4777#breadcrumb\",\"itemListElement\":[{\"@type\":\"ListItem\",\"position\":1,\"name\":\"Inicio\",\"item\":\"https:\/\/www.iucuellar.org\/\"},{\"@type\":\"ListItem\",\"position\":2,\"name\":\"La Concejal\u00eda de Hacienda anuncia un super\u00e1vit de 911.456,42\u20ac\"}]},{\"@type\":\"WebSite\",\"@id\":\"https:\/\/www.iucuellar.org\/#website\",\"url\":\"https:\/\/www.iucuellar.org\/\",\"name\":\"Izquierda Unida Cu\u00e9llar y Comarca\",\"description\":\"Lugar de opini\u00f3n y discusi\u00f3n de la izquierda\",\"publisher\":{\"@id\":\"https:\/\/www.iucuellar.org\/#organization\"},\"potentialAction\":[{\"@type\":\"SearchAction\",\"target\":{\"@type\":\"EntryPoint\",\"urlTemplate\":\"https:\/\/www.iucuellar.org\/?s={search_term_string}\"},\"query-input\":\"required name=search_term_string\"}],\"inLanguage\":\"es\"},{\"@type\":\"Organization\",\"@id\":\"https:\/\/www.iucuellar.org\/#organization\",\"name\":\"IU CUELLAR\",\"url\":\"https:\/\/www.iucuellar.org\/\",\"logo\":{\"@type\":\"ImageObject\",\"inLanguage\":\"es\",\"@id\":\"https:\/\/www.iucuellar.org\/#\/schema\/logo\/image\/\",\"url\":\"https:\/\/i0.wp.com\/www.iucuellar.org\/public\/2022\/07\/cropped-avatar_redondo_Twitter.png?fit=512%2C512&ssl=1\",\"contentUrl\":\"https:\/\/i0.wp.com\/www.iucuellar.org\/public\/2022\/07\/cropped-avatar_redondo_Twitter.png?fit=512%2C512&ssl=1\",\"width\":512,\"height\":512,\"caption\":\"IU CUELLAR\"},\"image\":{\"@id\":\"https:\/\/www.iucuellar.org\/#\/schema\/logo\/image\/\"},\"sameAs\":[\"https:\/\/www.facebook.com\/iucuellar\",\"https:\/\/x.com\/IU_CUELLAR\",\"https:\/\/www.instagram.com\/iucuellar\/\",\"https:\/\/www.threads.net\/@iucuellar\"]},{\"@type\":\"Person\",\"@id\":\"https:\/\/www.iucuellar.org\/#\/schema\/person\/0ed49683a220f525fdeb90989b5c672d\",\"name\":\"Comunicaci\u00f3n\",\"image\":{\"@type\":\"ImageObject\",\"inLanguage\":\"es\",\"@id\":\"https:\/\/www.iucuellar.org\/#\/schema\/person\/image\/\",\"url\":\"https:\/\/secure.gravatar.com\/avatar\/1bb1e96b498ea4b5098098798744923e?s=96&d=mm&r=g\",\"contentUrl\":\"https:\/\/secure.gravatar.com\/avatar\/1bb1e96b498ea4b5098098798744923e?s=96&d=mm&r=g\",\"caption\":\"Comunicaci\u00f3n\"},\"url\":\"https:\/\/www.iucuellar.org\/?author=1\"}]}<\/script>\r\n<!-- \/ Yoast SEO plugin. -->","yoast_head_json":{"title":"La Concejal\u00eda de Hacienda anuncia un super\u00e1vit de 911.456,42\u20ac - Izquierda Unida Cu\u00e9llar","description":"El resultado positivo del super\u00e1vit permite realizar nuevas inversiones en las que ya est\u00e1n trabajando y se anunciar\u00e1n pr\u00f3ximamente","robots":{"index":"index","follow":"follow","max-snippet":"max-snippet:-1","max-image-preview":"max-image-preview:large","max-video-preview":"max-video-preview:-1"},"canonical":"https:\/\/www.iucuellar.org\/?p=4777","og_locale":"es_ES","og_type":"article","og_title":"La Concejal\u00eda de Hacienda anuncia un super\u00e1vit de 911.456,42\u20ac - Izquierda Unida Cu\u00e9llar","og_description":"El resultado positivo del super\u00e1vit permite realizar nuevas inversiones en las que ya est\u00e1n trabajando y se anunciar\u00e1n pr\u00f3ximamente","og_url":"https:\/\/www.iucuellar.org\/?p=4777","og_site_name":"Izquierda Unida Cu\u00e9llar","article_publisher":"https:\/\/www.facebook.com\/iucuellar","article_published_time":"2025-03-28T14:00:29+00:00","article_modified_time":"2025-03-28T14:07:47+00:00","og_image":[{"width":2560,"height":1707,"url":"https:\/\/www.iucuellar.org\/public\/2025\/03\/MG_9484-scaled.jpg","type":"image\/jpeg"}],"author":"Comunicaci\u00f3n","twitter_card":"summary_large_image","twitter_creator":"@IU_CUELLAR","twitter_site":"@IU_CUELLAR","twitter_misc":{"Escrito por":"Comunicaci\u00f3n","Tiempo de lectura":"3 minutos"},"schema":{"@context":"https:\/\/schema.org","@graph":[{"@type":"Article","@id":"https:\/\/www.iucuellar.org\/?p=4777#article","isPartOf":{"@id":"https:\/\/www.iucuellar.org\/?p=4777"},"author":{"name":"Comunicaci\u00f3n","@id":"https:\/\/www.iucuellar.org\/#\/schema\/person\/0ed49683a220f525fdeb90989b5c672d"},"headline":"La Concejal\u00eda de Hacienda anuncia un super\u00e1vit de 911.456,42\u20ac","datePublished":"2025-03-28T14:00:29+00:00","dateModified":"2025-03-28T14:07:47+00:00","mainEntityOfPage":{"@id":"https:\/\/www.iucuellar.org\/?p=4777"},"wordCount":637,"commentCount":0,"publisher":{"@id":"https:\/\/www.iucuellar.org\/#organization"},"image":{"@id":"https:\/\/www.iucuellar.org\/?p=4777#primaryimage"},"thumbnailUrl":"https:\/\/i0.wp.com\/www.iucuellar.org\/public\/2025\/03\/MG_9484-scaled.jpg?fit=2560%2C1707&ssl=1","keywords":["Ayuntamiento","Cuellar","Hacienda","inversiones","IU","Izquierda Unida","Super\u00e1vit"],"articleSection":["Hacienda","Izquierda Unida"],"inLanguage":"es","potentialAction":[{"@type":"CommentAction","name":"Comment","target":["https:\/\/www.iucuellar.org\/?p=4777#respond"]}]},{"@type":"WebPage","@id":"https:\/\/www.iucuellar.org\/?p=4777","url":"https:\/\/www.iucuellar.org\/?p=4777","name":"La Concejal\u00eda de Hacienda anuncia un super\u00e1vit de 911.456,42\u20ac - Izquierda Unida Cu\u00e9llar","isPartOf":{"@id":"https:\/\/www.iucuellar.org\/#website"},"primaryImageOfPage":{"@id":"https:\/\/www.iucuellar.org\/?p=4777#primaryimage"},"image":{"@id":"https:\/\/www.iucuellar.org\/?p=4777#primaryimage"},"thumbnailUrl":"https:\/\/i0.wp.com\/www.iucuellar.org\/public\/2025\/03\/MG_9484-scaled.jpg?fit=2560%2C1707&ssl=1","datePublished":"2025-03-28T14:00:29+00:00","dateModified":"2025-03-28T14:07:47+00:00","description":"El resultado positivo del super\u00e1vit permite realizar nuevas inversiones en las que ya est\u00e1n trabajando y se anunciar\u00e1n pr\u00f3ximamente","breadcrumb":{"@id":"https:\/\/www.iucuellar.org\/?p=4777#breadcrumb"},"inLanguage":"es","potentialAction":[{"@type":"ReadAction","target":["https:\/\/www.iucuellar.org\/?p=4777"]}]},{"@type":"ImageObject","inLanguage":"es","@id":"https:\/\/www.iucuellar.org\/?p=4777#primaryimage","url":"https:\/\/i0.wp.com\/www.iucuellar.org\/public\/2025\/03\/MG_9484-scaled.jpg?fit=2560%2C1707&ssl=1","contentUrl":"https:\/\/i0.wp.com\/www.iucuellar.org\/public\/2025\/03\/MG_9484-scaled.jpg?fit=2560%2C1707&ssl=1","width":2560,"height":1707,"caption":"La Concejala de Hacienda Luc\u00eda Arranz"},{"@type":"BreadcrumbList","@id":"https:\/\/www.iucuellar.org\/?p=4777#breadcrumb","itemListElement":[{"@type":"ListItem","position":1,"name":"Inicio","item":"https:\/\/www.iucuellar.org\/"},{"@type":"ListItem","position":2,"name":"La Concejal\u00eda de Hacienda anuncia un super\u00e1vit de 911.456,42\u20ac"}]},{"@type":"WebSite","@id":"https:\/\/www.iucuellar.org\/#website","url":"https:\/\/www.iucuellar.org\/","name":"Izquierda Unida Cu\u00e9llar y Comarca","description":"Lugar de opini\u00f3n y discusi\u00f3n de la izquierda","publisher":{"@id":"https:\/\/www.iucuellar.org\/#organization"},"potentialAction":[{"@type":"SearchAction","target":{"@type":"EntryPoint","urlTemplate":"https:\/\/www.iucuellar.org\/?s={search_term_string}"},"query-input":"required name=search_term_string"}],"inLanguage":"es"},{"@type":"Organization","@id":"https:\/\/www.iucuellar.org\/#organization","name":"IU CUELLAR","url":"https:\/\/www.iucuellar.org\/","logo":{"@type":"ImageObject","inLanguage":"es","@id":"https:\/\/www.iucuellar.org\/#\/schema\/logo\/image\/","url":"https:\/\/i0.wp.com\/www.iucuellar.org\/public\/2022\/07\/cropped-avatar_redondo_Twitter.png?fit=512%2C512&ssl=1","contentUrl":"https:\/\/i0.wp.com\/www.iucuellar.org\/public\/2022\/07\/cropped-avatar_redondo_Twitter.png?fit=512%2C512&ssl=1","width":512,"height":512,"caption":"IU CUELLAR"},"image":{"@id":"https:\/\/www.iucuellar.org\/#\/schema\/logo\/image\/"},"sameAs":["https:\/\/www.facebook.com\/iucuellar","https:\/\/x.com\/IU_CUELLAR","https:\/\/www.instagram.com\/iucuellar\/","https:\/\/www.threads.net\/@iucuellar"]},{"@type":"Person","@id":"https:\/\/www.iucuellar.org\/#\/schema\/person\/0ed49683a220f525fdeb90989b5c672d","name":"Comunicaci\u00f3n","image":{"@type":"ImageObject","inLanguage":"es","@id":"https:\/\/www.iucuellar.org\/#\/schema\/person\/image\/","url":"https:\/\/secure.gravatar.com\/avatar\/1bb1e96b498ea4b5098098798744923e?s=96&d=mm&r=g","contentUrl":"https:\/\/secure.gravatar.com\/avatar\/1bb1e96b498ea4b5098098798744923e?s=96&d=mm&r=g","caption":"Comunicaci\u00f3n"},"url":"https:\/\/www.iucuellar.org\/?author=1"}]}},"jetpack_featured_media_url":"https:\/\/i0.wp.com\/www.iucuellar.org\/public\/2025\/03\/MG_9484-scaled.jpg?fit=2560%2C1707&ssl=1","jetpack_sharing_enabled":true,"jetpack_shortlink":"https:\/\/wp.me\/p8rn8P-1f3","_links":{"self":[{"href":"https:\/\/www.iucuellar.org\/index.php?rest_route=\/wp\/v2\/posts\/4777"}],"collection":[{"href":"https:\/\/www.iucuellar.org\/index.php?rest_route=\/wp\/v2\/posts"}],"about":[{"href":"https:\/\/www.iucuellar.org\/index.php?rest_route=\/wp\/v2\/types\/post"}],"author":[{"embeddable":true,"href":"https:\/\/www.iucuellar.org\/index.php?rest_route=\/wp\/v2\/users\/1"}],"replies":[{"embeddable":true,"href":"https:\/\/www.iucuellar.org\/index.php?rest_route=%2Fwp%2Fv2%2Fcomments&post=4777"}],"version-history":[{"count":2,"href":"https:\/\/www.iucuellar.org\/index.php?rest_route=\/wp\/v2\/posts\/4777\/revisions"}],"predecessor-version":[{"id":4780,"href":"https:\/\/www.iucuellar.org\/index.php?rest_route=\/wp\/v2\/posts\/4777\/revisions\/4780"}],"wp:featuredmedia":[{"embeddable":true,"href":"https:\/\/www.iucuellar.org\/index.php?rest_route=\/wp\/v2\/media\/4778"}],"wp:attachment":[{"href":"https:\/\/www.iucuellar.org\/index.php?rest_route=%2Fwp%2Fv2%2Fmedia&parent=4777"}],"wp:term":[{"taxonomy":"category","embeddable":true,"href":"https:\/\/www.iucuellar.org\/index.php?rest_route=%2Fwp%2Fv2%2Fcategories&post=4777"},{"taxonomy":"post_tag","embeddable":true,"href":"https:\/\/www.iucuellar.org\/index.php?rest_route=%2Fwp%2Fv2%2Ftags&post=4777"}],"curies":[{"name":"wp","href":"https:\/\/api.w.org\/{rel}","templated":true}]}}