{"id":65,"date":"2008-12-07T20:35:30","date_gmt":"2008-12-07T19:35:30","guid":{"rendered":"http:\/\/www.iucuellar.org\/seddna\/?p=65"},"modified":"2017-02-28T13:44:41","modified_gmt":"2017-02-28T12:44:41","slug":"cuellar-malos-humos","status":"publish","type":"post","link":"https:\/\/www.iucuellar.org\/?p=65","title":{"rendered":"Cu\u00e9llar, malos humos"},"content":{"rendered":"<div>\n<p><!--  \t\t@page { size: 21cm 29.7cm; margin: 2cm } \t\tP { margin-bottom: 0.21cm } --><\/p>\n<p style=\"margin-bottom: 0cm; text-align: center;\" align=\"center\"><img loading=\"lazy\" decoding=\"async\" class=\"aligncenter\" title=\"Cu\u00e9llar, malos humos 20081203\" src=\"..\/..\/images\/MedioAmbiente\/LasLomas20081207\/Humo11.jpg\" alt=\"Cu\u00e9llar, malos humos 20081203\" width=\"516\" height=\"386\" \/><\/p>\n<p style=\"margin-bottom: 0cm;\"><span style=\"font-size: medium;\">Hay que reconocer que existe en nosotros un grato sentimiento at\u00e1vico que nos atrae al fuego, que nos anima a acercarnos a la hoguera, a echar otro c\u00e1ndalo al fuego. Del interior de nuestra mente resurge la llama que nuestros antepasados tem\u00edan y necesitaban conservar para calentarse y sobrevivir al fr\u00edo. Esto es lo que explicar\u00eda la actitud de nuestro ayuntamiento cuando enciende la pira de restos de poda en la escombrera de las lomas y la alimenta sin cesar y sin preocuparse \u00bf o s\u00ed ?:<\/span><\/p>\n<ul>\n<li>\n<p style=\"margin-bottom: 0cm;\"><span style=\"font-size: medium;\">Del resto de \tmateriales que hay a su alrededor y arden junto a ellos.<\/span><\/p>\n<\/li>\n<li>\n<p style=\"margin-bottom: 0cm;\"><span style=\"font-size: medium;\">De las emisiones de \tCO2 y otros gases a la atm\u00f3sfera.<\/span><\/p>\n<\/li>\n<li>\n<p style=\"margin-bottom: 0cm;\"><span style=\"font-size: medium;\">De los humos que \tbajan al municipio y tenemos que respirar.<\/span><\/p>\n<\/li>\n<\/ul>\n<p style=\"margin-bottom: 0cm;\" align=\"center\"><a title=\"\u00bfsolo restos de poda?\" href=\"..\/..\/images\/MedioAmbiente\/LasLomas20081207\/Hoguera%20007.jpg\" target=\"_blank\"><img loading=\"lazy\" decoding=\"async\" title=\"\u00bfsolo restos de poda? 20081203\" src=\"..\/..\/images\/MedioAmbiente\/LasLomas20081207\/Hoguera077.jpg\" alt=\"\u00bfsolo restos de poda? 20081203\" width=\"520\" height=\"391\" \/><\/a><\/p>\n<p style=\"margin-bottom: 0cm;\"><span style=\"font-size: medium;\">En Izquierda Unida creemos que es posible sobreponerse a esta fuerte atracci\u00f3n al fuego con un poco de esfuerzo y ganas de hacer las cosas bien, no sirve con escribir y aprobar una ordenanza sobre residuos que queda muy bien sobre el papel, hay que demostrar con los hechos que realmente nos preocupa el deterioro que causamos a diario a la naturaleza y poner los medios a nuestro alcance que eviten que contin\u00fae deterior\u00e1ndose.<\/span><\/p>\n<p style=\"margin-bottom: 0cm;\"><span style=\"font-size: medium;\"> <span style=\"font-size: medium;\"><em><span style=\"text-decoration: underline;\"><strong>Compostaje<\/strong><\/span><\/em><\/span> no es una palabra m\u00e1gica, es el proceso de reciclado de la materia org\u00e1nica con el que se obtiene abono para las plantas y se consigue regenerar el suelo. Entre el fuego y el compostaje la diferencia es enorme, si quemando los restos de poda contaminamos, haciendo compost conseguimos el efecto contrario \u00bfpor qu\u00e9 el ayuntamiento de Cu\u00e9llar persiste en su actitud pir\u00f3mana?<\/span><\/p>\n<p style=\"margin-bottom: 0cm;\" align=\"center\"><a title=\"\u00bfesto es escombro? 20081205\" href=\"..\/..\/images\/MedioAmbiente\/LasLomas20081207\/LasLomas001.jpg\" target=\"_blank\"><img loading=\"lazy\" decoding=\"async\" title=\"\u00bfesto es escombro? 20081205\" src=\"..\/..\/images\/MedioAmbiente\/LasLomas20081207\/LasLomas011.jpg\" alt=\"\u00bfesto es escombro? 20081205\" width=\"501\" height=\"377\" align=\"middle\" \/><\/a><\/p>\n<p style=\"margin-bottom: 0cm;\"><span style=\"font-size: medium;\">Como en ocasiones anteriores no solamente han ardido restos de poda, sigue habiendo otros materiales junto a los escombros que all\u00ed est\u00e1n depositados. \u00bfPorqu\u00e9 se siguen admitiendo en las lomas materiales que deben llevar otro proceso de reciclado?, \u00bfqu\u00e9 empresas se est\u00e1n ahorrando una pasta gansa al no llevar sus residuos a reciclar y depositarlos en las lomas?, \u00bfqu\u00e9 responsabilidades tienen nuestros gobernantes municipales en todo esto?, \u00bfes la concejal\u00eda de medio ambiente la responsable de estos malos humos o ser\u00e1 la de personal?<\/span><\/p>\n<\/div>\n","protected":false},"excerpt":{"rendered":"<p>Hay que reconocer que existe en nosotros un grato sentimiento at\u00e1vico que nos atrae al fuego, que nos anima a<\/p>\n","protected":false},"author":1,"featured_media":0,"comment_status":"open","ping_status":"open","sticky":false,"template":"","format":"standard","meta":{"sfsi_plus_gutenberg_text_before_share":"","sfsi_plus_gutenberg_show_text_before_share":"","sfsi_plus_gutenberg_icon_type":"","sfsi_plus_gutenberg_icon_alignemt":"","sfsi_plus_gutenburg_max_per_row":"","_exactmetrics_skip_tracking":false,"_exactmetrics_sitenote_active":false,"_exactmetrics_sitenote_note":"","_exactmetrics_sitenote_category":0,"ngg_post_thumbnail":0,"_jetpack_memberships_contains_paid_content":false,"footnotes":""},"categories":[21,10,14],"tags":[],"yoast_head":"<!-- This site is optimized with the Yoast SEO plugin v22.9 - https:\/\/yoast.com\/wordpress\/plugins\/seo\/ -->\r\n<title>Cu\u00e9llar, malos humos - Izquierda Unida Cu\u00e9llar<\/title>\r\n<meta name=\"robots\" content=\"index, follow, max-snippet:-1, max-image-preview:large, max-video-preview:-1\" \/>\r\n<link rel=\"canonical\" href=\"https:\/\/www.iucuellar.org\/?p=65\" \/>\r\n<meta property=\"og:locale\" content=\"es_ES\" \/>\r\n<meta property=\"og:type\" content=\"article\" \/>\r\n<meta property=\"og:title\" content=\"Cu\u00e9llar, malos humos - Izquierda Unida Cu\u00e9llar\" \/>\r\n<meta property=\"og:description\" content=\"Hay que reconocer que existe en nosotros un grato sentimiento at\u00e1vico que nos atrae al fuego, que nos anima a\" \/>\r\n<meta property=\"og:url\" content=\"https:\/\/www.iucuellar.org\/?p=65\" \/>\r\n<meta property=\"og:site_name\" content=\"Izquierda Unida Cu\u00e9llar\" \/>\r\n<meta property=\"article:publisher\" content=\"https:\/\/www.facebook.com\/iucuellar\" \/>\r\n<meta property=\"article:published_time\" content=\"2008-12-07T19:35:30+00:00\" \/>\r\n<meta property=\"article:modified_time\" content=\"2017-02-28T12:44:41+00:00\" \/>\r\n<meta property=\"og:image\" content=\"https:\/\/i0.wp.com\/www.iucuellar.org\/public\/2022\/07\/cropped-avatar_redondo_Twitter.png?fit=512%2C512&ssl=1\" \/>\r\n\t<meta property=\"og:image:width\" content=\"512\" \/>\r\n\t<meta property=\"og:image:height\" content=\"512\" \/>\r\n\t<meta property=\"og:image:type\" content=\"image\/png\" \/>\r\n<meta name=\"author\" content=\"Comunicaci\u00f3n\" \/>\r\n<meta name=\"twitter:card\" content=\"summary_large_image\" \/>\r\n<meta name=\"twitter:creator\" content=\"@IU_CUELLAR\" \/>\r\n<meta name=\"twitter:site\" content=\"@IU_CUELLAR\" \/>\r\n<meta name=\"twitter:label1\" content=\"Escrito por\" \/>\n\t<meta name=\"twitter:data1\" content=\"Comunicaci\u00f3n\" \/>\n\t<meta name=\"twitter:label2\" content=\"Tiempo de lectura\" \/>\n\t<meta name=\"twitter:data2\" content=\"2 minutos\" \/>\r\n<script type=\"application\/ld+json\" class=\"yoast-schema-graph\">{\"@context\":\"https:\/\/schema.org\",\"@graph\":[{\"@type\":\"Article\",\"@id\":\"https:\/\/www.iucuellar.org\/?p=65#article\",\"isPartOf\":{\"@id\":\"https:\/\/www.iucuellar.org\/?p=65\"},\"author\":{\"name\":\"Comunicaci\u00f3n\",\"@id\":\"https:\/\/www.iucuellar.org\/#\/schema\/person\/0ed49683a220f525fdeb90989b5c672d\"},\"headline\":\"Cu\u00e9llar, malos humos\",\"datePublished\":\"2008-12-07T19:35:30+00:00\",\"dateModified\":\"2017-02-28T12:44:41+00:00\",\"mainEntityOfPage\":{\"@id\":\"https:\/\/www.iucuellar.org\/?p=65\"},\"wordCount\":363,\"commentCount\":0,\"publisher\":{\"@id\":\"https:\/\/www.iucuellar.org\/#organization\"},\"articleSection\":[\"Izquierda Unida\",\"Medio Ambiente\",\"Sanidad y A.Sociales\"],\"inLanguage\":\"es\",\"potentialAction\":[{\"@type\":\"CommentAction\",\"name\":\"Comment\",\"target\":[\"https:\/\/www.iucuellar.org\/?p=65#respond\"]}]},{\"@type\":\"WebPage\",\"@id\":\"https:\/\/www.iucuellar.org\/?p=65\",\"url\":\"https:\/\/www.iucuellar.org\/?p=65\",\"name\":\"Cu\u00e9llar, malos humos - Izquierda Unida Cu\u00e9llar\",\"isPartOf\":{\"@id\":\"https:\/\/www.iucuellar.org\/#website\"},\"datePublished\":\"2008-12-07T19:35:30+00:00\",\"dateModified\":\"2017-02-28T12:44:41+00:00\",\"breadcrumb\":{\"@id\":\"https:\/\/www.iucuellar.org\/?p=65#breadcrumb\"},\"inLanguage\":\"es\",\"potentialAction\":[{\"@type\":\"ReadAction\",\"target\":[\"https:\/\/www.iucuellar.org\/?p=65\"]}]},{\"@type\":\"BreadcrumbList\",\"@id\":\"https:\/\/www.iucuellar.org\/?p=65#breadcrumb\",\"itemListElement\":[{\"@type\":\"ListItem\",\"position\":1,\"name\":\"Inicio\",\"item\":\"https:\/\/www.iucuellar.org\/\"},{\"@type\":\"ListItem\",\"position\":2,\"name\":\"Cu\u00e9llar, malos humos\"}]},{\"@type\":\"WebSite\",\"@id\":\"https:\/\/www.iucuellar.org\/#website\",\"url\":\"https:\/\/www.iucuellar.org\/\",\"name\":\"Izquierda Unida Cu\u00e9llar y Comarca\",\"description\":\"Lugar de opini\u00f3n y discusi\u00f3n de la izquierda\",\"publisher\":{\"@id\":\"https:\/\/www.iucuellar.org\/#organization\"},\"potentialAction\":[{\"@type\":\"SearchAction\",\"target\":{\"@type\":\"EntryPoint\",\"urlTemplate\":\"https:\/\/www.iucuellar.org\/?s={search_term_string}\"},\"query-input\":\"required name=search_term_string\"}],\"inLanguage\":\"es\"},{\"@type\":\"Organization\",\"@id\":\"https:\/\/www.iucuellar.org\/#organization\",\"name\":\"IU CUELLAR\",\"url\":\"https:\/\/www.iucuellar.org\/\",\"logo\":{\"@type\":\"ImageObject\",\"inLanguage\":\"es\",\"@id\":\"https:\/\/www.iucuellar.org\/#\/schema\/logo\/image\/\",\"url\":\"https:\/\/i0.wp.com\/www.iucuellar.org\/public\/2022\/07\/cropped-avatar_redondo_Twitter.png?fit=512%2C512&ssl=1\",\"contentUrl\":\"https:\/\/i0.wp.com\/www.iucuellar.org\/public\/2022\/07\/cropped-avatar_redondo_Twitter.png?fit=512%2C512&ssl=1\",\"width\":512,\"height\":512,\"caption\":\"IU CUELLAR\"},\"image\":{\"@id\":\"https:\/\/www.iucuellar.org\/#\/schema\/logo\/image\/\"},\"sameAs\":[\"https:\/\/www.facebook.com\/iucuellar\",\"https:\/\/x.com\/IU_CUELLAR\",\"https:\/\/www.instagram.com\/iucuellar\/\",\"https:\/\/www.threads.net\/@iucuellar\"]},{\"@type\":\"Person\",\"@id\":\"https:\/\/www.iucuellar.org\/#\/schema\/person\/0ed49683a220f525fdeb90989b5c672d\",\"name\":\"Comunicaci\u00f3n\",\"image\":{\"@type\":\"ImageObject\",\"inLanguage\":\"es\",\"@id\":\"https:\/\/www.iucuellar.org\/#\/schema\/person\/image\/\",\"url\":\"https:\/\/secure.gravatar.com\/avatar\/1bb1e96b498ea4b5098098798744923e?s=96&d=mm&r=g\",\"contentUrl\":\"https:\/\/secure.gravatar.com\/avatar\/1bb1e96b498ea4b5098098798744923e?s=96&d=mm&r=g\",\"caption\":\"Comunicaci\u00f3n\"},\"url\":\"https:\/\/www.iucuellar.org\/?author=1\"}]}<\/script>\r\n<!-- \/ Yoast SEO plugin. -->","yoast_head_json":{"title":"Cu\u00e9llar, malos humos - Izquierda Unida Cu\u00e9llar","robots":{"index":"index","follow":"follow","max-snippet":"max-snippet:-1","max-image-preview":"max-image-preview:large","max-video-preview":"max-video-preview:-1"},"canonical":"https:\/\/www.iucuellar.org\/?p=65","og_locale":"es_ES","og_type":"article","og_title":"Cu\u00e9llar, malos humos - Izquierda Unida Cu\u00e9llar","og_description":"Hay que reconocer que existe en nosotros un grato sentimiento at\u00e1vico que nos atrae al fuego, que nos anima a","og_url":"https:\/\/www.iucuellar.org\/?p=65","og_site_name":"Izquierda Unida Cu\u00e9llar","article_publisher":"https:\/\/www.facebook.com\/iucuellar","article_published_time":"2008-12-07T19:35:30+00:00","article_modified_time":"2017-02-28T12:44:41+00:00","og_image":[{"width":512,"height":512,"url":"https:\/\/i0.wp.com\/www.iucuellar.org\/public\/2022\/07\/cropped-avatar_redondo_Twitter.png?fit=512%2C512&ssl=1","type":"image\/png"}],"author":"Comunicaci\u00f3n","twitter_card":"summary_large_image","twitter_creator":"@IU_CUELLAR","twitter_site":"@IU_CUELLAR","twitter_misc":{"Escrito por":"Comunicaci\u00f3n","Tiempo de lectura":"2 minutos"},"schema":{"@context":"https:\/\/schema.org","@graph":[{"@type":"Article","@id":"https:\/\/www.iucuellar.org\/?p=65#article","isPartOf":{"@id":"https:\/\/www.iucuellar.org\/?p=65"},"author":{"name":"Comunicaci\u00f3n","@id":"https:\/\/www.iucuellar.org\/#\/schema\/person\/0ed49683a220f525fdeb90989b5c672d"},"headline":"Cu\u00e9llar, malos humos","datePublished":"2008-12-07T19:35:30+00:00","dateModified":"2017-02-28T12:44:41+00:00","mainEntityOfPage":{"@id":"https:\/\/www.iucuellar.org\/?p=65"},"wordCount":363,"commentCount":0,"publisher":{"@id":"https:\/\/www.iucuellar.org\/#organization"},"articleSection":["Izquierda Unida","Medio Ambiente","Sanidad y A.Sociales"],"inLanguage":"es","potentialAction":[{"@type":"CommentAction","name":"Comment","target":["https:\/\/www.iucuellar.org\/?p=65#respond"]}]},{"@type":"WebPage","@id":"https:\/\/www.iucuellar.org\/?p=65","url":"https:\/\/www.iucuellar.org\/?p=65","name":"Cu\u00e9llar, malos humos - Izquierda Unida Cu\u00e9llar","isPartOf":{"@id":"https:\/\/www.iucuellar.org\/#website"},"datePublished":"2008-12-07T19:35:30+00:00","dateModified":"2017-02-28T12:44:41+00:00","breadcrumb":{"@id":"https:\/\/www.iucuellar.org\/?p=65#breadcrumb"},"inLanguage":"es","potentialAction":[{"@type":"ReadAction","target":["https:\/\/www.iucuellar.org\/?p=65"]}]},{"@type":"BreadcrumbList","@id":"https:\/\/www.iucuellar.org\/?p=65#breadcrumb","itemListElement":[{"@type":"ListItem","position":1,"name":"Inicio","item":"https:\/\/www.iucuellar.org\/"},{"@type":"ListItem","position":2,"name":"Cu\u00e9llar, malos humos"}]},{"@type":"WebSite","@id":"https:\/\/www.iucuellar.org\/#website","url":"https:\/\/www.iucuellar.org\/","name":"Izquierda Unida Cu\u00e9llar y Comarca","description":"Lugar de opini\u00f3n y discusi\u00f3n de la izquierda","publisher":{"@id":"https:\/\/www.iucuellar.org\/#organization"},"potentialAction":[{"@type":"SearchAction","target":{"@type":"EntryPoint","urlTemplate":"https:\/\/www.iucuellar.org\/?s={search_term_string}"},"query-input":"required name=search_term_string"}],"inLanguage":"es"},{"@type":"Organization","@id":"https:\/\/www.iucuellar.org\/#organization","name":"IU CUELLAR","url":"https:\/\/www.iucuellar.org\/","logo":{"@type":"ImageObject","inLanguage":"es","@id":"https:\/\/www.iucuellar.org\/#\/schema\/logo\/image\/","url":"https:\/\/i0.wp.com\/www.iucuellar.org\/public\/2022\/07\/cropped-avatar_redondo_Twitter.png?fit=512%2C512&ssl=1","contentUrl":"https:\/\/i0.wp.com\/www.iucuellar.org\/public\/2022\/07\/cropped-avatar_redondo_Twitter.png?fit=512%2C512&ssl=1","width":512,"height":512,"caption":"IU CUELLAR"},"image":{"@id":"https:\/\/www.iucuellar.org\/#\/schema\/logo\/image\/"},"sameAs":["https:\/\/www.facebook.com\/iucuellar","https:\/\/x.com\/IU_CUELLAR","https:\/\/www.instagram.com\/iucuellar\/","https:\/\/www.threads.net\/@iucuellar"]},{"@type":"Person","@id":"https:\/\/www.iucuellar.org\/#\/schema\/person\/0ed49683a220f525fdeb90989b5c672d","name":"Comunicaci\u00f3n","image":{"@type":"ImageObject","inLanguage":"es","@id":"https:\/\/www.iucuellar.org\/#\/schema\/person\/image\/","url":"https:\/\/secure.gravatar.com\/avatar\/1bb1e96b498ea4b5098098798744923e?s=96&d=mm&r=g","contentUrl":"https:\/\/secure.gravatar.com\/avatar\/1bb1e96b498ea4b5098098798744923e?s=96&d=mm&r=g","caption":"Comunicaci\u00f3n"},"url":"https:\/\/www.iucuellar.org\/?author=1"}]}},"jetpack_featured_media_url":"","jetpack_sharing_enabled":true,"jetpack_shortlink":"https:\/\/wp.me\/p8rn8P-13","_links":{"self":[{"href":"https:\/\/www.iucuellar.org\/index.php?rest_route=\/wp\/v2\/posts\/65"}],"collection":[{"href":"https:\/\/www.iucuellar.org\/index.php?rest_route=\/wp\/v2\/posts"}],"about":[{"href":"https:\/\/www.iucuellar.org\/index.php?rest_route=\/wp\/v2\/types\/post"}],"author":[{"embeddable":true,"href":"https:\/\/www.iucuellar.org\/index.php?rest_route=\/wp\/v2\/users\/1"}],"replies":[{"embeddable":true,"href":"https:\/\/www.iucuellar.org\/index.php?rest_route=%2Fwp%2Fv2%2Fcomments&post=65"}],"version-history":[{"count":6,"href":"https:\/\/www.iucuellar.org\/index.php?rest_route=\/wp\/v2\/posts\/65\/revisions"}],"predecessor-version":[{"id":67,"href":"https:\/\/www.iucuellar.org\/index.php?rest_route=\/wp\/v2\/posts\/65\/revisions\/67"}],"wp:attachment":[{"href":"https:\/\/www.iucuellar.org\/index.php?rest_route=%2Fwp%2Fv2%2Fmedia&parent=65"}],"wp:term":[{"taxonomy":"category","embeddable":true,"href":"https:\/\/www.iucuellar.org\/index.php?rest_route=%2Fwp%2Fv2%2Fcategories&post=65"},{"taxonomy":"post_tag","embeddable":true,"href":"https:\/\/www.iucuellar.org\/index.php?rest_route=%2Fwp%2Fv2%2Ftags&post=65"}],"curies":[{"name":"wp","href":"https:\/\/api.w.org\/{rel}","templated":true}]}}