{"id":760,"date":"2012-04-07T12:21:00","date_gmt":"2012-04-07T10:21:00","guid":{"rendered":"http:\/\/www.iucuellar.org\/?p=760"},"modified":"2012-04-07T12:24:16","modified_gmt":"2012-04-07T10:24:16","slug":"no-al-plan-de-ajuste-de-rajoy","status":"publish","type":"post","link":"https:\/\/www.iucuellar.org\/?p=760","title":{"rendered":"NO AL PLAN DE AJUSTE DE RAJOY"},"content":{"rendered":"<p>Al obligar a los Ayuntamientos a presentar el Plan de Ajuste, ( en caso contrario el Ministerio de Haciendo no les transferir\u00e1 los recursos ), se coarta por parte del Gobierno la capacidad de decisi\u00f3n de los Ayuntamientos.<\/p>\n<p>&nbsp;<\/p>\n<p>No soluciona el problema de fondo, que es la financiaci\u00f3n de los Ayuntamientos. Lo que realmente hace falta es una ley de financiaci\u00f3n local. Lo que no se entiende es que se imponga austeridad, mientras no haya una financiaci\u00f3n suficiente.<\/p>\n<p>&nbsp;<\/p>\n<p>Es un vergonzoso negocio para la banca, avalado por el Estado, ( compran al 1% y venden al 5%) y es el hundimiento de los Ayuntamientos que se ven obligados a endeudarse a\u00fan mas.<\/p>\n<p>&nbsp;<\/p>\n<p>En cuanto a las medidas presentadas por la alcald\u00eda, podemos estar a favor de algunas como la gesti\u00f3n de cobro que acabamos de aprobar,  la rebaja del d\u00e9ficit en festejos taurinos, o la amortizaci\u00f3n del pr\u00e9stamo a trav\u00e9s de la venta de las viviendas de \u201cni\u00f1as hu\u00e9rfanas\u201d ( si es que alg\u00fan dia llega ), pero no podemos aceptar la reducci\u00f3n de costes de personal, al no estar previsto cubrir las plazas vacantes de la plantilla, que s\u00ed supondr\u00e1 un ahorro, pero dif\u00edcilmente se podr\u00e1 dar a la ciudadan\u00eda un servicio digno y acorde con los impuestos que pagamos, como esta ocurriendo en la actualidad, por precisamente la falta de personal, sobre todo de polic\u00eda y servicios.<\/p>\n<p>Tampoco estamos de acuerdo con la subida de las cuotas de la Escuela de M\u00fasica, ni con las cuentas que echa el PP, pues dice que hay un d\u00e9ficit de 128.000 \u20ac, pero no tienen en cuenta ni cuantifican las actuaciones de la banda.<\/p>\n<p>\u00bf Cuanto nos costar\u00eda si tuvi\u00e9ramos que traer una de fuera ?.<\/p>\n<p>\u00bf Por qu\u00e9 no cuantifican el servicio social que da ?.<\/p>\n<p>&nbsp;<\/p>\n","protected":false},"excerpt":{"rendered":"<p>Al obligar a los Ayuntamientos a presentar el Plan de Ajuste, ( en caso contrario el Ministerio de Haciendo no<\/p>\n","protected":false},"author":25,"featured_media":0,"comment_status":"open","ping_status":"open","sticky":false,"template":"","format":"standard","meta":{"sfsi_plus_gutenberg_text_before_share":"","sfsi_plus_gutenberg_show_text_before_share":"","sfsi_plus_gutenberg_icon_type":"","sfsi_plus_gutenberg_icon_alignemt":"","sfsi_plus_gutenburg_max_per_row":"","_exactmetrics_skip_tracking":false,"_exactmetrics_sitenote_active":false,"_exactmetrics_sitenote_note":"","_exactmetrics_sitenote_category":0,"ngg_post_thumbnail":0,"_jetpack_memberships_contains_paid_content":false,"footnotes":""},"categories":[21],"tags":[],"yoast_head":"<!-- This site is optimized with the Yoast SEO plugin v22.9 - https:\/\/yoast.com\/wordpress\/plugins\/seo\/ -->\r\n<title>NO AL PLAN DE AJUSTE DE RAJOY - Izquierda Unida Cu\u00e9llar<\/title>\r\n<meta name=\"robots\" content=\"index, follow, max-snippet:-1, max-image-preview:large, max-video-preview:-1\" \/>\r\n<link rel=\"canonical\" href=\"https:\/\/www.iucuellar.org\/?p=760\" \/>\r\n<meta property=\"og:locale\" content=\"es_ES\" \/>\r\n<meta property=\"og:type\" content=\"article\" \/>\r\n<meta property=\"og:title\" content=\"NO AL PLAN DE AJUSTE DE RAJOY - Izquierda Unida Cu\u00e9llar\" \/>\r\n<meta property=\"og:description\" content=\"Al obligar a los Ayuntamientos a presentar el Plan de Ajuste, ( en caso contrario el Ministerio de Haciendo no\" \/>\r\n<meta property=\"og:url\" content=\"https:\/\/www.iucuellar.org\/?p=760\" \/>\r\n<meta property=\"og:site_name\" content=\"Izquierda Unida Cu\u00e9llar\" \/>\r\n<meta property=\"article:publisher\" content=\"https:\/\/www.facebook.com\/iucuellar\" \/>\r\n<meta property=\"article:published_time\" content=\"2012-04-07T10:21:00+00:00\" \/>\r\n<meta property=\"article:modified_time\" content=\"2012-04-07T10:24:16+00:00\" \/>\r\n<meta property=\"og:image\" content=\"https:\/\/i0.wp.com\/www.iucuellar.org\/public\/2022\/07\/cropped-avatar_redondo_Twitter.png?fit=512%2C512&ssl=1\" \/>\r\n\t<meta property=\"og:image:width\" content=\"512\" \/>\r\n\t<meta property=\"og:image:height\" content=\"512\" \/>\r\n\t<meta property=\"og:image:type\" content=\"image\/png\" \/>\r\n<meta name=\"author\" content=\"Miguel Angel\" \/>\r\n<meta name=\"twitter:card\" content=\"summary_large_image\" \/>\r\n<meta name=\"twitter:creator\" content=\"@IU_CUELLAR\" \/>\r\n<meta name=\"twitter:site\" content=\"@IU_CUELLAR\" \/>\r\n<meta name=\"twitter:label1\" content=\"Escrito por\" \/>\n\t<meta name=\"twitter:data1\" content=\"Miguel Angel\" \/>\n\t<meta name=\"twitter:label2\" content=\"Tiempo de lectura\" \/>\n\t<meta name=\"twitter:data2\" content=\"2 minutos\" \/>\r\n<script type=\"application\/ld+json\" class=\"yoast-schema-graph\">{\"@context\":\"https:\/\/schema.org\",\"@graph\":[{\"@type\":\"Article\",\"@id\":\"https:\/\/www.iucuellar.org\/?p=760#article\",\"isPartOf\":{\"@id\":\"https:\/\/www.iucuellar.org\/?p=760\"},\"author\":{\"name\":\"Miguel Angel\",\"@id\":\"https:\/\/www.iucuellar.org\/#\/schema\/person\/e2b7a3cbc49eec6f9e20feaa2b428b98\"},\"headline\":\"NO AL PLAN DE AJUSTE DE RAJOY\",\"datePublished\":\"2012-04-07T10:21:00+00:00\",\"dateModified\":\"2012-04-07T10:24:16+00:00\",\"mainEntityOfPage\":{\"@id\":\"https:\/\/www.iucuellar.org\/?p=760\"},\"wordCount\":316,\"commentCount\":0,\"publisher\":{\"@id\":\"https:\/\/www.iucuellar.org\/#organization\"},\"articleSection\":[\"Izquierda Unida\"],\"inLanguage\":\"es\",\"potentialAction\":[{\"@type\":\"CommentAction\",\"name\":\"Comment\",\"target\":[\"https:\/\/www.iucuellar.org\/?p=760#respond\"]}]},{\"@type\":\"WebPage\",\"@id\":\"https:\/\/www.iucuellar.org\/?p=760\",\"url\":\"https:\/\/www.iucuellar.org\/?p=760\",\"name\":\"NO AL PLAN DE AJUSTE DE RAJOY - Izquierda Unida Cu\u00e9llar\",\"isPartOf\":{\"@id\":\"https:\/\/www.iucuellar.org\/#website\"},\"datePublished\":\"2012-04-07T10:21:00+00:00\",\"dateModified\":\"2012-04-07T10:24:16+00:00\",\"breadcrumb\":{\"@id\":\"https:\/\/www.iucuellar.org\/?p=760#breadcrumb\"},\"inLanguage\":\"es\",\"potentialAction\":[{\"@type\":\"ReadAction\",\"target\":[\"https:\/\/www.iucuellar.org\/?p=760\"]}]},{\"@type\":\"BreadcrumbList\",\"@id\":\"https:\/\/www.iucuellar.org\/?p=760#breadcrumb\",\"itemListElement\":[{\"@type\":\"ListItem\",\"position\":1,\"name\":\"Inicio\",\"item\":\"https:\/\/www.iucuellar.org\/\"},{\"@type\":\"ListItem\",\"position\":2,\"name\":\"NO AL PLAN DE AJUSTE DE RAJOY\"}]},{\"@type\":\"WebSite\",\"@id\":\"https:\/\/www.iucuellar.org\/#website\",\"url\":\"https:\/\/www.iucuellar.org\/\",\"name\":\"Izquierda Unida Cu\u00e9llar y Comarca\",\"description\":\"Lugar de opini\u00f3n y discusi\u00f3n de la izquierda\",\"publisher\":{\"@id\":\"https:\/\/www.iucuellar.org\/#organization\"},\"potentialAction\":[{\"@type\":\"SearchAction\",\"target\":{\"@type\":\"EntryPoint\",\"urlTemplate\":\"https:\/\/www.iucuellar.org\/?s={search_term_string}\"},\"query-input\":\"required name=search_term_string\"}],\"inLanguage\":\"es\"},{\"@type\":\"Organization\",\"@id\":\"https:\/\/www.iucuellar.org\/#organization\",\"name\":\"IU CUELLAR\",\"url\":\"https:\/\/www.iucuellar.org\/\",\"logo\":{\"@type\":\"ImageObject\",\"inLanguage\":\"es\",\"@id\":\"https:\/\/www.iucuellar.org\/#\/schema\/logo\/image\/\",\"url\":\"https:\/\/i0.wp.com\/www.iucuellar.org\/public\/2022\/07\/cropped-avatar_redondo_Twitter.png?fit=512%2C512&ssl=1\",\"contentUrl\":\"https:\/\/i0.wp.com\/www.iucuellar.org\/public\/2022\/07\/cropped-avatar_redondo_Twitter.png?fit=512%2C512&ssl=1\",\"width\":512,\"height\":512,\"caption\":\"IU CUELLAR\"},\"image\":{\"@id\":\"https:\/\/www.iucuellar.org\/#\/schema\/logo\/image\/\"},\"sameAs\":[\"https:\/\/www.facebook.com\/iucuellar\",\"https:\/\/x.com\/IU_CUELLAR\",\"https:\/\/www.instagram.com\/iucuellar\/\",\"https:\/\/www.threads.net\/@iucuellar\"]},{\"@type\":\"Person\",\"@id\":\"https:\/\/www.iucuellar.org\/#\/schema\/person\/e2b7a3cbc49eec6f9e20feaa2b428b98\",\"name\":\"Miguel Angel\",\"image\":{\"@type\":\"ImageObject\",\"inLanguage\":\"es\",\"@id\":\"https:\/\/www.iucuellar.org\/#\/schema\/person\/image\/\",\"url\":\"https:\/\/secure.gravatar.com\/avatar\/5ff2f4d3e6eccb2d10b027ea0653fa74?s=96&d=mm&r=g\",\"contentUrl\":\"https:\/\/secure.gravatar.com\/avatar\/5ff2f4d3e6eccb2d10b027ea0653fa74?s=96&d=mm&r=g\",\"caption\":\"Miguel Angel\"},\"url\":\"https:\/\/www.iucuellar.org\/?author=25\"}]}<\/script>\r\n<!-- \/ Yoast SEO plugin. -->","yoast_head_json":{"title":"NO AL PLAN DE AJUSTE DE RAJOY - Izquierda Unida Cu\u00e9llar","robots":{"index":"index","follow":"follow","max-snippet":"max-snippet:-1","max-image-preview":"max-image-preview:large","max-video-preview":"max-video-preview:-1"},"canonical":"https:\/\/www.iucuellar.org\/?p=760","og_locale":"es_ES","og_type":"article","og_title":"NO AL PLAN DE AJUSTE DE RAJOY - Izquierda Unida Cu\u00e9llar","og_description":"Al obligar a los Ayuntamientos a presentar el Plan de Ajuste, ( en caso contrario el Ministerio de Haciendo no","og_url":"https:\/\/www.iucuellar.org\/?p=760","og_site_name":"Izquierda Unida Cu\u00e9llar","article_publisher":"https:\/\/www.facebook.com\/iucuellar","article_published_time":"2012-04-07T10:21:00+00:00","article_modified_time":"2012-04-07T10:24:16+00:00","og_image":[{"width":512,"height":512,"url":"https:\/\/i0.wp.com\/www.iucuellar.org\/public\/2022\/07\/cropped-avatar_redondo_Twitter.png?fit=512%2C512&ssl=1","type":"image\/png"}],"author":"Miguel Angel","twitter_card":"summary_large_image","twitter_creator":"@IU_CUELLAR","twitter_site":"@IU_CUELLAR","twitter_misc":{"Escrito por":"Miguel Angel","Tiempo de lectura":"2 minutos"},"schema":{"@context":"https:\/\/schema.org","@graph":[{"@type":"Article","@id":"https:\/\/www.iucuellar.org\/?p=760#article","isPartOf":{"@id":"https:\/\/www.iucuellar.org\/?p=760"},"author":{"name":"Miguel Angel","@id":"https:\/\/www.iucuellar.org\/#\/schema\/person\/e2b7a3cbc49eec6f9e20feaa2b428b98"},"headline":"NO AL PLAN DE AJUSTE DE RAJOY","datePublished":"2012-04-07T10:21:00+00:00","dateModified":"2012-04-07T10:24:16+00:00","mainEntityOfPage":{"@id":"https:\/\/www.iucuellar.org\/?p=760"},"wordCount":316,"commentCount":0,"publisher":{"@id":"https:\/\/www.iucuellar.org\/#organization"},"articleSection":["Izquierda Unida"],"inLanguage":"es","potentialAction":[{"@type":"CommentAction","name":"Comment","target":["https:\/\/www.iucuellar.org\/?p=760#respond"]}]},{"@type":"WebPage","@id":"https:\/\/www.iucuellar.org\/?p=760","url":"https:\/\/www.iucuellar.org\/?p=760","name":"NO AL PLAN DE AJUSTE DE RAJOY - Izquierda Unida Cu\u00e9llar","isPartOf":{"@id":"https:\/\/www.iucuellar.org\/#website"},"datePublished":"2012-04-07T10:21:00+00:00","dateModified":"2012-04-07T10:24:16+00:00","breadcrumb":{"@id":"https:\/\/www.iucuellar.org\/?p=760#breadcrumb"},"inLanguage":"es","potentialAction":[{"@type":"ReadAction","target":["https:\/\/www.iucuellar.org\/?p=760"]}]},{"@type":"BreadcrumbList","@id":"https:\/\/www.iucuellar.org\/?p=760#breadcrumb","itemListElement":[{"@type":"ListItem","position":1,"name":"Inicio","item":"https:\/\/www.iucuellar.org\/"},{"@type":"ListItem","position":2,"name":"NO AL PLAN DE AJUSTE DE RAJOY"}]},{"@type":"WebSite","@id":"https:\/\/www.iucuellar.org\/#website","url":"https:\/\/www.iucuellar.org\/","name":"Izquierda Unida Cu\u00e9llar y Comarca","description":"Lugar de opini\u00f3n y discusi\u00f3n de la izquierda","publisher":{"@id":"https:\/\/www.iucuellar.org\/#organization"},"potentialAction":[{"@type":"SearchAction","target":{"@type":"EntryPoint","urlTemplate":"https:\/\/www.iucuellar.org\/?s={search_term_string}"},"query-input":"required name=search_term_string"}],"inLanguage":"es"},{"@type":"Organization","@id":"https:\/\/www.iucuellar.org\/#organization","name":"IU CUELLAR","url":"https:\/\/www.iucuellar.org\/","logo":{"@type":"ImageObject","inLanguage":"es","@id":"https:\/\/www.iucuellar.org\/#\/schema\/logo\/image\/","url":"https:\/\/i0.wp.com\/www.iucuellar.org\/public\/2022\/07\/cropped-avatar_redondo_Twitter.png?fit=512%2C512&ssl=1","contentUrl":"https:\/\/i0.wp.com\/www.iucuellar.org\/public\/2022\/07\/cropped-avatar_redondo_Twitter.png?fit=512%2C512&ssl=1","width":512,"height":512,"caption":"IU CUELLAR"},"image":{"@id":"https:\/\/www.iucuellar.org\/#\/schema\/logo\/image\/"},"sameAs":["https:\/\/www.facebook.com\/iucuellar","https:\/\/x.com\/IU_CUELLAR","https:\/\/www.instagram.com\/iucuellar\/","https:\/\/www.threads.net\/@iucuellar"]},{"@type":"Person","@id":"https:\/\/www.iucuellar.org\/#\/schema\/person\/e2b7a3cbc49eec6f9e20feaa2b428b98","name":"Miguel Angel","image":{"@type":"ImageObject","inLanguage":"es","@id":"https:\/\/www.iucuellar.org\/#\/schema\/person\/image\/","url":"https:\/\/secure.gravatar.com\/avatar\/5ff2f4d3e6eccb2d10b027ea0653fa74?s=96&d=mm&r=g","contentUrl":"https:\/\/secure.gravatar.com\/avatar\/5ff2f4d3e6eccb2d10b027ea0653fa74?s=96&d=mm&r=g","caption":"Miguel Angel"},"url":"https:\/\/www.iucuellar.org\/?author=25"}]}},"jetpack_featured_media_url":"","jetpack_sharing_enabled":true,"jetpack_shortlink":"https:\/\/wp.me\/p8rn8P-cg","_links":{"self":[{"href":"https:\/\/www.iucuellar.org\/index.php?rest_route=\/wp\/v2\/posts\/760"}],"collection":[{"href":"https:\/\/www.iucuellar.org\/index.php?rest_route=\/wp\/v2\/posts"}],"about":[{"href":"https:\/\/www.iucuellar.org\/index.php?rest_route=\/wp\/v2\/types\/post"}],"author":[{"embeddable":true,"href":"https:\/\/www.iucuellar.org\/index.php?rest_route=\/wp\/v2\/users\/25"}],"replies":[{"embeddable":true,"href":"https:\/\/www.iucuellar.org\/index.php?rest_route=%2Fwp%2Fv2%2Fcomments&post=760"}],"version-history":[{"count":3,"href":"https:\/\/www.iucuellar.org\/index.php?rest_route=\/wp\/v2\/posts\/760\/revisions"}],"predecessor-version":[{"id":763,"href":"https:\/\/www.iucuellar.org\/index.php?rest_route=\/wp\/v2\/posts\/760\/revisions\/763"}],"wp:attachment":[{"href":"https:\/\/www.iucuellar.org\/index.php?rest_route=%2Fwp%2Fv2%2Fmedia&parent=760"}],"wp:term":[{"taxonomy":"category","embeddable":true,"href":"https:\/\/www.iucuellar.org\/index.php?rest_route=%2Fwp%2Fv2%2Fcategories&post=760"},{"taxonomy":"post_tag","embeddable":true,"href":"https:\/\/www.iucuellar.org\/index.php?rest_route=%2Fwp%2Fv2%2Ftags&post=760"}],"curies":[{"name":"wp","href":"https:\/\/api.w.org\/{rel}","templated":true}]}}